{"id":13152,"date":"2024-04-17T17:41:03","date_gmt":"2024-04-17T20:41:03","guid":{"rendered":"https:\/\/imflince.com.br\/?p=13152"},"modified":"2025-03-24T16:51:14","modified_gmt":"2025-03-24T19:51:14","slug":"como-organizar-as-prateleiras-do-supermercado","status":"publish","type":"post","link":"https:\/\/previews.elleven.digital\/imf\/como-organizar-as-prateleiras-do-supermercado\/","title":{"rendered":"Como organizar as prateleiras do supermercado"},"content":{"rendered":"<p>Segundo uma pesquisa realizada pela Associa\u00e7\u00e3o Brasileira dos Supermercados (Abras), o Brasil teve um aumento de 2,47% no consumo da popula\u00e7\u00e3o durante o primeiro semestre do ano passado. Esse aumento trouxe \u00f3timos resultados para o faturamento dos supermercados. J\u00e1 para os estabelecimentos que desejam se manter na mira dos consumidores este ano, algumas estrat\u00e9gias de marketing podem ser muito \u00fateis e a organiza\u00e7\u00e3o das prateleiras do supermercado \u00e9 uma delas.<\/p>\n<p>Para trabalhar com a organiza\u00e7\u00e3o das prateleiras de forma estrat\u00e9gica, confira as dicas abaixo e veja como o posicionamento de cada produto pode estar alinhado aos resultados:<\/p>\n<p><strong>Acima da cabe\u00e7a <\/strong><\/p>\n<p>Os produtos posicionados nas prateleiras acima da cabe\u00e7a do consumidor t\u00eam pouca visibilidade e os visitantes de sua loja raramente destinar\u00e3o aten\u00e7\u00e3o a eles. Por esse motivo, ao determinar quais ocupar\u00e3o essas prateleiras, escolha itens de baixa procura. Ao posicionar produtos com alto volume de buscas nas prateleiras superiores, voc\u00ea corre o risco de torn\u00e1-los inacess\u00edveis a quem poderia se interessar por eles.<\/p>\n<p><strong>Altura dos olhos <\/strong><\/p>\n<p>Os produtos que ficam na altura dos olhos t\u00eam alto potencial de serem vistos e adquiridos. Nessas prateleiras, o cliente tem uma vis\u00e3o completa, o que faz com que seja um posicionamento privilegiado. A partir disso, \u00e9 o local ideal para que sejam expostos itens de maior margem de lucro. Ao permitir que eles sejam encontrados facilmente pelos consumidores, voc\u00ea motiva compras por impulso, aumentando a sua lucratividade.<\/p>\n<p><strong>Linha da cintura <\/strong><\/p>\n<p>Entre as possibilidades de prateleiras para exposi\u00e7\u00e3o, essa tamb\u00e9m \u00e9 uma das que mais gera resultados em vendas. Os produtos posicionados nas prateleiras que ficam na linha da cintura dos consumidores s\u00e3o facilmente encontrados pelos clientes e t\u00eam alta rotatividade nas g\u00f4ndolas, o que faz com que esse seja o local ideal para expor itens de maior procura.<\/p>\n<p><strong>Abaixo da cintura <\/strong><\/p>\n<p>As prateleiras que ocupam a posi\u00e7\u00e3o abaixo da cintura do consumidor est\u00e3o fora do seu campo de vis\u00e3o, o que faz com que n\u00e3o sejam o melhor espa\u00e7o para expor os itens com os quais se busca obter mais lucro. Esse \u00e9 um bom posicionamento para expor os produtos mais baratos e que t\u00eam alta procura dos clientes, afinal, mesmo sem a posi\u00e7\u00e3o de destaque, esses produtos ser\u00e3o facilmente vendidos.<\/p>\n<p><strong>Ch\u00e3o <\/strong><\/p>\n<p>Por fim, o espa\u00e7o do ch\u00e3o \u00e9 destinado a expor os produtos mais pesados. A escolha de posicionar esses produtos na parte inferior \u00e0s prateleiras n\u00e3o est\u00e1 relacionada ao peso que esses equipamentos podem suportar, visto que os expositores da IMF LINCE suportam peso extremamente elevado. A ideia \u00e9 permitir que o consumidor tenha mais facilidade em pegar e manusear o produto escolhido e, caso ele seja muito pesado, o posicionamento em prateleiras superiores pode ser desconfort\u00e1vel e at\u00e9 mesmo apresentar riscos de acidentes.<\/p>\n<p>Para ajudar voc\u00ea a oferecer uma organiza\u00e7\u00e3o estrat\u00e9gica e sofisticada para as prateleiras do supermercado, a IMF LINCE trabalha com equipamentos que encantam os consumidores e contribuem com a sua lucratividade. <a href=\"https:\/\/imflince.com.br\/produtos\/supermercado\/\">Clique aqui e conhe\u00e7a nossos produtos<\/a>!<\/p>\n","protected":false},"excerpt":{"rendered":"<p>Segundo uma pesquisa realizada pela Associa\u00e7\u00e3o Brasileira dos Supermercados (Abras), o Brasil teve um aumento de 2,47% no consumo da popula\u00e7\u00e3o durante o primeiro semestre do ano passado. Esse aumento trouxe \u00f3timos resultados para o faturamento dos supermercados. J\u00e1 para os estabelecimentos que desejam se manter na mira dos consumidores este ano, algumas estrat\u00e9gias de [&hellip;]<\/p>\n","protected":false},"author":1,"featured_media":13931,"comment_status":"open","ping_status":"open","sticky":false,"template":"","format":"standard","meta":{"_acf_changed":false,"inline_featured_image":false,"footnotes":""},"categories":[1],"tags":[],"class_list":["post-13152","post","type-post","status-publish","format-standard","has-post-thumbnail","hentry","category-sem-categoria"],"acf":[],"yoast_head":"<!-- This site is optimized with the Yoast SEO plugin v24.6 - https:\/\/yoast.com\/wordpress\/plugins\/seo\/ -->\n<title>IMF Lince - Como organizar as prateleiras do supermercado<\/title>\n<meta name=\"description\" content=\"Como organizar as prateleiras do supermercado. Saiba como posicionar os produtos para obter mais lucratividade.\" \/>\n<meta name=\"robots\" content=\"index, follow, max-snippet:-1, max-image-preview:large, max-video-preview:-1\" \/>\n<link rel=\"canonical\" href=\"https:\/\/previews.elleven.digital\/imf\/como-organizar-as-prateleiras-do-supermercado\/\" \/>\n<meta property=\"og:locale\" content=\"pt_BR\" \/>\n<meta property=\"og:type\" content=\"article\" \/>\n<meta property=\"og:title\" content=\"IMF Lince - Como organizar as prateleiras do supermercado\" \/>\n<meta property=\"og:description\" content=\"Como organizar as prateleiras do supermercado. Saiba como posicionar os produtos para obter mais lucratividade.\" \/>\n<meta property=\"og:url\" content=\"https:\/\/previews.elleven.digital\/imf\/como-organizar-as-prateleiras-do-supermercado\/\" \/>\n<meta property=\"og:site_name\" content=\"IMF Lince\" \/>\n<meta property=\"article:published_time\" content=\"2024-04-17T20:41:03+00:00\" \/>\n<meta property=\"article:modified_time\" content=\"2025-03-24T19:51:14+00:00\" \/>\n<meta property=\"og:image\" content=\"https:\/\/previews.elleven.digital\/imf\/wp-content\/uploads\/2024\/04\/IMF-pecasrepresentantesAbr03-materia-1.jpg\" \/>\n\t<meta property=\"og:image:width\" content=\"960\" \/>\n\t<meta property=\"og:image:height\" content=\"540\" \/>\n\t<meta property=\"og:image:type\" content=\"image\/jpeg\" \/>\n<meta name=\"author\" content=\"elleven\" \/>\n<meta name=\"twitter:card\" content=\"summary_large_image\" \/>\n<meta name=\"twitter:label1\" content=\"Escrito por\" \/>\n\t<meta name=\"twitter:data1\" content=\"elleven\" \/>\n\t<meta name=\"twitter:label2\" content=\"Est. tempo de leitura\" \/>\n\t<meta name=\"twitter:data2\" content=\"3 minutos\" \/>\n<script type=\"application\/ld+json\" class=\"yoast-schema-graph\">{\"@context\":\"https:\/\/schema.org\",\"@graph\":[{\"@type\":\"Article\",\"@id\":\"https:\/\/previews.elleven.digital\/imf\/como-organizar-as-prateleiras-do-supermercado\/#article\",\"isPartOf\":{\"@id\":\"https:\/\/previews.elleven.digital\/imf\/como-organizar-as-prateleiras-do-supermercado\/\"},\"author\":{\"name\":\"elleven\",\"@id\":\"https:\/\/previews.elleven.digital\/imf\/#\/schema\/person\/4c66e9f856a9d5e5a8e2c190041f3b33\"},\"headline\":\"Como organizar as prateleiras do supermercado\",\"datePublished\":\"2024-04-17T20:41:03+00:00\",\"dateModified\":\"2025-03-24T19:51:14+00:00\",\"mainEntityOfPage\":{\"@id\":\"https:\/\/previews.elleven.digital\/imf\/como-organizar-as-prateleiras-do-supermercado\/\"},\"wordCount\":526,\"commentCount\":0,\"publisher\":{\"@id\":\"https:\/\/previews.elleven.digital\/imf\/#organization\"},\"image\":{\"@id\":\"https:\/\/previews.elleven.digital\/imf\/como-organizar-as-prateleiras-do-supermercado\/#primaryimage\"},\"thumbnailUrl\":\"https:\/\/previews.elleven.digital\/imf\/wp-content\/uploads\/2024\/04\/IMF-pecasrepresentantesAbr03-materia-1.jpg\",\"inLanguage\":\"pt-BR\",\"potentialAction\":[{\"@type\":\"CommentAction\",\"name\":\"Comment\",\"target\":[\"https:\/\/previews.elleven.digital\/imf\/como-organizar-as-prateleiras-do-supermercado\/#respond\"]}]},{\"@type\":\"WebPage\",\"@id\":\"https:\/\/previews.elleven.digital\/imf\/como-organizar-as-prateleiras-do-supermercado\/\",\"url\":\"https:\/\/previews.elleven.digital\/imf\/como-organizar-as-prateleiras-do-supermercado\/\",\"name\":\"IMF Lince - Como organizar as prateleiras do supermercado\",\"isPartOf\":{\"@id\":\"https:\/\/previews.elleven.digital\/imf\/#website\"},\"primaryImageOfPage\":{\"@id\":\"https:\/\/previews.elleven.digital\/imf\/como-organizar-as-prateleiras-do-supermercado\/#primaryimage\"},\"image\":{\"@id\":\"https:\/\/previews.elleven.digital\/imf\/como-organizar-as-prateleiras-do-supermercado\/#primaryimage\"},\"thumbnailUrl\":\"https:\/\/previews.elleven.digital\/imf\/wp-content\/uploads\/2024\/04\/IMF-pecasrepresentantesAbr03-materia-1.jpg\",\"datePublished\":\"2024-04-17T20:41:03+00:00\",\"dateModified\":\"2025-03-24T19:51:14+00:00\",\"description\":\"Como organizar as prateleiras do supermercado. Saiba como posicionar os produtos para obter mais lucratividade.\",\"breadcrumb\":{\"@id\":\"https:\/\/previews.elleven.digital\/imf\/como-organizar-as-prateleiras-do-supermercado\/#breadcrumb\"},\"inLanguage\":\"pt-BR\",\"potentialAction\":[{\"@type\":\"ReadAction\",\"target\":[\"https:\/\/previews.elleven.digital\/imf\/como-organizar-as-prateleiras-do-supermercado\/\"]}]},{\"@type\":\"ImageObject\",\"inLanguage\":\"pt-BR\",\"@id\":\"https:\/\/previews.elleven.digital\/imf\/como-organizar-as-prateleiras-do-supermercado\/#primaryimage\",\"url\":\"https:\/\/previews.elleven.digital\/imf\/wp-content\/uploads\/2024\/04\/IMF-pecasrepresentantesAbr03-materia-1.jpg\",\"contentUrl\":\"https:\/\/previews.elleven.digital\/imf\/wp-content\/uploads\/2024\/04\/IMF-pecasrepresentantesAbr03-materia-1.jpg\",\"width\":960,\"height\":540},{\"@type\":\"BreadcrumbList\",\"@id\":\"https:\/\/previews.elleven.digital\/imf\/como-organizar-as-prateleiras-do-supermercado\/#breadcrumb\",\"itemListElement\":[{\"@type\":\"ListItem\",\"position\":1,\"name\":\"In\u00edcio\",\"item\":\"https:\/\/previews.elleven.digital\/imf\/\"},{\"@type\":\"ListItem\",\"position\":2,\"name\":\"Como organizar as prateleiras do supermercado\"}]},{\"@type\":\"WebSite\",\"@id\":\"https:\/\/previews.elleven.digital\/imf\/#website\",\"url\":\"https:\/\/previews.elleven.digital\/imf\/\",\"name\":\"IMF Lince\",\"description\":\"Ind\u00fastria Metal\u00fargica Fabr\u00e3o\",\"publisher\":{\"@id\":\"https:\/\/previews.elleven.digital\/imf\/#organization\"},\"alternateName\":\"IMF Lince\",\"potentialAction\":[{\"@type\":\"SearchAction\",\"target\":{\"@type\":\"EntryPoint\",\"urlTemplate\":\"https:\/\/previews.elleven.digital\/imf\/?s={search_term_string}\"},\"query-input\":{\"@type\":\"PropertyValueSpecification\",\"valueRequired\":true,\"valueName\":\"search_term_string\"}}],\"inLanguage\":\"pt-BR\"},{\"@type\":\"Organization\",\"@id\":\"https:\/\/previews.elleven.digital\/imf\/#organization\",\"name\":\"IMF LINCE\",\"alternateName\":\"IMF LINCE\",\"url\":\"https:\/\/previews.elleven.digital\/imf\/\",\"logo\":{\"@type\":\"ImageObject\",\"inLanguage\":\"pt-BR\",\"@id\":\"https:\/\/previews.elleven.digital\/imf\/#\/schema\/logo\/image\/\",\"url\":\"https:\/\/previews.elleven.digital\/imf\/wp-content\/uploads\/2025\/03\/Logo.png\",\"contentUrl\":\"https:\/\/previews.elleven.digital\/imf\/wp-content\/uploads\/2025\/03\/Logo.png\",\"width\":696,\"height\":696,\"caption\":\"IMF LINCE\"},\"image\":{\"@id\":\"https:\/\/previews.elleven.digital\/imf\/#\/schema\/logo\/image\/\"}},{\"@type\":\"Person\",\"@id\":\"https:\/\/previews.elleven.digital\/imf\/#\/schema\/person\/4c66e9f856a9d5e5a8e2c190041f3b33\",\"name\":\"elleven\",\"image\":{\"@type\":\"ImageObject\",\"inLanguage\":\"pt-BR\",\"@id\":\"https:\/\/previews.elleven.digital\/imf\/#\/schema\/person\/image\/\",\"url\":\"https:\/\/secure.gravatar.com\/avatar\/2a6afb49d9ecfed5dbc6c9606ce318b8bd07c077835179bddfd5d8209c03cb29?s=96&d=mm&r=g\",\"contentUrl\":\"https:\/\/secure.gravatar.com\/avatar\/2a6afb49d9ecfed5dbc6c9606ce318b8bd07c077835179bddfd5d8209c03cb29?s=96&d=mm&r=g\",\"caption\":\"elleven\"},\"sameAs\":[\"http:\/\/localhost\/imf\"],\"url\":\"https:\/\/previews.elleven.digital\/imf\/author\/elleven\/\"}]}<\/script>\n<!-- \/ Yoast SEO plugin. -->","yoast_head_json":{"title":"IMF Lince - Como organizar as prateleiras do supermercado","description":"Como organizar as prateleiras do supermercado. Saiba como posicionar os produtos para obter mais lucratividade.","robots":{"index":"index","follow":"follow","max-snippet":"max-snippet:-1","max-image-preview":"max-image-preview:large","max-video-preview":"max-video-preview:-1"},"canonical":"https:\/\/previews.elleven.digital\/imf\/como-organizar-as-prateleiras-do-supermercado\/","og_locale":"pt_BR","og_type":"article","og_title":"IMF Lince - Como organizar as prateleiras do supermercado","og_description":"Como organizar as prateleiras do supermercado. Saiba como posicionar os produtos para obter mais lucratividade.","og_url":"https:\/\/previews.elleven.digital\/imf\/como-organizar-as-prateleiras-do-supermercado\/","og_site_name":"IMF Lince","article_published_time":"2024-04-17T20:41:03+00:00","article_modified_time":"2025-03-24T19:51:14+00:00","og_image":[{"width":960,"height":540,"url":"https:\/\/previews.elleven.digital\/imf\/wp-content\/uploads\/2024\/04\/IMF-pecasrepresentantesAbr03-materia-1.jpg","type":"image\/jpeg"}],"author":"elleven","twitter_card":"summary_large_image","twitter_misc":{"Escrito por":"elleven","Est. tempo de leitura":"3 minutos"},"schema":{"@context":"https:\/\/schema.org","@graph":[{"@type":"Article","@id":"https:\/\/previews.elleven.digital\/imf\/como-organizar-as-prateleiras-do-supermercado\/#article","isPartOf":{"@id":"https:\/\/previews.elleven.digital\/imf\/como-organizar-as-prateleiras-do-supermercado\/"},"author":{"name":"elleven","@id":"https:\/\/previews.elleven.digital\/imf\/#\/schema\/person\/4c66e9f856a9d5e5a8e2c190041f3b33"},"headline":"Como organizar as prateleiras do supermercado","datePublished":"2024-04-17T20:41:03+00:00","dateModified":"2025-03-24T19:51:14+00:00","mainEntityOfPage":{"@id":"https:\/\/previews.elleven.digital\/imf\/como-organizar-as-prateleiras-do-supermercado\/"},"wordCount":526,"commentCount":0,"publisher":{"@id":"https:\/\/previews.elleven.digital\/imf\/#organization"},"image":{"@id":"https:\/\/previews.elleven.digital\/imf\/como-organizar-as-prateleiras-do-supermercado\/#primaryimage"},"thumbnailUrl":"https:\/\/previews.elleven.digital\/imf\/wp-content\/uploads\/2024\/04\/IMF-pecasrepresentantesAbr03-materia-1.jpg","inLanguage":"pt-BR","potentialAction":[{"@type":"CommentAction","name":"Comment","target":["https:\/\/previews.elleven.digital\/imf\/como-organizar-as-prateleiras-do-supermercado\/#respond"]}]},{"@type":"WebPage","@id":"https:\/\/previews.elleven.digital\/imf\/como-organizar-as-prateleiras-do-supermercado\/","url":"https:\/\/previews.elleven.digital\/imf\/como-organizar-as-prateleiras-do-supermercado\/","name":"IMF Lince - Como organizar as prateleiras do supermercado","isPartOf":{"@id":"https:\/\/previews.elleven.digital\/imf\/#website"},"primaryImageOfPage":{"@id":"https:\/\/previews.elleven.digital\/imf\/como-organizar-as-prateleiras-do-supermercado\/#primaryimage"},"image":{"@id":"https:\/\/previews.elleven.digital\/imf\/como-organizar-as-prateleiras-do-supermercado\/#primaryimage"},"thumbnailUrl":"https:\/\/previews.elleven.digital\/imf\/wp-content\/uploads\/2024\/04\/IMF-pecasrepresentantesAbr03-materia-1.jpg","datePublished":"2024-04-17T20:41:03+00:00","dateModified":"2025-03-24T19:51:14+00:00","description":"Como organizar as prateleiras do supermercado. Saiba como posicionar os produtos para obter mais lucratividade.","breadcrumb":{"@id":"https:\/\/previews.elleven.digital\/imf\/como-organizar-as-prateleiras-do-supermercado\/#breadcrumb"},"inLanguage":"pt-BR","potentialAction":[{"@type":"ReadAction","target":["https:\/\/previews.elleven.digital\/imf\/como-organizar-as-prateleiras-do-supermercado\/"]}]},{"@type":"ImageObject","inLanguage":"pt-BR","@id":"https:\/\/previews.elleven.digital\/imf\/como-organizar-as-prateleiras-do-supermercado\/#primaryimage","url":"https:\/\/previews.elleven.digital\/imf\/wp-content\/uploads\/2024\/04\/IMF-pecasrepresentantesAbr03-materia-1.jpg","contentUrl":"https:\/\/previews.elleven.digital\/imf\/wp-content\/uploads\/2024\/04\/IMF-pecasrepresentantesAbr03-materia-1.jpg","width":960,"height":540},{"@type":"BreadcrumbList","@id":"https:\/\/previews.elleven.digital\/imf\/como-organizar-as-prateleiras-do-supermercado\/#breadcrumb","itemListElement":[{"@type":"ListItem","position":1,"name":"In\u00edcio","item":"https:\/\/previews.elleven.digital\/imf\/"},{"@type":"ListItem","position":2,"name":"Como organizar as prateleiras do supermercado"}]},{"@type":"WebSite","@id":"https:\/\/previews.elleven.digital\/imf\/#website","url":"https:\/\/previews.elleven.digital\/imf\/","name":"IMF Lince","description":"Ind\u00fastria Metal\u00fargica Fabr\u00e3o","publisher":{"@id":"https:\/\/previews.elleven.digital\/imf\/#organization"},"alternateName":"IMF Lince","potentialAction":[{"@type":"SearchAction","target":{"@type":"EntryPoint","urlTemplate":"https:\/\/previews.elleven.digital\/imf\/?s={search_term_string}"},"query-input":{"@type":"PropertyValueSpecification","valueRequired":true,"valueName":"search_term_string"}}],"inLanguage":"pt-BR"},{"@type":"Organization","@id":"https:\/\/previews.elleven.digital\/imf\/#organization","name":"IMF LINCE","alternateName":"IMF LINCE","url":"https:\/\/previews.elleven.digital\/imf\/","logo":{"@type":"ImageObject","inLanguage":"pt-BR","@id":"https:\/\/previews.elleven.digital\/imf\/#\/schema\/logo\/image\/","url":"https:\/\/previews.elleven.digital\/imf\/wp-content\/uploads\/2025\/03\/Logo.png","contentUrl":"https:\/\/previews.elleven.digital\/imf\/wp-content\/uploads\/2025\/03\/Logo.png","width":696,"height":696,"caption":"IMF LINCE"},"image":{"@id":"https:\/\/previews.elleven.digital\/imf\/#\/schema\/logo\/image\/"}},{"@type":"Person","@id":"https:\/\/previews.elleven.digital\/imf\/#\/schema\/person\/4c66e9f856a9d5e5a8e2c190041f3b33","name":"elleven","image":{"@type":"ImageObject","inLanguage":"pt-BR","@id":"https:\/\/previews.elleven.digital\/imf\/#\/schema\/person\/image\/","url":"https:\/\/secure.gravatar.com\/avatar\/2a6afb49d9ecfed5dbc6c9606ce318b8bd07c077835179bddfd5d8209c03cb29?s=96&d=mm&r=g","contentUrl":"https:\/\/secure.gravatar.com\/avatar\/2a6afb49d9ecfed5dbc6c9606ce318b8bd07c077835179bddfd5d8209c03cb29?s=96&d=mm&r=g","caption":"elleven"},"sameAs":["http:\/\/localhost\/imf"],"url":"https:\/\/previews.elleven.digital\/imf\/author\/elleven\/"}]}},"_links":{"self":[{"href":"https:\/\/previews.elleven.digital\/imf\/wp-json\/wp\/v2\/posts\/13152","targetHints":{"allow":["GET"]}}],"collection":[{"href":"https:\/\/previews.elleven.digital\/imf\/wp-json\/wp\/v2\/posts"}],"about":[{"href":"https:\/\/previews.elleven.digital\/imf\/wp-json\/wp\/v2\/types\/post"}],"author":[{"embeddable":true,"href":"https:\/\/previews.elleven.digital\/imf\/wp-json\/wp\/v2\/users\/1"}],"replies":[{"embeddable":true,"href":"https:\/\/previews.elleven.digital\/imf\/wp-json\/wp\/v2\/comments?post=13152"}],"version-history":[{"count":1,"href":"https:\/\/previews.elleven.digital\/imf\/wp-json\/wp\/v2\/posts\/13152\/revisions"}],"predecessor-version":[{"id":13932,"href":"https:\/\/previews.elleven.digital\/imf\/wp-json\/wp\/v2\/posts\/13152\/revisions\/13932"}],"wp:featuredmedia":[{"embeddable":true,"href":"https:\/\/previews.elleven.digital\/imf\/wp-json\/wp\/v2\/media\/13931"}],"wp:attachment":[{"href":"https:\/\/previews.elleven.digital\/imf\/wp-json\/wp\/v2\/media?parent=13152"}],"wp:term":[{"taxonomy":"category","embeddable":true,"href":"https:\/\/previews.elleven.digital\/imf\/wp-json\/wp\/v2\/categories?post=13152"},{"taxonomy":"post_tag","embeddable":true,"href":"https:\/\/previews.elleven.digital\/imf\/wp-json\/wp\/v2\/tags?post=13152"}],"curies":[{"name":"wp","href":"https:\/\/api.w.org\/{rel}","templated":true}]}}