{"id":992,"date":"2017-07-19T09:16:29","date_gmt":"2017-07-19T12:16:29","guid":{"rendered":"https:\/\/previews.elleven.digital\/acocearense\/?p=992"},"modified":"2025-05-07T09:16:52","modified_gmt":"2025-05-07T12:16:52","slug":"leis-trabalhistas-quais-as-diferencas-entre-demissao-e-dispensa","status":"publish","type":"post","link":"https:\/\/previews.elleven.digital\/acocearense\/leis-trabalhistas-quais-as-diferencas-entre-demissao-e-dispensa\/","title":{"rendered":"Leis trabalhistas: quais as diferen\u00e7as entre demiss\u00e3o e dispensa?"},"content":{"rendered":"<p>Muitas pessoas acreditam que demiss\u00e3o e dispensa s\u00e3o a mesma coisa. No entanto, embora pare\u00e7am ter o mesmo significado, de acordo com as leis trabalhistas s\u00e3o situa\u00e7\u00f5es bem diferentes.<\/p>\n<p>O objetivo deste post, portanto, \u00e9 ajudar voc\u00ea entender melhor quais s\u00e3o as diferen\u00e7as e as consequ\u00eancias desses dois casos. Acompanhe!<\/p>\n<h2>Demiss\u00e3o vs. dispensa<\/h2>\n<p>De uma forma bem simples, podemos dizer que a demiss\u00e3o ocorre a pedido do empregado. Ou seja, ele mesmo solicita ao empregador o t\u00e9rmino do seu contrato de trabalho.<\/p>\n<p>J\u00e1 na dispensa ocorre o inverso. Aqui \u00e9 o empregador quem encerra o contrato laboral, podendo ser por justa causa ou sem causa.<\/p>\n<h2>As diferen\u00e7as legais entre demiss\u00e3o e dispensa<\/h2>\n<p>Agora que j\u00e1 vimos o que cada express\u00e3o representa, \u00e9 importante analisarmos tamb\u00e9m quais s\u00e3o as\u00a0<a href=\"https:\/\/deboraguzzo.jusbrasil.com.br\/artigos\/211712976\/diferenciacao-entre-demissao-e-dispensa-do-trabalhador?utm_source=blog&amp;utm_campaign=rc_blogpost\">principais diferen\u00e7as<\/a>\u00a0em rela\u00e7\u00e3o aos direitos do trabalhador.<\/p>\n<h3>Verbas rescis\u00f3rias<\/h3>\n<p>Se ocorrer pedido de demiss\u00e3o, o empregado ter\u00e1 direito a receber apenas o saldo de sal\u00e1rio, f\u00e9rias vencidas e proporcionais com acr\u00e9scimo de 1\/3 e o d\u00e9cimo terceiro sal\u00e1rio proporcional.<\/p>\n<p>No caso de dispensa sem justa causa, o oper\u00e1rio far\u00e1 jus ao recebimento do saldo de sal\u00e1rio, f\u00e9rias vencidas e proporcionais acrescidas de 1\/3, d\u00e9cimo terceiro sal\u00e1rio, multa de 40% e saque do FGTS \u2014 e ainda o seguro-desemprego.<\/p>\n<p>Se a despedida for por justa causa, de acordo com o\u00a0<a href=\"https:\/\/www.jusbrasil.com.br\/topicos\/10709394\/artigo-482-do-decreto-lei-n-5452-de-01-de-maio-de-1943?utm_source=blog&amp;utm_campaign=rc_blogpost#\">artigo 482<\/a>\u00a0da CLT, o empregado receber\u00e1 apenas o saldo de sal\u00e1rio, f\u00e9rias adquiridas e n\u00e3o gozadas e o d\u00e9cimo terceiro sal\u00e1rio.<\/p>\n<h3>FGTS<\/h3>\n<p>De acordo com as leis trabalhistas, o empregado poder\u00e1\u00a0<a href=\"http:\/\/www.caixa.gov.br\/beneficios-trabalhador\/fgts\/Paginas\/default.aspx?utm_source=blog&amp;utm_campaign=rc_blogpost\">sacar o FGTS<\/a>\u00a0se for demitido sem justa causa.<\/p>\n<p>Quando ocorrer o pedido de demiss\u00e3o, ou seja, quando o trabalhador solicitar a rescis\u00e3o do contrato, n\u00e3o poder\u00e1 usufruir do benef\u00edcio de FGTS.<\/p>\n<h3>Seguro-desemprego<\/h3>\n<p>A Constitui\u00e7\u00e3o Federal disp\u00f5e expressamente em seu artigo 7\u00ba que<em>\u00a0\u201cS\u00e3o direitos dos trabalhadores urbanos e rurais, al\u00e9m de outros que visem \u00e0 melhoria de sua condi\u00e7\u00e3o social (\u2026) II \u2013 Seguro-desemprego, em caso de desemprego involunt\u00e1rio\u201d.<\/em><\/p>\n<p>Ou seja, esse\u00a0<a href=\"http:\/\/www.caixa.gov.br\/beneficios-trabalhador\/seguro-desemprego\/Paginas\/default.aspx?utm_source=blog&amp;utm_campaign=rc_blogpost\">benef\u00edcio<\/a>, da mesma forma que o FGTS, tamb\u00e9m s\u00f3 ser\u00e1 poss\u00edvel nos casos em que ocorrer a dispensa sem justa causa por parte do empregador.<\/p>\n<h3>Aviso pr\u00e9vio<\/h3>\n<p>O aviso pr\u00e9vio, como o pr\u00f3prio nome sugere, \u00e9 um comunicado que deve ser feito pelo empregado ao empregador, ou o contr\u00e1rio, informando o t\u00e9rmino do contrato.<\/p>\n<p>Nesse caso, podem ocorrer algumas situa\u00e7\u00f5es. Vejamos:<\/p>\n<h4>Dispensa por justa causa<\/h4>\n<p>Na dispensa por justa causa n\u00e3o se exige pr\u00e9via comunica\u00e7\u00e3o ao empregado. Nesse caso o aviso pr\u00e9vio n\u00e3o \u00e9 indenizado nem trabalhado.<\/p>\n<h4>Dispensa sem justa causa<\/h4>\n<p>Nesse caso o empregador dever\u00e1 notificar o empregado do t\u00e9rmino do contrato com anteced\u00eancia de no m\u00ednimo 30 dias.<\/p>\n<p>O aviso pr\u00e9vio pode ser trabalhado, caso em que o empregado pode optar por sair duas horas mais cedo ou ficar sem trabalhar durante 7 dias ao final do prazo.<\/p>\n<p>Se n\u00e3o for trabalhado, ser\u00e1 indenizado. Isso ocorre quando a empresa n\u00e3o permite que o oper\u00e1rio trabalhe durante esses 30 dias \u2014 mas de qualquer forma o sal\u00e1rio desse per\u00edodo deve ser pago ao empregado.<\/p>\n<h4>Demiss\u00e3o<\/h4>\n<p>Quando o empregado pedir demiss\u00e3o, o aviso pr\u00e9vio poder\u00e1 ser trabalhado ou indenizado.<\/p>\n<p>Se for trabalhado, o trabalhador receber\u00e1 normalmente os valores devidos. No entanto, se for indenizado, significa que o empregado n\u00e3o cumpriu o aviso pr\u00e9vio e, nesse caso, o empregador poder\u00e1 exigir multa correspondente a um m\u00eas de sal\u00e1rio.<\/p>\n<h2>A import\u00e2ncia das leis trabalhistas<\/h2>\n<p>Como visto, a rescis\u00e3o trabalhista \u00e9 um assunto que envolve uma s\u00e9rie de regras que visam, principalmente, \u00e0 prote\u00e7\u00e3o do empregado.<\/p>\n<p>Por isso, \u00e9 muito importante que o empregador, mesmo contando com o apoio de um contador, conhe\u00e7a muito bem as leis trabalhistas, agindo sempre de maneira correta, evitando que o trabalhador saia prejudicado e que a empresa seja penalizada.<\/p>\n<p>Conseguiu entender a diferen\u00e7a entre demiss\u00e3o e dispensa? Ent\u00e3o assine a nossa newsletter e fique por dentro de outros conte\u00fados como este!<\/p>\n","protected":false},"excerpt":{"rendered":"<p>Muitas pessoas acreditam que demiss\u00e3o e dispensa s\u00e3o a mesma coisa. No entanto, embora pare\u00e7am(&#8230;)<\/p>\n","protected":false},"author":1,"featured_media":989,"comment_status":"open","ping_status":"open","sticky":false,"template":"","format":"standard","meta":{"_acf_changed":false,"inline_featured_image":false,"footnotes":""},"categories":[27],"tags":[],"class_list":["post-992","post","type-post","status-publish","format-standard","has-post-thumbnail","hentry","category-abrindo-o-negocio"],"acf":[],"yoast_head":"<!-- This site is optimized with the Yoast SEO plugin v25.9 - https:\/\/yoast.com\/wordpress\/plugins\/seo\/ -->\n<title>Leis trabalhistas: quais as diferen\u00e7as entre demiss\u00e3o e dispensa? - Grupo A\u00e7o Cearense<\/title>\n<meta name=\"robots\" content=\"index, follow, max-snippet:-1, max-image-preview:large, max-video-preview:-1\" \/>\n<link rel=\"canonical\" href=\"https:\/\/previews.elleven.digital\/acocearense\/leis-trabalhistas-quais-as-diferencas-entre-demissao-e-dispensa\/\" \/>\n<meta property=\"og:locale\" content=\"pt_BR\" \/>\n<meta property=\"og:type\" content=\"article\" \/>\n<meta property=\"og:title\" content=\"Leis trabalhistas: quais as diferen\u00e7as entre demiss\u00e3o e dispensa? - Grupo A\u00e7o Cearense\" \/>\n<meta property=\"og:description\" content=\"Muitas pessoas acreditam que demiss\u00e3o e dispensa s\u00e3o a mesma coisa. No entanto, embora pare\u00e7am(...)\" \/>\n<meta property=\"og:url\" content=\"https:\/\/previews.elleven.digital\/acocearense\/leis-trabalhistas-quais-as-diferencas-entre-demissao-e-dispensa\/\" \/>\n<meta property=\"og:site_name\" content=\"Grupo A\u00e7o Cearense\" \/>\n<meta property=\"article:published_time\" content=\"2017-07-19T12:16:29+00:00\" \/>\n<meta property=\"article:modified_time\" content=\"2025-05-07T12:16:52+00:00\" \/>\n<meta property=\"og:image\" content=\"https:\/\/previews.elleven.digital\/acocearense\/wp-content\/uploads\/2025\/05\/leis-trabalhistas-quais-as-diferencas-entre-demissao-e-dispensa.jpeg\" \/>\n\t<meta property=\"og:image:width\" content=\"999\" \/>\n\t<meta property=\"og:image:height\" content=\"667\" \/>\n\t<meta property=\"og:image:type\" content=\"image\/jpeg\" \/>\n<meta name=\"author\" content=\"elleven\" \/>\n<meta name=\"twitter:card\" content=\"summary_large_image\" \/>\n<meta name=\"twitter:label1\" content=\"Escrito por\" \/>\n\t<meta name=\"twitter:data1\" content=\"elleven\" \/>\n\t<meta name=\"twitter:label2\" content=\"Est. tempo de leitura\" \/>\n\t<meta name=\"twitter:data2\" content=\"4 minutos\" \/>\n<script type=\"application\/ld+json\" class=\"yoast-schema-graph\">{\"@context\":\"https:\/\/schema.org\",\"@graph\":[{\"@type\":\"WebPage\",\"@id\":\"https:\/\/previews.elleven.digital\/acocearense\/leis-trabalhistas-quais-as-diferencas-entre-demissao-e-dispensa\/\",\"url\":\"https:\/\/previews.elleven.digital\/acocearense\/leis-trabalhistas-quais-as-diferencas-entre-demissao-e-dispensa\/\",\"name\":\"Leis trabalhistas: quais as diferen\u00e7as entre demiss\u00e3o e dispensa? - Grupo A\u00e7o Cearense\",\"isPartOf\":{\"@id\":\"https:\/\/previews.elleven.digital\/acocearense\/#website\"},\"primaryImageOfPage\":{\"@id\":\"https:\/\/previews.elleven.digital\/acocearense\/leis-trabalhistas-quais-as-diferencas-entre-demissao-e-dispensa\/#primaryimage\"},\"image\":{\"@id\":\"https:\/\/previews.elleven.digital\/acocearense\/leis-trabalhistas-quais-as-diferencas-entre-demissao-e-dispensa\/#primaryimage\"},\"thumbnailUrl\":\"https:\/\/previews.elleven.digital\/acocearense\/wp-content\/uploads\/2025\/05\/leis-trabalhistas-quais-as-diferencas-entre-demissao-e-dispensa.jpeg\",\"datePublished\":\"2017-07-19T12:16:29+00:00\",\"dateModified\":\"2025-05-07T12:16:52+00:00\",\"author\":{\"@id\":\"https:\/\/previews.elleven.digital\/acocearense\/#\/schema\/person\/8e9165eb3c33e0860485c7c5fc06a701\"},\"breadcrumb\":{\"@id\":\"https:\/\/previews.elleven.digital\/acocearense\/leis-trabalhistas-quais-as-diferencas-entre-demissao-e-dispensa\/#breadcrumb\"},\"inLanguage\":\"pt-BR\",\"potentialAction\":[{\"@type\":\"ReadAction\",\"target\":[\"https:\/\/previews.elleven.digital\/acocearense\/leis-trabalhistas-quais-as-diferencas-entre-demissao-e-dispensa\/\"]}]},{\"@type\":\"ImageObject\",\"inLanguage\":\"pt-BR\",\"@id\":\"https:\/\/previews.elleven.digital\/acocearense\/leis-trabalhistas-quais-as-diferencas-entre-demissao-e-dispensa\/#primaryimage\",\"url\":\"https:\/\/previews.elleven.digital\/acocearense\/wp-content\/uploads\/2025\/05\/leis-trabalhistas-quais-as-diferencas-entre-demissao-e-dispensa.jpeg\",\"contentUrl\":\"https:\/\/previews.elleven.digital\/acocearense\/wp-content\/uploads\/2025\/05\/leis-trabalhistas-quais-as-diferencas-entre-demissao-e-dispensa.jpeg\",\"width\":999,\"height\":667},{\"@type\":\"BreadcrumbList\",\"@id\":\"https:\/\/previews.elleven.digital\/acocearense\/leis-trabalhistas-quais-as-diferencas-entre-demissao-e-dispensa\/#breadcrumb\",\"itemListElement\":[{\"@type\":\"ListItem\",\"position\":1,\"name\":\"In\u00edcio\",\"item\":\"https:\/\/previews.elleven.digital\/acocearense\/\"},{\"@type\":\"ListItem\",\"position\":2,\"name\":\"Leis trabalhistas: quais as diferen\u00e7as entre demiss\u00e3o e dispensa?\"}]},{\"@type\":\"WebSite\",\"@id\":\"https:\/\/previews.elleven.digital\/acocearense\/#website\",\"url\":\"https:\/\/previews.elleven.digital\/acocearense\/\",\"name\":\"A\u00e7o Cearense\",\"description\":\"H\u00e1 mais de 45 anos no mercado brasileiro do a\u00e7o.\",\"alternateName\":\"A\u00e7o Cearense\",\"potentialAction\":[{\"@type\":\"SearchAction\",\"target\":{\"@type\":\"EntryPoint\",\"urlTemplate\":\"https:\/\/previews.elleven.digital\/acocearense\/?s={search_term_string}\"},\"query-input\":{\"@type\":\"PropertyValueSpecification\",\"valueRequired\":true,\"valueName\":\"search_term_string\"}}],\"inLanguage\":\"pt-BR\"},{\"@type\":\"Person\",\"@id\":\"https:\/\/previews.elleven.digital\/acocearense\/#\/schema\/person\/8e9165eb3c33e0860485c7c5fc06a701\",\"name\":\"elleven\",\"image\":{\"@type\":\"ImageObject\",\"inLanguage\":\"pt-BR\",\"@id\":\"https:\/\/previews.elleven.digital\/acocearense\/#\/schema\/person\/image\/\",\"url\":\"https:\/\/secure.gravatar.com\/avatar\/2a6afb49d9ecfed5dbc6c9606ce318b8bd07c077835179bddfd5d8209c03cb29?s=96&d=mm&r=g\",\"contentUrl\":\"https:\/\/secure.gravatar.com\/avatar\/2a6afb49d9ecfed5dbc6c9606ce318b8bd07c077835179bddfd5d8209c03cb29?s=96&d=mm&r=g\",\"caption\":\"elleven\"},\"sameAs\":[\"http:\/\/localhost\/acocearense\"],\"url\":\"https:\/\/previews.elleven.digital\/acocearense\/author\/elleven\/\"}]}<\/script>\n<!-- \/ Yoast SEO plugin. -->","yoast_head_json":{"title":"Leis trabalhistas: quais as diferen\u00e7as entre demiss\u00e3o e dispensa? - Grupo A\u00e7o Cearense","robots":{"index":"index","follow":"follow","max-snippet":"max-snippet:-1","max-image-preview":"max-image-preview:large","max-video-preview":"max-video-preview:-1"},"canonical":"https:\/\/previews.elleven.digital\/acocearense\/leis-trabalhistas-quais-as-diferencas-entre-demissao-e-dispensa\/","og_locale":"pt_BR","og_type":"article","og_title":"Leis trabalhistas: quais as diferen\u00e7as entre demiss\u00e3o e dispensa? - Grupo A\u00e7o Cearense","og_description":"Muitas pessoas acreditam que demiss\u00e3o e dispensa s\u00e3o a mesma coisa. No entanto, embora pare\u00e7am(...)","og_url":"https:\/\/previews.elleven.digital\/acocearense\/leis-trabalhistas-quais-as-diferencas-entre-demissao-e-dispensa\/","og_site_name":"Grupo A\u00e7o Cearense","article_published_time":"2017-07-19T12:16:29+00:00","article_modified_time":"2025-05-07T12:16:52+00:00","og_image":[{"width":999,"height":667,"url":"https:\/\/previews.elleven.digital\/acocearense\/wp-content\/uploads\/2025\/05\/leis-trabalhistas-quais-as-diferencas-entre-demissao-e-dispensa.jpeg","type":"image\/jpeg"}],"author":"elleven","twitter_card":"summary_large_image","twitter_misc":{"Escrito por":"elleven","Est. tempo de leitura":"4 minutos"},"schema":{"@context":"https:\/\/schema.org","@graph":[{"@type":"WebPage","@id":"https:\/\/previews.elleven.digital\/acocearense\/leis-trabalhistas-quais-as-diferencas-entre-demissao-e-dispensa\/","url":"https:\/\/previews.elleven.digital\/acocearense\/leis-trabalhistas-quais-as-diferencas-entre-demissao-e-dispensa\/","name":"Leis trabalhistas: quais as diferen\u00e7as entre demiss\u00e3o e dispensa? - Grupo A\u00e7o Cearense","isPartOf":{"@id":"https:\/\/previews.elleven.digital\/acocearense\/#website"},"primaryImageOfPage":{"@id":"https:\/\/previews.elleven.digital\/acocearense\/leis-trabalhistas-quais-as-diferencas-entre-demissao-e-dispensa\/#primaryimage"},"image":{"@id":"https:\/\/previews.elleven.digital\/acocearense\/leis-trabalhistas-quais-as-diferencas-entre-demissao-e-dispensa\/#primaryimage"},"thumbnailUrl":"https:\/\/previews.elleven.digital\/acocearense\/wp-content\/uploads\/2025\/05\/leis-trabalhistas-quais-as-diferencas-entre-demissao-e-dispensa.jpeg","datePublished":"2017-07-19T12:16:29+00:00","dateModified":"2025-05-07T12:16:52+00:00","author":{"@id":"https:\/\/previews.elleven.digital\/acocearense\/#\/schema\/person\/8e9165eb3c33e0860485c7c5fc06a701"},"breadcrumb":{"@id":"https:\/\/previews.elleven.digital\/acocearense\/leis-trabalhistas-quais-as-diferencas-entre-demissao-e-dispensa\/#breadcrumb"},"inLanguage":"pt-BR","potentialAction":[{"@type":"ReadAction","target":["https:\/\/previews.elleven.digital\/acocearense\/leis-trabalhistas-quais-as-diferencas-entre-demissao-e-dispensa\/"]}]},{"@type":"ImageObject","inLanguage":"pt-BR","@id":"https:\/\/previews.elleven.digital\/acocearense\/leis-trabalhistas-quais-as-diferencas-entre-demissao-e-dispensa\/#primaryimage","url":"https:\/\/previews.elleven.digital\/acocearense\/wp-content\/uploads\/2025\/05\/leis-trabalhistas-quais-as-diferencas-entre-demissao-e-dispensa.jpeg","contentUrl":"https:\/\/previews.elleven.digital\/acocearense\/wp-content\/uploads\/2025\/05\/leis-trabalhistas-quais-as-diferencas-entre-demissao-e-dispensa.jpeg","width":999,"height":667},{"@type":"BreadcrumbList","@id":"https:\/\/previews.elleven.digital\/acocearense\/leis-trabalhistas-quais-as-diferencas-entre-demissao-e-dispensa\/#breadcrumb","itemListElement":[{"@type":"ListItem","position":1,"name":"In\u00edcio","item":"https:\/\/previews.elleven.digital\/acocearense\/"},{"@type":"ListItem","position":2,"name":"Leis trabalhistas: quais as diferen\u00e7as entre demiss\u00e3o e dispensa?"}]},{"@type":"WebSite","@id":"https:\/\/previews.elleven.digital\/acocearense\/#website","url":"https:\/\/previews.elleven.digital\/acocearense\/","name":"A\u00e7o Cearense","description":"H\u00e1 mais de 45 anos no mercado brasileiro do a\u00e7o.","alternateName":"A\u00e7o Cearense","potentialAction":[{"@type":"SearchAction","target":{"@type":"EntryPoint","urlTemplate":"https:\/\/previews.elleven.digital\/acocearense\/?s={search_term_string}"},"query-input":{"@type":"PropertyValueSpecification","valueRequired":true,"valueName":"search_term_string"}}],"inLanguage":"pt-BR"},{"@type":"Person","@id":"https:\/\/previews.elleven.digital\/acocearense\/#\/schema\/person\/8e9165eb3c33e0860485c7c5fc06a701","name":"elleven","image":{"@type":"ImageObject","inLanguage":"pt-BR","@id":"https:\/\/previews.elleven.digital\/acocearense\/#\/schema\/person\/image\/","url":"https:\/\/secure.gravatar.com\/avatar\/2a6afb49d9ecfed5dbc6c9606ce318b8bd07c077835179bddfd5d8209c03cb29?s=96&d=mm&r=g","contentUrl":"https:\/\/secure.gravatar.com\/avatar\/2a6afb49d9ecfed5dbc6c9606ce318b8bd07c077835179bddfd5d8209c03cb29?s=96&d=mm&r=g","caption":"elleven"},"sameAs":["http:\/\/localhost\/acocearense"],"url":"https:\/\/previews.elleven.digital\/acocearense\/author\/elleven\/"}]}},"_links":{"self":[{"href":"https:\/\/previews.elleven.digital\/acocearense\/wp-json\/wp\/v2\/posts\/992","targetHints":{"allow":["GET"]}}],"collection":[{"href":"https:\/\/previews.elleven.digital\/acocearense\/wp-json\/wp\/v2\/posts"}],"about":[{"href":"https:\/\/previews.elleven.digital\/acocearense\/wp-json\/wp\/v2\/types\/post"}],"author":[{"embeddable":true,"href":"https:\/\/previews.elleven.digital\/acocearense\/wp-json\/wp\/v2\/users\/1"}],"replies":[{"embeddable":true,"href":"https:\/\/previews.elleven.digital\/acocearense\/wp-json\/wp\/v2\/comments?post=992"}],"version-history":[{"count":1,"href":"https:\/\/previews.elleven.digital\/acocearense\/wp-json\/wp\/v2\/posts\/992\/revisions"}],"predecessor-version":[{"id":993,"href":"https:\/\/previews.elleven.digital\/acocearense\/wp-json\/wp\/v2\/posts\/992\/revisions\/993"}],"wp:featuredmedia":[{"embeddable":true,"href":"https:\/\/previews.elleven.digital\/acocearense\/wp-json\/wp\/v2\/media\/989"}],"wp:attachment":[{"href":"https:\/\/previews.elleven.digital\/acocearense\/wp-json\/wp\/v2\/media?parent=992"}],"wp:term":[{"taxonomy":"category","embeddable":true,"href":"https:\/\/previews.elleven.digital\/acocearense\/wp-json\/wp\/v2\/categories?post=992"},{"taxonomy":"post_tag","embeddable":true,"href":"https:\/\/previews.elleven.digital\/acocearense\/wp-json\/wp\/v2\/tags?post=992"}],"curies":[{"name":"wp","href":"https:\/\/api.w.org\/{rel}","templated":true}]}}