{"id":974,"date":"2017-05-31T09:11:35","date_gmt":"2017-05-31T12:11:35","guid":{"rendered":"https:\/\/previews.elleven.digital\/acocearense\/?p=974"},"modified":"2025-05-07T09:12:00","modified_gmt":"2025-05-07T12:12:00","slug":"aco-em-concreto-protendido-conheca-as-aplicacoes-e-vantagens","status":"publish","type":"post","link":"https:\/\/previews.elleven.digital\/acocearense\/aco-em-concreto-protendido-conheca-as-aplicacoes-e-vantagens\/","title":{"rendered":"A\u00e7o em concreto protendido: conhe\u00e7a as aplica\u00e7\u00f5es e vantagens"},"content":{"rendered":"<p>Desde que o homem come\u00e7ou a viver em sociedade, a engenharia vem transformando seu dia a dia. Com o passar do tempo, as t\u00e9cnicas foram sendo aprimoradas, e o tamanho e a complexidade das estruturas aumentaram.<\/p>\n<p>As Pir\u00e2mides do Egito, um hospital, uma simples resid\u00eancia e todos os outros tipos de constru\u00e7\u00f5es utilizam as tecnologias que foram desenvolvidas pela engenharia civil. Para obter bons resultados no mercado consumidor, um empres\u00e1rio precisa ficar antenado com o que h\u00e1 de mais moderno nesse ramo de atua\u00e7\u00e3o.<\/p>\n<p>O\u00a0<a href=\"http:\/\/wwwp.feb.unesp.br\/lutt\/Concreto%20Protendido\/CP-vol1.pdf?utm_source=blog&amp;utm_campaign=rc_blogpost\">concreto protendido<\/a>\u00a0\u00e9 uma das metodologias mais modernas e est\u00e1 sendo muito utilizado\u00a0atualmente. Mas voc\u00ea sabe o que ele\u00a0\u00e9 ou como ele\u00a0funciona?<\/p>\n<p>O post de hoje responde essas e outras perguntas. Continue sua leitura e descubra mais sobre o a\u00e7o em concreto protendido!<\/p>\n<h2>Entenda o que \u00e9 o concreto protendido<\/h2>\n<p>O concreto \u00e9 um material que trabalha muito bem quando submetido \u00e0s tens\u00f5es de compress\u00e3o. Entretanto, sua resist\u00eancia \u00e0s solicita\u00e7\u00f5es de tra\u00e7\u00e3o \u00e9 bem pequena, atingindo 10% do valor do par\u00e2metro anterior.<\/p>\n<p>Para solucionar tal problema, s\u00e3o utilizadas\u00a0<a href=\"https:\/\/previews.elleven.digital\/acocearense\/blog\/gestao\/5-dicas-de-organizacao-para-lojas-de-ferro-e-aco\/?utm_source=blog&amp;utm_campaign=rc_blogpost\">barras de a\u00e7o<\/a>, a fim de comportar tal carregamento. Por\u00e9m, em alguns casos, as tens\u00f5es ultrapassam os limites de resist\u00eancia do concreto armado, e \u00e9 necess\u00e1rio utilizar outra op\u00e7\u00e3o\u00a0construtiva.<\/p>\n<p>A protens\u00e3o \u00e9 uma tecnologia que induz, em uma estrutura, um estado pr\u00e9vio de tens\u00f5es ao utilizar armaduras ativas com o objetivo de aumentar a resist\u00eancia da pe\u00e7a de concreto.<\/p>\n<p>O concreto protendido \u00e9 dividido em tr\u00eas tipos:<\/p>\n<h3>Protens\u00e3o com ader\u00eancia inicial<\/h3>\n<p>Situa\u00e7\u00e3o em que \u00e9 realizado um pr\u00e9-alongamento das armaduras antes que o lan\u00e7amento do concreto ocorra. Al\u00e9m disso, \u00e9 muito utilizado no processo de concretagem de pe\u00e7as pr\u00e9-fabricadas.<\/p>\n<h3>Protens\u00e3o com ader\u00eancia posterior<\/h3>\n<p>Casos em que a for\u00e7a de protens\u00e3o \u00e9 aplicada ap\u00f3s a cura da pe\u00e7a de concreto. Nesse momento, s\u00e3o utilizados macacos hidr\u00e1ulicos para submeter as armaduras ativas aos valores de tens\u00e3o previamente calculados<\/p>\n<h3>Protens\u00e3o sem ader\u00eancia<\/h3>\n<p>Nesse caso, a protens\u00e3o \u00e9 aplicada na pe\u00e7a ap\u00f3s a sua cura, sem que haja ader\u00eancia entre a armadura ativa e o concreto. Desse modo, a armadura ativa \u00e9 colocada em dutos, formados por bainhas met\u00e1licas e pl\u00e1stico, e s\u00e3o injetados com graxa, a fim de evitar sua corros\u00e3o.<\/p>\n<p>Em resumo, quando se trata de concreto protendido,\u00a0aplica-se um carregamento na pe\u00e7a, seja antes ou depois de sua produ\u00e7\u00e3o, para combater as solicita\u00e7\u00f5es que est\u00e3o por vir em sua estrutura.<\/p>\n<h2>Conhe\u00e7a a hist\u00f3ria do a\u00e7o em concreto protendido<\/h2>\n<p>Em 1824, na Inglaterra, o cimento Portland foi desenvolvido, e pe\u00e7as de concreto come\u00e7aram a surgir em nossa sociedade. Com o passar do tempo, os projetos arquitet\u00f4nicos ficaram mais arrojados, e o concreto armado n\u00e3o conseguia mais acompanhar suas solu\u00e7\u00f5es.<\/p>\n<p>Os carregamentos e os v\u00e3os ficaram maiores, exigindo a cria\u00e7\u00e3o de uma nova metodologia para solucionar esse problema. Ap\u00f3s v\u00e1rias tentativas e experimentos ao redor do mundo, em 1928, na Fran\u00e7a, foram obtidos resultados satisfat\u00f3rios e confi\u00e1veis em seus trabalhos sobre o concreto protendido.<\/p>\n<p>No Brasil, em 1948, a ponte do Gale\u00e3o, no Rio de Janeiro, foi a primeira obra em concreto protendido. Nesse caso, todos materiais foram importados do exterior, j\u00e1 que tal metodologia ainda era uma novidade em nosso pa\u00eds.<\/p>\n<h2>Descubra as aplica\u00e7\u00f5es do concreto armado e do concreto protendido<\/h2>\n<p>Alguns profissionais confundem o uso dessas duas metodologias construtivas, portanto, para n\u00e3o cometer esse mesmo erro, veja abaixo quais s\u00e3o suas diferen\u00e7as:<\/p>\n<h3>Aplica\u00e7\u00f5es do concreto armado<\/h3>\n<p>As estruturas em concreto armado s\u00e3o largamente utilizadas em nossa sociedade. Casas, hospitais, escolas e todas as estruturas de pequeno e m\u00e9dio porte fazem uso desse m\u00e9todo construtivo. Por\u00e9m, a medida que as cargas, os v\u00e3os e o design das estruturas aumentam, \u00e9 necess\u00e1rio adotar algo mais moderno e resistente.<\/p>\n<h3>Aplica\u00e7\u00f5es do concreto protendido<\/h3>\n<p>Como dito anteriormente, o concreto protendido foi criado para dar mais resist\u00eancias \u00e0s pe\u00e7as de concreto em uma estrutura. Como consequ\u00eancia disso, arquitetos e engenheiros podem criar projetos mais arrojados e desafiadores. Hoje em dia, o a\u00e7o em concreto protendido \u00e9 utilizado para construir:<\/p>\n<ul>\n<li>pontes;<\/li>\n<li>viadutos;<\/li>\n<li>lajes e vigas de grandes edif\u00edcios;<\/li>\n<li>placas de funda\u00e7\u00e3o (<a href=\"http:\/\/techne.pini.com.br\/engenharia-civil\/185\/radier-protendido-285959-1.aspx?utm_source=blog&amp;utm_campaign=rc_blogpost\">radiers<\/a>);<\/li>\n<li>pe\u00e7as pr\u00e9-moldadas;<\/li>\n<li>cortinas atirantadas;<\/li>\n<li>barragens.<\/li>\n<\/ul>\n<p>O concreto protendido traz alguns benef\u00edcios para uma obra, tamb\u00e9m. Confira alguns deles nos t\u00f3picos a seguir.<\/p>\n<h3>Redu\u00e7\u00e3o de fissuras<\/h3>\n<p>O aparecimento de fissuras \u00e9 algo inevit\u00e1vel em uma pe\u00e7a de concreto. Por\u00e9m, desde que elas respeitem os limites normativos, a estabilidade da estrutura n\u00e3o \u00e9 comprometida.<\/p>\n<p>Ao utilizar o concreto protendido, o processo de fissura\u00e7\u00e3o \u00e9 reduzido ao m\u00ednimo, j\u00e1 que as tens\u00f5es aplicadas possuem sentido contr\u00e1rio \u00e0s tens\u00f5es provocadas pelo peso pr\u00f3prio da estrutura.<\/p>\n<p>Como n\u00e3o h\u00e1 mais fissuras, evita-se o processo de corros\u00e3o, dando mais durabilidade \u00e0 pe\u00e7a de concreto.<\/p>\n<h3>Redu\u00e7\u00e3o de custos<\/h3>\n<p>As resist\u00eancias de c\u00e1lculo, consideradas em concreto protendido, s\u00e3o duas ou tr\u00eas vezes maiores do que as utilizadas em concreto armado. Al\u00e9m disso, os a\u00e7os de protens\u00e3o t\u00eam resist\u00eancia tr\u00eas a cinco vezes superiores \u00e0s dos materiais utilizados nesse outro caso.<\/p>\n<p>Entretanto, a diferen\u00e7a de pre\u00e7os entre os insumos nessas duas situa\u00e7\u00f5es n\u00e3o acompanha esse ritmo de crescimento. Os aumentos percentuais financeiros s\u00e3o muito inferiores aos acr\u00e9scimos de resist\u00eancias provenientes do uso da protens\u00e3o.<\/p>\n<p>Em outras palavras, com a utiliza\u00e7\u00e3o do concreto protendido, \u00e9 poss\u00edvel aumentar a resist\u00eancia de uma estrutura sem ter que gastar grandes quantias financeiras.<\/p>\n<h3>Liberdade na cria\u00e7\u00e3o de projetos<\/h3>\n<p>Seja caminhando por sua cidade ou assistindo document\u00e1rios, voc\u00ea j\u00e1 deve ter se deparado com estruturas que desafiavam a mente humana, n\u00e3o \u00e9 mesmo?<\/p>\n<p>As nossas cidades est\u00e3o cada vez mais modernas, e os projetos arquitet\u00f4nicos exigem estruturas ousadas e criativas. Apenas com o concreto protendido \u00e9 poss\u00edvel atender essas exig\u00eancias, sem deixar de lado as quest\u00f5es financeiras, est\u00e9ticas e de execu\u00e7\u00e3o.<\/p>\n<p>Portanto, quando \u00e9 necess\u00e1rio construir algo com grandes v\u00e3os e carregamentos, somente o\u00a0concreto protendido pode ser utilizado.<\/p>\n<p>A engenharia civil possui diversas metodologias construtivas que devem ser aplicadas com sabedoria. O concreto protendido veio para ser usado nos casos em que o concreto armado \u00e9 insuficiente, dessa forma, ele vem ganhando cada vez mais espa\u00e7o no mercado.<\/p>\n<p>E ent\u00e3o, voc\u00ea descobriu o que \u00e9 e quais s\u00e3o as vantagens do a\u00e7o em concreto protendido? Siga-nos em nossas redes sociais (<a href=\"https:\/\/www.facebook.com\/grupoacocearense?utm_source=blog&amp;utm_campaign=rc_blogpost\">Facebook<\/a>\u00a0,\u00a0<a href=\"https:\/\/www.linkedin.com\/company-beta\/24776982\/\">Linkedin<\/a>\u00a0e\u00a0<a href=\"https:\/\/www.youtube.com\/user\/grupoacocearense?utm_source=blog&amp;utm_campaign=rc_blogpost\">Youtube<\/a>) e fique antenado no que h\u00e1 de mais moderno no ramo construtivo.<\/p>\n","protected":false},"excerpt":{"rendered":"<p>Desde que o homem come\u00e7ou a viver em sociedade, a engenharia vem transformando seu dia(&#8230;)<\/p>\n","protected":false},"author":1,"featured_media":952,"comment_status":"open","ping_status":"open","sticky":false,"template":"","format":"standard","meta":{"_acf_changed":false,"inline_featured_image":false,"footnotes":""},"categories":[32],"tags":[],"class_list":["post-974","post","type-post","status-publish","format-standard","has-post-thumbnail","hentry","category-vender-mais"],"acf":[],"yoast_head":"<!-- This site is optimized with the Yoast SEO plugin v25.9 - https:\/\/yoast.com\/wordpress\/plugins\/seo\/ -->\n<title>A\u00e7o em concreto protendido: conhe\u00e7a as aplica\u00e7\u00f5es e vantagens - Grupo A\u00e7o Cearense<\/title>\n<meta name=\"robots\" content=\"index, follow, max-snippet:-1, max-image-preview:large, max-video-preview:-1\" \/>\n<link rel=\"canonical\" href=\"https:\/\/previews.elleven.digital\/acocearense\/aco-em-concreto-protendido-conheca-as-aplicacoes-e-vantagens\/\" \/>\n<meta property=\"og:locale\" content=\"pt_BR\" \/>\n<meta property=\"og:type\" content=\"article\" \/>\n<meta property=\"og:title\" content=\"A\u00e7o em concreto protendido: conhe\u00e7a as aplica\u00e7\u00f5es e vantagens - Grupo A\u00e7o Cearense\" \/>\n<meta property=\"og:description\" content=\"Desde que o homem come\u00e7ou a viver em sociedade, a engenharia vem transformando seu dia(...)\" \/>\n<meta property=\"og:url\" content=\"https:\/\/previews.elleven.digital\/acocearense\/aco-em-concreto-protendido-conheca-as-aplicacoes-e-vantagens\/\" \/>\n<meta property=\"og:site_name\" content=\"Grupo A\u00e7o Cearense\" \/>\n<meta property=\"article:published_time\" content=\"2017-05-31T12:11:35+00:00\" \/>\n<meta property=\"article:modified_time\" content=\"2025-05-07T12:12:00+00:00\" \/>\n<meta property=\"og:image\" content=\"https:\/\/previews.elleven.digital\/acocearense\/wp-content\/uploads\/2025\/05\/82429-aco-em-concreto-protendido-conheca-as-aplicacoes-e-vantagens-1000x720-1.jpg\" \/>\n\t<meta property=\"og:image:width\" content=\"1000\" \/>\n\t<meta property=\"og:image:height\" content=\"720\" \/>\n\t<meta property=\"og:image:type\" content=\"image\/jpeg\" \/>\n<meta name=\"author\" content=\"elleven\" \/>\n<meta name=\"twitter:card\" content=\"summary_large_image\" \/>\n<meta name=\"twitter:label1\" content=\"Escrito por\" \/>\n\t<meta name=\"twitter:data1\" content=\"elleven\" \/>\n\t<meta name=\"twitter:label2\" content=\"Est. tempo de leitura\" \/>\n\t<meta name=\"twitter:data2\" content=\"1 minuto\" \/>\n<script type=\"application\/ld+json\" class=\"yoast-schema-graph\">{\"@context\":\"https:\/\/schema.org\",\"@graph\":[{\"@type\":\"WebPage\",\"@id\":\"https:\/\/previews.elleven.digital\/acocearense\/aco-em-concreto-protendido-conheca-as-aplicacoes-e-vantagens\/\",\"url\":\"https:\/\/previews.elleven.digital\/acocearense\/aco-em-concreto-protendido-conheca-as-aplicacoes-e-vantagens\/\",\"name\":\"A\u00e7o em concreto protendido: conhe\u00e7a as aplica\u00e7\u00f5es e vantagens - Grupo A\u00e7o Cearense\",\"isPartOf\":{\"@id\":\"https:\/\/previews.elleven.digital\/acocearense\/#website\"},\"primaryImageOfPage\":{\"@id\":\"https:\/\/previews.elleven.digital\/acocearense\/aco-em-concreto-protendido-conheca-as-aplicacoes-e-vantagens\/#primaryimage\"},\"image\":{\"@id\":\"https:\/\/previews.elleven.digital\/acocearense\/aco-em-concreto-protendido-conheca-as-aplicacoes-e-vantagens\/#primaryimage\"},\"thumbnailUrl\":\"https:\/\/previews.elleven.digital\/acocearense\/wp-content\/uploads\/2025\/05\/82429-aco-em-concreto-protendido-conheca-as-aplicacoes-e-vantagens-1000x720-1.jpg\",\"datePublished\":\"2017-05-31T12:11:35+00:00\",\"dateModified\":\"2025-05-07T12:12:00+00:00\",\"author\":{\"@id\":\"https:\/\/previews.elleven.digital\/acocearense\/#\/schema\/person\/8e9165eb3c33e0860485c7c5fc06a701\"},\"breadcrumb\":{\"@id\":\"https:\/\/previews.elleven.digital\/acocearense\/aco-em-concreto-protendido-conheca-as-aplicacoes-e-vantagens\/#breadcrumb\"},\"inLanguage\":\"pt-BR\",\"potentialAction\":[{\"@type\":\"ReadAction\",\"target\":[\"https:\/\/previews.elleven.digital\/acocearense\/aco-em-concreto-protendido-conheca-as-aplicacoes-e-vantagens\/\"]}]},{\"@type\":\"ImageObject\",\"inLanguage\":\"pt-BR\",\"@id\":\"https:\/\/previews.elleven.digital\/acocearense\/aco-em-concreto-protendido-conheca-as-aplicacoes-e-vantagens\/#primaryimage\",\"url\":\"https:\/\/previews.elleven.digital\/acocearense\/wp-content\/uploads\/2025\/05\/82429-aco-em-concreto-protendido-conheca-as-aplicacoes-e-vantagens-1000x720-1.jpg\",\"contentUrl\":\"https:\/\/previews.elleven.digital\/acocearense\/wp-content\/uploads\/2025\/05\/82429-aco-em-concreto-protendido-conheca-as-aplicacoes-e-vantagens-1000x720-1.jpg\",\"width\":1000,\"height\":720},{\"@type\":\"BreadcrumbList\",\"@id\":\"https:\/\/previews.elleven.digital\/acocearense\/aco-em-concreto-protendido-conheca-as-aplicacoes-e-vantagens\/#breadcrumb\",\"itemListElement\":[{\"@type\":\"ListItem\",\"position\":1,\"name\":\"In\u00edcio\",\"item\":\"https:\/\/previews.elleven.digital\/acocearense\/\"},{\"@type\":\"ListItem\",\"position\":2,\"name\":\"A\u00e7o em concreto protendido: conhe\u00e7a as aplica\u00e7\u00f5es e vantagens\"}]},{\"@type\":\"WebSite\",\"@id\":\"https:\/\/previews.elleven.digital\/acocearense\/#website\",\"url\":\"https:\/\/previews.elleven.digital\/acocearense\/\",\"name\":\"A\u00e7o Cearense\",\"description\":\"H\u00e1 mais de 45 anos no mercado brasileiro do a\u00e7o.\",\"alternateName\":\"A\u00e7o Cearense\",\"potentialAction\":[{\"@type\":\"SearchAction\",\"target\":{\"@type\":\"EntryPoint\",\"urlTemplate\":\"https:\/\/previews.elleven.digital\/acocearense\/?s={search_term_string}\"},\"query-input\":{\"@type\":\"PropertyValueSpecification\",\"valueRequired\":true,\"valueName\":\"search_term_string\"}}],\"inLanguage\":\"pt-BR\"},{\"@type\":\"Person\",\"@id\":\"https:\/\/previews.elleven.digital\/acocearense\/#\/schema\/person\/8e9165eb3c33e0860485c7c5fc06a701\",\"name\":\"elleven\",\"image\":{\"@type\":\"ImageObject\",\"inLanguage\":\"pt-BR\",\"@id\":\"https:\/\/previews.elleven.digital\/acocearense\/#\/schema\/person\/image\/\",\"url\":\"https:\/\/secure.gravatar.com\/avatar\/2a6afb49d9ecfed5dbc6c9606ce318b8bd07c077835179bddfd5d8209c03cb29?s=96&d=mm&r=g\",\"contentUrl\":\"https:\/\/secure.gravatar.com\/avatar\/2a6afb49d9ecfed5dbc6c9606ce318b8bd07c077835179bddfd5d8209c03cb29?s=96&d=mm&r=g\",\"caption\":\"elleven\"},\"sameAs\":[\"http:\/\/localhost\/acocearense\"],\"url\":\"https:\/\/previews.elleven.digital\/acocearense\/author\/elleven\/\"}]}<\/script>\n<!-- \/ Yoast SEO plugin. -->","yoast_head_json":{"title":"A\u00e7o em concreto protendido: conhe\u00e7a as aplica\u00e7\u00f5es e vantagens - Grupo A\u00e7o Cearense","robots":{"index":"index","follow":"follow","max-snippet":"max-snippet:-1","max-image-preview":"max-image-preview:large","max-video-preview":"max-video-preview:-1"},"canonical":"https:\/\/previews.elleven.digital\/acocearense\/aco-em-concreto-protendido-conheca-as-aplicacoes-e-vantagens\/","og_locale":"pt_BR","og_type":"article","og_title":"A\u00e7o em concreto protendido: conhe\u00e7a as aplica\u00e7\u00f5es e vantagens - Grupo A\u00e7o Cearense","og_description":"Desde que o homem come\u00e7ou a viver em sociedade, a engenharia vem transformando seu dia(...)","og_url":"https:\/\/previews.elleven.digital\/acocearense\/aco-em-concreto-protendido-conheca-as-aplicacoes-e-vantagens\/","og_site_name":"Grupo A\u00e7o Cearense","article_published_time":"2017-05-31T12:11:35+00:00","article_modified_time":"2025-05-07T12:12:00+00:00","og_image":[{"width":1000,"height":720,"url":"https:\/\/previews.elleven.digital\/acocearense\/wp-content\/uploads\/2025\/05\/82429-aco-em-concreto-protendido-conheca-as-aplicacoes-e-vantagens-1000x720-1.jpg","type":"image\/jpeg"}],"author":"elleven","twitter_card":"summary_large_image","twitter_misc":{"Escrito por":"elleven","Est. tempo de leitura":"1 minuto"},"schema":{"@context":"https:\/\/schema.org","@graph":[{"@type":"WebPage","@id":"https:\/\/previews.elleven.digital\/acocearense\/aco-em-concreto-protendido-conheca-as-aplicacoes-e-vantagens\/","url":"https:\/\/previews.elleven.digital\/acocearense\/aco-em-concreto-protendido-conheca-as-aplicacoes-e-vantagens\/","name":"A\u00e7o em concreto protendido: conhe\u00e7a as aplica\u00e7\u00f5es e vantagens - Grupo A\u00e7o Cearense","isPartOf":{"@id":"https:\/\/previews.elleven.digital\/acocearense\/#website"},"primaryImageOfPage":{"@id":"https:\/\/previews.elleven.digital\/acocearense\/aco-em-concreto-protendido-conheca-as-aplicacoes-e-vantagens\/#primaryimage"},"image":{"@id":"https:\/\/previews.elleven.digital\/acocearense\/aco-em-concreto-protendido-conheca-as-aplicacoes-e-vantagens\/#primaryimage"},"thumbnailUrl":"https:\/\/previews.elleven.digital\/acocearense\/wp-content\/uploads\/2025\/05\/82429-aco-em-concreto-protendido-conheca-as-aplicacoes-e-vantagens-1000x720-1.jpg","datePublished":"2017-05-31T12:11:35+00:00","dateModified":"2025-05-07T12:12:00+00:00","author":{"@id":"https:\/\/previews.elleven.digital\/acocearense\/#\/schema\/person\/8e9165eb3c33e0860485c7c5fc06a701"},"breadcrumb":{"@id":"https:\/\/previews.elleven.digital\/acocearense\/aco-em-concreto-protendido-conheca-as-aplicacoes-e-vantagens\/#breadcrumb"},"inLanguage":"pt-BR","potentialAction":[{"@type":"ReadAction","target":["https:\/\/previews.elleven.digital\/acocearense\/aco-em-concreto-protendido-conheca-as-aplicacoes-e-vantagens\/"]}]},{"@type":"ImageObject","inLanguage":"pt-BR","@id":"https:\/\/previews.elleven.digital\/acocearense\/aco-em-concreto-protendido-conheca-as-aplicacoes-e-vantagens\/#primaryimage","url":"https:\/\/previews.elleven.digital\/acocearense\/wp-content\/uploads\/2025\/05\/82429-aco-em-concreto-protendido-conheca-as-aplicacoes-e-vantagens-1000x720-1.jpg","contentUrl":"https:\/\/previews.elleven.digital\/acocearense\/wp-content\/uploads\/2025\/05\/82429-aco-em-concreto-protendido-conheca-as-aplicacoes-e-vantagens-1000x720-1.jpg","width":1000,"height":720},{"@type":"BreadcrumbList","@id":"https:\/\/previews.elleven.digital\/acocearense\/aco-em-concreto-protendido-conheca-as-aplicacoes-e-vantagens\/#breadcrumb","itemListElement":[{"@type":"ListItem","position":1,"name":"In\u00edcio","item":"https:\/\/previews.elleven.digital\/acocearense\/"},{"@type":"ListItem","position":2,"name":"A\u00e7o em concreto protendido: conhe\u00e7a as aplica\u00e7\u00f5es e vantagens"}]},{"@type":"WebSite","@id":"https:\/\/previews.elleven.digital\/acocearense\/#website","url":"https:\/\/previews.elleven.digital\/acocearense\/","name":"A\u00e7o Cearense","description":"H\u00e1 mais de 45 anos no mercado brasileiro do a\u00e7o.","alternateName":"A\u00e7o Cearense","potentialAction":[{"@type":"SearchAction","target":{"@type":"EntryPoint","urlTemplate":"https:\/\/previews.elleven.digital\/acocearense\/?s={search_term_string}"},"query-input":{"@type":"PropertyValueSpecification","valueRequired":true,"valueName":"search_term_string"}}],"inLanguage":"pt-BR"},{"@type":"Person","@id":"https:\/\/previews.elleven.digital\/acocearense\/#\/schema\/person\/8e9165eb3c33e0860485c7c5fc06a701","name":"elleven","image":{"@type":"ImageObject","inLanguage":"pt-BR","@id":"https:\/\/previews.elleven.digital\/acocearense\/#\/schema\/person\/image\/","url":"https:\/\/secure.gravatar.com\/avatar\/2a6afb49d9ecfed5dbc6c9606ce318b8bd07c077835179bddfd5d8209c03cb29?s=96&d=mm&r=g","contentUrl":"https:\/\/secure.gravatar.com\/avatar\/2a6afb49d9ecfed5dbc6c9606ce318b8bd07c077835179bddfd5d8209c03cb29?s=96&d=mm&r=g","caption":"elleven"},"sameAs":["http:\/\/localhost\/acocearense"],"url":"https:\/\/previews.elleven.digital\/acocearense\/author\/elleven\/"}]}},"_links":{"self":[{"href":"https:\/\/previews.elleven.digital\/acocearense\/wp-json\/wp\/v2\/posts\/974","targetHints":{"allow":["GET"]}}],"collection":[{"href":"https:\/\/previews.elleven.digital\/acocearense\/wp-json\/wp\/v2\/posts"}],"about":[{"href":"https:\/\/previews.elleven.digital\/acocearense\/wp-json\/wp\/v2\/types\/post"}],"author":[{"embeddable":true,"href":"https:\/\/previews.elleven.digital\/acocearense\/wp-json\/wp\/v2\/users\/1"}],"replies":[{"embeddable":true,"href":"https:\/\/previews.elleven.digital\/acocearense\/wp-json\/wp\/v2\/comments?post=974"}],"version-history":[{"count":1,"href":"https:\/\/previews.elleven.digital\/acocearense\/wp-json\/wp\/v2\/posts\/974\/revisions"}],"predecessor-version":[{"id":975,"href":"https:\/\/previews.elleven.digital\/acocearense\/wp-json\/wp\/v2\/posts\/974\/revisions\/975"}],"wp:featuredmedia":[{"embeddable":true,"href":"https:\/\/previews.elleven.digital\/acocearense\/wp-json\/wp\/v2\/media\/952"}],"wp:attachment":[{"href":"https:\/\/previews.elleven.digital\/acocearense\/wp-json\/wp\/v2\/media?parent=974"}],"wp:term":[{"taxonomy":"category","embeddable":true,"href":"https:\/\/previews.elleven.digital\/acocearense\/wp-json\/wp\/v2\/categories?post=974"},{"taxonomy":"post_tag","embeddable":true,"href":"https:\/\/previews.elleven.digital\/acocearense\/wp-json\/wp\/v2\/tags?post=974"}],"curies":[{"name":"wp","href":"https:\/\/api.w.org\/{rel}","templated":true}]}}