{"id":970,"date":"2017-05-17T09:10:21","date_gmt":"2017-05-17T12:10:21","guid":{"rendered":"https:\/\/previews.elleven.digital\/acocearense\/?p=970"},"modified":"2025-05-07T09:10:52","modified_gmt":"2025-05-07T12:10:52","slug":"gestao-de-pessoas-por-que-sua-loja-de-ferro-e-aco-precisa-investir-nisso","status":"publish","type":"post","link":"https:\/\/previews.elleven.digital\/acocearense\/gestao-de-pessoas-por-que-sua-loja-de-ferro-e-aco-precisa-investir-nisso\/","title":{"rendered":"Gest\u00e3o de pessoas: por que sua loja de ferro e a\u00e7o precisa investir nisso?"},"content":{"rendered":"<p>N\u00e3o adianta uma empresa possuir uma tecnologia de ponta, uma infraestrutura de alto n\u00edvel e n\u00e3o ter uma gest\u00e3o de pessoas eficiente. Um bom empreendedor sabe que \u00e9 necess\u00e1rio ter funcion\u00e1rios engajados e satisfeitos para o neg\u00f3cio\u00a0<a href=\"https:\/\/previews.elleven.digital\/acocearense\/blog\/gestao\/como-um-software-de-gestao-pode-ajudar-no-crescimento-de-sua-empresa\/?utm_source=blog&amp;utm_campaign=rc_blogpost\">apresentar resultados acima da m\u00e9dia<\/a>.<\/p>\n<p>Em um mercado cada vez mais complexo, as organiza\u00e7\u00f5es\u00a0precisam utilizar devidamente o capital humano para conseguir uma vantagem competitiva em rela\u00e7\u00e3o aos concorrentes. Por isso, \u00e9 essencial saber escolher e capacitar bem os funcion\u00e1rios!<\/p>\n<p>Neste artigo, vamos destacar 5 benef\u00edcios que o gerenciamento de pessoas pode proporcionar a sua empresa. Confira!<\/p>\n<h2>Aumento\u00a0da<\/h2>\n<h2>produtividade e motiva\u00e7\u00e3o<\/h2>\n<p>A produtividade tem rela\u00e7\u00e3o direta com a motiva\u00e7\u00e3o. Uma prova disso \u00e9 que um\u00a0<a href=\"https:\/\/carreiras.empregos.com.br\/seu-emprego\/funcionario-motivado-rende-mais\/?utm_source=blog&amp;utm_campaign=rc_blogpost\">estudo<\/a>\u00a0da consultoria\u00a0<em>Right Management<\/em>\u00a0aponta que um funcion\u00e1rio motivado pode apresentar um rendimento 50% melhor.<\/p>\n<p>O que pode deixar o colaborador mais estimulado no ambiente de trabalho? V\u00e1rias a\u00e7\u00f5es podem contribuir para um maior envolvimento do funcion\u00e1rio com a empresa, como programas de treinamento, bonifica\u00e7\u00e3o por desempenho, comunica\u00e7\u00e3o clara e a identifica\u00e7\u00e3o com os valores da organiza\u00e7\u00e3o.<\/p>\n<h2>Melhoria do ambiente de trabalho<\/h2>\n<p>Respeitar o funcion\u00e1rio \u00e9 uma das medidas mais importantes para conquist\u00e1-lo. Ao valoriz\u00e1-lo\u00a0e criar boas condi\u00e7\u00f5es de trabalho, uma empresa ter\u00e1 mais chances de engajar os colaboradores para alcan\u00e7ar as metas do neg\u00f3cio.<\/p>\n<p>Dessa maneira, os conflitos negativos entre os gestores e os demais membros de uma equipe dificilmente acontecer\u00e3o. Al\u00e9m disso, as reuni\u00f5es e os di\u00e1logos ser\u00e3o mais produtivos, o que favorece a inova\u00e7\u00e3o e a resolu\u00e7\u00e3o de problemas com rapidez.<\/p>\n<h2>Desenvolvimento\u00a0e reten\u00e7\u00e3o de\u00a0talentos<\/h2>\n<p>Proporcionar um bom sal\u00e1rio e possibilidades de ascens\u00e3o influenciam um funcion\u00e1rio a construir uma hist\u00f3ria na empresa. Contudo, \u00e9 preciso oferecer algo mais para diminuir a rotatividade: o desenvolvimento de\u00a0talentos.<\/p>\n<p>Um colaborador pode ficar mais envolvido com as prioridades de uma empresa quando participa de um programa de capacita\u00e7\u00e3o, que tem como objetivos melhorar o desempenho e prepar\u00e1-lo para assumir mais responsabilidades e novas atribui\u00e7\u00f5es.<\/p>\n<h2>Aumento\u00a0das vendas e da satisfa\u00e7\u00e3o dos clientes<\/h2>\n<p>Com metas bem definidas e\u00a0<a href=\"https:\/\/previews.elleven.digital\/acocearense\/blog\/vender-mais\/6-dicas-para-treinar-vendedores-e-conquistar-clientes\/?utm_source=blog&amp;utm_campaign=rc_blogpost\">funcion\u00e1rios atentos ao comportamento do consumidor<\/a>, \u00e9 muito mais f\u00e1cil expandir as vendas e o n\u00edvel de satisfa\u00e7\u00e3o dos clientes. Se o colaborador estiver satisfeito com o trabalho e o ambiente organizacional, as chances de oferecer um servi\u00e7o de forma atraente ao consumidor ser\u00e3o bem maiores.<\/p>\n<p>Ningu\u00e9m gosta de receber um atendimento ruim. Uma empresa disposta a tratar os funcion\u00e1rios\u00a0e os clientes com respeito conseguir\u00e1 fortalecer a sua imagem no mercado e obter um desempenho expressivo.<\/p>\n<h2>Melhoria\u00a0dos servi\u00e7os e processos internos<\/h2>\n<p>A melhoria cont\u00ednua n\u00e3o deve focar apenas o funcion\u00e1rio, mas tamb\u00e9m a forma que a empresa se comporta perante os demais segmentos do p\u00fablico-alvo. Uma das maneiras de melhorar o relacionamento com os colaboradores \u00e9 abrir espa\u00e7o para eles apresentarem ideias e opinar sobre os pontos positivos e negativos da organiza\u00e7\u00e3o.<\/p>\n<p>Ter sensibilidade para reconhecer o potencial dos funcion\u00e1rios em produzir, inovar e aperfei\u00e7oar os servi\u00e7os \u00e9 fundamental para a gest\u00e3o de pessoas estar no caminho certo.<\/p>\n<p>Agora que voc\u00ea j\u00e1 conhece alguns dos benef\u00edcios da gest\u00e3o de pessoas, que tal compartilhar suas experi\u00eancias conosco? Deixe um coment\u00e1rio aqui no post e conte pra a gente o que voc\u00ea costuma fazer para gerir sua equipe!<\/p>\n","protected":false},"excerpt":{"rendered":"<p>N\u00e3o adianta uma empresa possuir uma tecnologia de ponta, uma infraestrutura de alto n\u00edvel e(&#8230;)<\/p>\n","protected":false},"author":1,"featured_media":954,"comment_status":"open","ping_status":"open","sticky":false,"template":"","format":"standard","meta":{"_acf_changed":false,"inline_featured_image":false,"footnotes":""},"categories":[28],"tags":[],"class_list":["post-970","post","type-post","status-publish","format-standard","has-post-thumbnail","hentry","category-gestao"],"acf":[],"yoast_head":"<!-- This site is optimized with the Yoast SEO plugin v25.9 - https:\/\/yoast.com\/wordpress\/plugins\/seo\/ -->\n<title>Gest\u00e3o de pessoas: por que sua loja de ferro e a\u00e7o precisa investir nisso? - Grupo A\u00e7o Cearense<\/title>\n<meta name=\"robots\" content=\"index, follow, max-snippet:-1, max-image-preview:large, max-video-preview:-1\" \/>\n<link rel=\"canonical\" href=\"https:\/\/previews.elleven.digital\/acocearense\/gestao-de-pessoas-por-que-sua-loja-de-ferro-e-aco-precisa-investir-nisso\/\" \/>\n<meta property=\"og:locale\" content=\"pt_BR\" \/>\n<meta property=\"og:type\" content=\"article\" \/>\n<meta property=\"og:title\" content=\"Gest\u00e3o de pessoas: por que sua loja de ferro e a\u00e7o precisa investir nisso? - Grupo A\u00e7o Cearense\" \/>\n<meta property=\"og:description\" content=\"N\u00e3o adianta uma empresa possuir uma tecnologia de ponta, uma infraestrutura de alto n\u00edvel e(...)\" \/>\n<meta property=\"og:url\" content=\"https:\/\/previews.elleven.digital\/acocearense\/gestao-de-pessoas-por-que-sua-loja-de-ferro-e-aco-precisa-investir-nisso\/\" \/>\n<meta property=\"og:site_name\" content=\"Grupo A\u00e7o Cearense\" \/>\n<meta property=\"article:published_time\" content=\"2017-05-17T12:10:21+00:00\" \/>\n<meta property=\"article:modified_time\" content=\"2025-05-07T12:10:52+00:00\" \/>\n<meta property=\"og:image\" content=\"https:\/\/previews.elleven.digital\/acocearense\/wp-content\/uploads\/2025\/05\/gestao-de-pessoas-por-que-sua-loja-de-ferro-e-aco-precisa-investir-nisso.jpeg\" \/>\n\t<meta property=\"og:image:width\" content=\"1000\" \/>\n\t<meta property=\"og:image:height\" content=\"668\" \/>\n\t<meta property=\"og:image:type\" content=\"image\/jpeg\" \/>\n<meta name=\"author\" content=\"elleven\" \/>\n<meta name=\"twitter:card\" content=\"summary_large_image\" \/>\n<meta name=\"twitter:label1\" content=\"Escrito por\" \/>\n\t<meta name=\"twitter:data1\" content=\"elleven\" \/>\n\t<meta name=\"twitter:label2\" content=\"Est. tempo de leitura\" \/>\n\t<meta name=\"twitter:data2\" content=\"4 minutos\" \/>\n<script type=\"application\/ld+json\" class=\"yoast-schema-graph\">{\"@context\":\"https:\/\/schema.org\",\"@graph\":[{\"@type\":\"WebPage\",\"@id\":\"https:\/\/previews.elleven.digital\/acocearense\/gestao-de-pessoas-por-que-sua-loja-de-ferro-e-aco-precisa-investir-nisso\/\",\"url\":\"https:\/\/previews.elleven.digital\/acocearense\/gestao-de-pessoas-por-que-sua-loja-de-ferro-e-aco-precisa-investir-nisso\/\",\"name\":\"Gest\u00e3o de pessoas: por que sua loja de ferro e a\u00e7o precisa investir nisso? - Grupo A\u00e7o Cearense\",\"isPartOf\":{\"@id\":\"https:\/\/previews.elleven.digital\/acocearense\/#website\"},\"primaryImageOfPage\":{\"@id\":\"https:\/\/previews.elleven.digital\/acocearense\/gestao-de-pessoas-por-que-sua-loja-de-ferro-e-aco-precisa-investir-nisso\/#primaryimage\"},\"image\":{\"@id\":\"https:\/\/previews.elleven.digital\/acocearense\/gestao-de-pessoas-por-que-sua-loja-de-ferro-e-aco-precisa-investir-nisso\/#primaryimage\"},\"thumbnailUrl\":\"https:\/\/previews.elleven.digital\/acocearense\/wp-content\/uploads\/2025\/05\/gestao-de-pessoas-por-que-sua-loja-de-ferro-e-aco-precisa-investir-nisso.jpeg\",\"datePublished\":\"2017-05-17T12:10:21+00:00\",\"dateModified\":\"2025-05-07T12:10:52+00:00\",\"author\":{\"@id\":\"https:\/\/previews.elleven.digital\/acocearense\/#\/schema\/person\/8e9165eb3c33e0860485c7c5fc06a701\"},\"breadcrumb\":{\"@id\":\"https:\/\/previews.elleven.digital\/acocearense\/gestao-de-pessoas-por-que-sua-loja-de-ferro-e-aco-precisa-investir-nisso\/#breadcrumb\"},\"inLanguage\":\"pt-BR\",\"potentialAction\":[{\"@type\":\"ReadAction\",\"target\":[\"https:\/\/previews.elleven.digital\/acocearense\/gestao-de-pessoas-por-que-sua-loja-de-ferro-e-aco-precisa-investir-nisso\/\"]}]},{\"@type\":\"ImageObject\",\"inLanguage\":\"pt-BR\",\"@id\":\"https:\/\/previews.elleven.digital\/acocearense\/gestao-de-pessoas-por-que-sua-loja-de-ferro-e-aco-precisa-investir-nisso\/#primaryimage\",\"url\":\"https:\/\/previews.elleven.digital\/acocearense\/wp-content\/uploads\/2025\/05\/gestao-de-pessoas-por-que-sua-loja-de-ferro-e-aco-precisa-investir-nisso.jpeg\",\"contentUrl\":\"https:\/\/previews.elleven.digital\/acocearense\/wp-content\/uploads\/2025\/05\/gestao-de-pessoas-por-que-sua-loja-de-ferro-e-aco-precisa-investir-nisso.jpeg\",\"width\":1000,\"height\":668},{\"@type\":\"BreadcrumbList\",\"@id\":\"https:\/\/previews.elleven.digital\/acocearense\/gestao-de-pessoas-por-que-sua-loja-de-ferro-e-aco-precisa-investir-nisso\/#breadcrumb\",\"itemListElement\":[{\"@type\":\"ListItem\",\"position\":1,\"name\":\"In\u00edcio\",\"item\":\"https:\/\/previews.elleven.digital\/acocearense\/\"},{\"@type\":\"ListItem\",\"position\":2,\"name\":\"Gest\u00e3o de pessoas: por que sua loja de ferro e a\u00e7o precisa investir nisso?\"}]},{\"@type\":\"WebSite\",\"@id\":\"https:\/\/previews.elleven.digital\/acocearense\/#website\",\"url\":\"https:\/\/previews.elleven.digital\/acocearense\/\",\"name\":\"A\u00e7o Cearense\",\"description\":\"H\u00e1 mais de 45 anos no mercado brasileiro do a\u00e7o.\",\"alternateName\":\"A\u00e7o Cearense\",\"potentialAction\":[{\"@type\":\"SearchAction\",\"target\":{\"@type\":\"EntryPoint\",\"urlTemplate\":\"https:\/\/previews.elleven.digital\/acocearense\/?s={search_term_string}\"},\"query-input\":{\"@type\":\"PropertyValueSpecification\",\"valueRequired\":true,\"valueName\":\"search_term_string\"}}],\"inLanguage\":\"pt-BR\"},{\"@type\":\"Person\",\"@id\":\"https:\/\/previews.elleven.digital\/acocearense\/#\/schema\/person\/8e9165eb3c33e0860485c7c5fc06a701\",\"name\":\"elleven\",\"image\":{\"@type\":\"ImageObject\",\"inLanguage\":\"pt-BR\",\"@id\":\"https:\/\/previews.elleven.digital\/acocearense\/#\/schema\/person\/image\/\",\"url\":\"https:\/\/secure.gravatar.com\/avatar\/2a6afb49d9ecfed5dbc6c9606ce318b8bd07c077835179bddfd5d8209c03cb29?s=96&d=mm&r=g\",\"contentUrl\":\"https:\/\/secure.gravatar.com\/avatar\/2a6afb49d9ecfed5dbc6c9606ce318b8bd07c077835179bddfd5d8209c03cb29?s=96&d=mm&r=g\",\"caption\":\"elleven\"},\"sameAs\":[\"http:\/\/localhost\/acocearense\"],\"url\":\"https:\/\/previews.elleven.digital\/acocearense\/author\/elleven\/\"}]}<\/script>\n<!-- \/ Yoast SEO plugin. -->","yoast_head_json":{"title":"Gest\u00e3o de pessoas: por que sua loja de ferro e a\u00e7o precisa investir nisso? - Grupo A\u00e7o Cearense","robots":{"index":"index","follow":"follow","max-snippet":"max-snippet:-1","max-image-preview":"max-image-preview:large","max-video-preview":"max-video-preview:-1"},"canonical":"https:\/\/previews.elleven.digital\/acocearense\/gestao-de-pessoas-por-que-sua-loja-de-ferro-e-aco-precisa-investir-nisso\/","og_locale":"pt_BR","og_type":"article","og_title":"Gest\u00e3o de pessoas: por que sua loja de ferro e a\u00e7o precisa investir nisso? - Grupo A\u00e7o Cearense","og_description":"N\u00e3o adianta uma empresa possuir uma tecnologia de ponta, uma infraestrutura de alto n\u00edvel e(...)","og_url":"https:\/\/previews.elleven.digital\/acocearense\/gestao-de-pessoas-por-que-sua-loja-de-ferro-e-aco-precisa-investir-nisso\/","og_site_name":"Grupo A\u00e7o Cearense","article_published_time":"2017-05-17T12:10:21+00:00","article_modified_time":"2025-05-07T12:10:52+00:00","og_image":[{"width":1000,"height":668,"url":"https:\/\/previews.elleven.digital\/acocearense\/wp-content\/uploads\/2025\/05\/gestao-de-pessoas-por-que-sua-loja-de-ferro-e-aco-precisa-investir-nisso.jpeg","type":"image\/jpeg"}],"author":"elleven","twitter_card":"summary_large_image","twitter_misc":{"Escrito por":"elleven","Est. tempo de leitura":"4 minutos"},"schema":{"@context":"https:\/\/schema.org","@graph":[{"@type":"WebPage","@id":"https:\/\/previews.elleven.digital\/acocearense\/gestao-de-pessoas-por-que-sua-loja-de-ferro-e-aco-precisa-investir-nisso\/","url":"https:\/\/previews.elleven.digital\/acocearense\/gestao-de-pessoas-por-que-sua-loja-de-ferro-e-aco-precisa-investir-nisso\/","name":"Gest\u00e3o de pessoas: por que sua loja de ferro e a\u00e7o precisa investir nisso? - Grupo A\u00e7o Cearense","isPartOf":{"@id":"https:\/\/previews.elleven.digital\/acocearense\/#website"},"primaryImageOfPage":{"@id":"https:\/\/previews.elleven.digital\/acocearense\/gestao-de-pessoas-por-que-sua-loja-de-ferro-e-aco-precisa-investir-nisso\/#primaryimage"},"image":{"@id":"https:\/\/previews.elleven.digital\/acocearense\/gestao-de-pessoas-por-que-sua-loja-de-ferro-e-aco-precisa-investir-nisso\/#primaryimage"},"thumbnailUrl":"https:\/\/previews.elleven.digital\/acocearense\/wp-content\/uploads\/2025\/05\/gestao-de-pessoas-por-que-sua-loja-de-ferro-e-aco-precisa-investir-nisso.jpeg","datePublished":"2017-05-17T12:10:21+00:00","dateModified":"2025-05-07T12:10:52+00:00","author":{"@id":"https:\/\/previews.elleven.digital\/acocearense\/#\/schema\/person\/8e9165eb3c33e0860485c7c5fc06a701"},"breadcrumb":{"@id":"https:\/\/previews.elleven.digital\/acocearense\/gestao-de-pessoas-por-que-sua-loja-de-ferro-e-aco-precisa-investir-nisso\/#breadcrumb"},"inLanguage":"pt-BR","potentialAction":[{"@type":"ReadAction","target":["https:\/\/previews.elleven.digital\/acocearense\/gestao-de-pessoas-por-que-sua-loja-de-ferro-e-aco-precisa-investir-nisso\/"]}]},{"@type":"ImageObject","inLanguage":"pt-BR","@id":"https:\/\/previews.elleven.digital\/acocearense\/gestao-de-pessoas-por-que-sua-loja-de-ferro-e-aco-precisa-investir-nisso\/#primaryimage","url":"https:\/\/previews.elleven.digital\/acocearense\/wp-content\/uploads\/2025\/05\/gestao-de-pessoas-por-que-sua-loja-de-ferro-e-aco-precisa-investir-nisso.jpeg","contentUrl":"https:\/\/previews.elleven.digital\/acocearense\/wp-content\/uploads\/2025\/05\/gestao-de-pessoas-por-que-sua-loja-de-ferro-e-aco-precisa-investir-nisso.jpeg","width":1000,"height":668},{"@type":"BreadcrumbList","@id":"https:\/\/previews.elleven.digital\/acocearense\/gestao-de-pessoas-por-que-sua-loja-de-ferro-e-aco-precisa-investir-nisso\/#breadcrumb","itemListElement":[{"@type":"ListItem","position":1,"name":"In\u00edcio","item":"https:\/\/previews.elleven.digital\/acocearense\/"},{"@type":"ListItem","position":2,"name":"Gest\u00e3o de pessoas: por que sua loja de ferro e a\u00e7o precisa investir nisso?"}]},{"@type":"WebSite","@id":"https:\/\/previews.elleven.digital\/acocearense\/#website","url":"https:\/\/previews.elleven.digital\/acocearense\/","name":"A\u00e7o Cearense","description":"H\u00e1 mais de 45 anos no mercado brasileiro do a\u00e7o.","alternateName":"A\u00e7o Cearense","potentialAction":[{"@type":"SearchAction","target":{"@type":"EntryPoint","urlTemplate":"https:\/\/previews.elleven.digital\/acocearense\/?s={search_term_string}"},"query-input":{"@type":"PropertyValueSpecification","valueRequired":true,"valueName":"search_term_string"}}],"inLanguage":"pt-BR"},{"@type":"Person","@id":"https:\/\/previews.elleven.digital\/acocearense\/#\/schema\/person\/8e9165eb3c33e0860485c7c5fc06a701","name":"elleven","image":{"@type":"ImageObject","inLanguage":"pt-BR","@id":"https:\/\/previews.elleven.digital\/acocearense\/#\/schema\/person\/image\/","url":"https:\/\/secure.gravatar.com\/avatar\/2a6afb49d9ecfed5dbc6c9606ce318b8bd07c077835179bddfd5d8209c03cb29?s=96&d=mm&r=g","contentUrl":"https:\/\/secure.gravatar.com\/avatar\/2a6afb49d9ecfed5dbc6c9606ce318b8bd07c077835179bddfd5d8209c03cb29?s=96&d=mm&r=g","caption":"elleven"},"sameAs":["http:\/\/localhost\/acocearense"],"url":"https:\/\/previews.elleven.digital\/acocearense\/author\/elleven\/"}]}},"_links":{"self":[{"href":"https:\/\/previews.elleven.digital\/acocearense\/wp-json\/wp\/v2\/posts\/970","targetHints":{"allow":["GET"]}}],"collection":[{"href":"https:\/\/previews.elleven.digital\/acocearense\/wp-json\/wp\/v2\/posts"}],"about":[{"href":"https:\/\/previews.elleven.digital\/acocearense\/wp-json\/wp\/v2\/types\/post"}],"author":[{"embeddable":true,"href":"https:\/\/previews.elleven.digital\/acocearense\/wp-json\/wp\/v2\/users\/1"}],"replies":[{"embeddable":true,"href":"https:\/\/previews.elleven.digital\/acocearense\/wp-json\/wp\/v2\/comments?post=970"}],"version-history":[{"count":1,"href":"https:\/\/previews.elleven.digital\/acocearense\/wp-json\/wp\/v2\/posts\/970\/revisions"}],"predecessor-version":[{"id":971,"href":"https:\/\/previews.elleven.digital\/acocearense\/wp-json\/wp\/v2\/posts\/970\/revisions\/971"}],"wp:featuredmedia":[{"embeddable":true,"href":"https:\/\/previews.elleven.digital\/acocearense\/wp-json\/wp\/v2\/media\/954"}],"wp:attachment":[{"href":"https:\/\/previews.elleven.digital\/acocearense\/wp-json\/wp\/v2\/media?parent=970"}],"wp:term":[{"taxonomy":"category","embeddable":true,"href":"https:\/\/previews.elleven.digital\/acocearense\/wp-json\/wp\/v2\/categories?post=970"},{"taxonomy":"post_tag","embeddable":true,"href":"https:\/\/previews.elleven.digital\/acocearense\/wp-json\/wp\/v2\/tags?post=970"}],"curies":[{"name":"wp","href":"https:\/\/api.w.org\/{rel}","templated":true}]}}