{"id":22441,"date":"2025-09-08T09:35:00","date_gmt":"2025-09-08T12:35:00","guid":{"rendered":"https:\/\/previews.elleven.digital\/acocearense\/?p=22441"},"modified":"2025-09-08T09:35:00","modified_gmt":"2025-09-08T12:35:00","slug":"indicadores-de-producao-industrial-7-metricas-essenciais-para-otimizar-sua-fabrica","status":"publish","type":"post","link":"https:\/\/previews.elleven.digital\/acocearense\/indicadores-de-producao-industrial-7-metricas-essenciais-para-otimizar-sua-fabrica\/","title":{"rendered":"Indicadores de produ\u00e7\u00e3o industrial: 7 m\u00e9tricas essenciais para otimizar sua f\u00e1brica"},"content":{"rendered":"<p>A ind\u00fastria de ferro e a\u00e7o \u00e9 um setor essencial para toda a economia. O processamento da mat\u00e9ria-prima e a confec\u00e7\u00e3o de pe\u00e7as s\u00e3o as etapas que fornecem o material necess\u00e1rio para v\u00e1rios setores, principalmente a constru\u00e7\u00e3o civil. Para manter a produtividade e elevar sua rentabilidade, \u00e9 fundamental conhecer os principais indicadores de produ\u00e7\u00e3o industrial a aplicar na sua f\u00e1brica.<\/p>\n<p>Os indicadores de produ\u00e7\u00e3o s\u00e3o estat\u00edsticas que indicam o desempenho da sua f\u00e1brica, tanto de forma quantitativa quanto qualitativa. Assim, voc\u00ea pode verificar se sua produ\u00e7\u00e3o supre a demanda e atende \u00e0s exig\u00eancias do mercado.<\/p>\n<p>Com as m\u00e9tricas certas, voc\u00ea consegue acompanhar n\u00e3o s\u00f3 seu desempenho atual, mas tamb\u00e9m avaliar seu progresso a longo prazo, o que \u00e9 fundamental para promover o crescimento e aprimoramento constantes.<\/p>\n<p>Para ajudar voc\u00ea a ter mais controle sobre sua f\u00e1brica, detalhamos neste artigo os 7 indicadores de produ\u00e7\u00e3o industrial que voc\u00ea n\u00e3o pode deixar de monitorar no setor de ferro e a\u00e7o!<\/p>\n<h2><\/h2>\n<h2>1.\u00a0Efici\u00eancia Geral dos Equipamentos<\/h2>\n<p>A Efici\u00eancia Geral dos Equipamentos (Overall Equipment Effectiveness \u2014 OEE) \u00e9 um dos\u00a0<a href=\"https:\/\/previews.elleven.digital\/acocearense\/blog\/gestao\/saiba-a-importancia-dos-indicadores-de-qualidade-para-seu-negocio\/\" target=\"_blank\" rel=\"noopener noreferrer\">indicadores de qualidade<\/a>\u00a0da produ\u00e7\u00e3o mais importantes. Ele avalia a aplica\u00e7\u00e3o geral dos seus equipamentos, mensurando a produtividade extra\u00edda do seu maquin\u00e1rio.<\/p>\n<p>Esse indicador \u00e9 baseado em 3 fatores:<\/p>\n<ol>\n<li>a disponibilidade do equipamento, que reflete seu tempo ativo e produtivo;<\/li>\n<li>o desempenho, que indica a quantidade produzida ao longo do dia;<\/li>\n<li>a qualidade, que reflete o n\u00famero de defeitos e estado geral da sua produ\u00e7\u00e3o.<\/li>\n<\/ol>\n<p>Quando os equipamentos est\u00e3o funcionando em alta capacidade, de forma est\u00e1vel e com poucos ou nenhum defeito nos produtos, a Efici\u00eancia Geral dos Equipamentos est\u00e1 elevada.<\/p>\n<h2><\/h2>\n<h2>2.\u00a0Produtividade Homem\/Hora<\/h2>\n<p>Al\u00e9m de considerar a produtividade do seu maquin\u00e1rio, \u00e9 essencial avaliar o desempenho da sua equipe dentro da f\u00e1brica. Afinal, \u00e9 sua atua\u00e7\u00e3o que mais impacta a qualidade do produto final e a efici\u00eancia de todo o processo. O indicador de Produtividade Homem\/Hora leva em conta o total de produ\u00e7\u00e3o por cada hora de trabalho, para cada profissional.<\/p>\n<p>A principal fun\u00e7\u00e3o dessa m\u00e9trica \u00e9 entender a efici\u00eancia da m\u00e3o de obra, ou seja, quanto um \u00fanico indiv\u00edduo consegue produzir em uma hora, sem considerar outras circunst\u00e2ncias. Esse n\u00famero, inclusive, ajuda a estimar o impacto da contrata\u00e7\u00e3o de novos colaboradores na produtividade da f\u00e1brica.<\/p>\n<h2><\/h2>\n<h2>3.\u00a0Tempo M\u00e9dio para Reparo<\/h2>\n<p>O Tempo M\u00e9dio para Reparo (Mean Time to Repair \u2014 MTTR) corresponde ao tempo que sua equipe leva, em m\u00e9dia, para consertar qualquer equipamento com defeito, deixando-o em estado funcional para que a produ\u00e7\u00e3o possa ser retomada.<\/p>\n<p>A m\u00e9trica fornece \u00e0 equipe de\u00a0<a href=\"https:\/\/previews.elleven.digital\/acocearense\/blog\/gestao\/gestao\/\" target=\"_blank\" rel=\"noopener noreferrer\">gest\u00e3o da f\u00e1brica<\/a>\u00a0visibilidade para melhorar o planejamento do reparo de m\u00e1quinas. Ao combin\u00e1-lo com a Produtividade Homem\/Hora, o indicador tamb\u00e9m permite calcular o impacto desse tempo de reparo na produtividade.<\/p>\n<h2><\/h2>\n<h2>4.\u00a0Tempo M\u00e9dio Entre Falhas<\/h2>\n<p>Similar \u00e0 m\u00e9trica anterior, o Tempo M\u00e9dio Entre Falhas (Mean Time Between Failures \u2014 MTBF) indica o intervalo m\u00e9dio entre a ocorr\u00eancia de defeitos no maquin\u00e1rio da sua f\u00e1brica. A partir dessa informa\u00e7\u00e3o, voc\u00ea consegue estabelecer uma pol\u00edtica de manuten\u00e7\u00e3o mais eficiente. Quanto maior for esse intervalo, mais otimizado ser\u00e1 o uso do respectivo equipamento.<\/p>\n<p>Problemas em qualquer equipamento podem ter um impacto consider\u00e1vel em toda a\u00a0<a href=\"https:\/\/previews.elleven.digital\/acocearense\/blog\/logistica\/6-dicas-para-potencializar-a-logistica-da-sua-empresa\/\" target=\"_blank\" rel=\"noopener noreferrer\">log\u00edstica<\/a>\u00a0da f\u00e1brica, mesmo quando h\u00e1 uma boa previsibilidade sobre essas falhas. Por isso, implementar a\u00e7\u00f5es para aumentar o Tempo M\u00e9dio Entre Falhas \u00e9 uma forma de reduzir os custos de manuten\u00e7\u00e3o e melhorar a produtividade de um modo geral.<\/p>\n<h2><\/h2>\n<h2>5.\u00a0On Time In Full<\/h2>\n<p>Traduzido como \u201cno prazo e completo\u201d, On Time In Full (OTIF) \u00e9 um indicador que representa o quanto sua empresa \u00e9 capaz de atender \u00e0s demandas do p\u00fablico, n\u00e3o s\u00f3 em termos de qualidade e quantidade, mas tamb\u00e9m em rela\u00e7\u00e3o ao prazo desejado pelo cliente.<\/p>\n<p>Esse \u00e9 um indicador que reflete o alinhamento entre a efici\u00eancia da produ\u00e7\u00e3o e a efici\u00eancia de\u00a0<a href=\"https:\/\/previews.elleven.digital\/acocearense\/blog\/gestao\/controle-de-vendas\/\" target=\"_blank\" rel=\"noopener noreferrer\">vendas<\/a>, j\u00e1 que essas duas \u00e1reas precisam trabalhar em conjunto para que o prazo de entrega seja condizente com a expectativa dos clientes.<\/p>\n<p>Al\u00e9m disso, quanto maior o n\u00famero de clientes que sua f\u00e1brica atender, mais importante \u00e9 manter um ritmo de produ\u00e7\u00e3o elevado. Nesse contexto, se o n\u00famero de vendas ultrapassa a capacidade de produ\u00e7\u00e3o, atrasos come\u00e7am a ocorrer.<\/p>\n<p>J\u00e1 na situa\u00e7\u00e3o contr\u00e1ria, quando a produ\u00e7\u00e3o \u00e9 maior que as vendas, sua mercadoria fica parada por mais tempo. Ent\u00e3o, para manter um OTIF ideal, \u00e9 preciso alcan\u00e7ar um equil\u00edbrio entre produ\u00e7\u00e3o e vendas.<\/p>\n<h2><\/h2>\n<h2>6.\u00a0Taxa de Retrabalho<\/h2>\n<p>Outro indicador de produ\u00e7\u00e3o industrial que n\u00e3o pode ser negligenciado \u00e9 a sua Taxa de Retrabalho. Essa m\u00e9trica representa a propor\u00e7\u00e3o de unidades que saem da sua linha de produ\u00e7\u00e3o, mas precisam ser retrabalhadas ou descartadas devido a algum defeito inicial.<\/p>\n<p>Como voc\u00ea deve imaginar, a Taxa de Retrabalho se aplica aos produtos que saem diretamente da sua f\u00e1brica, ou seja, n\u00e3o considera eventuais danos durante o\u00a0<a href=\"https:\/\/previews.elleven.digital\/acocearense\/blog\/logistica\/5-desafios-do-setor-de-transporte-de-cargas-e-como-supera-los-2\/\" target=\"_blank\" rel=\"noopener noreferrer\">transporte de cargas<\/a>.<\/p>\n<p>Uma Taxa de Retrabalho muito alta indica a presen\u00e7a de problemas na sua linha de produ\u00e7\u00e3o, que podem ser referentes a uma parte espec\u00edfica do processo ou a um desalinhamento ao n\u00edvel da equipe. Em todo caso, \u00e9 necess\u00e1rio fazer uma avalia\u00e7\u00e3o interna para identificar com precis\u00e3o a falha e corrigi-la.<\/p>\n<h2><\/h2>\n<h2>7.\u00a0Tempo de Ciclo de Produ\u00e7\u00e3o<\/h2>\n<p>Por fim, voc\u00ea precisa acompanhar o Tempo de Ciclo de Produ\u00e7\u00e3o da sua f\u00e1brica. Esse \u00e9 o tempo m\u00e9dio necess\u00e1rio para completar cada unidade em sua linha de produ\u00e7\u00e3o, considerando o processo do in\u00edcio ao fim.<\/p>\n<p>O Tempo de Ciclo de Produ\u00e7\u00e3o deve ser levado em conta em todos os est\u00e1gios do seu planejamento. Por exemplo, se um produto tem bastante\u00a0<a href=\"https:\/\/previews.elleven.digital\/acocearense\/blog\/abrindo-o-negocio\/sazonalidade\/\" target=\"_blank\" rel=\"noopener noreferrer\">sazonalidade<\/a>, \u00e9 interessante analisar como esse ciclo de produ\u00e7\u00e3o pode ser acelerado ou reduzido, de acordo com a demanda de cada per\u00edodo.<\/p>\n<p>Monitorar de perto seus indicadores de produ\u00e7\u00e3o industrial \u00e9 essencial para promover o crescimento e efici\u00eancia em sua f\u00e1brica. Para fazer esse acompanhamento com um m\u00e1ximo de precis\u00e3o, elaborar proje\u00e7\u00f5es realistas e construir estrat\u00e9gias robustas, vale a pena investir em sistemas que permitam uma coleta de dados eficiente.<\/p>\n<p>Este artigo ajudou voc\u00ea a entender melhor seus indicadores industriais? Ent\u00e3o, compartilhe-o em suas redes sociais e mostre a mais pessoas a import\u00e2ncia dessas estat\u00edsticas!<\/p>\n","protected":false},"excerpt":{"rendered":"<p>A ind\u00fastria de ferro e a\u00e7o \u00e9 um setor essencial para toda a economia. O(&#8230;)<\/p>\n","protected":false},"author":1,"featured_media":22442,"comment_status":"open","ping_status":"open","sticky":false,"template":"","format":"standard","meta":{"_acf_changed":false,"inline_featured_image":false,"footnotes":""},"categories":[28],"tags":[],"class_list":["post-22441","post","type-post","status-publish","format-standard","has-post-thumbnail","hentry","category-gestao"],"acf":[],"yoast_head":"<!-- This site is optimized with the Yoast SEO plugin v25.9 - https:\/\/yoast.com\/wordpress\/plugins\/seo\/ -->\n<title>Indicadores de produ\u00e7\u00e3o industrial: 7 m\u00e9tricas essenciais para otimizar sua f\u00e1brica - Grupo A\u00e7o Cearense<\/title>\n<meta name=\"robots\" content=\"index, follow, max-snippet:-1, max-image-preview:large, max-video-preview:-1\" \/>\n<link rel=\"canonical\" href=\"https:\/\/previews.elleven.digital\/acocearense\/indicadores-de-producao-industrial-7-metricas-essenciais-para-otimizar-sua-fabrica\/\" \/>\n<meta property=\"og:locale\" content=\"pt_BR\" \/>\n<meta property=\"og:type\" content=\"article\" \/>\n<meta property=\"og:title\" content=\"Indicadores de produ\u00e7\u00e3o industrial: 7 m\u00e9tricas essenciais para otimizar sua f\u00e1brica - Grupo A\u00e7o Cearense\" \/>\n<meta property=\"og:description\" content=\"A ind\u00fastria de ferro e a\u00e7o \u00e9 um setor essencial para toda a economia. O(...)\" \/>\n<meta property=\"og:url\" content=\"https:\/\/previews.elleven.digital\/acocearense\/indicadores-de-producao-industrial-7-metricas-essenciais-para-otimizar-sua-fabrica\/\" \/>\n<meta property=\"og:site_name\" content=\"Grupo A\u00e7o Cearense\" \/>\n<meta property=\"article:published_time\" content=\"2025-09-08T12:35:00+00:00\" \/>\n<meta property=\"og:image\" content=\"https:\/\/previews.elleven.digital\/acocearense\/wp-content\/uploads\/2025\/09\/acocearensecomercial_grupoacocearense_image_86.jpeg\" \/>\n\t<meta property=\"og:image:width\" content=\"800\" \/>\n\t<meta property=\"og:image:height\" content=\"600\" \/>\n\t<meta property=\"og:image:type\" content=\"image\/jpeg\" \/>\n<meta name=\"author\" content=\"elleven\" \/>\n<meta name=\"twitter:card\" content=\"summary_large_image\" \/>\n<meta name=\"twitter:label1\" content=\"Escrito por\" \/>\n\t<meta name=\"twitter:data1\" content=\"elleven\" \/>\n\t<meta name=\"twitter:label2\" content=\"Est. tempo de leitura\" \/>\n\t<meta name=\"twitter:data2\" content=\"6 minutos\" \/>\n<script type=\"application\/ld+json\" class=\"yoast-schema-graph\">{\"@context\":\"https:\/\/schema.org\",\"@graph\":[{\"@type\":\"WebPage\",\"@id\":\"https:\/\/previews.elleven.digital\/acocearense\/indicadores-de-producao-industrial-7-metricas-essenciais-para-otimizar-sua-fabrica\/\",\"url\":\"https:\/\/previews.elleven.digital\/acocearense\/indicadores-de-producao-industrial-7-metricas-essenciais-para-otimizar-sua-fabrica\/\",\"name\":\"Indicadores de produ\u00e7\u00e3o industrial: 7 m\u00e9tricas essenciais para otimizar sua f\u00e1brica - Grupo A\u00e7o Cearense\",\"isPartOf\":{\"@id\":\"https:\/\/previews.elleven.digital\/acocearense\/#website\"},\"primaryImageOfPage\":{\"@id\":\"https:\/\/previews.elleven.digital\/acocearense\/indicadores-de-producao-industrial-7-metricas-essenciais-para-otimizar-sua-fabrica\/#primaryimage\"},\"image\":{\"@id\":\"https:\/\/previews.elleven.digital\/acocearense\/indicadores-de-producao-industrial-7-metricas-essenciais-para-otimizar-sua-fabrica\/#primaryimage\"},\"thumbnailUrl\":\"https:\/\/previews.elleven.digital\/acocearense\/wp-content\/uploads\/2025\/09\/acocearensecomercial_grupoacocearense_image_86.jpeg\",\"datePublished\":\"2025-09-08T12:35:00+00:00\",\"author\":{\"@id\":\"https:\/\/previews.elleven.digital\/acocearense\/#\/schema\/person\/8e9165eb3c33e0860485c7c5fc06a701\"},\"breadcrumb\":{\"@id\":\"https:\/\/previews.elleven.digital\/acocearense\/indicadores-de-producao-industrial-7-metricas-essenciais-para-otimizar-sua-fabrica\/#breadcrumb\"},\"inLanguage\":\"pt-BR\",\"potentialAction\":[{\"@type\":\"ReadAction\",\"target\":[\"https:\/\/previews.elleven.digital\/acocearense\/indicadores-de-producao-industrial-7-metricas-essenciais-para-otimizar-sua-fabrica\/\"]}]},{\"@type\":\"ImageObject\",\"inLanguage\":\"pt-BR\",\"@id\":\"https:\/\/previews.elleven.digital\/acocearense\/indicadores-de-producao-industrial-7-metricas-essenciais-para-otimizar-sua-fabrica\/#primaryimage\",\"url\":\"https:\/\/previews.elleven.digital\/acocearense\/wp-content\/uploads\/2025\/09\/acocearensecomercial_grupoacocearense_image_86.jpeg\",\"contentUrl\":\"https:\/\/previews.elleven.digital\/acocearense\/wp-content\/uploads\/2025\/09\/acocearensecomercial_grupoacocearense_image_86.jpeg\",\"width\":800,\"height\":600},{\"@type\":\"BreadcrumbList\",\"@id\":\"https:\/\/previews.elleven.digital\/acocearense\/indicadores-de-producao-industrial-7-metricas-essenciais-para-otimizar-sua-fabrica\/#breadcrumb\",\"itemListElement\":[{\"@type\":\"ListItem\",\"position\":1,\"name\":\"In\u00edcio\",\"item\":\"https:\/\/previews.elleven.digital\/acocearense\/\"},{\"@type\":\"ListItem\",\"position\":2,\"name\":\"Indicadores de produ\u00e7\u00e3o industrial: 7 m\u00e9tricas essenciais para otimizar sua f\u00e1brica\"}]},{\"@type\":\"WebSite\",\"@id\":\"https:\/\/previews.elleven.digital\/acocearense\/#website\",\"url\":\"https:\/\/previews.elleven.digital\/acocearense\/\",\"name\":\"A\u00e7o Cearense\",\"description\":\"H\u00e1 mais de 45 anos no mercado brasileiro do a\u00e7o.\",\"alternateName\":\"A\u00e7o Cearense\",\"potentialAction\":[{\"@type\":\"SearchAction\",\"target\":{\"@type\":\"EntryPoint\",\"urlTemplate\":\"https:\/\/previews.elleven.digital\/acocearense\/?s={search_term_string}\"},\"query-input\":{\"@type\":\"PropertyValueSpecification\",\"valueRequired\":true,\"valueName\":\"search_term_string\"}}],\"inLanguage\":\"pt-BR\"},{\"@type\":\"Person\",\"@id\":\"https:\/\/previews.elleven.digital\/acocearense\/#\/schema\/person\/8e9165eb3c33e0860485c7c5fc06a701\",\"name\":\"elleven\",\"image\":{\"@type\":\"ImageObject\",\"inLanguage\":\"pt-BR\",\"@id\":\"https:\/\/previews.elleven.digital\/acocearense\/#\/schema\/person\/image\/\",\"url\":\"https:\/\/secure.gravatar.com\/avatar\/2a6afb49d9ecfed5dbc6c9606ce318b8bd07c077835179bddfd5d8209c03cb29?s=96&d=mm&r=g\",\"contentUrl\":\"https:\/\/secure.gravatar.com\/avatar\/2a6afb49d9ecfed5dbc6c9606ce318b8bd07c077835179bddfd5d8209c03cb29?s=96&d=mm&r=g\",\"caption\":\"elleven\"},\"sameAs\":[\"http:\/\/localhost\/acocearense\"],\"url\":\"https:\/\/previews.elleven.digital\/acocearense\/author\/elleven\/\"}]}<\/script>\n<!-- \/ Yoast SEO plugin. -->","yoast_head_json":{"title":"Indicadores de produ\u00e7\u00e3o industrial: 7 m\u00e9tricas essenciais para otimizar sua f\u00e1brica - Grupo A\u00e7o Cearense","robots":{"index":"index","follow":"follow","max-snippet":"max-snippet:-1","max-image-preview":"max-image-preview:large","max-video-preview":"max-video-preview:-1"},"canonical":"https:\/\/previews.elleven.digital\/acocearense\/indicadores-de-producao-industrial-7-metricas-essenciais-para-otimizar-sua-fabrica\/","og_locale":"pt_BR","og_type":"article","og_title":"Indicadores de produ\u00e7\u00e3o industrial: 7 m\u00e9tricas essenciais para otimizar sua f\u00e1brica - Grupo A\u00e7o Cearense","og_description":"A ind\u00fastria de ferro e a\u00e7o \u00e9 um setor essencial para toda a economia. O(...)","og_url":"https:\/\/previews.elleven.digital\/acocearense\/indicadores-de-producao-industrial-7-metricas-essenciais-para-otimizar-sua-fabrica\/","og_site_name":"Grupo A\u00e7o Cearense","article_published_time":"2025-09-08T12:35:00+00:00","og_image":[{"width":800,"height":600,"url":"https:\/\/previews.elleven.digital\/acocearense\/wp-content\/uploads\/2025\/09\/acocearensecomercial_grupoacocearense_image_86.jpeg","type":"image\/jpeg"}],"author":"elleven","twitter_card":"summary_large_image","twitter_misc":{"Escrito por":"elleven","Est. tempo de leitura":"6 minutos"},"schema":{"@context":"https:\/\/schema.org","@graph":[{"@type":"WebPage","@id":"https:\/\/previews.elleven.digital\/acocearense\/indicadores-de-producao-industrial-7-metricas-essenciais-para-otimizar-sua-fabrica\/","url":"https:\/\/previews.elleven.digital\/acocearense\/indicadores-de-producao-industrial-7-metricas-essenciais-para-otimizar-sua-fabrica\/","name":"Indicadores de produ\u00e7\u00e3o industrial: 7 m\u00e9tricas essenciais para otimizar sua f\u00e1brica - Grupo A\u00e7o Cearense","isPartOf":{"@id":"https:\/\/previews.elleven.digital\/acocearense\/#website"},"primaryImageOfPage":{"@id":"https:\/\/previews.elleven.digital\/acocearense\/indicadores-de-producao-industrial-7-metricas-essenciais-para-otimizar-sua-fabrica\/#primaryimage"},"image":{"@id":"https:\/\/previews.elleven.digital\/acocearense\/indicadores-de-producao-industrial-7-metricas-essenciais-para-otimizar-sua-fabrica\/#primaryimage"},"thumbnailUrl":"https:\/\/previews.elleven.digital\/acocearense\/wp-content\/uploads\/2025\/09\/acocearensecomercial_grupoacocearense_image_86.jpeg","datePublished":"2025-09-08T12:35:00+00:00","author":{"@id":"https:\/\/previews.elleven.digital\/acocearense\/#\/schema\/person\/8e9165eb3c33e0860485c7c5fc06a701"},"breadcrumb":{"@id":"https:\/\/previews.elleven.digital\/acocearense\/indicadores-de-producao-industrial-7-metricas-essenciais-para-otimizar-sua-fabrica\/#breadcrumb"},"inLanguage":"pt-BR","potentialAction":[{"@type":"ReadAction","target":["https:\/\/previews.elleven.digital\/acocearense\/indicadores-de-producao-industrial-7-metricas-essenciais-para-otimizar-sua-fabrica\/"]}]},{"@type":"ImageObject","inLanguage":"pt-BR","@id":"https:\/\/previews.elleven.digital\/acocearense\/indicadores-de-producao-industrial-7-metricas-essenciais-para-otimizar-sua-fabrica\/#primaryimage","url":"https:\/\/previews.elleven.digital\/acocearense\/wp-content\/uploads\/2025\/09\/acocearensecomercial_grupoacocearense_image_86.jpeg","contentUrl":"https:\/\/previews.elleven.digital\/acocearense\/wp-content\/uploads\/2025\/09\/acocearensecomercial_grupoacocearense_image_86.jpeg","width":800,"height":600},{"@type":"BreadcrumbList","@id":"https:\/\/previews.elleven.digital\/acocearense\/indicadores-de-producao-industrial-7-metricas-essenciais-para-otimizar-sua-fabrica\/#breadcrumb","itemListElement":[{"@type":"ListItem","position":1,"name":"In\u00edcio","item":"https:\/\/previews.elleven.digital\/acocearense\/"},{"@type":"ListItem","position":2,"name":"Indicadores de produ\u00e7\u00e3o industrial: 7 m\u00e9tricas essenciais para otimizar sua f\u00e1brica"}]},{"@type":"WebSite","@id":"https:\/\/previews.elleven.digital\/acocearense\/#website","url":"https:\/\/previews.elleven.digital\/acocearense\/","name":"A\u00e7o Cearense","description":"H\u00e1 mais de 45 anos no mercado brasileiro do a\u00e7o.","alternateName":"A\u00e7o Cearense","potentialAction":[{"@type":"SearchAction","target":{"@type":"EntryPoint","urlTemplate":"https:\/\/previews.elleven.digital\/acocearense\/?s={search_term_string}"},"query-input":{"@type":"PropertyValueSpecification","valueRequired":true,"valueName":"search_term_string"}}],"inLanguage":"pt-BR"},{"@type":"Person","@id":"https:\/\/previews.elleven.digital\/acocearense\/#\/schema\/person\/8e9165eb3c33e0860485c7c5fc06a701","name":"elleven","image":{"@type":"ImageObject","inLanguage":"pt-BR","@id":"https:\/\/previews.elleven.digital\/acocearense\/#\/schema\/person\/image\/","url":"https:\/\/secure.gravatar.com\/avatar\/2a6afb49d9ecfed5dbc6c9606ce318b8bd07c077835179bddfd5d8209c03cb29?s=96&d=mm&r=g","contentUrl":"https:\/\/secure.gravatar.com\/avatar\/2a6afb49d9ecfed5dbc6c9606ce318b8bd07c077835179bddfd5d8209c03cb29?s=96&d=mm&r=g","caption":"elleven"},"sameAs":["http:\/\/localhost\/acocearense"],"url":"https:\/\/previews.elleven.digital\/acocearense\/author\/elleven\/"}]}},"_links":{"self":[{"href":"https:\/\/previews.elleven.digital\/acocearense\/wp-json\/wp\/v2\/posts\/22441","targetHints":{"allow":["GET"]}}],"collection":[{"href":"https:\/\/previews.elleven.digital\/acocearense\/wp-json\/wp\/v2\/posts"}],"about":[{"href":"https:\/\/previews.elleven.digital\/acocearense\/wp-json\/wp\/v2\/types\/post"}],"author":[{"embeddable":true,"href":"https:\/\/previews.elleven.digital\/acocearense\/wp-json\/wp\/v2\/users\/1"}],"replies":[{"embeddable":true,"href":"https:\/\/previews.elleven.digital\/acocearense\/wp-json\/wp\/v2\/comments?post=22441"}],"version-history":[{"count":1,"href":"https:\/\/previews.elleven.digital\/acocearense\/wp-json\/wp\/v2\/posts\/22441\/revisions"}],"predecessor-version":[{"id":22443,"href":"https:\/\/previews.elleven.digital\/acocearense\/wp-json\/wp\/v2\/posts\/22441\/revisions\/22443"}],"wp:featuredmedia":[{"embeddable":true,"href":"https:\/\/previews.elleven.digital\/acocearense\/wp-json\/wp\/v2\/media\/22442"}],"wp:attachment":[{"href":"https:\/\/previews.elleven.digital\/acocearense\/wp-json\/wp\/v2\/media?parent=22441"}],"wp:term":[{"taxonomy":"category","embeddable":true,"href":"https:\/\/previews.elleven.digital\/acocearense\/wp-json\/wp\/v2\/categories?post=22441"},{"taxonomy":"post_tag","embeddable":true,"href":"https:\/\/previews.elleven.digital\/acocearense\/wp-json\/wp\/v2\/tags?post=22441"}],"curies":[{"name":"wp","href":"https:\/\/api.w.org\/{rel}","templated":true}]}}