{"id":22376,"date":"2025-09-04T14:43:18","date_gmt":"2025-09-04T17:43:18","guid":{"rendered":"https:\/\/previews.elleven.digital\/acocearense\/?p=22376"},"modified":"2025-09-04T14:43:18","modified_gmt":"2025-09-04T17:43:18","slug":"estrategias-eficazes-para-gerenciar-o-reajuste-de-precos-no-setor-de-ferro-e-aco","status":"publish","type":"post","link":"https:\/\/previews.elleven.digital\/acocearense\/estrategias-eficazes-para-gerenciar-o-reajuste-de-precos-no-setor-de-ferro-e-aco\/","title":{"rendered":"Estrat\u00e9gias eficazes para gerenciar o reajuste de pre\u00e7os no setor de ferro e a\u00e7o"},"content":{"rendered":"<p>O valor de todo produto flutua com o tempo, se ajustando \u00e0 demanda do mercado, disponibilidade, entre outros fatores \u2014 e claro, isso tamb\u00e9m se aplica ao setor de ferro e a\u00e7o. Nesse contexto, voc\u00ea precisa saber como fazer o reajuste do pre\u00e7o dos seus produtos.<\/p>\n<p>Cobrar um valor defasado pode prejudicar sua rentabilidade, ao passo que um pre\u00e7o elevado demais poderia afetar negativamente suas vendas. Ent\u00e3o, \u00e9 importante tomar alguns cuidados na hora de proceder a essa altera\u00e7\u00e3o.<\/p>\n<p>Acompanhe este post para entender melhor como funciona o reajuste de pre\u00e7os no setor de ferro e a\u00e7o. Tamb\u00e9m explicaremos o que voc\u00ea pode fazer para facilitar essa etapa!<\/p>\n<p>&nbsp;<\/p>\n<h2>Fatores que influenciam os pre\u00e7os do ferro e do a\u00e7o<\/h2>\n<p>Um bom ponto de partida para fazer o reajuste de pre\u00e7os em sua loja \u00e9 entender quais s\u00e3o os motivos que levam ao aumento ou redu\u00e7\u00e3o do custo do ferro e do a\u00e7o. Confira aqui alguns dos principais.<\/p>\n<h3><\/h3>\n<h3>Custo da mat\u00e9ria-prima<\/h3>\n<p>Naturalmente, um dos principais custos envolvidos na confec\u00e7\u00e3o de pe\u00e7as de ferro e a\u00e7o \u00e9 o material utilizado, em especial os min\u00e9rios e os reagentes empregados no processo. Quando eles sobem de valor no mercado, os\u00a0<a href=\"https:\/\/previews.elleven.digital\/acocearense\/blog\/gestao\/afinal-como-escolher-o-fornecedor-de-aco-ideal-para-minha-loja\/\" target=\"_blank\" rel=\"noopener noreferrer\">fornecedores de a\u00e7o<\/a>\u00a0e ferro t\u00eam que repassar o custo para o comprador.<\/p>\n<p>Os fatores que influenciam no custo da mat\u00e9ria-prima, por sua vez, podem variar. Quando h\u00e1 maior demanda por um material em rela\u00e7\u00e3o \u00e0 oferta, seu custo de mercado tende a aumentar. Isso costuma acontecer quando a taxa de extra\u00e7\u00e3o \u00e9 menor ou quando v\u00e1rias ind\u00fastrias precisam de ferro e a\u00e7o em grande quantidade.<\/p>\n<h3><\/h3>\n<h3>Valoriza\u00e7\u00e3o ou desvaloriza\u00e7\u00e3o do d\u00f3lar<\/h3>\n<p>O ferro e o a\u00e7o s\u00e3o materiais comercializados em escala mundial. Por esse motivo, o valor desses produtos \u00e9 influenciado pelo valor atual do d\u00f3lar americano.<\/p>\n<p>Por um lado, a flutua\u00e7\u00e3o do c\u00e2mbio pode definir quais fornecedores ou compradores s\u00e3o mais atrativos para as negocia\u00e7\u00f5es. Esse mecanismo direciona o fluxo de mat\u00e9ria-prima e produtos semiacabados para determinados pa\u00edses, diminuindo sua disponibilidade em outras regi\u00f5es \u2014 e, consequentemente, elevando seu pre\u00e7o.<\/p>\n<p>Por outro lado, no caso dos setores que importam ferro e a\u00e7o, a valoriza\u00e7\u00e3o cambial tem um impacto direto no pre\u00e7o de aquisi\u00e7\u00e3o, repassado no pre\u00e7o de venda praticado.<\/p>\n<h3><\/h3>\n<h3>Pol\u00edticas internacionais de com\u00e9rcio<\/h3>\n<p>Todo governo conta com suas pr\u00f3prias pol\u00edticas de com\u00e9rcio internacional. Isso impacta uma s\u00e9rie de custos, como sua taxa cambial, tarifas de exporta\u00e7\u00e3o e importa\u00e7\u00e3o, custos de transporte. Al\u00e9m disso, restri\u00e7\u00f5es ambientais podem limitar a quantidade de mat\u00e9ria-prima extra\u00edda.<\/p>\n<p>Essas despesas s\u00e3o agregadas ao custo do ferro e a\u00e7o, seja como material bruto ou na forma de produtos manufaturados. Quando ocorrem certas mudan\u00e7as na taxa\u00e7\u00e3o ou incentivos fiscais s\u00e3o revogados, o custo adicional se torna parte do pre\u00e7o.<\/p>\n<h2><\/h2>\n<h2>Estrat\u00e9gias para repassar aumentos de forma transparente<\/h2>\n<p>Na loja de ferro e a\u00e7o, a principal preocupa\u00e7\u00e3o no reajuste de pre\u00e7os \u00e9 a forma como ele ser\u00e1 repassado para o cliente. Se voc\u00ea tem compradores regulares, \u00e9 importante tomar certos cuidados para n\u00e3o perd\u00ea-los para a\u00a0<a href=\"https:\/\/previews.elleven.digital\/acocearense\/blog\/abrindo-o-negocio\/analise-de-concorrencia-passo-a-passo-para-coloca-la-em-pratica\/\" target=\"_blank\" rel=\"noopener noreferrer\">concorr\u00eancia<\/a>.<\/p>\n<p>Acompanhe e veja algumas estrat\u00e9gias interessantes!<\/p>\n<h3><\/h3>\n<h3>Explique a justificativa para o reajuste<\/h3>\n<p>A transpar\u00eancia sempre vem em primeiro lugar, n\u00e3o \u00e9 mesmo? \u00c9 essa honestidade que aumenta suas chances de manter seus clientes, mesmo que voc\u00ea tenha que aumentar seus pre\u00e7os.<\/p>\n<p>Sempre que houver um reajuste, explique com clareza o motivo, seja citando os fatores externos ou alguma situa\u00e7\u00e3o espec\u00edfica \u00e0 sua loja. Geralmente, bons clientes reconhecem essa necessidade de ajustar os pre\u00e7os.<\/p>\n<h3><\/h3>\n<h3>Ofere\u00e7a alternativas de pagamento<\/h3>\n<p>O reajuste de pre\u00e7os costuma impactar o planejamento financeiro do cliente, especialmente em projetos de longo prazo, em que \u00e9 necess\u00e1rio fechar novos pedidos de ferro e a\u00e7o ap\u00f3s o reajuste.<\/p>\n<p>A solu\u00e7\u00e3o mais simples \u00e9 oferecer diferentes formas de pagamento para que o cliente possa se reorganizar e se adaptar ao novo valor. Isso tamb\u00e9m facilita seu\u00a0<a href=\"https:\/\/previews.elleven.digital\/acocearense\/blog\/gestao\/controle-de-vendas\/\" target=\"_blank\" rel=\"noopener noreferrer\">controle de vendas<\/a>, j\u00e1 que voc\u00ea reduz o seu risco de perder vendas previstas.<\/p>\n<h3><\/h3>\n<h3>Reforce o valor do produto<\/h3>\n<p>O aumento de pre\u00e7o de um produto muitas vezes \u00e9 o suficiente para diminuir o interesse de alguns clientes, incluindo aqueles que j\u00e1 compraram em sua loja. Para evitar isso, voc\u00ea pode apresentar novamente o produto para essas pessoas, de forma a refor\u00e7ar os seus diferenciais.<\/p>\n<p>Com essa\u00a0<a href=\"https:\/\/previews.elleven.digital\/acocearense\/blog\/vendas\/tecnicas-negociacao\/\" target=\"_blank\" rel=\"noopener noreferrer\">t\u00e9cnica de negocia\u00e7\u00e3o<\/a>, voc\u00ea justifica o aumento do pre\u00e7o ao passo que destaca as qualidades do produto e sua adequa\u00e7\u00e3o \u00e0s necessidades do cliente, favorecendo a reten\u00e7\u00e3o.<\/p>\n<h3><\/h3>\n<h3>Informe sobre o aumento com anteced\u00eancia<\/h3>\n<p>Um dos erros comuns \u00e9 n\u00e3o notificar seus clientes com anteced\u00eancia sobre o reajuste. Inclusive, em alguns casos, a altera\u00e7\u00e3o \u00e9 feita sem qualquer aviso.<\/p>\n<p>Essa falta de comunica\u00e7\u00e3o pode ser interpretada como uma quebra de confian\u00e7a entre a loja e o cliente. Al\u00e9m disso, para quem n\u00e3o tem tempo de se adequar, a tend\u00eancia \u00e9 buscar outros fornecedores.<\/p>\n<h3><\/h3>\n<h3>Pense bem antes de fazer o reajuste<\/h3>\n<p>Como mencionamos, o reajuste \u00e9 algo necess\u00e1rio para manter a rentabilidade da sua loja. Por\u00e9m, nem sempre \u00e9 uma boa ideia repassar esse custo imediatamente para seu p\u00fablico.<\/p>\n<p>H\u00e1 casos em que essa mudan\u00e7a de pre\u00e7o pode ter um impacto t\u00e3o grande em suas vendas que seria melhor aceitar reduzir sua margem de lucro do que perder clientes. Alternativamente, voc\u00ea pode encontrar formas de\u00a0<a href=\"https:\/\/previews.elleven.digital\/acocearense\/blog\/vender-mais\/aprenda-como-lucrar-mais-sem-aumentar-os-precos-dos-produtos\/\" target=\"_blank\" rel=\"noopener noreferrer\">lucrar mais sem aumentar os pre\u00e7os<\/a>\u00a0para manter sua competitividade no mercado sem afetar a sa\u00fade financeira.<\/p>\n<h2><\/h2>\n<h2>Import\u00e2ncia da negocia\u00e7\u00e3o de prazos e condi\u00e7\u00f5es de pagamento<\/h2>\n<p>Se voc\u00ea tem clientes fidelizados, deve pensar bem na negocia\u00e7\u00e3o desse reajuste. Isso porque oferecer bons prazos e condi\u00e7\u00f5es de pagamento diferenciadas reduz o impacto dessas mudan\u00e7as para o cliente e previne a inadimpl\u00eancia.<\/p>\n<p>Vale refor\u00e7ar que, como voc\u00ea n\u00e3o pode deixar de lado a\u00a0<a href=\"https:\/\/previews.elleven.digital\/acocearense\/blog\/vendas\/gestao-estrategica-de-vendas\/\" target=\"_blank\" rel=\"noopener noreferrer\">gest\u00e3o das vendas<\/a>\u00a0e do seu or\u00e7amento, \u00e9 importante que as novas condi\u00e7\u00f5es sejam definidas de forma estrat\u00e9gica, amenizando qualquer risco de preju\u00edzo.<\/p>\n<p>O reajuste de pre\u00e7o faz parte da realidade do com\u00e9rcio de ferro e a\u00e7o. Dessa forma, \u00e9 preciso que as empresas tenham um bom planejamento para repassar os ajustes de forma estrat\u00e9gica, al\u00e9m de uma comunica\u00e7\u00e3o eficiente para manter a transpar\u00eancia. N\u00e3o hesite em seguir as nossas dicas para reajustar seus pre\u00e7os minimizando os riscos, tanto para sua loja quanto para seus clientes.<\/p>\n<p>Quer continuar recebendo mais dicas para melhorar suas vendas? Ent\u00e3o, siga-nos no\u00a0<a href=\"https:\/\/www.facebook.com\/grupoacocearense\" target=\"_blank\" rel=\"noopener noreferrer\">Facebook<\/a>,\u00a0<a href=\"https:\/\/instagram.com\/grupoacocearense\" target=\"_blank\" rel=\"noopener noreferrer\">Instagram<\/a>\u00a0e\u00a0<a href=\"https:\/\/www.linkedin.com\/company\/grupo-a%C3%A7o-cearense\/\" target=\"_blank\" rel=\"noopener noreferrer\">LinkedIn<\/a>!<\/p>\n<div class=\"article-footer clearfix\">\n<div class=\"clearfix top-footer\">\n<div class=\"post-tags pull-left\"><\/div>\n<\/div>\n<\/div>\n","protected":false},"excerpt":{"rendered":"<p>O valor de todo produto flutua com o tempo, se ajustando \u00e0 demanda do mercado,(&#8230;)<\/p>\n","protected":false},"author":1,"featured_media":22377,"comment_status":"open","ping_status":"open","sticky":false,"template":"","format":"standard","meta":{"_acf_changed":false,"inline_featured_image":false,"footnotes":""},"categories":[28],"tags":[],"class_list":["post-22376","post","type-post","status-publish","format-standard","has-post-thumbnail","hentry","category-gestao"],"acf":[],"yoast_head":"<!-- This site is optimized with the Yoast SEO plugin v25.9 - https:\/\/yoast.com\/wordpress\/plugins\/seo\/ -->\n<title>Estrat\u00e9gias eficazes para gerenciar o reajuste de pre\u00e7os no setor de ferro e a\u00e7o - Grupo A\u00e7o Cearense<\/title>\n<meta name=\"robots\" content=\"index, follow, max-snippet:-1, max-image-preview:large, max-video-preview:-1\" \/>\n<link rel=\"canonical\" href=\"https:\/\/previews.elleven.digital\/acocearense\/estrategias-eficazes-para-gerenciar-o-reajuste-de-precos-no-setor-de-ferro-e-aco\/\" \/>\n<meta property=\"og:locale\" content=\"pt_BR\" \/>\n<meta property=\"og:type\" content=\"article\" \/>\n<meta property=\"og:title\" content=\"Estrat\u00e9gias eficazes para gerenciar o reajuste de pre\u00e7os no setor de ferro e a\u00e7o - Grupo A\u00e7o Cearense\" \/>\n<meta property=\"og:description\" content=\"O valor de todo produto flutua com o tempo, se ajustando \u00e0 demanda do mercado,(...)\" \/>\n<meta property=\"og:url\" content=\"https:\/\/previews.elleven.digital\/acocearense\/estrategias-eficazes-para-gerenciar-o-reajuste-de-precos-no-setor-de-ferro-e-aco\/\" \/>\n<meta property=\"og:site_name\" content=\"Grupo A\u00e7o Cearense\" \/>\n<meta property=\"article:published_time\" content=\"2025-09-04T17:43:18+00:00\" \/>\n<meta property=\"og:image\" content=\"https:\/\/previews.elleven.digital\/acocearense\/wp-content\/uploads\/2025\/09\/acocearensecomercial_grupoacocearense_image_159.jpeg\" \/>\n\t<meta property=\"og:image:width\" content=\"800\" \/>\n\t<meta property=\"og:image:height\" content=\"600\" \/>\n\t<meta property=\"og:image:type\" content=\"image\/jpeg\" \/>\n<meta name=\"author\" content=\"elleven\" \/>\n<meta name=\"twitter:card\" content=\"summary_large_image\" \/>\n<meta name=\"twitter:label1\" content=\"Escrito por\" \/>\n\t<meta name=\"twitter:data1\" content=\"elleven\" \/>\n\t<meta name=\"twitter:label2\" content=\"Est. tempo de leitura\" \/>\n\t<meta name=\"twitter:data2\" content=\"6 minutos\" \/>\n<script type=\"application\/ld+json\" class=\"yoast-schema-graph\">{\"@context\":\"https:\/\/schema.org\",\"@graph\":[{\"@type\":\"WebPage\",\"@id\":\"https:\/\/previews.elleven.digital\/acocearense\/estrategias-eficazes-para-gerenciar-o-reajuste-de-precos-no-setor-de-ferro-e-aco\/\",\"url\":\"https:\/\/previews.elleven.digital\/acocearense\/estrategias-eficazes-para-gerenciar-o-reajuste-de-precos-no-setor-de-ferro-e-aco\/\",\"name\":\"Estrat\u00e9gias eficazes para gerenciar o reajuste de pre\u00e7os no setor de ferro e a\u00e7o - Grupo A\u00e7o Cearense\",\"isPartOf\":{\"@id\":\"https:\/\/previews.elleven.digital\/acocearense\/#website\"},\"primaryImageOfPage\":{\"@id\":\"https:\/\/previews.elleven.digital\/acocearense\/estrategias-eficazes-para-gerenciar-o-reajuste-de-precos-no-setor-de-ferro-e-aco\/#primaryimage\"},\"image\":{\"@id\":\"https:\/\/previews.elleven.digital\/acocearense\/estrategias-eficazes-para-gerenciar-o-reajuste-de-precos-no-setor-de-ferro-e-aco\/#primaryimage\"},\"thumbnailUrl\":\"https:\/\/previews.elleven.digital\/acocearense\/wp-content\/uploads\/2025\/09\/acocearensecomercial_grupoacocearense_image_159.jpeg\",\"datePublished\":\"2025-09-04T17:43:18+00:00\",\"author\":{\"@id\":\"https:\/\/previews.elleven.digital\/acocearense\/#\/schema\/person\/8e9165eb3c33e0860485c7c5fc06a701\"},\"breadcrumb\":{\"@id\":\"https:\/\/previews.elleven.digital\/acocearense\/estrategias-eficazes-para-gerenciar-o-reajuste-de-precos-no-setor-de-ferro-e-aco\/#breadcrumb\"},\"inLanguage\":\"pt-BR\",\"potentialAction\":[{\"@type\":\"ReadAction\",\"target\":[\"https:\/\/previews.elleven.digital\/acocearense\/estrategias-eficazes-para-gerenciar-o-reajuste-de-precos-no-setor-de-ferro-e-aco\/\"]}]},{\"@type\":\"ImageObject\",\"inLanguage\":\"pt-BR\",\"@id\":\"https:\/\/previews.elleven.digital\/acocearense\/estrategias-eficazes-para-gerenciar-o-reajuste-de-precos-no-setor-de-ferro-e-aco\/#primaryimage\",\"url\":\"https:\/\/previews.elleven.digital\/acocearense\/wp-content\/uploads\/2025\/09\/acocearensecomercial_grupoacocearense_image_159.jpeg\",\"contentUrl\":\"https:\/\/previews.elleven.digital\/acocearense\/wp-content\/uploads\/2025\/09\/acocearensecomercial_grupoacocearense_image_159.jpeg\",\"width\":800,\"height\":600},{\"@type\":\"BreadcrumbList\",\"@id\":\"https:\/\/previews.elleven.digital\/acocearense\/estrategias-eficazes-para-gerenciar-o-reajuste-de-precos-no-setor-de-ferro-e-aco\/#breadcrumb\",\"itemListElement\":[{\"@type\":\"ListItem\",\"position\":1,\"name\":\"In\u00edcio\",\"item\":\"https:\/\/previews.elleven.digital\/acocearense\/\"},{\"@type\":\"ListItem\",\"position\":2,\"name\":\"Estrat\u00e9gias eficazes para gerenciar o reajuste de pre\u00e7os no setor de ferro e a\u00e7o\"}]},{\"@type\":\"WebSite\",\"@id\":\"https:\/\/previews.elleven.digital\/acocearense\/#website\",\"url\":\"https:\/\/previews.elleven.digital\/acocearense\/\",\"name\":\"A\u00e7o Cearense\",\"description\":\"H\u00e1 mais de 45 anos no mercado brasileiro do a\u00e7o.\",\"alternateName\":\"A\u00e7o Cearense\",\"potentialAction\":[{\"@type\":\"SearchAction\",\"target\":{\"@type\":\"EntryPoint\",\"urlTemplate\":\"https:\/\/previews.elleven.digital\/acocearense\/?s={search_term_string}\"},\"query-input\":{\"@type\":\"PropertyValueSpecification\",\"valueRequired\":true,\"valueName\":\"search_term_string\"}}],\"inLanguage\":\"pt-BR\"},{\"@type\":\"Person\",\"@id\":\"https:\/\/previews.elleven.digital\/acocearense\/#\/schema\/person\/8e9165eb3c33e0860485c7c5fc06a701\",\"name\":\"elleven\",\"image\":{\"@type\":\"ImageObject\",\"inLanguage\":\"pt-BR\",\"@id\":\"https:\/\/previews.elleven.digital\/acocearense\/#\/schema\/person\/image\/\",\"url\":\"https:\/\/secure.gravatar.com\/avatar\/2a6afb49d9ecfed5dbc6c9606ce318b8bd07c077835179bddfd5d8209c03cb29?s=96&d=mm&r=g\",\"contentUrl\":\"https:\/\/secure.gravatar.com\/avatar\/2a6afb49d9ecfed5dbc6c9606ce318b8bd07c077835179bddfd5d8209c03cb29?s=96&d=mm&r=g\",\"caption\":\"elleven\"},\"sameAs\":[\"http:\/\/localhost\/acocearense\"],\"url\":\"https:\/\/previews.elleven.digital\/acocearense\/author\/elleven\/\"}]}<\/script>\n<!-- \/ Yoast SEO plugin. -->","yoast_head_json":{"title":"Estrat\u00e9gias eficazes para gerenciar o reajuste de pre\u00e7os no setor de ferro e a\u00e7o - Grupo A\u00e7o Cearense","robots":{"index":"index","follow":"follow","max-snippet":"max-snippet:-1","max-image-preview":"max-image-preview:large","max-video-preview":"max-video-preview:-1"},"canonical":"https:\/\/previews.elleven.digital\/acocearense\/estrategias-eficazes-para-gerenciar-o-reajuste-de-precos-no-setor-de-ferro-e-aco\/","og_locale":"pt_BR","og_type":"article","og_title":"Estrat\u00e9gias eficazes para gerenciar o reajuste de pre\u00e7os no setor de ferro e a\u00e7o - Grupo A\u00e7o Cearense","og_description":"O valor de todo produto flutua com o tempo, se ajustando \u00e0 demanda do mercado,(...)","og_url":"https:\/\/previews.elleven.digital\/acocearense\/estrategias-eficazes-para-gerenciar-o-reajuste-de-precos-no-setor-de-ferro-e-aco\/","og_site_name":"Grupo A\u00e7o Cearense","article_published_time":"2025-09-04T17:43:18+00:00","og_image":[{"width":800,"height":600,"url":"https:\/\/previews.elleven.digital\/acocearense\/wp-content\/uploads\/2025\/09\/acocearensecomercial_grupoacocearense_image_159.jpeg","type":"image\/jpeg"}],"author":"elleven","twitter_card":"summary_large_image","twitter_misc":{"Escrito por":"elleven","Est. tempo de leitura":"6 minutos"},"schema":{"@context":"https:\/\/schema.org","@graph":[{"@type":"WebPage","@id":"https:\/\/previews.elleven.digital\/acocearense\/estrategias-eficazes-para-gerenciar-o-reajuste-de-precos-no-setor-de-ferro-e-aco\/","url":"https:\/\/previews.elleven.digital\/acocearense\/estrategias-eficazes-para-gerenciar-o-reajuste-de-precos-no-setor-de-ferro-e-aco\/","name":"Estrat\u00e9gias eficazes para gerenciar o reajuste de pre\u00e7os no setor de ferro e a\u00e7o - Grupo A\u00e7o Cearense","isPartOf":{"@id":"https:\/\/previews.elleven.digital\/acocearense\/#website"},"primaryImageOfPage":{"@id":"https:\/\/previews.elleven.digital\/acocearense\/estrategias-eficazes-para-gerenciar-o-reajuste-de-precos-no-setor-de-ferro-e-aco\/#primaryimage"},"image":{"@id":"https:\/\/previews.elleven.digital\/acocearense\/estrategias-eficazes-para-gerenciar-o-reajuste-de-precos-no-setor-de-ferro-e-aco\/#primaryimage"},"thumbnailUrl":"https:\/\/previews.elleven.digital\/acocearense\/wp-content\/uploads\/2025\/09\/acocearensecomercial_grupoacocearense_image_159.jpeg","datePublished":"2025-09-04T17:43:18+00:00","author":{"@id":"https:\/\/previews.elleven.digital\/acocearense\/#\/schema\/person\/8e9165eb3c33e0860485c7c5fc06a701"},"breadcrumb":{"@id":"https:\/\/previews.elleven.digital\/acocearense\/estrategias-eficazes-para-gerenciar-o-reajuste-de-precos-no-setor-de-ferro-e-aco\/#breadcrumb"},"inLanguage":"pt-BR","potentialAction":[{"@type":"ReadAction","target":["https:\/\/previews.elleven.digital\/acocearense\/estrategias-eficazes-para-gerenciar-o-reajuste-de-precos-no-setor-de-ferro-e-aco\/"]}]},{"@type":"ImageObject","inLanguage":"pt-BR","@id":"https:\/\/previews.elleven.digital\/acocearense\/estrategias-eficazes-para-gerenciar-o-reajuste-de-precos-no-setor-de-ferro-e-aco\/#primaryimage","url":"https:\/\/previews.elleven.digital\/acocearense\/wp-content\/uploads\/2025\/09\/acocearensecomercial_grupoacocearense_image_159.jpeg","contentUrl":"https:\/\/previews.elleven.digital\/acocearense\/wp-content\/uploads\/2025\/09\/acocearensecomercial_grupoacocearense_image_159.jpeg","width":800,"height":600},{"@type":"BreadcrumbList","@id":"https:\/\/previews.elleven.digital\/acocearense\/estrategias-eficazes-para-gerenciar-o-reajuste-de-precos-no-setor-de-ferro-e-aco\/#breadcrumb","itemListElement":[{"@type":"ListItem","position":1,"name":"In\u00edcio","item":"https:\/\/previews.elleven.digital\/acocearense\/"},{"@type":"ListItem","position":2,"name":"Estrat\u00e9gias eficazes para gerenciar o reajuste de pre\u00e7os no setor de ferro e a\u00e7o"}]},{"@type":"WebSite","@id":"https:\/\/previews.elleven.digital\/acocearense\/#website","url":"https:\/\/previews.elleven.digital\/acocearense\/","name":"A\u00e7o Cearense","description":"H\u00e1 mais de 45 anos no mercado brasileiro do a\u00e7o.","alternateName":"A\u00e7o Cearense","potentialAction":[{"@type":"SearchAction","target":{"@type":"EntryPoint","urlTemplate":"https:\/\/previews.elleven.digital\/acocearense\/?s={search_term_string}"},"query-input":{"@type":"PropertyValueSpecification","valueRequired":true,"valueName":"search_term_string"}}],"inLanguage":"pt-BR"},{"@type":"Person","@id":"https:\/\/previews.elleven.digital\/acocearense\/#\/schema\/person\/8e9165eb3c33e0860485c7c5fc06a701","name":"elleven","image":{"@type":"ImageObject","inLanguage":"pt-BR","@id":"https:\/\/previews.elleven.digital\/acocearense\/#\/schema\/person\/image\/","url":"https:\/\/secure.gravatar.com\/avatar\/2a6afb49d9ecfed5dbc6c9606ce318b8bd07c077835179bddfd5d8209c03cb29?s=96&d=mm&r=g","contentUrl":"https:\/\/secure.gravatar.com\/avatar\/2a6afb49d9ecfed5dbc6c9606ce318b8bd07c077835179bddfd5d8209c03cb29?s=96&d=mm&r=g","caption":"elleven"},"sameAs":["http:\/\/localhost\/acocearense"],"url":"https:\/\/previews.elleven.digital\/acocearense\/author\/elleven\/"}]}},"_links":{"self":[{"href":"https:\/\/previews.elleven.digital\/acocearense\/wp-json\/wp\/v2\/posts\/22376","targetHints":{"allow":["GET"]}}],"collection":[{"href":"https:\/\/previews.elleven.digital\/acocearense\/wp-json\/wp\/v2\/posts"}],"about":[{"href":"https:\/\/previews.elleven.digital\/acocearense\/wp-json\/wp\/v2\/types\/post"}],"author":[{"embeddable":true,"href":"https:\/\/previews.elleven.digital\/acocearense\/wp-json\/wp\/v2\/users\/1"}],"replies":[{"embeddable":true,"href":"https:\/\/previews.elleven.digital\/acocearense\/wp-json\/wp\/v2\/comments?post=22376"}],"version-history":[{"count":1,"href":"https:\/\/previews.elleven.digital\/acocearense\/wp-json\/wp\/v2\/posts\/22376\/revisions"}],"predecessor-version":[{"id":22378,"href":"https:\/\/previews.elleven.digital\/acocearense\/wp-json\/wp\/v2\/posts\/22376\/revisions\/22378"}],"wp:featuredmedia":[{"embeddable":true,"href":"https:\/\/previews.elleven.digital\/acocearense\/wp-json\/wp\/v2\/media\/22377"}],"wp:attachment":[{"href":"https:\/\/previews.elleven.digital\/acocearense\/wp-json\/wp\/v2\/media?parent=22376"}],"wp:term":[{"taxonomy":"category","embeddable":true,"href":"https:\/\/previews.elleven.digital\/acocearense\/wp-json\/wp\/v2\/categories?post=22376"},{"taxonomy":"post_tag","embeddable":true,"href":"https:\/\/previews.elleven.digital\/acocearense\/wp-json\/wp\/v2\/tags?post=22376"}],"curies":[{"name":"wp","href":"https:\/\/api.w.org\/{rel}","templated":true}]}}