{"id":1683,"date":"2025-03-03T14:05:09","date_gmt":"2025-03-03T17:05:09","guid":{"rendered":"https:\/\/previews.elleven.digital\/acocearense\/?p=1683"},"modified":"2025-05-07T14:08:10","modified_gmt":"2025-05-07T17:08:10","slug":"lambril-ondulado-ou-baguetado-qual-a-melhor-opcao-para-o-seu-portao","status":"publish","type":"post","link":"https:\/\/previews.elleven.digital\/acocearense\/lambril-ondulado-ou-baguetado-qual-a-melhor-opcao-para-o-seu-portao\/","title":{"rendered":"Lambril ondulado ou baguetado: qual a melhor op\u00e7\u00e3o para o seu port\u00e3o?"},"content":{"rendered":"<p>Ter uma garagem em casa \u00e9 bem mais conveniente do que estacionar seu carro na rua ou em um estacionamento particular \u2014 n\u00e3o \u00e9 \u00e0 toa que tantas pessoas fazem esse investimento! Mas \u00e9 necess\u00e1rio construir um bom port\u00e3o, de prefer\u00eancia com uma chapa de lambril. A quest\u00e3o aqui \u00e9 escolher o tipo certo: ondulado ou baguetado.<\/p>\n<p>O port\u00e3o de metal traz bastante seguran\u00e7a, \u00e9 f\u00e1cil de instalar e operar, al\u00e9m de ter um custo menor do que se pensa. J\u00e1 a escolha do tipo de chapa ideal depende das prefer\u00eancias do seu cliente e das caracter\u00edsticas do projeto. Ent\u00e3o, vale a pena entender um pouco mais sobre as principais caracter\u00edsticas de cada tipo.<\/p>\n<p>Acompanhe e entenda melhor a diferen\u00e7a entre o lambril ondulado e baguetado e como escolher o melhor para o port\u00e3o da garagem.<\/p>\n<h2>O que \u00e9 lambril e por que ele \u00e9 usado em port\u00f5es?<\/h2>\n<p>O lambril \u00e9 uma pe\u00e7a usada como revestimento ou cobertura para superf\u00edcies. Voc\u00ea a encontra em v\u00e1rios espa\u00e7os, a exemplo das \u00e1reas externas, paredes e port\u00f5es.<\/p>\n<p>O lambril de a\u00e7o \u00e9 um dos mais utilizados para a constru\u00e7\u00e3o de port\u00f5es. Ele \u00e9 encaixado no\u00a0<a href=\"https:\/\/previews.elleven.digital\/acocearense\/blog\/produtos\/caixilho\/\" target=\"_blank\" rel=\"noopener noreferrer\">caixilho<\/a>\u00a0do port\u00e3o, podendo servir como base para sua constru\u00e7\u00e3o ou como revestimento; por exemplo, para cobrir um port\u00e3o de grade, agindo como refor\u00e7o.<\/p>\n<p>Incluir o lambril na constru\u00e7\u00e3o de port\u00f5es traz diversos benef\u00edcios. Veja, a seguir, os principais.<\/p>\n<h3>Maior durabilidade<\/h3>\n<p>A\u00a0<a href=\"https:\/\/previews.elleven.digital\/acocearense\/blog\/produtos\/aco-resistente\/\" target=\"_blank\" rel=\"noopener noreferrer\">resist\u00eancia<\/a>\u00a0e durabilidade s\u00e3o fatores fundamentais para qualquer port\u00e3o. Isso porque, quanto maior a qualidade dos materiais utilizados, menos manuten\u00e7\u00e3o \u00e9 necess\u00e1ria e menor fica o custo a longo prazo para o cliente.<\/p>\n<p>O lambril de a\u00e7o \u00e9 uma das melhores op\u00e7\u00f5es para construir um port\u00e3o com alta durabilidade, j\u00e1 que o material tem alta resist\u00eancia mec\u00e2nica.<\/p>\n<h3>Acabamento est\u00e9tico<\/h3>\n<p>Outro motivo comum para utilizar o lambril em diferentes estruturas \u00e9 o seu visual. Dependendo do estilo da constru\u00e7\u00e3o, uma superf\u00edcie de metal pode combinar perfeitamente com o ambiente. Alternativamente, \u00e9 poss\u00edvel aplicar tinta para mudar a apar\u00eancia.<\/p>\n<p>Na maioria dos casos, o a\u00e7o puro j\u00e1 oferece um \u00f3timo acabamento est\u00e9tico. Ele combina com v\u00e1rios estilos de decora\u00e7\u00e3o e arquitetura, sendo uma op\u00e7\u00e3o bem vers\u00e1til. Ainda, com a variedade de chapas dispon\u00edvel, voc\u00ea pode criar uma superf\u00edcie mais lustrosa ou mais discreta, dependendo do que se encaixa melhor nas prefer\u00eancias do seu cliente.<\/p>\n<h3>Facilidade de aplica\u00e7\u00e3o<\/h3>\n<p>Praticidade e agilidade tamb\u00e9m s\u00e3o caracter\u00edsticas importantes na hora de escolher os materiais do port\u00e3o. O ideal \u00e9 que a instala\u00e7\u00e3o seja f\u00e1cil, evitando que o servi\u00e7o dure muito. A boa not\u00edcia \u00e9 que as chapas suprem muito bem essa necessidade!<\/p>\n<p>Seja como revestimento ou como parte da base do port\u00e3o, o lambril \u00e9 uma pe\u00e7a bem simples e f\u00e1cil de aplicar. Basta fix\u00e1-la \u00e0 base j\u00e1 existente ou encaix\u00e1-la na moldura do port\u00e3o. Se for uma pe\u00e7a inteiramente nova, ela pode ser pr\u00e9-montada para facilitar sua instala\u00e7\u00e3o.<\/p>\n<h2>Quais s\u00e3o as caracter\u00edsticas do lambril ondulado e suas vantagens?<\/h2>\n<p>O lambril ondulado \u00e9 uma das op\u00e7\u00f5es de revestimento mais utilizadas. Essa placa tem um padr\u00e3o trapezoidal estreito, o que ajuda na redu\u00e7\u00e3o do peso e aumenta a resist\u00eancia da pe\u00e7a. Por isso, o lambril ondulado \u00e9 bastante \u00fatil em uma\u00a0<a href=\"https:\/\/previews.elleven.digital\/acocearense\/blog\/produtos\/porta-de-aco-de-enrolar\/\" target=\"_blank\" rel=\"noopener noreferrer\">porta de a\u00e7o<\/a>.<\/p>\n<p>Quando o material \u00e9 usado como revestimento, o padr\u00e3o ondulado cria espa\u00e7os entre a chapa de a\u00e7o e a base do port\u00e3o. Esse formato ajuda com a dispers\u00e3o de calor e costuma combinar bem com variados estilos de constru\u00e7\u00e3o.<\/p>\n<h2>O que diferencia o lambril baguetado e onde ele \u00e9 mais utilizado?<\/h2>\n<p>O lambril baguetado tem esse nome devido ao padr\u00e3o da sua chapa, que apresenta pequenas reentr\u00e2ncias chamadas de baguetes, com um aspecto similar a v\u00e1rios padr\u00f5es em U ligados entre si. Esse formato confere maior resist\u00eancia mec\u00e2nica \u00e0 chapa.<\/p>\n<p>Al\u00e9m de trazer as mesmas qualidades do tipo ondulado em termos de resist\u00eancia e praticidade, o tipo baguetado tem um design mais limpo e plano. Assim, \u00e9 ideal para clientes que preferem um estilo minimalista. Tamb\u00e9m \u00e9 uma superf\u00edcie mais f\u00e1cil de pintar.<\/p>\n<h2>Como escolher o tipo de lambril ideal para o seu port\u00e3o?<\/h2>\n<p>Durante o planejamento do projeto, \u00e9 importante considerar algumas caracter\u00edsticas que v\u00e3o ajudar a escolher qual lambril em\u00a0<a href=\"https:\/\/previews.elleven.digital\/acocearense\/blog\/gestao-de-estoque\/estoque-medio\/\" target=\"_blank\" rel=\"noopener noreferrer\">estoque<\/a>\u00a0\u00e9 mais adequado.<\/p>\n<h3>Formato e dimens\u00f5es do port\u00e3o<\/h3>\n<p>A escolha entre o lambril baguetado ou ondulado depende principalmente do tipo de port\u00e3o que ser\u00e1 constru\u00eddo. Primeiro, leve em conta suas dimens\u00f5es, incluindo o tamanho da chapa, a sua propor\u00e7\u00e3o e como essas caracter\u00edsticas v\u00e3o afetar o corte do metal. Tamb\u00e9m \u00e9 importante considerar o modo de abertura do port\u00e3o, que pode girar horizontalmente, ser levantado ou deslizar.<\/p>\n<h3>Localiza\u00e7\u00e3o<\/h3>\n<p>Os port\u00f5es costumam ser instalados em \u00e1reas externas, em que h\u00e1 exposi\u00e7\u00e3o \u00e0 chuva e ao vento, entre outros fen\u00f4menos. Ent\u00e3o, \u00e9 importante que o material seja resistente a esses fatores externos. Al\u00e9m disso, vale pensar na \u00e1rea ao redor, para que a chapa fique corretamente inserida no ambiente; caso contr\u00e1rio, pode ser que o port\u00e3o fique preso ao abrir ou fechar.<\/p>\n<h3>Est\u00e9tica da constru\u00e7\u00e3o<\/h3>\n<p>Como mencionamos, os tipos de lambril influenciam a est\u00e9tica do port\u00e3o e a constru\u00e7\u00e3o como um todo. Por serem pe\u00e7as vers\u00e1teis, voc\u00ea n\u00e3o deve ter problema em criar uma estrutura com um visual harm\u00f4nico. Por\u00e9m, n\u00e3o deixe de levar em conta as prefer\u00eancias est\u00e9ticas do cliente na hora de montar um projeto de\u00a0<a href=\"https:\/\/previews.elleven.digital\/acocearense\/blog\/gestao\/construcao-civil\/\" target=\"_blank\" rel=\"noopener noreferrer\">constru\u00e7\u00e3o civil<\/a>.<\/p>\n<p>O lambril de a\u00e7o \u00e9 uma pe\u00e7a simples e eficiente para a constru\u00e7\u00e3o de port\u00f5es. Se voc\u00ea quer prestar um bom servi\u00e7o, com agilidade e qualidade, \u00e9 interessante considerar esse recurso e analisar os fatores que apresentamos para escolher entre lambril ondulado ou baguetado. Claro, n\u00e3o se esque\u00e7a de levar em conta as prefer\u00eancias do cliente.<\/p>\n<p>Quer encontrar as pe\u00e7as de a\u00e7o de que precisa para entregar mais qualidade em seus servi\u00e7os? Ent\u00e3o, confira o\u00a0<a href=\"https:\/\/conteudos.grupoacocearense.com.br\/baixe-nosso-catalogo\" target=\"_blank\" rel=\"noopener noreferrer\">cat\u00e1logo de produtos<\/a>\u00a0da A\u00e7o Cearense!<\/p>\n","protected":false},"excerpt":{"rendered":"<p>Ter uma garagem em casa \u00e9 bem mais conveniente do que estacionar seu carro na(&#8230;)<\/p>\n","protected":false},"author":1,"featured_media":1693,"comment_status":"open","ping_status":"open","sticky":false,"template":"","format":"standard","meta":{"_acf_changed":false,"inline_featured_image":false,"footnotes":""},"categories":[6],"tags":[],"class_list":["post-1683","post","type-post","status-publish","format-standard","has-post-thumbnail","hentry","category-produtos"],"acf":[],"yoast_head":"<!-- This site is optimized with the Yoast SEO plugin v25.9 - https:\/\/yoast.com\/wordpress\/plugins\/seo\/ -->\n<title>Lambril ondulado ou baguetado: qual a melhor op\u00e7\u00e3o para o seu port\u00e3o? - Grupo A\u00e7o Cearense<\/title>\n<meta name=\"robots\" content=\"index, follow, max-snippet:-1, max-image-preview:large, max-video-preview:-1\" \/>\n<link rel=\"canonical\" href=\"https:\/\/previews.elleven.digital\/acocearense\/lambril-ondulado-ou-baguetado-qual-a-melhor-opcao-para-o-seu-portao\/\" \/>\n<meta property=\"og:locale\" content=\"pt_BR\" \/>\n<meta property=\"og:type\" content=\"article\" \/>\n<meta property=\"og:title\" content=\"Lambril ondulado ou baguetado: qual a melhor op\u00e7\u00e3o para o seu port\u00e3o? - Grupo A\u00e7o Cearense\" \/>\n<meta property=\"og:description\" content=\"Ter uma garagem em casa \u00e9 bem mais conveniente do que estacionar seu carro na(...)\" \/>\n<meta property=\"og:url\" content=\"https:\/\/previews.elleven.digital\/acocearense\/lambril-ondulado-ou-baguetado-qual-a-melhor-opcao-para-o-seu-portao\/\" \/>\n<meta property=\"og:site_name\" content=\"Grupo A\u00e7o Cearense\" \/>\n<meta property=\"article:published_time\" content=\"2025-03-03T17:05:09+00:00\" \/>\n<meta property=\"article:modified_time\" content=\"2025-05-07T17:08:10+00:00\" \/>\n<meta property=\"og:image\" content=\"https:\/\/previews.elleven.digital\/acocearense\/wp-content\/uploads\/2025\/05\/acocearensecomercial_grupoacocearense_image_737.jpeg\" \/>\n\t<meta property=\"og:image:width\" content=\"800\" \/>\n\t<meta property=\"og:image:height\" content=\"600\" \/>\n\t<meta property=\"og:image:type\" content=\"image\/jpeg\" \/>\n<meta name=\"author\" content=\"elleven\" \/>\n<meta name=\"twitter:card\" content=\"summary_large_image\" \/>\n<meta name=\"twitter:label1\" content=\"Escrito por\" \/>\n\t<meta name=\"twitter:data1\" content=\"elleven\" \/>\n\t<meta name=\"twitter:label2\" content=\"Est. tempo de leitura\" \/>\n\t<meta name=\"twitter:data2\" content=\"6 minutos\" \/>\n<script type=\"application\/ld+json\" class=\"yoast-schema-graph\">{\"@context\":\"https:\/\/schema.org\",\"@graph\":[{\"@type\":\"WebPage\",\"@id\":\"https:\/\/previews.elleven.digital\/acocearense\/lambril-ondulado-ou-baguetado-qual-a-melhor-opcao-para-o-seu-portao\/\",\"url\":\"https:\/\/previews.elleven.digital\/acocearense\/lambril-ondulado-ou-baguetado-qual-a-melhor-opcao-para-o-seu-portao\/\",\"name\":\"Lambril ondulado ou baguetado: qual a melhor op\u00e7\u00e3o para o seu port\u00e3o? - Grupo A\u00e7o Cearense\",\"isPartOf\":{\"@id\":\"https:\/\/previews.elleven.digital\/acocearense\/#website\"},\"primaryImageOfPage\":{\"@id\":\"https:\/\/previews.elleven.digital\/acocearense\/lambril-ondulado-ou-baguetado-qual-a-melhor-opcao-para-o-seu-portao\/#primaryimage\"},\"image\":{\"@id\":\"https:\/\/previews.elleven.digital\/acocearense\/lambril-ondulado-ou-baguetado-qual-a-melhor-opcao-para-o-seu-portao\/#primaryimage\"},\"thumbnailUrl\":\"https:\/\/previews.elleven.digital\/acocearense\/wp-content\/uploads\/2025\/05\/acocearensecomercial_grupoacocearense_image_737.jpeg\",\"datePublished\":\"2025-03-03T17:05:09+00:00\",\"dateModified\":\"2025-05-07T17:08:10+00:00\",\"author\":{\"@id\":\"https:\/\/previews.elleven.digital\/acocearense\/#\/schema\/person\/8e9165eb3c33e0860485c7c5fc06a701\"},\"breadcrumb\":{\"@id\":\"https:\/\/previews.elleven.digital\/acocearense\/lambril-ondulado-ou-baguetado-qual-a-melhor-opcao-para-o-seu-portao\/#breadcrumb\"},\"inLanguage\":\"pt-BR\",\"potentialAction\":[{\"@type\":\"ReadAction\",\"target\":[\"https:\/\/previews.elleven.digital\/acocearense\/lambril-ondulado-ou-baguetado-qual-a-melhor-opcao-para-o-seu-portao\/\"]}]},{\"@type\":\"ImageObject\",\"inLanguage\":\"pt-BR\",\"@id\":\"https:\/\/previews.elleven.digital\/acocearense\/lambril-ondulado-ou-baguetado-qual-a-melhor-opcao-para-o-seu-portao\/#primaryimage\",\"url\":\"https:\/\/previews.elleven.digital\/acocearense\/wp-content\/uploads\/2025\/05\/acocearensecomercial_grupoacocearense_image_737.jpeg\",\"contentUrl\":\"https:\/\/previews.elleven.digital\/acocearense\/wp-content\/uploads\/2025\/05\/acocearensecomercial_grupoacocearense_image_737.jpeg\",\"width\":800,\"height\":600},{\"@type\":\"BreadcrumbList\",\"@id\":\"https:\/\/previews.elleven.digital\/acocearense\/lambril-ondulado-ou-baguetado-qual-a-melhor-opcao-para-o-seu-portao\/#breadcrumb\",\"itemListElement\":[{\"@type\":\"ListItem\",\"position\":1,\"name\":\"In\u00edcio\",\"item\":\"https:\/\/previews.elleven.digital\/acocearense\/\"},{\"@type\":\"ListItem\",\"position\":2,\"name\":\"Lambril ondulado ou baguetado: qual a melhor op\u00e7\u00e3o para o seu port\u00e3o?\"}]},{\"@type\":\"WebSite\",\"@id\":\"https:\/\/previews.elleven.digital\/acocearense\/#website\",\"url\":\"https:\/\/previews.elleven.digital\/acocearense\/\",\"name\":\"A\u00e7o Cearense\",\"description\":\"H\u00e1 mais de 45 anos no mercado brasileiro do a\u00e7o.\",\"alternateName\":\"A\u00e7o Cearense\",\"potentialAction\":[{\"@type\":\"SearchAction\",\"target\":{\"@type\":\"EntryPoint\",\"urlTemplate\":\"https:\/\/previews.elleven.digital\/acocearense\/?s={search_term_string}\"},\"query-input\":{\"@type\":\"PropertyValueSpecification\",\"valueRequired\":true,\"valueName\":\"search_term_string\"}}],\"inLanguage\":\"pt-BR\"},{\"@type\":\"Person\",\"@id\":\"https:\/\/previews.elleven.digital\/acocearense\/#\/schema\/person\/8e9165eb3c33e0860485c7c5fc06a701\",\"name\":\"elleven\",\"image\":{\"@type\":\"ImageObject\",\"inLanguage\":\"pt-BR\",\"@id\":\"https:\/\/previews.elleven.digital\/acocearense\/#\/schema\/person\/image\/\",\"url\":\"https:\/\/secure.gravatar.com\/avatar\/2a6afb49d9ecfed5dbc6c9606ce318b8bd07c077835179bddfd5d8209c03cb29?s=96&d=mm&r=g\",\"contentUrl\":\"https:\/\/secure.gravatar.com\/avatar\/2a6afb49d9ecfed5dbc6c9606ce318b8bd07c077835179bddfd5d8209c03cb29?s=96&d=mm&r=g\",\"caption\":\"elleven\"},\"sameAs\":[\"http:\/\/localhost\/acocearense\"],\"url\":\"https:\/\/previews.elleven.digital\/acocearense\/author\/elleven\/\"}]}<\/script>\n<!-- \/ Yoast SEO plugin. -->","yoast_head_json":{"title":"Lambril ondulado ou baguetado: qual a melhor op\u00e7\u00e3o para o seu port\u00e3o? - Grupo A\u00e7o Cearense","robots":{"index":"index","follow":"follow","max-snippet":"max-snippet:-1","max-image-preview":"max-image-preview:large","max-video-preview":"max-video-preview:-1"},"canonical":"https:\/\/previews.elleven.digital\/acocearense\/lambril-ondulado-ou-baguetado-qual-a-melhor-opcao-para-o-seu-portao\/","og_locale":"pt_BR","og_type":"article","og_title":"Lambril ondulado ou baguetado: qual a melhor op\u00e7\u00e3o para o seu port\u00e3o? - Grupo A\u00e7o Cearense","og_description":"Ter uma garagem em casa \u00e9 bem mais conveniente do que estacionar seu carro na(...)","og_url":"https:\/\/previews.elleven.digital\/acocearense\/lambril-ondulado-ou-baguetado-qual-a-melhor-opcao-para-o-seu-portao\/","og_site_name":"Grupo A\u00e7o Cearense","article_published_time":"2025-03-03T17:05:09+00:00","article_modified_time":"2025-05-07T17:08:10+00:00","og_image":[{"width":800,"height":600,"url":"https:\/\/previews.elleven.digital\/acocearense\/wp-content\/uploads\/2025\/05\/acocearensecomercial_grupoacocearense_image_737.jpeg","type":"image\/jpeg"}],"author":"elleven","twitter_card":"summary_large_image","twitter_misc":{"Escrito por":"elleven","Est. tempo de leitura":"6 minutos"},"schema":{"@context":"https:\/\/schema.org","@graph":[{"@type":"WebPage","@id":"https:\/\/previews.elleven.digital\/acocearense\/lambril-ondulado-ou-baguetado-qual-a-melhor-opcao-para-o-seu-portao\/","url":"https:\/\/previews.elleven.digital\/acocearense\/lambril-ondulado-ou-baguetado-qual-a-melhor-opcao-para-o-seu-portao\/","name":"Lambril ondulado ou baguetado: qual a melhor op\u00e7\u00e3o para o seu port\u00e3o? - Grupo A\u00e7o Cearense","isPartOf":{"@id":"https:\/\/previews.elleven.digital\/acocearense\/#website"},"primaryImageOfPage":{"@id":"https:\/\/previews.elleven.digital\/acocearense\/lambril-ondulado-ou-baguetado-qual-a-melhor-opcao-para-o-seu-portao\/#primaryimage"},"image":{"@id":"https:\/\/previews.elleven.digital\/acocearense\/lambril-ondulado-ou-baguetado-qual-a-melhor-opcao-para-o-seu-portao\/#primaryimage"},"thumbnailUrl":"https:\/\/previews.elleven.digital\/acocearense\/wp-content\/uploads\/2025\/05\/acocearensecomercial_grupoacocearense_image_737.jpeg","datePublished":"2025-03-03T17:05:09+00:00","dateModified":"2025-05-07T17:08:10+00:00","author":{"@id":"https:\/\/previews.elleven.digital\/acocearense\/#\/schema\/person\/8e9165eb3c33e0860485c7c5fc06a701"},"breadcrumb":{"@id":"https:\/\/previews.elleven.digital\/acocearense\/lambril-ondulado-ou-baguetado-qual-a-melhor-opcao-para-o-seu-portao\/#breadcrumb"},"inLanguage":"pt-BR","potentialAction":[{"@type":"ReadAction","target":["https:\/\/previews.elleven.digital\/acocearense\/lambril-ondulado-ou-baguetado-qual-a-melhor-opcao-para-o-seu-portao\/"]}]},{"@type":"ImageObject","inLanguage":"pt-BR","@id":"https:\/\/previews.elleven.digital\/acocearense\/lambril-ondulado-ou-baguetado-qual-a-melhor-opcao-para-o-seu-portao\/#primaryimage","url":"https:\/\/previews.elleven.digital\/acocearense\/wp-content\/uploads\/2025\/05\/acocearensecomercial_grupoacocearense_image_737.jpeg","contentUrl":"https:\/\/previews.elleven.digital\/acocearense\/wp-content\/uploads\/2025\/05\/acocearensecomercial_grupoacocearense_image_737.jpeg","width":800,"height":600},{"@type":"BreadcrumbList","@id":"https:\/\/previews.elleven.digital\/acocearense\/lambril-ondulado-ou-baguetado-qual-a-melhor-opcao-para-o-seu-portao\/#breadcrumb","itemListElement":[{"@type":"ListItem","position":1,"name":"In\u00edcio","item":"https:\/\/previews.elleven.digital\/acocearense\/"},{"@type":"ListItem","position":2,"name":"Lambril ondulado ou baguetado: qual a melhor op\u00e7\u00e3o para o seu port\u00e3o?"}]},{"@type":"WebSite","@id":"https:\/\/previews.elleven.digital\/acocearense\/#website","url":"https:\/\/previews.elleven.digital\/acocearense\/","name":"A\u00e7o Cearense","description":"H\u00e1 mais de 45 anos no mercado brasileiro do a\u00e7o.","alternateName":"A\u00e7o Cearense","potentialAction":[{"@type":"SearchAction","target":{"@type":"EntryPoint","urlTemplate":"https:\/\/previews.elleven.digital\/acocearense\/?s={search_term_string}"},"query-input":{"@type":"PropertyValueSpecification","valueRequired":true,"valueName":"search_term_string"}}],"inLanguage":"pt-BR"},{"@type":"Person","@id":"https:\/\/previews.elleven.digital\/acocearense\/#\/schema\/person\/8e9165eb3c33e0860485c7c5fc06a701","name":"elleven","image":{"@type":"ImageObject","inLanguage":"pt-BR","@id":"https:\/\/previews.elleven.digital\/acocearense\/#\/schema\/person\/image\/","url":"https:\/\/secure.gravatar.com\/avatar\/2a6afb49d9ecfed5dbc6c9606ce318b8bd07c077835179bddfd5d8209c03cb29?s=96&d=mm&r=g","contentUrl":"https:\/\/secure.gravatar.com\/avatar\/2a6afb49d9ecfed5dbc6c9606ce318b8bd07c077835179bddfd5d8209c03cb29?s=96&d=mm&r=g","caption":"elleven"},"sameAs":["http:\/\/localhost\/acocearense"],"url":"https:\/\/previews.elleven.digital\/acocearense\/author\/elleven\/"}]}},"_links":{"self":[{"href":"https:\/\/previews.elleven.digital\/acocearense\/wp-json\/wp\/v2\/posts\/1683","targetHints":{"allow":["GET"]}}],"collection":[{"href":"https:\/\/previews.elleven.digital\/acocearense\/wp-json\/wp\/v2\/posts"}],"about":[{"href":"https:\/\/previews.elleven.digital\/acocearense\/wp-json\/wp\/v2\/types\/post"}],"author":[{"embeddable":true,"href":"https:\/\/previews.elleven.digital\/acocearense\/wp-json\/wp\/v2\/users\/1"}],"replies":[{"embeddable":true,"href":"https:\/\/previews.elleven.digital\/acocearense\/wp-json\/wp\/v2\/comments?post=1683"}],"version-history":[{"count":1,"href":"https:\/\/previews.elleven.digital\/acocearense\/wp-json\/wp\/v2\/posts\/1683\/revisions"}],"predecessor-version":[{"id":1694,"href":"https:\/\/previews.elleven.digital\/acocearense\/wp-json\/wp\/v2\/posts\/1683\/revisions\/1694"}],"wp:featuredmedia":[{"embeddable":true,"href":"https:\/\/previews.elleven.digital\/acocearense\/wp-json\/wp\/v2\/media\/1693"}],"wp:attachment":[{"href":"https:\/\/previews.elleven.digital\/acocearense\/wp-json\/wp\/v2\/media?parent=1683"}],"wp:term":[{"taxonomy":"category","embeddable":true,"href":"https:\/\/previews.elleven.digital\/acocearense\/wp-json\/wp\/v2\/categories?post=1683"},{"taxonomy":"post_tag","embeddable":true,"href":"https:\/\/previews.elleven.digital\/acocearense\/wp-json\/wp\/v2\/tags?post=1683"}],"curies":[{"name":"wp","href":"https:\/\/api.w.org\/{rel}","templated":true}]}}