{"id":1679,"date":"2025-02-26T14:04:01","date_gmt":"2025-02-26T17:04:01","guid":{"rendered":"https:\/\/previews.elleven.digital\/acocearense\/?p=1679"},"modified":"2025-05-07T14:04:34","modified_gmt":"2025-05-07T17:04:34","slug":"corte-e-dobra-de-aco-tudo-o-que-voce-precisa-saber-para-otimizar-suas-obras","status":"publish","type":"post","link":"https:\/\/previews.elleven.digital\/acocearense\/corte-e-dobra-de-aco-tudo-o-que-voce-precisa-saber-para-otimizar-suas-obras\/","title":{"rendered":"Corte e dobra de a\u00e7o: tudo o que voc\u00ea precisa saber para otimizar suas obras"},"content":{"rendered":"<p>A escolha dos materiais certos \u00e9 um passo fundamental para o sucesso de qualquer obra. Al\u00e9m disso, \u00e9 importante saber como aplicar esses materiais da forma correta. Um bom exemplo disso \u00e9 o corte e dobra de a\u00e7o, processos fundamentais para garantir a qualidade de uma estrutura.<\/p>\n<p>Mesmo em projetos de pequena escala, \u00e9 preciso contar com pe\u00e7as de a\u00e7o sob medida, j\u00e1 que isso impactar\u00e1 a qualidade e resist\u00eancia do projeto. Entender como o processo de corte e dobra de a\u00e7o funciona pode ajudar voc\u00ea nas suas futuras decis\u00f5es.<\/p>\n<p>Ent\u00e3o, acompanhe a leitura e veja o que precisa saber sobre o corte e dobra de a\u00e7o.<\/p>\n<h2>O que \u00e9 corte e dobra de a\u00e7o?<\/h2>\n<p>Como o nome diz, corte e dobra de a\u00e7o s\u00e3o os processos que permitem transformar vergalh\u00f5es de a\u00e7o em pe\u00e7as sob medida. O corte deixa a pe\u00e7a com o comprimento certo para uso, enquanto a dobra cria o formato ideal.<\/p>\n<p>Essas duas etapas s\u00e3o essenciais para criar componentes de a\u00e7o com finalidades espec\u00edficas. Como essas pe\u00e7as n\u00e3o s\u00e3o convencionais, muitas precisam ser encomendadas sob medida. Por\u00e9m, voc\u00ea tamb\u00e9m pode utilizar suas pr\u00f3prias ferramentas para fazer os cortes durante a constru\u00e7\u00e3o.<\/p>\n<h2>Quais s\u00e3o os benef\u00edcios do corte e dobra de a\u00e7o na constru\u00e7\u00e3o civil?<\/h2>\n<p>Com as t\u00e9cnicas certas para corte e dobra de a\u00e7o, voc\u00ea pode melhorar consideravelmente o desempenho do seu projeto. Veja aqui alguns dos principais benef\u00edcios.<\/p>\n<h3>Medidas mais precisas<\/h3>\n<p>Quanto mais complexa for uma constru\u00e7\u00e3o, mais importante \u00e9 contar com pe\u00e7as feitas sob medida para cada finalidade. Ter componentes de a\u00e7o no formato certo \u00e9 fundamental para garantir a sustenta\u00e7\u00e3o adequada de constru\u00e7\u00f5es, especialmente quando se trata de vergalh\u00f5es e\u00a0<a href=\"https:\/\/previews.elleven.digital\/acocearense\/blog\/produtos\/telha-trapezoidal\/\" target=\"_blank\" rel=\"noopener noreferrer\">telhas<\/a>\u00a0de\u00a0<a href=\"https:\/\/previews.elleven.digital\/acocearense\/blog\/produtos\/aco-galvanizado\/\" target=\"_blank\" rel=\"noopener noreferrer\">a\u00e7o galvanizado<\/a>.<\/p>\n<p>Ao fazer corte e dobra de a\u00e7o, voc\u00ea pode ajustar as dimens\u00f5es de cada pe\u00e7a para atender a necessidades bem espec\u00edficas dentro da sua obra. Isso permite usar esses componentes para fazer reparos ou mesmo montar estruturas menos convencionais.<\/p>\n<h3>Evitar desperd\u00edcio de material<\/h3>\n<p>Outras quest\u00f5es que surgem durante uma obra s\u00e3o o custo total e o desperd\u00edcio de material. Se voc\u00ea n\u00e3o utiliza pe\u00e7as de a\u00e7o sob medida, \u00e9 bem prov\u00e1vel que precise fazer modifica\u00e7\u00f5es durante a constru\u00e7\u00e3o, descartando mais material que o necess\u00e1rio no processo.<\/p>\n<p>Com o corte de dobra de a\u00e7o, \u00e9 poss\u00edvel aproveitar a maior parte da pe\u00e7a, evitando desperd\u00edcio. Esse fator impacta o custo total do projeto e, em alguns casos, at\u00e9 permite oferecer pre\u00e7os mais competitivos aos clientes.<\/p>\n<h3>Facilidade de armazenamento<\/h3>\n<p>Quanto maior a quantidade de material utilizada em uma obra, mais importante \u00e9 planejar seu armazenamento adequado, sendo que essa tarefa se torna mais complexa se as pe\u00e7as est\u00e3o superdimensionadas.<\/p>\n<p>J\u00e1 quando os vergalh\u00f5es de a\u00e7o v\u00eam cortados e dobrados, \u00e9 poss\u00edvel armazen\u00e1-las em espa\u00e7os menores. Al\u00e9m de evitar problemas de log\u00edstica, voc\u00ea consegue proteger mais facilmente esses componentes de fatores externos capazes de desgast\u00e1-los, como a chuva.<\/p>\n<h3>Agilidade do servi\u00e7o<\/h3>\n<p>Otimizar as tarefas realizadas na obra \u00e9 fundamental para entregar o servi\u00e7o com mais agilidade. Nesse sentido, solicitar o corte e dobra de a\u00e7o separadamente permite que voc\u00ea comece seu trabalho j\u00e1 com os componentes certos, o que acelera o processo de constru\u00e7\u00e3o. De quebra, voc\u00ea reduz os riscos inerentes ao processo de\u00a0<a href=\"https:\/\/previews.elleven.digital\/acocearense\/blog\/gestao\/construcao-civil\/\" target=\"_blank\" rel=\"noopener noreferrer\">constru\u00e7\u00e3o civil<\/a>\u00a0e deixa seus clientes mais satisfeitos.<\/p>\n<h2>Quais s\u00e3o as principais t\u00e9cnicas de corte de a\u00e7o?<\/h2>\n<p>O processo de corte e dobra de a\u00e7o pode ser realizado de diferentes maneiras. Veja aqui os principais m\u00e9todos e suas vantagens.<\/p>\n<h3>Corte por serra<\/h3>\n<p>\u00c9 o m\u00e9todo mais tradicional, em que \u00e9 utilizada uma serra de alta velocidade para fazer a parti\u00e7\u00e3o das pe\u00e7as de a\u00e7o. Por ser bastante simples, o corte por serra \u00e9 f\u00e1cil e r\u00e1pido de aplicar, sendo ideal para pe\u00e7as mais grossas. Al\u00e9m disso, \u00e9 uma op\u00e7\u00e3o de baixo custo.<\/p>\n<p>Por outro lado, uma serra pode n\u00e3o fazer um corte perfeito, deixando ranhuras nas pontas. Por isso, \u00e9 importante fazer a limpeza de todas as pe\u00e7as e aplicar a lixadeira para que o material fique no formato certo.<\/p>\n<h3>Corte por laser<\/h3>\n<p>\u00c9 cada vez mais comum utilizar a cortadora a laser para cortar o a\u00e7o. O corte \u00e9 feito aplicando o laser para aquecer e partir a pe\u00e7a, criando uma fenda fina em sua superf\u00edcie.<\/p>\n<p>Essa ferramenta \u00e9 altamente precisa e eficiente, ideal para criar detalhes finos em uma pe\u00e7a de a\u00e7o. Por\u00e9m, o processo deve ser realizado por especialistas e com o equipamento adequado.<\/p>\n<h3>Corte por jato de \u00e1gua<\/h3>\n<p>Tamb\u00e9m \u00e9 poss\u00edvel cortar um vergalh\u00e3o de a\u00e7o usando um jato concentrado de \u00e1gua. Em muitos casos, a \u00e1gua \u00e9 misturada a outros componentes abrasivos, para facilitar o corte adequado do a\u00e7o. Esse m\u00e9todo \u00e9 bem eficaz, adequado para componentes de diferentes espessuras e ideal para fazer o corte e dobra de\u00a0<a href=\"https:\/\/previews.elleven.digital\/acocearense\/blog\/produtos\/aco-resistente\/\" target=\"_blank\" rel=\"noopener noreferrer\">a\u00e7o resistente<\/a>.<\/p>\n<h3>Corte por oxicorte<\/h3>\n<p>O oxicorte consiste em projetar um jato de oxig\u00eanio puro sobre um vergalh\u00e3o de a\u00e7o aquecida. Em alguns casos, o oxig\u00eanio \u00e9 misturado a materiais combust\u00edveis, como o acetileno. Isso proporciona um corte limpo, j\u00e1 que o a\u00e7o aquecido \u00e9 mais male\u00e1vel. Al\u00e9m disso, o m\u00e9todo deixa menos res\u00edduos.<\/p>\n<h2>Como \u00e9 feita a dobra de a\u00e7o?<\/h2>\n<p>Ap\u00f3s o corte, o a\u00e7o deve ser dobrado para ficar com o formato certo para seu uso. Em alguns casos, o processo \u00e9 simples, como na cria\u00e7\u00e3o de perfis. Mas outras situa\u00e7\u00f5es, a exemplo das pe\u00e7as que envolvem v\u00e1rias dobras, s\u00e3o mais complexas. A dobra pode ser realizada manualmente ou com o aux\u00edlio de equipamento dedicado.<\/p>\n<p>O\u00a0<a href=\"https:\/\/conteudos.grupoacocearense.com.br\/baixe-nosso-catalogo\" target=\"_blank\" rel=\"noopener noreferrer\">cat\u00e1logo da A\u00e7o Cearense<\/a>\u00a0conta com v\u00e1rios tipos de vergalh\u00f5es, que podem ser cortadas e dobradas de acordo com suas necessidades. No momento, o servi\u00e7o de corte e dobra est\u00e1 dispon\u00edvel em Bel\u00e9m do Par\u00e1, mas em breve ele ser\u00e1 oferecido em v\u00e1rias regi\u00f5es do Brasil.<\/p>\n<p>Agora, voc\u00ea entende a import\u00e2ncia do corte e dobra do a\u00e7o para a constru\u00e7\u00e3o civil. Contando com o melhor fornecedor, voc\u00ea n\u00e3o ter\u00e1 dificuldades para encontrar as pe\u00e7as de que precisa e prestar o melhor servi\u00e7o poss\u00edvel aos seus clientes.<\/p>\n<p>Est\u00e1 procurando pe\u00e7as de a\u00e7o sob medida para seu projeto? Ent\u00e3o, entre em contato para\u00a0<a href=\"https:\/\/previews.elleven.digital\/acocearense\/solicite-um-orcamento\/\" target=\"_blank\" rel=\"noopener noreferrer\">solicitar um or\u00e7amento<\/a>.<\/p>\n","protected":false},"excerpt":{"rendered":"<p>A escolha dos materiais certos \u00e9 um passo fundamental para o sucesso de qualquer obra.(&#8230;)<\/p>\n","protected":false},"author":1,"featured_media":1655,"comment_status":"open","ping_status":"open","sticky":false,"template":"","format":"standard","meta":{"_acf_changed":false,"inline_featured_image":false,"footnotes":""},"categories":[8,6],"tags":[],"class_list":["post-1679","post","type-post","status-publish","format-standard","has-post-thumbnail","hentry","category-gestao-de-estoque","category-produtos"],"acf":[],"yoast_head":"<!-- This site is optimized with the Yoast SEO plugin v25.9 - https:\/\/yoast.com\/wordpress\/plugins\/seo\/ -->\n<title>Corte e dobra de a\u00e7o: tudo o que voc\u00ea precisa saber para otimizar suas obras - Grupo A\u00e7o Cearense<\/title>\n<meta name=\"robots\" content=\"index, follow, max-snippet:-1, max-image-preview:large, max-video-preview:-1\" \/>\n<link rel=\"canonical\" href=\"https:\/\/previews.elleven.digital\/acocearense\/corte-e-dobra-de-aco-tudo-o-que-voce-precisa-saber-para-otimizar-suas-obras\/\" \/>\n<meta property=\"og:locale\" content=\"pt_BR\" \/>\n<meta property=\"og:type\" content=\"article\" \/>\n<meta property=\"og:title\" content=\"Corte e dobra de a\u00e7o: tudo o que voc\u00ea precisa saber para otimizar suas obras - Grupo A\u00e7o Cearense\" \/>\n<meta property=\"og:description\" content=\"A escolha dos materiais certos \u00e9 um passo fundamental para o sucesso de qualquer obra.(...)\" \/>\n<meta property=\"og:url\" content=\"https:\/\/previews.elleven.digital\/acocearense\/corte-e-dobra-de-aco-tudo-o-que-voce-precisa-saber-para-otimizar-suas-obras\/\" \/>\n<meta property=\"og:site_name\" content=\"Grupo A\u00e7o Cearense\" \/>\n<meta property=\"article:published_time\" content=\"2025-02-26T17:04:01+00:00\" \/>\n<meta property=\"article:modified_time\" content=\"2025-05-07T17:04:34+00:00\" \/>\n<meta property=\"og:image\" content=\"https:\/\/previews.elleven.digital\/acocearense\/wp-content\/uploads\/2025\/05\/DSC07679-1-1140x620-1.jpg\" \/>\n\t<meta property=\"og:image:width\" content=\"1140\" \/>\n\t<meta property=\"og:image:height\" content=\"620\" \/>\n\t<meta property=\"og:image:type\" content=\"image\/jpeg\" \/>\n<meta name=\"author\" content=\"elleven\" \/>\n<meta name=\"twitter:card\" content=\"summary_large_image\" \/>\n<meta name=\"twitter:label1\" content=\"Escrito por\" \/>\n\t<meta name=\"twitter:data1\" content=\"elleven\" \/>\n\t<meta name=\"twitter:label2\" content=\"Est. tempo de leitura\" \/>\n\t<meta name=\"twitter:data2\" content=\"6 minutos\" \/>\n<script type=\"application\/ld+json\" class=\"yoast-schema-graph\">{\"@context\":\"https:\/\/schema.org\",\"@graph\":[{\"@type\":\"WebPage\",\"@id\":\"https:\/\/previews.elleven.digital\/acocearense\/corte-e-dobra-de-aco-tudo-o-que-voce-precisa-saber-para-otimizar-suas-obras\/\",\"url\":\"https:\/\/previews.elleven.digital\/acocearense\/corte-e-dobra-de-aco-tudo-o-que-voce-precisa-saber-para-otimizar-suas-obras\/\",\"name\":\"Corte e dobra de a\u00e7o: tudo o que voc\u00ea precisa saber para otimizar suas obras - Grupo A\u00e7o Cearense\",\"isPartOf\":{\"@id\":\"https:\/\/previews.elleven.digital\/acocearense\/#website\"},\"primaryImageOfPage\":{\"@id\":\"https:\/\/previews.elleven.digital\/acocearense\/corte-e-dobra-de-aco-tudo-o-que-voce-precisa-saber-para-otimizar-suas-obras\/#primaryimage\"},\"image\":{\"@id\":\"https:\/\/previews.elleven.digital\/acocearense\/corte-e-dobra-de-aco-tudo-o-que-voce-precisa-saber-para-otimizar-suas-obras\/#primaryimage\"},\"thumbnailUrl\":\"https:\/\/previews.elleven.digital\/acocearense\/wp-content\/uploads\/2025\/05\/DSC07679-1-1140x620-1.jpg\",\"datePublished\":\"2025-02-26T17:04:01+00:00\",\"dateModified\":\"2025-05-07T17:04:34+00:00\",\"author\":{\"@id\":\"https:\/\/previews.elleven.digital\/acocearense\/#\/schema\/person\/8e9165eb3c33e0860485c7c5fc06a701\"},\"breadcrumb\":{\"@id\":\"https:\/\/previews.elleven.digital\/acocearense\/corte-e-dobra-de-aco-tudo-o-que-voce-precisa-saber-para-otimizar-suas-obras\/#breadcrumb\"},\"inLanguage\":\"pt-BR\",\"potentialAction\":[{\"@type\":\"ReadAction\",\"target\":[\"https:\/\/previews.elleven.digital\/acocearense\/corte-e-dobra-de-aco-tudo-o-que-voce-precisa-saber-para-otimizar-suas-obras\/\"]}]},{\"@type\":\"ImageObject\",\"inLanguage\":\"pt-BR\",\"@id\":\"https:\/\/previews.elleven.digital\/acocearense\/corte-e-dobra-de-aco-tudo-o-que-voce-precisa-saber-para-otimizar-suas-obras\/#primaryimage\",\"url\":\"https:\/\/previews.elleven.digital\/acocearense\/wp-content\/uploads\/2025\/05\/DSC07679-1-1140x620-1.jpg\",\"contentUrl\":\"https:\/\/previews.elleven.digital\/acocearense\/wp-content\/uploads\/2025\/05\/DSC07679-1-1140x620-1.jpg\",\"width\":1140,\"height\":620},{\"@type\":\"BreadcrumbList\",\"@id\":\"https:\/\/previews.elleven.digital\/acocearense\/corte-e-dobra-de-aco-tudo-o-que-voce-precisa-saber-para-otimizar-suas-obras\/#breadcrumb\",\"itemListElement\":[{\"@type\":\"ListItem\",\"position\":1,\"name\":\"In\u00edcio\",\"item\":\"https:\/\/previews.elleven.digital\/acocearense\/\"},{\"@type\":\"ListItem\",\"position\":2,\"name\":\"Corte e dobra de a\u00e7o: tudo o que voc\u00ea precisa saber para otimizar suas obras\"}]},{\"@type\":\"WebSite\",\"@id\":\"https:\/\/previews.elleven.digital\/acocearense\/#website\",\"url\":\"https:\/\/previews.elleven.digital\/acocearense\/\",\"name\":\"A\u00e7o Cearense\",\"description\":\"H\u00e1 mais de 45 anos no mercado brasileiro do a\u00e7o.\",\"alternateName\":\"A\u00e7o Cearense\",\"potentialAction\":[{\"@type\":\"SearchAction\",\"target\":{\"@type\":\"EntryPoint\",\"urlTemplate\":\"https:\/\/previews.elleven.digital\/acocearense\/?s={search_term_string}\"},\"query-input\":{\"@type\":\"PropertyValueSpecification\",\"valueRequired\":true,\"valueName\":\"search_term_string\"}}],\"inLanguage\":\"pt-BR\"},{\"@type\":\"Person\",\"@id\":\"https:\/\/previews.elleven.digital\/acocearense\/#\/schema\/person\/8e9165eb3c33e0860485c7c5fc06a701\",\"name\":\"elleven\",\"image\":{\"@type\":\"ImageObject\",\"inLanguage\":\"pt-BR\",\"@id\":\"https:\/\/previews.elleven.digital\/acocearense\/#\/schema\/person\/image\/\",\"url\":\"https:\/\/secure.gravatar.com\/avatar\/2a6afb49d9ecfed5dbc6c9606ce318b8bd07c077835179bddfd5d8209c03cb29?s=96&d=mm&r=g\",\"contentUrl\":\"https:\/\/secure.gravatar.com\/avatar\/2a6afb49d9ecfed5dbc6c9606ce318b8bd07c077835179bddfd5d8209c03cb29?s=96&d=mm&r=g\",\"caption\":\"elleven\"},\"sameAs\":[\"http:\/\/localhost\/acocearense\"],\"url\":\"https:\/\/previews.elleven.digital\/acocearense\/author\/elleven\/\"}]}<\/script>\n<!-- \/ Yoast SEO plugin. -->","yoast_head_json":{"title":"Corte e dobra de a\u00e7o: tudo o que voc\u00ea precisa saber para otimizar suas obras - Grupo A\u00e7o Cearense","robots":{"index":"index","follow":"follow","max-snippet":"max-snippet:-1","max-image-preview":"max-image-preview:large","max-video-preview":"max-video-preview:-1"},"canonical":"https:\/\/previews.elleven.digital\/acocearense\/corte-e-dobra-de-aco-tudo-o-que-voce-precisa-saber-para-otimizar-suas-obras\/","og_locale":"pt_BR","og_type":"article","og_title":"Corte e dobra de a\u00e7o: tudo o que voc\u00ea precisa saber para otimizar suas obras - Grupo A\u00e7o Cearense","og_description":"A escolha dos materiais certos \u00e9 um passo fundamental para o sucesso de qualquer obra.(...)","og_url":"https:\/\/previews.elleven.digital\/acocearense\/corte-e-dobra-de-aco-tudo-o-que-voce-precisa-saber-para-otimizar-suas-obras\/","og_site_name":"Grupo A\u00e7o Cearense","article_published_time":"2025-02-26T17:04:01+00:00","article_modified_time":"2025-05-07T17:04:34+00:00","og_image":[{"width":1140,"height":620,"url":"https:\/\/previews.elleven.digital\/acocearense\/wp-content\/uploads\/2025\/05\/DSC07679-1-1140x620-1.jpg","type":"image\/jpeg"}],"author":"elleven","twitter_card":"summary_large_image","twitter_misc":{"Escrito por":"elleven","Est. tempo de leitura":"6 minutos"},"schema":{"@context":"https:\/\/schema.org","@graph":[{"@type":"WebPage","@id":"https:\/\/previews.elleven.digital\/acocearense\/corte-e-dobra-de-aco-tudo-o-que-voce-precisa-saber-para-otimizar-suas-obras\/","url":"https:\/\/previews.elleven.digital\/acocearense\/corte-e-dobra-de-aco-tudo-o-que-voce-precisa-saber-para-otimizar-suas-obras\/","name":"Corte e dobra de a\u00e7o: tudo o que voc\u00ea precisa saber para otimizar suas obras - Grupo A\u00e7o Cearense","isPartOf":{"@id":"https:\/\/previews.elleven.digital\/acocearense\/#website"},"primaryImageOfPage":{"@id":"https:\/\/previews.elleven.digital\/acocearense\/corte-e-dobra-de-aco-tudo-o-que-voce-precisa-saber-para-otimizar-suas-obras\/#primaryimage"},"image":{"@id":"https:\/\/previews.elleven.digital\/acocearense\/corte-e-dobra-de-aco-tudo-o-que-voce-precisa-saber-para-otimizar-suas-obras\/#primaryimage"},"thumbnailUrl":"https:\/\/previews.elleven.digital\/acocearense\/wp-content\/uploads\/2025\/05\/DSC07679-1-1140x620-1.jpg","datePublished":"2025-02-26T17:04:01+00:00","dateModified":"2025-05-07T17:04:34+00:00","author":{"@id":"https:\/\/previews.elleven.digital\/acocearense\/#\/schema\/person\/8e9165eb3c33e0860485c7c5fc06a701"},"breadcrumb":{"@id":"https:\/\/previews.elleven.digital\/acocearense\/corte-e-dobra-de-aco-tudo-o-que-voce-precisa-saber-para-otimizar-suas-obras\/#breadcrumb"},"inLanguage":"pt-BR","potentialAction":[{"@type":"ReadAction","target":["https:\/\/previews.elleven.digital\/acocearense\/corte-e-dobra-de-aco-tudo-o-que-voce-precisa-saber-para-otimizar-suas-obras\/"]}]},{"@type":"ImageObject","inLanguage":"pt-BR","@id":"https:\/\/previews.elleven.digital\/acocearense\/corte-e-dobra-de-aco-tudo-o-que-voce-precisa-saber-para-otimizar-suas-obras\/#primaryimage","url":"https:\/\/previews.elleven.digital\/acocearense\/wp-content\/uploads\/2025\/05\/DSC07679-1-1140x620-1.jpg","contentUrl":"https:\/\/previews.elleven.digital\/acocearense\/wp-content\/uploads\/2025\/05\/DSC07679-1-1140x620-1.jpg","width":1140,"height":620},{"@type":"BreadcrumbList","@id":"https:\/\/previews.elleven.digital\/acocearense\/corte-e-dobra-de-aco-tudo-o-que-voce-precisa-saber-para-otimizar-suas-obras\/#breadcrumb","itemListElement":[{"@type":"ListItem","position":1,"name":"In\u00edcio","item":"https:\/\/previews.elleven.digital\/acocearense\/"},{"@type":"ListItem","position":2,"name":"Corte e dobra de a\u00e7o: tudo o que voc\u00ea precisa saber para otimizar suas obras"}]},{"@type":"WebSite","@id":"https:\/\/previews.elleven.digital\/acocearense\/#website","url":"https:\/\/previews.elleven.digital\/acocearense\/","name":"A\u00e7o Cearense","description":"H\u00e1 mais de 45 anos no mercado brasileiro do a\u00e7o.","alternateName":"A\u00e7o Cearense","potentialAction":[{"@type":"SearchAction","target":{"@type":"EntryPoint","urlTemplate":"https:\/\/previews.elleven.digital\/acocearense\/?s={search_term_string}"},"query-input":{"@type":"PropertyValueSpecification","valueRequired":true,"valueName":"search_term_string"}}],"inLanguage":"pt-BR"},{"@type":"Person","@id":"https:\/\/previews.elleven.digital\/acocearense\/#\/schema\/person\/8e9165eb3c33e0860485c7c5fc06a701","name":"elleven","image":{"@type":"ImageObject","inLanguage":"pt-BR","@id":"https:\/\/previews.elleven.digital\/acocearense\/#\/schema\/person\/image\/","url":"https:\/\/secure.gravatar.com\/avatar\/2a6afb49d9ecfed5dbc6c9606ce318b8bd07c077835179bddfd5d8209c03cb29?s=96&d=mm&r=g","contentUrl":"https:\/\/secure.gravatar.com\/avatar\/2a6afb49d9ecfed5dbc6c9606ce318b8bd07c077835179bddfd5d8209c03cb29?s=96&d=mm&r=g","caption":"elleven"},"sameAs":["http:\/\/localhost\/acocearense"],"url":"https:\/\/previews.elleven.digital\/acocearense\/author\/elleven\/"}]}},"_links":{"self":[{"href":"https:\/\/previews.elleven.digital\/acocearense\/wp-json\/wp\/v2\/posts\/1679","targetHints":{"allow":["GET"]}}],"collection":[{"href":"https:\/\/previews.elleven.digital\/acocearense\/wp-json\/wp\/v2\/posts"}],"about":[{"href":"https:\/\/previews.elleven.digital\/acocearense\/wp-json\/wp\/v2\/types\/post"}],"author":[{"embeddable":true,"href":"https:\/\/previews.elleven.digital\/acocearense\/wp-json\/wp\/v2\/users\/1"}],"replies":[{"embeddable":true,"href":"https:\/\/previews.elleven.digital\/acocearense\/wp-json\/wp\/v2\/comments?post=1679"}],"version-history":[{"count":1,"href":"https:\/\/previews.elleven.digital\/acocearense\/wp-json\/wp\/v2\/posts\/1679\/revisions"}],"predecessor-version":[{"id":1680,"href":"https:\/\/previews.elleven.digital\/acocearense\/wp-json\/wp\/v2\/posts\/1679\/revisions\/1680"}],"wp:featuredmedia":[{"embeddable":true,"href":"https:\/\/previews.elleven.digital\/acocearense\/wp-json\/wp\/v2\/media\/1655"}],"wp:attachment":[{"href":"https:\/\/previews.elleven.digital\/acocearense\/wp-json\/wp\/v2\/media?parent=1679"}],"wp:term":[{"taxonomy":"category","embeddable":true,"href":"https:\/\/previews.elleven.digital\/acocearense\/wp-json\/wp\/v2\/categories?post=1679"},{"taxonomy":"post_tag","embeddable":true,"href":"https:\/\/previews.elleven.digital\/acocearense\/wp-json\/wp\/v2\/tags?post=1679"}],"curies":[{"name":"wp","href":"https:\/\/api.w.org\/{rel}","templated":true}]}}