{"id":1671,"date":"2025-02-18T14:02:08","date_gmt":"2025-02-18T17:02:08","guid":{"rendered":"https:\/\/previews.elleven.digital\/acocearense\/?p=1671"},"modified":"2025-05-07T14:02:34","modified_gmt":"2025-05-07T17:02:34","slug":"o-que-e-e-para-que-serve-a-camada-passiva-do-aco-inox","status":"publish","type":"post","link":"https:\/\/previews.elleven.digital\/acocearense\/o-que-e-e-para-que-serve-a-camada-passiva-do-aco-inox\/","title":{"rendered":"O que \u00e9 e para que serve a camada passiva do a\u00e7o inox?"},"content":{"rendered":"<p>O a\u00e7o inoxid\u00e1vel \u00e9 uma liga met\u00e1lica conhecida por n\u00e3o oxidar t\u00e3o f\u00e1cil, ou seja, \u00e9 um material que dificilmente vai sofrer os efeitos da corros\u00e3o. Essa propriedade vem da quantidade de cromo empregada na sua fabrica\u00e7\u00e3o, de aproximadamente 11%. A forma mais vi\u00e1vel de proteger uma estrutura met\u00e1lica da corros\u00e3o \u00e9 evitando o contato dessa superf\u00edcie com o meio ambiente por meio da camada passiva do a\u00e7o inox.<\/p>\n<p>Se voc\u00ea quer evitar que um objeto de a\u00e7o seja danificado, especialmente em locais com alto potencial de corros\u00e3o, vale a pena entender como essa camada de a\u00e7o funciona. Com isso, voc\u00ea pode planejar melhor seus projetos e criar componentes de a\u00e7o de melhor qualidade.<\/p>\n<p>Acompanhe e entenda mais sobre a camada passiva do a\u00e7o inox, como ela se forma e qual \u00e9 a sua import\u00e2ncia.<\/p>\n<h2>O que \u00e9 a camada passiva do a\u00e7o inox?<\/h2>\n<p>A camada passiva do a\u00e7o inox \u00e9 uma barreira que se forma quando o cromo entra em contato com o oxig\u00eanio. Essa rea\u00e7\u00e3o faz com que o material como um todo se torne mais resistente \u00e0 oxida\u00e7\u00e3o.<\/p>\n<p>A corros\u00e3o \u00e9 muito comum em materiais met\u00e1licos e ocorre a partir da intera\u00e7\u00e3o entre o a\u00e7o e o meio ambiente. O oxig\u00eanio e a \u00e1gua s\u00e3o os principais respons\u00e1veis por essa oxida\u00e7\u00e3o.<\/p>\n<p>A deteriora\u00e7\u00e3o do a\u00e7o causa a diminui\u00e7\u00e3o da sua resist\u00eancia, ocasionando falhas e quebras, al\u00e9m do efeito est\u00e9tico negativo. Dependendo dos elementos utilizados na liga met\u00e1lica, podemos determinar se o a\u00e7o reage de uma forma mais ou menos pronunciada ao meio ambiente.<\/p>\n<p>O cromo, em conjunto com os outros elementos, quando em contato com o meio externo, forma uma camada conhecida como camada passiva ou filme passivo na superf\u00edcie do\u00a0<a href=\"https:\/\/previews.elleven.digital\/acocearense\/blog\/produtos\/chapas-de-aco-inox\/\" target=\"_blank\" rel=\"noopener noreferrer\">a\u00e7o inox<\/a>. A camada passiva do a\u00e7o inox \u00e9 bem fina e se forma em toda a superf\u00edcie, com muita ader\u00eancia ao a\u00e7o, prevenindo o processo de corros\u00e3o e aumentando a resist\u00eancia da pe\u00e7a.<\/p>\n<h2>Qual \u00e9 a aplicabilidade do a\u00e7o inox?<\/h2>\n<p>O a\u00e7o inox \u00e9 uma liga met\u00e1lica muito vers\u00e1til e bastante utilizada em utens\u00edlios dom\u00e9sticos, na constru\u00e7\u00e3o civil, assim como em outros setores. A camada passiva do a\u00e7o inox permite que esse material seja usado nos mais variados ambientes sem perder suas propriedades.<\/p>\n<p>Em uma breve compara\u00e7\u00e3o com outros tipos de a\u00e7o, \u00e9 poss\u00edvel enumerar diversas vantagens do\u00a0<a href=\"https:\/\/previews.elleven.digital\/acocearense\/blog\/comunicacao\/aco-inoxidavel\/\" target=\"_blank\" rel=\"noopener noreferrer\">a\u00e7o inoxid\u00e1vel<\/a>, como a resist\u00eancia elevada \u00e0 corros\u00e3o (a mais conhecida) e a facilidade de solda. Al\u00e9m das caracter\u00edsticas mec\u00e2nicas, o a\u00e7o inox tem uma apar\u00eancia higi\u00eanica e \u00e9 f\u00e1cil de limpar. Por isso, \u00e9 muito empregado em ambientes dom\u00e9sticos pela beleza e modernidade que o seu acabamento proporciona.<\/p>\n<p>O a\u00e7o inox tamb\u00e9m \u00e9 um material inerte, ou seja, que n\u00e3o entra em contato com outras subst\u00e2ncias, reduzindo o risco de contamina\u00e7\u00f5es. Por esse motivo, \u00e9 muito aplicado em locais onde essa propriedade \u00e9 requisitada. As tantas qualidades e possibilidades de uso que o a\u00e7o inoxid\u00e1vel oferece fazem dele um material indispens\u00e1vel no estoque de lojas de materiais de constru\u00e7\u00e3o e de estabelecimentos comerciais especializados em ferro e a\u00e7o.<\/p>\n<h2>Como a camada passiva se forma?<\/h2>\n<p>Uma caracter\u00edstica interessante da camada passiva do a\u00e7o inox \u00e9 que, em muitos casos, ela pode se formar naturalmente pelo contato com o ambiente. Mas tamb\u00e9m h\u00e1 situa\u00e7\u00f5es em que sua forma\u00e7\u00e3o \u00e9 induzida por meio de produtos qu\u00edmicos.<\/p>\n<p>Quando h\u00e1 contato entre o cromo e um ambiente com alta concentra\u00e7\u00e3o de oxig\u00eanio, esses elementos reagem entre si, criando \u00f3xidos e hidr\u00f3xidos de cromo em um processo chamado de passiva\u00e7\u00e3o em a\u00e7o inox. Ap\u00f3s essa rea\u00e7\u00e3o, o inox ganha essa camada protetora de cromo oxidado que n\u00e3o reage com o oxig\u00eanio no ambiente.<\/p>\n<h2>Quais fatores podem comprometer a camada passiva?<\/h2>\n<p>A camada passiva do a\u00e7o inox \u00e9 ideal para evitar a corros\u00e3o, mas ela exige alguns cuidados. Veja a seguir os principais fatores com os quais voc\u00ea deve se preocupar.<\/p>\n<h3>Exposi\u00e7\u00e3o a subst\u00e2ncias corrosivas<\/h3>\n<p>Apesar de prevenir a oxida\u00e7\u00e3o, a camada passiva ainda pode ser danificada por outras subst\u00e2ncias corrosivas, como a salinidade no ar, comum em\u00a0<a href=\"https:\/\/previews.elleven.digital\/acocearense\/blog\/abrindo-o-negocio\/por-que-o-inox-em-regioes-litoraneas-e-a-melhor-opcao\/\" target=\"_blank\" rel=\"noopener noreferrer\">regi\u00f5es litor\u00e2neas<\/a>. O mesmo vale para produtos qu\u00edmicos fortes, que n\u00e3o s\u00e3o adequados para a limpeza do inox.<\/p>\n<h3>Contato com objetos abrasivos<\/h3>\n<p>A camada passiva \u00e9 bem fina e aderente ao a\u00e7o inox, sendo que qualquer material abrasivo pode remover partes dessa camada, criando pontos em que o a\u00e7o pode sofrer corros\u00e3o novamente. Por isso, \u00e9 importante ter cuidado redobrado ao manusear esse material.<\/p>\n<h3>Falta de manuten\u00e7\u00e3o<\/h3>\n<p>Mesmo com todo o cuidado, a camada passiva do a\u00e7o inox tende a ser danificada com o tempo. Para evitar que ela se perca, \u00e9 importante fazer a manuten\u00e7\u00e3o adequada do a\u00e7o inox, que consiste na limpeza \u2014 em alguns casos, a reposi\u00e7\u00e3o \u2014 dessa camada por meio de processos qu\u00edmicos.<\/p>\n<h2>Como refor\u00e7ar e manter a camada passiva em ambientes corrosivos?<\/h2>\n<p>Em locais pr\u00f3ximos ao mar ou em ambientes com propriedades que possam prejudicar o inox, \u00e9 importante considerar algumas medidas de conserva\u00e7\u00e3o. A seguir, listamos os principais cuidados.<\/p>\n<h3>Limpeza adequada<\/h3>\n<p>Como mencionamos, a limpeza do a\u00e7o inoxid\u00e1vel \u00e9 fundamental para preservar a camada passiva. Assim, voc\u00ea evita o ac\u00famulo de sujeira e part\u00edculas que poderiam causar ranhuras ou outros danos a essa camada. Vale lembrar que \u00e9 necess\u00e1rio usar apenas produtos espec\u00edficos para limpeza de inox.<\/p>\n<h3>Controlar a exposi\u00e7\u00e3o<\/h3>\n<p>Voc\u00ea tamb\u00e9m pode reduzir o risco de corros\u00e3o diminuindo a exposi\u00e7\u00e3o do inox a fatores externos prejudiciais. Alguns exemplos s\u00e3o deixar as janelas fechadas ao longo do dia para evitar a salinidade no ar e cobrir objetos enquanto n\u00e3o s\u00e3o utilizados. Essas medidas prolongam a vida \u00fatil do material e reduzem o custo de manuten\u00e7\u00e3o.<\/p>\n<h3>Reaplica\u00e7\u00e3o da camada passiva<\/h3>\n<p>Por fim, \u00e9 necess\u00e1rio reaplicar a camada passiva de inox de tempos em tempos para garantir a prote\u00e7\u00e3o adequada. Esse processo consiste em remover a camada presente, reaplicar o cromo e promover as rea\u00e7\u00f5es qu\u00edmicas necess\u00e1rias novamente.<\/p>\n<p>Agora, voc\u00ea sabe mais sobre a camada passiva do a\u00e7o inox. \u00c9 um processo que pode ser induzido ou ocorrer espontaneamente, oferecendo ao material uma resist\u00eancia superior \u00e0 oxida\u00e7\u00e3o. Essa propriedade \u00e9 importante em qualquer projeto que fa\u00e7a uso de a\u00e7o.<\/p>\n<p>Quer continuar aprendendo mais sobre as aplica\u00e7\u00f5es do a\u00e7o? Ent\u00e3o, siga o Grupo A\u00e7o Cearense no\u00a0<a href=\"https:\/\/www.facebook.com\/grupoacocearense\" target=\"_blank\" rel=\"noopener noreferrer\">Facebook<\/a>,\u00a0<a href=\"http:\/\/www.youtube.com\/grupoacocearense\" target=\"_blank\" rel=\"noopener noreferrer\">YouTube<\/a>,\u00a0<a href=\"https:\/\/instagram.com\/grupoacocearense\" target=\"_blank\" rel=\"noopener noreferrer\">Instagram<\/a>\u00a0e\u00a0<a href=\"https:\/\/www.linkedin.com\/company\/grupo-a%C3%A7o-cearense\/\" target=\"_blank\" rel=\"noopener noreferrer\">LinkedIn<\/a>!<\/p>\n","protected":false},"excerpt":{"rendered":"<p>O a\u00e7o inoxid\u00e1vel \u00e9 uma liga met\u00e1lica conhecida por n\u00e3o oxidar t\u00e3o f\u00e1cil, ou seja,(&#8230;)<\/p>\n","protected":false},"author":1,"featured_media":1659,"comment_status":"open","ping_status":"open","sticky":false,"template":"","format":"standard","meta":{"_acf_changed":false,"inline_featured_image":false,"footnotes":""},"categories":[27],"tags":[],"class_list":["post-1671","post","type-post","status-publish","format-standard","has-post-thumbnail","hentry","category-abrindo-o-negocio"],"acf":[],"yoast_head":"<!-- This site is optimized with the Yoast SEO plugin v25.9 - https:\/\/yoast.com\/wordpress\/plugins\/seo\/ -->\n<title>O que \u00e9 e para que serve a camada passiva do a\u00e7o inox? - Grupo A\u00e7o Cearense<\/title>\n<meta name=\"robots\" content=\"index, follow, max-snippet:-1, max-image-preview:large, max-video-preview:-1\" \/>\n<link rel=\"canonical\" href=\"https:\/\/previews.elleven.digital\/acocearense\/o-que-e-e-para-que-serve-a-camada-passiva-do-aco-inox\/\" \/>\n<meta property=\"og:locale\" content=\"pt_BR\" \/>\n<meta property=\"og:type\" content=\"article\" \/>\n<meta property=\"og:title\" content=\"O que \u00e9 e para que serve a camada passiva do a\u00e7o inox? - Grupo A\u00e7o Cearense\" \/>\n<meta property=\"og:description\" content=\"O a\u00e7o inoxid\u00e1vel \u00e9 uma liga met\u00e1lica conhecida por n\u00e3o oxidar t\u00e3o f\u00e1cil, ou seja,(...)\" \/>\n<meta property=\"og:url\" content=\"https:\/\/previews.elleven.digital\/acocearense\/o-que-e-e-para-que-serve-a-camada-passiva-do-aco-inox\/\" \/>\n<meta property=\"og:site_name\" content=\"Grupo A\u00e7o Cearense\" \/>\n<meta property=\"article:published_time\" content=\"2025-02-18T17:02:08+00:00\" \/>\n<meta property=\"article:modified_time\" content=\"2025-05-07T17:02:34+00:00\" \/>\n<meta property=\"og:image\" content=\"https:\/\/previews.elleven.digital\/acocearense\/wp-content\/uploads\/2025\/05\/acocearensecomercial_grupoacocearense_image_273.jpeg\" \/>\n\t<meta property=\"og:image:width\" content=\"800\" \/>\n\t<meta property=\"og:image:height\" content=\"600\" \/>\n\t<meta property=\"og:image:type\" content=\"image\/jpeg\" \/>\n<meta name=\"author\" content=\"elleven\" \/>\n<meta name=\"twitter:card\" content=\"summary_large_image\" \/>\n<meta name=\"twitter:label1\" content=\"Escrito por\" \/>\n\t<meta name=\"twitter:data1\" content=\"elleven\" \/>\n\t<meta name=\"twitter:label2\" content=\"Est. tempo de leitura\" \/>\n\t<meta name=\"twitter:data2\" content=\"6 minutos\" \/>\n<script type=\"application\/ld+json\" class=\"yoast-schema-graph\">{\"@context\":\"https:\/\/schema.org\",\"@graph\":[{\"@type\":\"WebPage\",\"@id\":\"https:\/\/previews.elleven.digital\/acocearense\/o-que-e-e-para-que-serve-a-camada-passiva-do-aco-inox\/\",\"url\":\"https:\/\/previews.elleven.digital\/acocearense\/o-que-e-e-para-que-serve-a-camada-passiva-do-aco-inox\/\",\"name\":\"O que \u00e9 e para que serve a camada passiva do a\u00e7o inox? - Grupo A\u00e7o Cearense\",\"isPartOf\":{\"@id\":\"https:\/\/previews.elleven.digital\/acocearense\/#website\"},\"primaryImageOfPage\":{\"@id\":\"https:\/\/previews.elleven.digital\/acocearense\/o-que-e-e-para-que-serve-a-camada-passiva-do-aco-inox\/#primaryimage\"},\"image\":{\"@id\":\"https:\/\/previews.elleven.digital\/acocearense\/o-que-e-e-para-que-serve-a-camada-passiva-do-aco-inox\/#primaryimage\"},\"thumbnailUrl\":\"https:\/\/previews.elleven.digital\/acocearense\/wp-content\/uploads\/2025\/05\/acocearensecomercial_grupoacocearense_image_273.jpeg\",\"datePublished\":\"2025-02-18T17:02:08+00:00\",\"dateModified\":\"2025-05-07T17:02:34+00:00\",\"author\":{\"@id\":\"https:\/\/previews.elleven.digital\/acocearense\/#\/schema\/person\/8e9165eb3c33e0860485c7c5fc06a701\"},\"breadcrumb\":{\"@id\":\"https:\/\/previews.elleven.digital\/acocearense\/o-que-e-e-para-que-serve-a-camada-passiva-do-aco-inox\/#breadcrumb\"},\"inLanguage\":\"pt-BR\",\"potentialAction\":[{\"@type\":\"ReadAction\",\"target\":[\"https:\/\/previews.elleven.digital\/acocearense\/o-que-e-e-para-que-serve-a-camada-passiva-do-aco-inox\/\"]}]},{\"@type\":\"ImageObject\",\"inLanguage\":\"pt-BR\",\"@id\":\"https:\/\/previews.elleven.digital\/acocearense\/o-que-e-e-para-que-serve-a-camada-passiva-do-aco-inox\/#primaryimage\",\"url\":\"https:\/\/previews.elleven.digital\/acocearense\/wp-content\/uploads\/2025\/05\/acocearensecomercial_grupoacocearense_image_273.jpeg\",\"contentUrl\":\"https:\/\/previews.elleven.digital\/acocearense\/wp-content\/uploads\/2025\/05\/acocearensecomercial_grupoacocearense_image_273.jpeg\",\"width\":800,\"height\":600},{\"@type\":\"BreadcrumbList\",\"@id\":\"https:\/\/previews.elleven.digital\/acocearense\/o-que-e-e-para-que-serve-a-camada-passiva-do-aco-inox\/#breadcrumb\",\"itemListElement\":[{\"@type\":\"ListItem\",\"position\":1,\"name\":\"In\u00edcio\",\"item\":\"https:\/\/previews.elleven.digital\/acocearense\/\"},{\"@type\":\"ListItem\",\"position\":2,\"name\":\"O que \u00e9 e para que serve a camada passiva do a\u00e7o inox?\"}]},{\"@type\":\"WebSite\",\"@id\":\"https:\/\/previews.elleven.digital\/acocearense\/#website\",\"url\":\"https:\/\/previews.elleven.digital\/acocearense\/\",\"name\":\"A\u00e7o Cearense\",\"description\":\"H\u00e1 mais de 45 anos no mercado brasileiro do a\u00e7o.\",\"alternateName\":\"A\u00e7o Cearense\",\"potentialAction\":[{\"@type\":\"SearchAction\",\"target\":{\"@type\":\"EntryPoint\",\"urlTemplate\":\"https:\/\/previews.elleven.digital\/acocearense\/?s={search_term_string}\"},\"query-input\":{\"@type\":\"PropertyValueSpecification\",\"valueRequired\":true,\"valueName\":\"search_term_string\"}}],\"inLanguage\":\"pt-BR\"},{\"@type\":\"Person\",\"@id\":\"https:\/\/previews.elleven.digital\/acocearense\/#\/schema\/person\/8e9165eb3c33e0860485c7c5fc06a701\",\"name\":\"elleven\",\"image\":{\"@type\":\"ImageObject\",\"inLanguage\":\"pt-BR\",\"@id\":\"https:\/\/previews.elleven.digital\/acocearense\/#\/schema\/person\/image\/\",\"url\":\"https:\/\/secure.gravatar.com\/avatar\/2a6afb49d9ecfed5dbc6c9606ce318b8bd07c077835179bddfd5d8209c03cb29?s=96&d=mm&r=g\",\"contentUrl\":\"https:\/\/secure.gravatar.com\/avatar\/2a6afb49d9ecfed5dbc6c9606ce318b8bd07c077835179bddfd5d8209c03cb29?s=96&d=mm&r=g\",\"caption\":\"elleven\"},\"sameAs\":[\"http:\/\/localhost\/acocearense\"],\"url\":\"https:\/\/previews.elleven.digital\/acocearense\/author\/elleven\/\"}]}<\/script>\n<!-- \/ Yoast SEO plugin. -->","yoast_head_json":{"title":"O que \u00e9 e para que serve a camada passiva do a\u00e7o inox? - Grupo A\u00e7o Cearense","robots":{"index":"index","follow":"follow","max-snippet":"max-snippet:-1","max-image-preview":"max-image-preview:large","max-video-preview":"max-video-preview:-1"},"canonical":"https:\/\/previews.elleven.digital\/acocearense\/o-que-e-e-para-que-serve-a-camada-passiva-do-aco-inox\/","og_locale":"pt_BR","og_type":"article","og_title":"O que \u00e9 e para que serve a camada passiva do a\u00e7o inox? - Grupo A\u00e7o Cearense","og_description":"O a\u00e7o inoxid\u00e1vel \u00e9 uma liga met\u00e1lica conhecida por n\u00e3o oxidar t\u00e3o f\u00e1cil, ou seja,(...)","og_url":"https:\/\/previews.elleven.digital\/acocearense\/o-que-e-e-para-que-serve-a-camada-passiva-do-aco-inox\/","og_site_name":"Grupo A\u00e7o Cearense","article_published_time":"2025-02-18T17:02:08+00:00","article_modified_time":"2025-05-07T17:02:34+00:00","og_image":[{"width":800,"height":600,"url":"https:\/\/previews.elleven.digital\/acocearense\/wp-content\/uploads\/2025\/05\/acocearensecomercial_grupoacocearense_image_273.jpeg","type":"image\/jpeg"}],"author":"elleven","twitter_card":"summary_large_image","twitter_misc":{"Escrito por":"elleven","Est. tempo de leitura":"6 minutos"},"schema":{"@context":"https:\/\/schema.org","@graph":[{"@type":"WebPage","@id":"https:\/\/previews.elleven.digital\/acocearense\/o-que-e-e-para-que-serve-a-camada-passiva-do-aco-inox\/","url":"https:\/\/previews.elleven.digital\/acocearense\/o-que-e-e-para-que-serve-a-camada-passiva-do-aco-inox\/","name":"O que \u00e9 e para que serve a camada passiva do a\u00e7o inox? - Grupo A\u00e7o Cearense","isPartOf":{"@id":"https:\/\/previews.elleven.digital\/acocearense\/#website"},"primaryImageOfPage":{"@id":"https:\/\/previews.elleven.digital\/acocearense\/o-que-e-e-para-que-serve-a-camada-passiva-do-aco-inox\/#primaryimage"},"image":{"@id":"https:\/\/previews.elleven.digital\/acocearense\/o-que-e-e-para-que-serve-a-camada-passiva-do-aco-inox\/#primaryimage"},"thumbnailUrl":"https:\/\/previews.elleven.digital\/acocearense\/wp-content\/uploads\/2025\/05\/acocearensecomercial_grupoacocearense_image_273.jpeg","datePublished":"2025-02-18T17:02:08+00:00","dateModified":"2025-05-07T17:02:34+00:00","author":{"@id":"https:\/\/previews.elleven.digital\/acocearense\/#\/schema\/person\/8e9165eb3c33e0860485c7c5fc06a701"},"breadcrumb":{"@id":"https:\/\/previews.elleven.digital\/acocearense\/o-que-e-e-para-que-serve-a-camada-passiva-do-aco-inox\/#breadcrumb"},"inLanguage":"pt-BR","potentialAction":[{"@type":"ReadAction","target":["https:\/\/previews.elleven.digital\/acocearense\/o-que-e-e-para-que-serve-a-camada-passiva-do-aco-inox\/"]}]},{"@type":"ImageObject","inLanguage":"pt-BR","@id":"https:\/\/previews.elleven.digital\/acocearense\/o-que-e-e-para-que-serve-a-camada-passiva-do-aco-inox\/#primaryimage","url":"https:\/\/previews.elleven.digital\/acocearense\/wp-content\/uploads\/2025\/05\/acocearensecomercial_grupoacocearense_image_273.jpeg","contentUrl":"https:\/\/previews.elleven.digital\/acocearense\/wp-content\/uploads\/2025\/05\/acocearensecomercial_grupoacocearense_image_273.jpeg","width":800,"height":600},{"@type":"BreadcrumbList","@id":"https:\/\/previews.elleven.digital\/acocearense\/o-que-e-e-para-que-serve-a-camada-passiva-do-aco-inox\/#breadcrumb","itemListElement":[{"@type":"ListItem","position":1,"name":"In\u00edcio","item":"https:\/\/previews.elleven.digital\/acocearense\/"},{"@type":"ListItem","position":2,"name":"O que \u00e9 e para que serve a camada passiva do a\u00e7o inox?"}]},{"@type":"WebSite","@id":"https:\/\/previews.elleven.digital\/acocearense\/#website","url":"https:\/\/previews.elleven.digital\/acocearense\/","name":"A\u00e7o Cearense","description":"H\u00e1 mais de 45 anos no mercado brasileiro do a\u00e7o.","alternateName":"A\u00e7o Cearense","potentialAction":[{"@type":"SearchAction","target":{"@type":"EntryPoint","urlTemplate":"https:\/\/previews.elleven.digital\/acocearense\/?s={search_term_string}"},"query-input":{"@type":"PropertyValueSpecification","valueRequired":true,"valueName":"search_term_string"}}],"inLanguage":"pt-BR"},{"@type":"Person","@id":"https:\/\/previews.elleven.digital\/acocearense\/#\/schema\/person\/8e9165eb3c33e0860485c7c5fc06a701","name":"elleven","image":{"@type":"ImageObject","inLanguage":"pt-BR","@id":"https:\/\/previews.elleven.digital\/acocearense\/#\/schema\/person\/image\/","url":"https:\/\/secure.gravatar.com\/avatar\/2a6afb49d9ecfed5dbc6c9606ce318b8bd07c077835179bddfd5d8209c03cb29?s=96&d=mm&r=g","contentUrl":"https:\/\/secure.gravatar.com\/avatar\/2a6afb49d9ecfed5dbc6c9606ce318b8bd07c077835179bddfd5d8209c03cb29?s=96&d=mm&r=g","caption":"elleven"},"sameAs":["http:\/\/localhost\/acocearense"],"url":"https:\/\/previews.elleven.digital\/acocearense\/author\/elleven\/"}]}},"_links":{"self":[{"href":"https:\/\/previews.elleven.digital\/acocearense\/wp-json\/wp\/v2\/posts\/1671","targetHints":{"allow":["GET"]}}],"collection":[{"href":"https:\/\/previews.elleven.digital\/acocearense\/wp-json\/wp\/v2\/posts"}],"about":[{"href":"https:\/\/previews.elleven.digital\/acocearense\/wp-json\/wp\/v2\/types\/post"}],"author":[{"embeddable":true,"href":"https:\/\/previews.elleven.digital\/acocearense\/wp-json\/wp\/v2\/users\/1"}],"replies":[{"embeddable":true,"href":"https:\/\/previews.elleven.digital\/acocearense\/wp-json\/wp\/v2\/comments?post=1671"}],"version-history":[{"count":1,"href":"https:\/\/previews.elleven.digital\/acocearense\/wp-json\/wp\/v2\/posts\/1671\/revisions"}],"predecessor-version":[{"id":1672,"href":"https:\/\/previews.elleven.digital\/acocearense\/wp-json\/wp\/v2\/posts\/1671\/revisions\/1672"}],"wp:featuredmedia":[{"embeddable":true,"href":"https:\/\/previews.elleven.digital\/acocearense\/wp-json\/wp\/v2\/media\/1659"}],"wp:attachment":[{"href":"https:\/\/previews.elleven.digital\/acocearense\/wp-json\/wp\/v2\/media?parent=1671"}],"wp:term":[{"taxonomy":"category","embeddable":true,"href":"https:\/\/previews.elleven.digital\/acocearense\/wp-json\/wp\/v2\/categories?post=1671"},{"taxonomy":"post_tag","embeddable":true,"href":"https:\/\/previews.elleven.digital\/acocearense\/wp-json\/wp\/v2\/tags?post=1671"}],"curies":[{"name":"wp","href":"https:\/\/api.w.org\/{rel}","templated":true}]}}