{"id":1665,"date":"2025-02-12T14:00:43","date_gmt":"2025-02-12T17:00:43","guid":{"rendered":"https:\/\/previews.elleven.digital\/acocearense\/?p=1665"},"modified":"2025-05-07T14:01:01","modified_gmt":"2025-05-07T17:01:01","slug":"saiba-como-lidar-com-a-sazonalidade-no-seu-negocio","status":"publish","type":"post","link":"https:\/\/previews.elleven.digital\/acocearense\/saiba-como-lidar-com-a-sazonalidade-no-seu-negocio\/","title":{"rendered":"Saiba como lidar com a sazonalidade no seu neg\u00f3cio"},"content":{"rendered":"<p>Estar pronto para qualquer sazonalidade \u00e9 parte importante do trabalho de empreendedores e gestores dos mais diversos segmentos de mercado. Mas ser\u00e1 que o que esse conceito abrange est\u00e1 bem claro na mente dos profissionais de todas as \u00e1reas de um neg\u00f3cio?<\/p>\n<p>Afinal, n\u00e3o se trata apenas do comercial saber quais s\u00e3o os momentos de baixa e alta nas vendas para se ajustar. Os demais setores do empreendimento tamb\u00e9m precisam lidar com isso para manter a estabilidade tanto financeira quanto operacional.<\/p>\n<p>Veja a seguir o que fazer nessa situa\u00e7\u00e3o e mais!<\/p>\n<h2>O que \u00e9 sazonalidade nos neg\u00f3cios?<\/h2>\n<p>Sazonalidade nos neg\u00f3cios \u00e9 a varia\u00e7\u00e3o na demanda por produtos ou servi\u00e7os em determinados per\u00edodos do ano. Isso acontece devido a fatores como datas comemorativas, esta\u00e7\u00f5es do ano ou tend\u00eancias de consumo. Para algo ser sazonal \u00e9 preciso ocorrer em intervalos espec\u00edficos, intercalando per\u00edodos sem acontecer.<\/p>\n<p>Um exemplo \u00e9 o\u00a0<a href=\"https:\/\/previews.elleven.digital\/acocearense\/blog\/gestao\/dicas-essenciais-para-definir-metas-de-vendas-na-sua-empresa\/\" target=\"_blank\" rel=\"noopener noreferrer\">aumento de vendas<\/a>\u00a0de determinados produtos associados a feriados e festividades ou quedas na demanda devido a um clima extremo. Assim, vale perceber que os neg\u00f3cios podem encontrar situa\u00e7\u00f5es positivas e negativas associadas a isso. Todavia, ambas exigem que a opera\u00e7\u00e3o se adapte.<\/p>\n<h2>Como ela afeta diferentes setores empresariais?<\/h2>\n<p>As sazonalidades s\u00e3o vistas pela \u00f3tica do setor comercial, j\u00e1 que aumentam ou diminuem as vendas. Entretanto, \u00e9 importante perceber que esse contexto afeta os demais departamentos de uma empresa.<\/p>\n<p>Para que um produto chegue at\u00e9 o cliente, insumos para sua produ\u00e7\u00e3o ou o item pronto precisa ser adquirido pelo neg\u00f3cio. Dessa forma, a \u00e1rea de compras tem que estar a par de quando essas varia\u00e7\u00f5es ocorrem para n\u00e3o faltar ou sobrar.<\/p>\n<p>O financeiro tamb\u00e9m \u00e9 atingido tanto pelas quedas de receitas nas fases baixas quanto pela necessidade de investimento para atender os momentos de alta. Como efeito, cabe ter\u00a0<a href=\"https:\/\/previews.elleven.digital\/acocearense\/blog\/vender-mais\/importancia-da-reserva-de-emergencia-para-o-crescimento-da-sua-empresa\/\" target=\"_blank\" rel=\"noopener noreferrer\">reservas<\/a>\u00a0para arcar com as despesas fixas quando estiver em baixa e evitar problemas de liquidez nos momentos de alta.<\/p>\n<p>O time de marketing \u00e9 outro que deve se antecipar a essas circunst\u00e2ncias, elaborando campanhas e estrat\u00e9gias conforme o quadro. Por sua vez, o RH tem a oportunidade de usar novos modelos de contrata\u00e7\u00e3o \u2014 a exemplo do intermitente \u2014 para regular a m\u00e3o-de-obra.<\/p>\n<h2>Quais s\u00e3o as melhores estrat\u00e9gias para lidar com sazonais?<\/h2>\n<p>Muitos aspectos s\u00e3o afetados por oscila\u00e7\u00f5es causadas pela sazonalidade, exigindo que empresas apliquem estrat\u00e9gias para responder a elas. Confira como lidar com momentos sazonais!<\/p>\n<h3>Diversifique produtos e servi\u00e7os<\/h3>\n<p>A composi\u00e7\u00e3o do portf\u00f3lio de solu\u00e7\u00f5es de uma empresa \u00e9 uma atividade extremamente estrat\u00e9gica. Por um lado, o alinhamento com o perfil de cliente e o posicionamento de marketing dependem de focar no que realmente se alinha \u00e0 marca. Por outro, ele deve ser variado o suficiente para atender as sazonalidades e ampliar as chances de vender.<\/p>\n<p>Isto \u00e9, conter op\u00e7\u00f5es que mantenham um interesse cont\u00ednuo e disponibilizar outras conforme a flutua\u00e7\u00e3o do mercado, bem como sua diversidade. Na pr\u00e1tica, essa ideia exige um acompanhamento das\u00a0<a href=\"https:\/\/previews.elleven.digital\/acocearense\/blog\/vendas\/metas-de-vendas\/\" target=\"_blank\" rel=\"noopener noreferrer\">vendas<\/a>\u00a0por item e um comparativo entre intervalos iguais de tempo para planejar sua forma\u00e7\u00e3o.<\/p>\n<h3>Planeje a movimenta\u00e7\u00e3o financeira<\/h3>\n<p>N\u00e3o \u00e9 por acaso que o financeiro \u00e9 o departamento das empresas que mais recebe aten\u00e7\u00e3o de gestores e empreendedores. Afinal, \u00e9 nele que acontecem muitas das situa\u00e7\u00f5es que podem quebrar um neg\u00f3cio.<\/p>\n<p>Um exemplo \u00e9 a falta de liquidez. Tanto o pouco faturamento quanto a ampla necessidade de investimento geram tal quadro. Entretanto, ele pode ser evitado com um planejamento adequado, especialmente nos cen\u00e1rios mais comuns que levam \u00e0 falta de liquidez.<\/p>\n<p>A come\u00e7ar pelas compras. Basicamente, essa \u00e1rea sinaliza que aumentar\u00e1 as despesas na alta demanda com anteced\u00eancia, indicando quando vai precisar de recursos para abastecer a produ\u00e7\u00e3o ou o ponto de venda. A partir disso, o setor respons\u00e1vel pelo pagamento deve separar valores capazes de cobrir essa estimativa na hora certa.<\/p>\n<p>Alternativamente, se o comercial indica que determinados meses t\u00eam uma menor entrada de caixa, tamb\u00e9m cabe fazer reservas para esses momentos com os lucros decorrentes da sazonalidade positiva.<\/p>\n<h3>Direcione as a\u00e7\u00f5es de marketing para produtos secund\u00e1rios<\/h3>\n<p>O sucesso de um portf\u00f3lio variado depende de uma boa divulga\u00e7\u00e3o dele, visto que alguns itens podem chamar mais aten\u00e7\u00e3o, associando a marca apenas a eles e deixando outros parados no estoque. Assim, se s\u00f3 uma das op\u00e7\u00f5es representa grande parte do faturamento de um neg\u00f3cio e ela est\u00e1 sujeita a sazonalidades, os ganhos v\u00e3o cair.<\/p>\n<p>Um departamento de marketing que est\u00e1 preparado para oscila\u00e7\u00f5es pode trabalhar com campanhas para dar foco aos demais produtos ou servi\u00e7os, reduzindo a baixa dos momentos com menor interesse no produto ou servi\u00e7o principal.<\/p>\n<p>Outro ponto \u00e9 o balanceamento do or\u00e7amento do setor entre picos e quedas. A ideia \u00e9 colocar mais recursos quando h\u00e1 expectativa de maior retorno, bem como antecipar essas a\u00e7\u00f5es para que elas atinjam um p\u00fablico amplo.<\/p>\n<h3>Mantenha uma boa gest\u00e3o de estoques e prazos de recebimento<\/h3>\n<p>O sucesso das \u00e1reas do financeiro e comercial em per\u00edodos de sazonalidade depende da execu\u00e7\u00e3o de uma\u00a0<a href=\"https:\/\/previews.elleven.digital\/acocearense\/blog\/gestao-de-estoque\/3-principais-pecados-na-hora-de-gerir-seu-estoque\/\" target=\"_blank\" rel=\"noopener noreferrer\">gest\u00e3o adequada dos estoques<\/a>.<\/p>\n<p>A l\u00f3gica \u00e9 simples: n\u00e3o pode faltar nenhum item, exigindo que clientes sejam recusados ou perdidos. Da mesma maneira, n\u00e3o \u00e9 bom gastar demais sem ter retorno. Ou seja, \u00e9 preciso analisar com exatid\u00e3o o hist\u00f3rico, os\u00a0<a href=\"https:\/\/previews.elleven.digital\/acocearense\/blog\/gestao-de-estoque\/indicadores-de-estoque\/\" target=\"_blank\" rel=\"noopener noreferrer\">indicadores<\/a>\u00a0e as tend\u00eancias para garantir que a quantidade necess\u00e1ria chegue no momento certo.<\/p>\n<p>Logo, os prazos de recebimento tamb\u00e9m est\u00e3o sob a responsabilidade desse setor e influenciam no gerenciamento e na prontid\u00e3o das entregas. Frente a isso, uma medida \u00fatil \u00e9 mapear todo ciclo log\u00edstico junto aos\u00a0<a href=\"https:\/\/previews.elleven.digital\/acocearense\/blog\/gestao\/gestao-de-fornecedores\/\" target=\"_blank\" rel=\"noopener noreferrer\">fornecedores<\/a>\u00a0para antecipar os pedidos ou aplicar multas em caso de atraso.<\/p>\n<h2>Qual a import\u00e2ncia do planejamento estrat\u00e9gico nesse contexto?<\/h2>\n<p>Colocar em pr\u00e1tica medidas para lidar com a sazonalidade envolve um planejamento estrat\u00e9gico cont\u00ednuo e integrado, que abrange desde antecipar tend\u00eancias at\u00e9 garantir que cada parte realize as tarefas que precisa.<\/p>\n<p>Sua import\u00e2ncia est\u00e1 mais que evidente. Basta perceber que nos momentos de alta ou de baixa s\u00e3o necess\u00e1rias a\u00e7\u00f5es pr\u00e9vias para que a empresa n\u00e3o sofra com os impactos negativos da sazonalidade.<\/p>\n<p>Todos os elos da cadeia de produ\u00e7\u00e3o podem ser afetados negativamente pela sazonalidade. Diante disso, \u00e9 preciso aplicar estrat\u00e9gias que minimizem seus efeitos, a partir de um planejamento cont\u00ednuo e integrado entre as diversas \u00e1reas da empresa.<\/p>\n<p>Acompanhe mais dicas, informa\u00e7\u00f5es e solu\u00e7\u00f5es para poss\u00edveis d\u00favidas em nossas redes sociais. Visite nosso\u00a0<a href=\"https:\/\/www.facebook.com\/grupoacocearense\" target=\"_blank\" rel=\"noopener noreferrer\">Facebook<\/a>,\u00a0<a href=\"https:\/\/www.youtube.com\/grupoacocearense\" target=\"_blank\" rel=\"noopener noreferrer\">YouTube<\/a>,\u00a0<a href=\"https:\/\/www.instagram.com\/grupoacocearense\" target=\"_blank\" rel=\"noopener noreferrer\">Instagram<\/a>\u00a0e\u00a0<a href=\"https:\/\/www.linkedin.com\/company\/grupo-a%C3%A7o-cearense\/\" target=\"_blank\" rel=\"noopener noreferrer\">LinkedIn<\/a>!<\/p>\n","protected":false},"excerpt":{"rendered":"<p>Estar pronto para qualquer sazonalidade \u00e9 parte importante do trabalho de empreendedores e gestores dos(&#8230;)<\/p>\n","protected":false},"author":1,"featured_media":1662,"comment_status":"open","ping_status":"open","sticky":false,"template":"","format":"standard","meta":{"_acf_changed":false,"inline_featured_image":false,"footnotes":""},"categories":[27,28],"tags":[],"class_list":["post-1665","post","type-post","status-publish","format-standard","has-post-thumbnail","hentry","category-abrindo-o-negocio","category-gestao"],"acf":[],"yoast_head":"<!-- This site is optimized with the Yoast SEO plugin v25.9 - https:\/\/yoast.com\/wordpress\/plugins\/seo\/ -->\n<title>Saiba como lidar com a sazonalidade no seu neg\u00f3cio - Grupo A\u00e7o Cearense<\/title>\n<meta name=\"robots\" content=\"index, follow, max-snippet:-1, max-image-preview:large, max-video-preview:-1\" \/>\n<link rel=\"canonical\" href=\"https:\/\/previews.elleven.digital\/acocearense\/saiba-como-lidar-com-a-sazonalidade-no-seu-negocio\/\" \/>\n<meta property=\"og:locale\" content=\"pt_BR\" \/>\n<meta property=\"og:type\" content=\"article\" \/>\n<meta property=\"og:title\" content=\"Saiba como lidar com a sazonalidade no seu neg\u00f3cio - Grupo A\u00e7o Cearense\" \/>\n<meta property=\"og:description\" content=\"Estar pronto para qualquer sazonalidade \u00e9 parte importante do trabalho de empreendedores e gestores dos(...)\" \/>\n<meta property=\"og:url\" content=\"https:\/\/previews.elleven.digital\/acocearense\/saiba-como-lidar-com-a-sazonalidade-no-seu-negocio\/\" \/>\n<meta property=\"og:site_name\" content=\"Grupo A\u00e7o Cearense\" \/>\n<meta property=\"article:published_time\" content=\"2025-02-12T17:00:43+00:00\" \/>\n<meta property=\"article:modified_time\" content=\"2025-05-07T17:01:01+00:00\" \/>\n<meta property=\"og:image\" content=\"https:\/\/previews.elleven.digital\/acocearense\/wp-content\/uploads\/2025\/05\/acocearensecomercial_grupoacocearense_image_862.jpeg\" \/>\n\t<meta property=\"og:image:width\" content=\"800\" \/>\n\t<meta property=\"og:image:height\" content=\"600\" \/>\n\t<meta property=\"og:image:type\" content=\"image\/jpeg\" \/>\n<meta name=\"author\" content=\"elleven\" \/>\n<meta name=\"twitter:card\" content=\"summary_large_image\" \/>\n<meta name=\"twitter:label1\" content=\"Escrito por\" \/>\n\t<meta name=\"twitter:data1\" content=\"elleven\" \/>\n\t<meta name=\"twitter:label2\" content=\"Est. tempo de leitura\" \/>\n\t<meta name=\"twitter:data2\" content=\"6 minutos\" \/>\n<script type=\"application\/ld+json\" class=\"yoast-schema-graph\">{\"@context\":\"https:\/\/schema.org\",\"@graph\":[{\"@type\":\"WebPage\",\"@id\":\"https:\/\/previews.elleven.digital\/acocearense\/saiba-como-lidar-com-a-sazonalidade-no-seu-negocio\/\",\"url\":\"https:\/\/previews.elleven.digital\/acocearense\/saiba-como-lidar-com-a-sazonalidade-no-seu-negocio\/\",\"name\":\"Saiba como lidar com a sazonalidade no seu neg\u00f3cio - Grupo A\u00e7o Cearense\",\"isPartOf\":{\"@id\":\"https:\/\/previews.elleven.digital\/acocearense\/#website\"},\"primaryImageOfPage\":{\"@id\":\"https:\/\/previews.elleven.digital\/acocearense\/saiba-como-lidar-com-a-sazonalidade-no-seu-negocio\/#primaryimage\"},\"image\":{\"@id\":\"https:\/\/previews.elleven.digital\/acocearense\/saiba-como-lidar-com-a-sazonalidade-no-seu-negocio\/#primaryimage\"},\"thumbnailUrl\":\"https:\/\/previews.elleven.digital\/acocearense\/wp-content\/uploads\/2025\/05\/acocearensecomercial_grupoacocearense_image_862.jpeg\",\"datePublished\":\"2025-02-12T17:00:43+00:00\",\"dateModified\":\"2025-05-07T17:01:01+00:00\",\"author\":{\"@id\":\"https:\/\/previews.elleven.digital\/acocearense\/#\/schema\/person\/8e9165eb3c33e0860485c7c5fc06a701\"},\"breadcrumb\":{\"@id\":\"https:\/\/previews.elleven.digital\/acocearense\/saiba-como-lidar-com-a-sazonalidade-no-seu-negocio\/#breadcrumb\"},\"inLanguage\":\"pt-BR\",\"potentialAction\":[{\"@type\":\"ReadAction\",\"target\":[\"https:\/\/previews.elleven.digital\/acocearense\/saiba-como-lidar-com-a-sazonalidade-no-seu-negocio\/\"]}]},{\"@type\":\"ImageObject\",\"inLanguage\":\"pt-BR\",\"@id\":\"https:\/\/previews.elleven.digital\/acocearense\/saiba-como-lidar-com-a-sazonalidade-no-seu-negocio\/#primaryimage\",\"url\":\"https:\/\/previews.elleven.digital\/acocearense\/wp-content\/uploads\/2025\/05\/acocearensecomercial_grupoacocearense_image_862.jpeg\",\"contentUrl\":\"https:\/\/previews.elleven.digital\/acocearense\/wp-content\/uploads\/2025\/05\/acocearensecomercial_grupoacocearense_image_862.jpeg\",\"width\":800,\"height\":600},{\"@type\":\"BreadcrumbList\",\"@id\":\"https:\/\/previews.elleven.digital\/acocearense\/saiba-como-lidar-com-a-sazonalidade-no-seu-negocio\/#breadcrumb\",\"itemListElement\":[{\"@type\":\"ListItem\",\"position\":1,\"name\":\"In\u00edcio\",\"item\":\"https:\/\/previews.elleven.digital\/acocearense\/\"},{\"@type\":\"ListItem\",\"position\":2,\"name\":\"Saiba como lidar com a sazonalidade no seu neg\u00f3cio\"}]},{\"@type\":\"WebSite\",\"@id\":\"https:\/\/previews.elleven.digital\/acocearense\/#website\",\"url\":\"https:\/\/previews.elleven.digital\/acocearense\/\",\"name\":\"A\u00e7o Cearense\",\"description\":\"H\u00e1 mais de 45 anos no mercado brasileiro do a\u00e7o.\",\"alternateName\":\"A\u00e7o Cearense\",\"potentialAction\":[{\"@type\":\"SearchAction\",\"target\":{\"@type\":\"EntryPoint\",\"urlTemplate\":\"https:\/\/previews.elleven.digital\/acocearense\/?s={search_term_string}\"},\"query-input\":{\"@type\":\"PropertyValueSpecification\",\"valueRequired\":true,\"valueName\":\"search_term_string\"}}],\"inLanguage\":\"pt-BR\"},{\"@type\":\"Person\",\"@id\":\"https:\/\/previews.elleven.digital\/acocearense\/#\/schema\/person\/8e9165eb3c33e0860485c7c5fc06a701\",\"name\":\"elleven\",\"image\":{\"@type\":\"ImageObject\",\"inLanguage\":\"pt-BR\",\"@id\":\"https:\/\/previews.elleven.digital\/acocearense\/#\/schema\/person\/image\/\",\"url\":\"https:\/\/secure.gravatar.com\/avatar\/2a6afb49d9ecfed5dbc6c9606ce318b8bd07c077835179bddfd5d8209c03cb29?s=96&d=mm&r=g\",\"contentUrl\":\"https:\/\/secure.gravatar.com\/avatar\/2a6afb49d9ecfed5dbc6c9606ce318b8bd07c077835179bddfd5d8209c03cb29?s=96&d=mm&r=g\",\"caption\":\"elleven\"},\"sameAs\":[\"http:\/\/localhost\/acocearense\"],\"url\":\"https:\/\/previews.elleven.digital\/acocearense\/author\/elleven\/\"}]}<\/script>\n<!-- \/ Yoast SEO plugin. -->","yoast_head_json":{"title":"Saiba como lidar com a sazonalidade no seu neg\u00f3cio - Grupo A\u00e7o Cearense","robots":{"index":"index","follow":"follow","max-snippet":"max-snippet:-1","max-image-preview":"max-image-preview:large","max-video-preview":"max-video-preview:-1"},"canonical":"https:\/\/previews.elleven.digital\/acocearense\/saiba-como-lidar-com-a-sazonalidade-no-seu-negocio\/","og_locale":"pt_BR","og_type":"article","og_title":"Saiba como lidar com a sazonalidade no seu neg\u00f3cio - Grupo A\u00e7o Cearense","og_description":"Estar pronto para qualquer sazonalidade \u00e9 parte importante do trabalho de empreendedores e gestores dos(...)","og_url":"https:\/\/previews.elleven.digital\/acocearense\/saiba-como-lidar-com-a-sazonalidade-no-seu-negocio\/","og_site_name":"Grupo A\u00e7o Cearense","article_published_time":"2025-02-12T17:00:43+00:00","article_modified_time":"2025-05-07T17:01:01+00:00","og_image":[{"width":800,"height":600,"url":"https:\/\/previews.elleven.digital\/acocearense\/wp-content\/uploads\/2025\/05\/acocearensecomercial_grupoacocearense_image_862.jpeg","type":"image\/jpeg"}],"author":"elleven","twitter_card":"summary_large_image","twitter_misc":{"Escrito por":"elleven","Est. tempo de leitura":"6 minutos"},"schema":{"@context":"https:\/\/schema.org","@graph":[{"@type":"WebPage","@id":"https:\/\/previews.elleven.digital\/acocearense\/saiba-como-lidar-com-a-sazonalidade-no-seu-negocio\/","url":"https:\/\/previews.elleven.digital\/acocearense\/saiba-como-lidar-com-a-sazonalidade-no-seu-negocio\/","name":"Saiba como lidar com a sazonalidade no seu neg\u00f3cio - Grupo A\u00e7o Cearense","isPartOf":{"@id":"https:\/\/previews.elleven.digital\/acocearense\/#website"},"primaryImageOfPage":{"@id":"https:\/\/previews.elleven.digital\/acocearense\/saiba-como-lidar-com-a-sazonalidade-no-seu-negocio\/#primaryimage"},"image":{"@id":"https:\/\/previews.elleven.digital\/acocearense\/saiba-como-lidar-com-a-sazonalidade-no-seu-negocio\/#primaryimage"},"thumbnailUrl":"https:\/\/previews.elleven.digital\/acocearense\/wp-content\/uploads\/2025\/05\/acocearensecomercial_grupoacocearense_image_862.jpeg","datePublished":"2025-02-12T17:00:43+00:00","dateModified":"2025-05-07T17:01:01+00:00","author":{"@id":"https:\/\/previews.elleven.digital\/acocearense\/#\/schema\/person\/8e9165eb3c33e0860485c7c5fc06a701"},"breadcrumb":{"@id":"https:\/\/previews.elleven.digital\/acocearense\/saiba-como-lidar-com-a-sazonalidade-no-seu-negocio\/#breadcrumb"},"inLanguage":"pt-BR","potentialAction":[{"@type":"ReadAction","target":["https:\/\/previews.elleven.digital\/acocearense\/saiba-como-lidar-com-a-sazonalidade-no-seu-negocio\/"]}]},{"@type":"ImageObject","inLanguage":"pt-BR","@id":"https:\/\/previews.elleven.digital\/acocearense\/saiba-como-lidar-com-a-sazonalidade-no-seu-negocio\/#primaryimage","url":"https:\/\/previews.elleven.digital\/acocearense\/wp-content\/uploads\/2025\/05\/acocearensecomercial_grupoacocearense_image_862.jpeg","contentUrl":"https:\/\/previews.elleven.digital\/acocearense\/wp-content\/uploads\/2025\/05\/acocearensecomercial_grupoacocearense_image_862.jpeg","width":800,"height":600},{"@type":"BreadcrumbList","@id":"https:\/\/previews.elleven.digital\/acocearense\/saiba-como-lidar-com-a-sazonalidade-no-seu-negocio\/#breadcrumb","itemListElement":[{"@type":"ListItem","position":1,"name":"In\u00edcio","item":"https:\/\/previews.elleven.digital\/acocearense\/"},{"@type":"ListItem","position":2,"name":"Saiba como lidar com a sazonalidade no seu neg\u00f3cio"}]},{"@type":"WebSite","@id":"https:\/\/previews.elleven.digital\/acocearense\/#website","url":"https:\/\/previews.elleven.digital\/acocearense\/","name":"A\u00e7o Cearense","description":"H\u00e1 mais de 45 anos no mercado brasileiro do a\u00e7o.","alternateName":"A\u00e7o Cearense","potentialAction":[{"@type":"SearchAction","target":{"@type":"EntryPoint","urlTemplate":"https:\/\/previews.elleven.digital\/acocearense\/?s={search_term_string}"},"query-input":{"@type":"PropertyValueSpecification","valueRequired":true,"valueName":"search_term_string"}}],"inLanguage":"pt-BR"},{"@type":"Person","@id":"https:\/\/previews.elleven.digital\/acocearense\/#\/schema\/person\/8e9165eb3c33e0860485c7c5fc06a701","name":"elleven","image":{"@type":"ImageObject","inLanguage":"pt-BR","@id":"https:\/\/previews.elleven.digital\/acocearense\/#\/schema\/person\/image\/","url":"https:\/\/secure.gravatar.com\/avatar\/2a6afb49d9ecfed5dbc6c9606ce318b8bd07c077835179bddfd5d8209c03cb29?s=96&d=mm&r=g","contentUrl":"https:\/\/secure.gravatar.com\/avatar\/2a6afb49d9ecfed5dbc6c9606ce318b8bd07c077835179bddfd5d8209c03cb29?s=96&d=mm&r=g","caption":"elleven"},"sameAs":["http:\/\/localhost\/acocearense"],"url":"https:\/\/previews.elleven.digital\/acocearense\/author\/elleven\/"}]}},"_links":{"self":[{"href":"https:\/\/previews.elleven.digital\/acocearense\/wp-json\/wp\/v2\/posts\/1665","targetHints":{"allow":["GET"]}}],"collection":[{"href":"https:\/\/previews.elleven.digital\/acocearense\/wp-json\/wp\/v2\/posts"}],"about":[{"href":"https:\/\/previews.elleven.digital\/acocearense\/wp-json\/wp\/v2\/types\/post"}],"author":[{"embeddable":true,"href":"https:\/\/previews.elleven.digital\/acocearense\/wp-json\/wp\/v2\/users\/1"}],"replies":[{"embeddable":true,"href":"https:\/\/previews.elleven.digital\/acocearense\/wp-json\/wp\/v2\/comments?post=1665"}],"version-history":[{"count":1,"href":"https:\/\/previews.elleven.digital\/acocearense\/wp-json\/wp\/v2\/posts\/1665\/revisions"}],"predecessor-version":[{"id":1666,"href":"https:\/\/previews.elleven.digital\/acocearense\/wp-json\/wp\/v2\/posts\/1665\/revisions\/1666"}],"wp:featuredmedia":[{"embeddable":true,"href":"https:\/\/previews.elleven.digital\/acocearense\/wp-json\/wp\/v2\/media\/1662"}],"wp:attachment":[{"href":"https:\/\/previews.elleven.digital\/acocearense\/wp-json\/wp\/v2\/media?parent=1665"}],"wp:term":[{"taxonomy":"category","embeddable":true,"href":"https:\/\/previews.elleven.digital\/acocearense\/wp-json\/wp\/v2\/categories?post=1665"},{"taxonomy":"post_tag","embeddable":true,"href":"https:\/\/previews.elleven.digital\/acocearense\/wp-json\/wp\/v2\/tags?post=1665"}],"curies":[{"name":"wp","href":"https:\/\/api.w.org\/{rel}","templated":true}]}}