{"id":1647,"date":"2025-02-07T13:54:53","date_gmt":"2025-02-07T16:54:53","guid":{"rendered":"https:\/\/previews.elleven.digital\/acocearense\/?p=1647"},"modified":"2025-05-07T13:55:16","modified_gmt":"2025-05-07T16:55:16","slug":"decoracao-industrial-como-transformar-seu-espaco-com-estilo-e-funcionalidade","status":"publish","type":"post","link":"https:\/\/previews.elleven.digital\/acocearense\/decoracao-industrial-como-transformar-seu-espaco-com-estilo-e-funcionalidade\/","title":{"rendered":"Decora\u00e7\u00e3o industrial: como transformar seu espa\u00e7o com estilo e funcionalidade"},"content":{"rendered":"<p>Voc\u00ea sabia que a decora\u00e7\u00e3o industrial \u00e9 um estilo que come\u00e7ou logo depois da depress\u00e3o de 1929? Foi a partir desse per\u00edodo que grandes galp\u00f5es industriais passaram a ser utilizados como resid\u00eancia, e de l\u00e1 para c\u00e1 essa forma de decorar ganhou muitos adeptos ao redor do mundo.<\/p>\n<p>O estilo industrial preza por elementos mais r\u00fasticos, deixando a pessoa \u00e0 vontade para reaproveitar materiais e elaborar um projeto ao mesmo tempo sustent\u00e1vel e original.<\/p>\n<p>Mesmo que n\u00e3o seja para um galp\u00e3o, voc\u00ea pode explorar o estilo industrial para decorar o ambiente. Afinal, tudo vai depender das cores, materiais e elementos acrescentados. Quer entender melhor como isso funciona? Preparamos este conte\u00fado para mostrar como transformar os espa\u00e7os com estilo e funcionalidade.<\/p>\n<p>Continue lendo e veja quais s\u00e3o as caracter\u00edsticas da decora\u00e7\u00e3o industrial e como ela pode ser aplicada na sala de estar, na cozinha, no quarto e at\u00e9 mesmo no banheiro. Ainda, voc\u00ea vai conferir algumas sugest\u00f5es de produtos para criar esse estilo de decora\u00e7\u00e3o.<\/p>\n<h2>O que \u00e9 decora\u00e7\u00e3o industrial?<\/h2>\n<p>O estilo de decora\u00e7\u00e3o industrial \u00e9 uma vertente do design de interiores e da arquitetura que explora elementos utilizados na ind\u00fastria para criar decora\u00e7\u00f5es diferentes. Como voc\u00ea viu na introdu\u00e7\u00e3o, esse estilo nasceu depois da crise de 1929.<\/p>\n<p>Nessa \u00e9poca, a cidade de Nova Iorque teve muitas ind\u00fastrias, galp\u00f5es e f\u00e1bricas abandonadas, geralmente com localiza\u00e7\u00e3o em regi\u00f5es centrais ou \u00e1reas nobres da cidade. A partir da d\u00e9cada de 1970, esses im\u00f3veis come\u00e7aram a ser procurados como uma alternativa residencial e para a instala\u00e7\u00e3o de est\u00fadios art\u00edsticos.<\/p>\n<p>Isso aconteceu em fun\u00e7\u00e3o do pre\u00e7o muito alto dos im\u00f3veis comuns. Al\u00e9m disso, como nesse per\u00edodo a densidade populacional come\u00e7ou a aumentar de forma significativa em Nova Iorque, as pessoas passaram a procurar um novo tipo de moradia e ocuparam essas f\u00e1bricas abandonadas e galp\u00f5es.<\/p>\n<p>Com o tempo, essa op\u00e7\u00e3o de moradia passou a ser conhecida como loft. Na transforma\u00e7\u00e3o desses espa\u00e7os, os elementos industriais costumavam ser preservados. Assim, houve uma mistura de itens como tubula\u00e7\u00f5es aparentes, acabamento em metal envelhecido, tijolos \u00e0 vista e lajes r\u00fasticas com elementos modernos e caracter\u00edsticas de resid\u00eancias tradicionais.<\/p>\n<p>Esse estilo de decora\u00e7\u00e3o foi grandemente aceito e ganhou adeptos ao redor do mundo. Assim, mudou o velho pensamento de que o design de interiores exigia o uso de elementos caros, m\u00f3veis sofisticados e pe\u00e7as decorativas sutis.<\/p>\n<h2>Quais s\u00e3o as principais caracter\u00edsticas da decora\u00e7\u00e3o industrial?<\/h2>\n<p>A principal caracter\u00edstica da decora\u00e7\u00e3o industrial \u00e9 manter ou implementar elementos de arquitetura bruta. Assim, trata-se de um estilo com materiais mais r\u00fasticos, que explora tonalidades neutras e objetos de decora\u00e7\u00e3o inusitados.<\/p>\n<h3>Espa\u00e7os amplos e integrados<\/h3>\n<p>Geralmente, a decora\u00e7\u00e3o industrial se aplica em espa\u00e7os amplos. Afinal, como dissemos, ela se origina nos galp\u00f5es industriais, onde as plantas n\u00e3o t\u00eam muitas divis\u00f5es f\u00edsicas entre os ambientes.<\/p>\n<p>Com isso, os espa\u00e7os costumam ser integrados e podem at\u00e9 mesmo ter mais de uma funcionalidade, especialmente quando temos dimens\u00f5es menores. Por exemplo, a sala de estar pode se transformar em quarto \u00e0 noite.<\/p>\n<h3>Elementos aparentes<\/h3>\n<p>A decora\u00e7\u00e3o industrial se caracteriza por deixar alguns elementos aparentes. Assim, as vigas, tubula\u00e7\u00f5es e encanamentos costumam ficar \u00e0 mostra, trazendo um visual urbano e moderno. As paredes s\u00e3o de concreto ou com tijolos \u00e0 vista.<\/p>\n<h3>Ilumina\u00e7\u00e3o, m\u00f3veis, portas e janelas<\/h3>\n<p>No estilo industrial, h\u00e1 um cuidado especial com a ilumina\u00e7\u00e3o. Os bons projetos geralmente usam trilhos e lumin\u00e1rias pendentes.<\/p>\n<p>Os m\u00f3veis tamb\u00e9m trazem um toque de rusticidade, sendo fabricados em ferro, madeira ou\u00a0<a href=\"https:\/\/previews.elleven.digital\/acocearense\/blog\/comunicacao\/aco-guia-completo\/\" target=\"_blank\" rel=\"noopener noreferrer\">a\u00e7o<\/a>\u00a0para combinar com o restante da decora\u00e7\u00e3o. As cores s\u00e3o neutras ou mais s\u00f3brias. As portas e janelas s\u00e3o largas e com acabamentos, como\u00a0<a href=\"https:\/\/previews.elleven.digital\/acocearense\/blog\/produtos\/caixilho\/\" target=\"_blank\" rel=\"noopener noreferrer\">caixilhos<\/a>, ajudando a melhorar a ilumina\u00e7\u00e3o e a circula\u00e7\u00e3o do ar.<\/p>\n<p>Como os materiais e m\u00f3veis utilizados t\u00eam um visual pesado, o grande desafio \u00e9 deixar o ambiente harmonioso. Ent\u00e3o, \u00e9 importante n\u00e3o exagerar para que o espa\u00e7o n\u00e3o acabe com um visual sobrecarregado ou excessivamente rudimentar.<\/p>\n<h2>Como aplicar a decora\u00e7\u00e3o industrial na sala de estar?<\/h2>\n<p>Existem dois caminhos que voc\u00ea pode seguir para acrescentar a decora\u00e7\u00e3o industrial na sala de estar. O primeiro \u00e9 caprichar na quantidade e diversidade de elementos para conseguir um visual bastante rico. O segundo \u00e9 apostar em uma mistura entre o industrial e o minimalista, mantendo apenas aquilo que \u00e9 indispens\u00e1vel para a sala e valorizando a amplitude do espa\u00e7o.<\/p>\n<p>\u00c9 interessante que n\u00e3o haja muitas barreiras na sala de estar, j\u00e1 que os espa\u00e7os abertos s\u00e3o marca registrada desse estilo de decora\u00e7\u00e3o. Vale explorar os tijolos \u00e0 vista e acrescentar m\u00f3veis, tamb\u00e9m r\u00fasticos, seja de madeira ou modulares. Prateleiras de ferro tamb\u00e9m combinam com a sala de estar industrial.<\/p>\n<p>Al\u00e9m disso, instale lumin\u00e1rias pendentes ou holofotes para garantir uma boa ilumina\u00e7\u00e3o. Voc\u00ea tamb\u00e9m pode usar tapetes, lembrando sempre de escolher cores mais neutras e evitar as estampas, que n\u00e3o conversam muito com esse estilo.<\/p>\n<p>Se voc\u00ea quiser acrescentar um toque de cor, pode explorar elementos em verde-escuro, laranja ou azul. Para a mob\u00edlia, lembre-se de prezar por um design minimalista ou moderno. As plantas s\u00e3o bem-vindas e voc\u00ea pode acrescent\u00e1-las utilizando vasos de cimento.<\/p>\n<h2>Como incorporar o estilo industrial na cozinha?<\/h2>\n<p>Voc\u00ea j\u00e1 sabe que na decora\u00e7\u00e3o industrial \u00e9 poss\u00edvel explorar os tijolos \u00e0 vista e a madeira. Como esses dois materiais combinam muito bem com a cozinha, vale a pena empreg\u00e1-los para transformar esse c\u00f4modo. A boa not\u00edcia \u00e9 que n\u00e3o \u00e9 necess\u00e1rio fazer uma reforma: d\u00e1 para usar um revestimento ou at\u00e9 mesmo um adesivo que traga a textura desejada.<\/p>\n<p>Ent\u00e3o, basta escolher qual cor e tonalidade est\u00e3o de acordo com aquilo que voc\u00ea deseja e fazer a aplica\u00e7\u00e3o desses revestimentos de uma forma bastante simples. Inclusive, dessa maneira, \u00e9 poss\u00edvel criar espa\u00e7os distintos dentro do mesmo ambiente, para fazer a distin\u00e7\u00e3o entre diferentes \u00e1reas de trabalho na cozinha, por exemplo.<\/p>\n<p>J\u00e1 que a madeira \u00e9 bem-vinda nesse tipo de decora\u00e7\u00e3o, voc\u00ea pode escolher m\u00f3veis fabricados nesse material, mas que tamb\u00e9m tenham partes met\u00e1licas. Vale explorar o marrom e o alaranjado, assim como o preto, acrescentando algumas banquetas para dar um charme especial para a cozinha.<\/p>\n<p>Al\u00e9m disso, voc\u00ea pode usar utens\u00edlios como elemento de decora\u00e7\u00e3o. \u00c9 o caso, por exemplo, de um conjunto de panelas de cobre ou\u00a0<a href=\"https:\/\/previews.elleven.digital\/acocearense\/blog\/abrindo-o-negocio\/confira-4-aplicacoes-do-aco-inox\/\" target=\"_blank\" rel=\"noopener noreferrer\">a\u00e7o inox<\/a>\u00a0penduradas na parede.<\/p>\n<p>Tamb\u00e9m \u00e9 interessante instalar prateleiras para deixar alguns itens \u00e0 vista e de f\u00e1cil alcance. Se voc\u00ea quiser trazer um toque diferenciado para a cozinha, pode explorar estampas com formas geom\u00e9tricas \u2014 elas caem muito bem, por exemplo, na \u00e1rea da pia e do fog\u00e3o.<\/p>\n<h3>Integra\u00e7\u00e3o com a sala de jantar<\/h3>\n<p>Como explicamos, a decora\u00e7\u00e3o industrial tamb\u00e9m tem como caracter\u00edstica os espa\u00e7os integrados. Por isso, \u00e9 v\u00e1lido mesclar os ambientes da cozinha e da sala de jantar.<\/p>\n<p>No local onde a mesa ficar\u00e1 posicionada, \u00e9 interessante fazer a instala\u00e7\u00e3o de lumin\u00e1rias pendentes, que podem ser metalizadas para conversar com o restante da decora\u00e7\u00e3o. Na parede pr\u00f3xima \u00e0 mesa da sala de jantar, vale instalar um acabamento diferente para fazer uma ligeira diferencia\u00e7\u00e3o desse espa\u00e7o.<\/p>\n<p>Outra forma de delimitar o ambiente \u00e9 colocar um tapete embaixo da mesa de jantar; apenas lembre-se de harmonizar a cor com o restante da decora\u00e7\u00e3o.<\/p>\n<h2>Quais elementos utilizar para um quarto com decora\u00e7\u00e3o industrial?<\/h2>\n<p>Para criar um quarto com decora\u00e7\u00e3o industrial, comece escolhendo as cores certas. Por se tratar de um aposento, \u00e9 interessante n\u00e3o deixar o visual muito carregado porque isso pode acabar atrapalhando a hora do descanso.<\/p>\n<p>Geralmente, s\u00e3o utilizadas as cores branco e cinza, tanto nas paredes quanto no piso e no enxoval. Esses dois tons se complementam muito bem e deixam a atmosfera bastante agrad\u00e1vel.<\/p>\n<p>No piso, se voc\u00ea preferir, pode apostar na madeira natural ou em um revestimento com textura de madeira. \u00c9 v\u00e1lido acrescentar detalhes em uma das paredes, como os tijolinhos \u00e0 vista, que podem ser de cor natural ou branca. Mas h\u00e1 quem prefira o acabamento de cimento queimado.<\/p>\n<p>Outra op\u00e7\u00e3o \u00e9 incluir alguns elementos na cor preta, como almofadas, uma poltrona ou uma mesa de cabeceira. Al\u00e9m disso, \u00e9 poss\u00edvel instalar prateleiras com estilo tubular e at\u00e9 mesmo deixar as tubula\u00e7\u00f5es \u00e0 vista, com l\u00e2mpadas pendentes ou pequenos holofotes.<\/p>\n<p>N\u00e3o se esque\u00e7a de escolher uma janela ampla. Para bloquear a luminosidade, prefira instalar uma persiana em vez de cortinas tradicionais. Tamb\u00e9m vale a pena optar pela cama tubular, em madeira ou at\u00e9 mesmo fixa, feita de alvenaria. Isso vai garantir o visual r\u00fastico que a decora\u00e7\u00e3o industrial pede.<\/p>\n<h2>Como adaptar o banheiro ao estilo industrial?<\/h2>\n<p>Mesmo que o banheiro tenha dimens\u00f5es menores, ele pode contar com elementos da decora\u00e7\u00e3o industrial. Na \u00e1rea seca, vale revestir uma das paredes com a textura de tijolos \u00e0 vista. Essa possibilidade tamb\u00e9m existe no box, mas \u00e9 preciso selecionar um revestimento resistente \u00e0 \u00e1gua.<\/p>\n<p>Um cuidado importante para o banheiro \u00e9 escolher cores mais claras para n\u00e3o comprometer a ilumina\u00e7\u00e3o desse c\u00f4modo. Afinal, o excesso de cores escuras, como o preto, deixa o visual carregado. J\u00e1 os tijolos \u00e0 vista no tom branco, amadeirado ou cinza s\u00e3o uma \u00f3tima escolha.<\/p>\n<p>\u00c9 interessante deixar os encanamentos e tubula\u00e7\u00f5es \u00e0 vista. Para ficar diferente, uma alternativa \u00e9 escolher a tonalidade acobreada para esses itens, embora o preto tamb\u00e9m possa criar um contraste interessante com uma parede mais clara.<\/p>\n<p>Da mesma forma que em outros ambientes, d\u00ea prefer\u00eancia para os m\u00f3veis com linhas mais retas, design minimalista e fabricados em metal ou madeira.<\/p>\n<h2>De que forma os produtos do Grupo A\u00e7o Cearense podem ser utilizados na decora\u00e7\u00e3o industrial?<\/h2>\n<p>No\u00a0<a href=\"https:\/\/previews.elleven.digital\/acocearense\/blog\/vendas\/aco-cearense-catalogo\/\" target=\"_blank\" rel=\"noopener noreferrer\">cat\u00e1logo do Grupo A\u00e7o Cearense<\/a>, voc\u00ea encontra diversas op\u00e7\u00f5es de produtos para usar na decora\u00e7\u00e3o industrial. Isso \u00e9 v\u00e1lido tanto para a\u00a0<a href=\"https:\/\/previews.elleven.digital\/acocearense\/blog\/produtos\/estruturas-metalicas\/\" target=\"_blank\" rel=\"noopener noreferrer\">parte estrutural da constru\u00e7\u00e3o<\/a>\u00a0quanto para os detalhes decorativos. Veja algumas alternativas!<\/p>\n<h3>Cobertura<\/h3>\n<p>Voc\u00ea viu que a estrutura dos espa\u00e7os que recebem a decora\u00e7\u00e3o industrial costuma ser diferente. Sendo assim, as\u00a0<a href=\"https:\/\/previews.elleven.digital\/acocearense\/blog\/abrindo-o-negocio\/confira-os-principais-tipos-de-telhas-metalicas-e-suas-aplicacoes\/\" target=\"_blank\" rel=\"noopener noreferrer\">telhas met\u00e1licas<\/a>\u00a0s\u00e3o uma excelente op\u00e7\u00e3o para fazer a cobertura dos ambientes que v\u00e3o receber a decora\u00e7\u00e3o industrial. Isso porque, por serem fabricadas em metal e preservarem essa textura, se encaixam muito bem nas caracter\u00edsticas do estilo.<\/p>\n<p>Como existem diferentes op\u00e7\u00f5es de design, voc\u00ea ainda pode escolher aquele que combina melhor com o restante do ambiente, como as telhas onduladas ou\u00a0<a href=\"https:\/\/previews.elleven.digital\/acocearense\/blog\/produtos\/telha-trapezoidal\/\" target=\"_blank\" rel=\"noopener noreferrer\">trapezoidais<\/a>. Para quem deseja um pouco mais de conforto, existem as telhas termoac\u00fasticas.<\/p>\n<h3>Corrim\u00e3o<\/h3>\n<p>O corrim\u00e3o \u00e9 um elemento destacado nas escadas. Voc\u00ea pode implementar a decora\u00e7\u00e3o industrial nos seus ambientes com a instala\u00e7\u00e3o de uma pe\u00e7a que tenha as caracter\u00edsticas ideais para esse estilo.<\/p>\n<p>No cat\u00e1logo do Grupo A\u00e7o Cearense, voc\u00ea encontra diferentes op\u00e7\u00f5es de\u00a0<a href=\"https:\/\/previews.elleven.digital\/acocearense\/blog\/produtos\/tubos-aco\/\" target=\"_blank\" rel=\"noopener noreferrer\">tubos met\u00e1licos<\/a>, que podem ser utilizados para a fabrica\u00e7\u00e3o de corrim\u00f5es personalizados. \u00c9 poss\u00edvel escolher, por exemplo, o metalon quadrado, o retangular ou o tubo industrial. Existem diversas medidas que se adaptam ao tipo de escada e ao resultado que espera da sua decora\u00e7\u00e3o.<\/p>\n<h3>Tubo para fios<\/h3>\n<p>Por falar em tubos, explicamos que eles s\u00e3o bastante utilizados para a passagem de fia\u00e7\u00e3o e deixados \u00e0 mostra. No cat\u00e1logo do Grupo A\u00e7o Cearense, voc\u00ea encontra tubos de a\u00e7o com se\u00e7\u00e3o redonda em v\u00e1rios di\u00e2metros e espessuras.<\/p>\n<p>Assim, poder\u00e1 fazer a passagem dos fios criando padr\u00f5es de decora\u00e7\u00e3o industrial. Ainda que os fios n\u00e3o passem por ali, os tubos podem ser usados apenas como elementos decorativos, proporcionando aquele visual que remete aos galp\u00f5es de ind\u00fastria.<\/p>\n<h3>Mob\u00edlia r\u00fastica<\/h3>\n<p>Os\u00a0<a href=\"https:\/\/previews.elleven.digital\/acocearense\/blog\/vendas\/como-comprar-aco-cearense\/\" target=\"_blank\" rel=\"noopener noreferrer\">produtos A\u00e7o Cearense<\/a>\u00a0podem ser utilizados, ainda, como material para a fabrica\u00e7\u00e3o de mob\u00edlia r\u00fastica. Afinal, voc\u00ea tem \u00e0 sua disposi\u00e7\u00e3o os tubos, o metalon quadrado e o metalon retangular, o tubo oblongo,\u00a0<a href=\"https:\/\/previews.elleven.digital\/acocearense\/blog\/produtos\/cantoneiras-aco\/\" target=\"_blank\" rel=\"noopener noreferrer\">cantoneiras<\/a>,\u00a0<a href=\"https:\/\/previews.elleven.digital\/acocearense\/blog\/produtos\/chapas-de-aco-inox\/\" target=\"_blank\" rel=\"noopener noreferrer\">chapas<\/a>, barra chata, perfil em U, entre outros.<\/p>\n<p>Cada pe\u00e7a pode ser trabalhada para criar m\u00f3veis exclusivos, inclusive combinando o a\u00e7o e a madeira. Se voc\u00ea n\u00e3o tiver experi\u00eancia t\u00e9cnica nessa \u00e1rea, o ideal \u00e9 contar com a ajuda de um profissional especializado.<\/p>\n<p>A decora\u00e7\u00e3o industrial pode estar presente em todos os ambientes do seu projeto. Basta explorar os elementos certos para garantir o visual ideal e a fidelidade \u00e0s caracter\u00edsticas desse estilo decorativo. N\u00e3o se esque\u00e7a de que voc\u00ea pode contar com os produtos do Grupo A\u00e7o Cearense para enriquecer ainda mais o visual dos seus espa\u00e7os.<\/p>\n<p>Aproveite e\u00a0<a href=\"https:\/\/previews.elleven.digital\/acocearense\/produtos\/\" target=\"_blank\" rel=\"noopener noreferrer\">acesse o nosso cat\u00e1logo de produtos<\/a>\u00a0para conferir todas as op\u00e7\u00f5es \u00e0 sua disposi\u00e7\u00e3o.<\/p>\n","protected":false},"excerpt":{"rendered":"<p>Voc\u00ea sabia que a decora\u00e7\u00e3o industrial \u00e9 um estilo que come\u00e7ou logo depois da depress\u00e3o(&#8230;)<\/p>\n","protected":false},"author":1,"featured_media":1626,"comment_status":"open","ping_status":"open","sticky":false,"template":"","format":"standard","meta":{"_acf_changed":false,"inline_featured_image":false,"footnotes":""},"categories":[31],"tags":[],"class_list":["post-1647","post","type-post","status-publish","format-standard","has-post-thumbnail","hentry","category-planejamento-estrategico"],"acf":[],"yoast_head":"<!-- This site is optimized with the Yoast SEO plugin v25.9 - https:\/\/yoast.com\/wordpress\/plugins\/seo\/ -->\n<title>Decora\u00e7\u00e3o industrial: como transformar seu espa\u00e7o com estilo e funcionalidade - Grupo A\u00e7o Cearense<\/title>\n<meta name=\"robots\" content=\"index, follow, max-snippet:-1, max-image-preview:large, max-video-preview:-1\" \/>\n<link rel=\"canonical\" href=\"https:\/\/previews.elleven.digital\/acocearense\/decoracao-industrial-como-transformar-seu-espaco-com-estilo-e-funcionalidade\/\" \/>\n<meta property=\"og:locale\" content=\"pt_BR\" \/>\n<meta property=\"og:type\" content=\"article\" \/>\n<meta property=\"og:title\" content=\"Decora\u00e7\u00e3o industrial: como transformar seu espa\u00e7o com estilo e funcionalidade - Grupo A\u00e7o Cearense\" \/>\n<meta property=\"og:description\" content=\"Voc\u00ea sabia que a decora\u00e7\u00e3o industrial \u00e9 um estilo que come\u00e7ou logo depois da depress\u00e3o(...)\" \/>\n<meta property=\"og:url\" content=\"https:\/\/previews.elleven.digital\/acocearense\/decoracao-industrial-como-transformar-seu-espaco-com-estilo-e-funcionalidade\/\" \/>\n<meta property=\"og:site_name\" content=\"Grupo A\u00e7o Cearense\" \/>\n<meta property=\"article:published_time\" content=\"2025-02-07T16:54:53+00:00\" \/>\n<meta property=\"article:modified_time\" content=\"2025-05-07T16:55:16+00:00\" \/>\n<meta property=\"og:image\" content=\"https:\/\/previews.elleven.digital\/acocearense\/wp-content\/uploads\/2025\/05\/acocearensecomercial_grupoacocearense_image_133.jpeg\" \/>\n\t<meta property=\"og:image:width\" content=\"800\" \/>\n\t<meta property=\"og:image:height\" content=\"600\" \/>\n\t<meta property=\"og:image:type\" content=\"image\/jpeg\" \/>\n<meta name=\"author\" content=\"elleven\" \/>\n<meta name=\"twitter:card\" content=\"summary_large_image\" \/>\n<meta name=\"twitter:label1\" content=\"Escrito por\" \/>\n\t<meta name=\"twitter:data1\" content=\"elleven\" \/>\n\t<meta name=\"twitter:label2\" content=\"Est. tempo de leitura\" \/>\n\t<meta name=\"twitter:data2\" content=\"12 minutos\" \/>\n<script type=\"application\/ld+json\" class=\"yoast-schema-graph\">{\"@context\":\"https:\/\/schema.org\",\"@graph\":[{\"@type\":\"WebPage\",\"@id\":\"https:\/\/previews.elleven.digital\/acocearense\/decoracao-industrial-como-transformar-seu-espaco-com-estilo-e-funcionalidade\/\",\"url\":\"https:\/\/previews.elleven.digital\/acocearense\/decoracao-industrial-como-transformar-seu-espaco-com-estilo-e-funcionalidade\/\",\"name\":\"Decora\u00e7\u00e3o industrial: como transformar seu espa\u00e7o com estilo e funcionalidade - Grupo A\u00e7o Cearense\",\"isPartOf\":{\"@id\":\"https:\/\/previews.elleven.digital\/acocearense\/#website\"},\"primaryImageOfPage\":{\"@id\":\"https:\/\/previews.elleven.digital\/acocearense\/decoracao-industrial-como-transformar-seu-espaco-com-estilo-e-funcionalidade\/#primaryimage\"},\"image\":{\"@id\":\"https:\/\/previews.elleven.digital\/acocearense\/decoracao-industrial-como-transformar-seu-espaco-com-estilo-e-funcionalidade\/#primaryimage\"},\"thumbnailUrl\":\"https:\/\/previews.elleven.digital\/acocearense\/wp-content\/uploads\/2025\/05\/acocearensecomercial_grupoacocearense_image_133.jpeg\",\"datePublished\":\"2025-02-07T16:54:53+00:00\",\"dateModified\":\"2025-05-07T16:55:16+00:00\",\"author\":{\"@id\":\"https:\/\/previews.elleven.digital\/acocearense\/#\/schema\/person\/8e9165eb3c33e0860485c7c5fc06a701\"},\"breadcrumb\":{\"@id\":\"https:\/\/previews.elleven.digital\/acocearense\/decoracao-industrial-como-transformar-seu-espaco-com-estilo-e-funcionalidade\/#breadcrumb\"},\"inLanguage\":\"pt-BR\",\"potentialAction\":[{\"@type\":\"ReadAction\",\"target\":[\"https:\/\/previews.elleven.digital\/acocearense\/decoracao-industrial-como-transformar-seu-espaco-com-estilo-e-funcionalidade\/\"]}]},{\"@type\":\"ImageObject\",\"inLanguage\":\"pt-BR\",\"@id\":\"https:\/\/previews.elleven.digital\/acocearense\/decoracao-industrial-como-transformar-seu-espaco-com-estilo-e-funcionalidade\/#primaryimage\",\"url\":\"https:\/\/previews.elleven.digital\/acocearense\/wp-content\/uploads\/2025\/05\/acocearensecomercial_grupoacocearense_image_133.jpeg\",\"contentUrl\":\"https:\/\/previews.elleven.digital\/acocearense\/wp-content\/uploads\/2025\/05\/acocearensecomercial_grupoacocearense_image_133.jpeg\",\"width\":800,\"height\":600},{\"@type\":\"BreadcrumbList\",\"@id\":\"https:\/\/previews.elleven.digital\/acocearense\/decoracao-industrial-como-transformar-seu-espaco-com-estilo-e-funcionalidade\/#breadcrumb\",\"itemListElement\":[{\"@type\":\"ListItem\",\"position\":1,\"name\":\"In\u00edcio\",\"item\":\"https:\/\/previews.elleven.digital\/acocearense\/\"},{\"@type\":\"ListItem\",\"position\":2,\"name\":\"Decora\u00e7\u00e3o industrial: como transformar seu espa\u00e7o com estilo e funcionalidade\"}]},{\"@type\":\"WebSite\",\"@id\":\"https:\/\/previews.elleven.digital\/acocearense\/#website\",\"url\":\"https:\/\/previews.elleven.digital\/acocearense\/\",\"name\":\"A\u00e7o Cearense\",\"description\":\"H\u00e1 mais de 45 anos no mercado brasileiro do a\u00e7o.\",\"alternateName\":\"A\u00e7o Cearense\",\"potentialAction\":[{\"@type\":\"SearchAction\",\"target\":{\"@type\":\"EntryPoint\",\"urlTemplate\":\"https:\/\/previews.elleven.digital\/acocearense\/?s={search_term_string}\"},\"query-input\":{\"@type\":\"PropertyValueSpecification\",\"valueRequired\":true,\"valueName\":\"search_term_string\"}}],\"inLanguage\":\"pt-BR\"},{\"@type\":\"Person\",\"@id\":\"https:\/\/previews.elleven.digital\/acocearense\/#\/schema\/person\/8e9165eb3c33e0860485c7c5fc06a701\",\"name\":\"elleven\",\"image\":{\"@type\":\"ImageObject\",\"inLanguage\":\"pt-BR\",\"@id\":\"https:\/\/previews.elleven.digital\/acocearense\/#\/schema\/person\/image\/\",\"url\":\"https:\/\/secure.gravatar.com\/avatar\/2a6afb49d9ecfed5dbc6c9606ce318b8bd07c077835179bddfd5d8209c03cb29?s=96&d=mm&r=g\",\"contentUrl\":\"https:\/\/secure.gravatar.com\/avatar\/2a6afb49d9ecfed5dbc6c9606ce318b8bd07c077835179bddfd5d8209c03cb29?s=96&d=mm&r=g\",\"caption\":\"elleven\"},\"sameAs\":[\"http:\/\/localhost\/acocearense\"],\"url\":\"https:\/\/previews.elleven.digital\/acocearense\/author\/elleven\/\"}]}<\/script>\n<!-- \/ Yoast SEO plugin. -->","yoast_head_json":{"title":"Decora\u00e7\u00e3o industrial: como transformar seu espa\u00e7o com estilo e funcionalidade - Grupo A\u00e7o Cearense","robots":{"index":"index","follow":"follow","max-snippet":"max-snippet:-1","max-image-preview":"max-image-preview:large","max-video-preview":"max-video-preview:-1"},"canonical":"https:\/\/previews.elleven.digital\/acocearense\/decoracao-industrial-como-transformar-seu-espaco-com-estilo-e-funcionalidade\/","og_locale":"pt_BR","og_type":"article","og_title":"Decora\u00e7\u00e3o industrial: como transformar seu espa\u00e7o com estilo e funcionalidade - Grupo A\u00e7o Cearense","og_description":"Voc\u00ea sabia que a decora\u00e7\u00e3o industrial \u00e9 um estilo que come\u00e7ou logo depois da depress\u00e3o(...)","og_url":"https:\/\/previews.elleven.digital\/acocearense\/decoracao-industrial-como-transformar-seu-espaco-com-estilo-e-funcionalidade\/","og_site_name":"Grupo A\u00e7o Cearense","article_published_time":"2025-02-07T16:54:53+00:00","article_modified_time":"2025-05-07T16:55:16+00:00","og_image":[{"width":800,"height":600,"url":"https:\/\/previews.elleven.digital\/acocearense\/wp-content\/uploads\/2025\/05\/acocearensecomercial_grupoacocearense_image_133.jpeg","type":"image\/jpeg"}],"author":"elleven","twitter_card":"summary_large_image","twitter_misc":{"Escrito por":"elleven","Est. tempo de leitura":"12 minutos"},"schema":{"@context":"https:\/\/schema.org","@graph":[{"@type":"WebPage","@id":"https:\/\/previews.elleven.digital\/acocearense\/decoracao-industrial-como-transformar-seu-espaco-com-estilo-e-funcionalidade\/","url":"https:\/\/previews.elleven.digital\/acocearense\/decoracao-industrial-como-transformar-seu-espaco-com-estilo-e-funcionalidade\/","name":"Decora\u00e7\u00e3o industrial: como transformar seu espa\u00e7o com estilo e funcionalidade - Grupo A\u00e7o Cearense","isPartOf":{"@id":"https:\/\/previews.elleven.digital\/acocearense\/#website"},"primaryImageOfPage":{"@id":"https:\/\/previews.elleven.digital\/acocearense\/decoracao-industrial-como-transformar-seu-espaco-com-estilo-e-funcionalidade\/#primaryimage"},"image":{"@id":"https:\/\/previews.elleven.digital\/acocearense\/decoracao-industrial-como-transformar-seu-espaco-com-estilo-e-funcionalidade\/#primaryimage"},"thumbnailUrl":"https:\/\/previews.elleven.digital\/acocearense\/wp-content\/uploads\/2025\/05\/acocearensecomercial_grupoacocearense_image_133.jpeg","datePublished":"2025-02-07T16:54:53+00:00","dateModified":"2025-05-07T16:55:16+00:00","author":{"@id":"https:\/\/previews.elleven.digital\/acocearense\/#\/schema\/person\/8e9165eb3c33e0860485c7c5fc06a701"},"breadcrumb":{"@id":"https:\/\/previews.elleven.digital\/acocearense\/decoracao-industrial-como-transformar-seu-espaco-com-estilo-e-funcionalidade\/#breadcrumb"},"inLanguage":"pt-BR","potentialAction":[{"@type":"ReadAction","target":["https:\/\/previews.elleven.digital\/acocearense\/decoracao-industrial-como-transformar-seu-espaco-com-estilo-e-funcionalidade\/"]}]},{"@type":"ImageObject","inLanguage":"pt-BR","@id":"https:\/\/previews.elleven.digital\/acocearense\/decoracao-industrial-como-transformar-seu-espaco-com-estilo-e-funcionalidade\/#primaryimage","url":"https:\/\/previews.elleven.digital\/acocearense\/wp-content\/uploads\/2025\/05\/acocearensecomercial_grupoacocearense_image_133.jpeg","contentUrl":"https:\/\/previews.elleven.digital\/acocearense\/wp-content\/uploads\/2025\/05\/acocearensecomercial_grupoacocearense_image_133.jpeg","width":800,"height":600},{"@type":"BreadcrumbList","@id":"https:\/\/previews.elleven.digital\/acocearense\/decoracao-industrial-como-transformar-seu-espaco-com-estilo-e-funcionalidade\/#breadcrumb","itemListElement":[{"@type":"ListItem","position":1,"name":"In\u00edcio","item":"https:\/\/previews.elleven.digital\/acocearense\/"},{"@type":"ListItem","position":2,"name":"Decora\u00e7\u00e3o industrial: como transformar seu espa\u00e7o com estilo e funcionalidade"}]},{"@type":"WebSite","@id":"https:\/\/previews.elleven.digital\/acocearense\/#website","url":"https:\/\/previews.elleven.digital\/acocearense\/","name":"A\u00e7o Cearense","description":"H\u00e1 mais de 45 anos no mercado brasileiro do a\u00e7o.","alternateName":"A\u00e7o Cearense","potentialAction":[{"@type":"SearchAction","target":{"@type":"EntryPoint","urlTemplate":"https:\/\/previews.elleven.digital\/acocearense\/?s={search_term_string}"},"query-input":{"@type":"PropertyValueSpecification","valueRequired":true,"valueName":"search_term_string"}}],"inLanguage":"pt-BR"},{"@type":"Person","@id":"https:\/\/previews.elleven.digital\/acocearense\/#\/schema\/person\/8e9165eb3c33e0860485c7c5fc06a701","name":"elleven","image":{"@type":"ImageObject","inLanguage":"pt-BR","@id":"https:\/\/previews.elleven.digital\/acocearense\/#\/schema\/person\/image\/","url":"https:\/\/secure.gravatar.com\/avatar\/2a6afb49d9ecfed5dbc6c9606ce318b8bd07c077835179bddfd5d8209c03cb29?s=96&d=mm&r=g","contentUrl":"https:\/\/secure.gravatar.com\/avatar\/2a6afb49d9ecfed5dbc6c9606ce318b8bd07c077835179bddfd5d8209c03cb29?s=96&d=mm&r=g","caption":"elleven"},"sameAs":["http:\/\/localhost\/acocearense"],"url":"https:\/\/previews.elleven.digital\/acocearense\/author\/elleven\/"}]}},"_links":{"self":[{"href":"https:\/\/previews.elleven.digital\/acocearense\/wp-json\/wp\/v2\/posts\/1647","targetHints":{"allow":["GET"]}}],"collection":[{"href":"https:\/\/previews.elleven.digital\/acocearense\/wp-json\/wp\/v2\/posts"}],"about":[{"href":"https:\/\/previews.elleven.digital\/acocearense\/wp-json\/wp\/v2\/types\/post"}],"author":[{"embeddable":true,"href":"https:\/\/previews.elleven.digital\/acocearense\/wp-json\/wp\/v2\/users\/1"}],"replies":[{"embeddable":true,"href":"https:\/\/previews.elleven.digital\/acocearense\/wp-json\/wp\/v2\/comments?post=1647"}],"version-history":[{"count":1,"href":"https:\/\/previews.elleven.digital\/acocearense\/wp-json\/wp\/v2\/posts\/1647\/revisions"}],"predecessor-version":[{"id":1648,"href":"https:\/\/previews.elleven.digital\/acocearense\/wp-json\/wp\/v2\/posts\/1647\/revisions\/1648"}],"wp:featuredmedia":[{"embeddable":true,"href":"https:\/\/previews.elleven.digital\/acocearense\/wp-json\/wp\/v2\/media\/1626"}],"wp:attachment":[{"href":"https:\/\/previews.elleven.digital\/acocearense\/wp-json\/wp\/v2\/media?parent=1647"}],"wp:term":[{"taxonomy":"category","embeddable":true,"href":"https:\/\/previews.elleven.digital\/acocearense\/wp-json\/wp\/v2\/categories?post=1647"},{"taxonomy":"post_tag","embeddable":true,"href":"https:\/\/previews.elleven.digital\/acocearense\/wp-json\/wp\/v2\/tags?post=1647"}],"curies":[{"name":"wp","href":"https:\/\/api.w.org\/{rel}","templated":true}]}}