{"id":1639,"date":"2025-02-03T13:52:36","date_gmt":"2025-02-03T16:52:36","guid":{"rendered":"https:\/\/previews.elleven.digital\/acocearense\/?p=1639"},"modified":"2025-05-07T13:53:03","modified_gmt":"2025-05-07T16:53:03","slug":"confira-as-normas-de-seguranca-para-uma-empresa-de-ferro-e-aco","status":"publish","type":"post","link":"https:\/\/previews.elleven.digital\/acocearense\/confira-as-normas-de-seguranca-para-uma-empresa-de-ferro-e-aco\/","title":{"rendered":"Confira as normas de seguran\u00e7a para uma empresa de ferro e a\u00e7o"},"content":{"rendered":"<p>Empresas que trabalham com ferro e a\u00e7o lidam com uma s\u00e9rie de procedimentos perigosos no dia a dia, seja na forja, corte, transporte ou manipula\u00e7\u00e3o desses materiais. Por esse motivo, \u00e9 essencial ter aten\u00e7\u00e3o \u00e0s normas de seguran\u00e7a nesses ambientes de trabalho, garantindo a prote\u00e7\u00e3o de todos os colaboradores.<\/p>\n<p>O cumprimento dessas normas envolve o uso correto de Equipamentos de Prote\u00e7\u00e3o Individual (EPIs) e Equipamentos de Prote\u00e7\u00e3o Coletiva (EPCs). Continue a leitura e entenda quais s\u00e3o as principais normas de seguran\u00e7a para empresas de ferro e a\u00e7o!<\/p>\n<h2>Qual \u00e9 a import\u00e2ncia de usar EPIs e EPCs corretamente?<\/h2>\n<p>A NR 6 informa que as empresas devem fornecer gratuitamente EPIs adequados a cada tipo de risco enfrentado pelos seus funcion\u00e1rios. Ela tamb\u00e9m estabelece que os equipamentos devem estar em perfeito estado de conserva\u00e7\u00e3o e que o EPI dever\u00e1 ser disponibilizado quando:<\/p>\n<ul>\n<li>medidas gerais de seguran\u00e7a s\u00e3o consideradas insuficientes;<\/li>\n<li>medidas de prote\u00e7\u00e3o coletiva ainda est\u00e3o sendo implementadas;<\/li>\n<li>\u00e9 necess\u00e1rio lidar com situa\u00e7\u00f5es de emerg\u00eancia.<\/li>\n<\/ul>\n<p>\u00c9 importante lembrar que o uso de EPCs tamb\u00e9m deve ser observado nos ambientes em que o servi\u00e7o acontece. Dentre os Equipamentos de Prote\u00e7\u00e3o Coletiva, vale a pena ressaltar alguns exemplos:<\/p>\n<ul>\n<li>corrim\u00e3o de escadas;<\/li>\n<li>prote\u00e7\u00e3o de partes m\u00f3veis de equipamentos;<\/li>\n<li>avisos e sinaliza\u00e7\u00f5es de seguran\u00e7a.<\/li>\n<\/ul>\n<h2>Como implementar um programa de seguran\u00e7a na sua empresa?<\/h2>\n<p>O planejamento \u00e9 essencial para promover a\u00a0<a href=\"https:\/\/previews.elleven.digital\/acocearense\/blog\/gestao\/5-dicas-de-seguranca-no-trabalho-indispensaveis-para-a-sua-loja-de-ferro-e-aco\/\" target=\"_blank\" rel=\"noopener noreferrer\">seguran\u00e7a no trabalho<\/a>\u00a0em empresas de ferro e a\u00e7o. Veja a seguir os principais passos que voc\u00ea deve seguir.<\/p>\n<h3>Mapeamento de riscos<\/h3>\n<p>A primeira etapa de qualquer programa de seguran\u00e7a \u00e9 entender quais s\u00e3o os principais riscos envolvidos em seus processos. No caso das empresas de ferro e a\u00e7o, isso inclui:<\/p>\n<ul>\n<li>risco de queda de materiais;<\/li>\n<li>acidentes relacionados ao uso de equipamentos e m\u00e1quinas;<\/li>\n<li>exposi\u00e7\u00e3o a ru\u00eddos e vibra\u00e7\u00f5es, entre outros fatores.<\/li>\n<\/ul>\n<p>A partir desse mapeamento, voc\u00ea pode estabelecer medidas mais efetivas para seu ambiente de trabalho.<\/p>\n<h3>Treinamento da equipe<\/h3>\n<p>Uma vez identificados os principais riscos, o pr\u00f3ximo passo \u00e9 preparar a equipe para lidar com eles. Voc\u00ea precisa contar com procedimentos gerais de seguran\u00e7a que todos devem seguir, incluindo treinamentos sobre o uso correto de EPIs e EPCs. Inclusive, esse \u00e9 o passo mais importante na preven\u00e7\u00e3o de acidentes em qualquer \u00e1rea da empresa.<\/p>\n<h3>Vistorias regulares<\/h3>\n<p>Boa parte da seguran\u00e7a no trabalho depende do estado de conserva\u00e7\u00e3o de seus equipamentos e ferramentas. Por esse motivo, a empresa deve incluir vistorias de seguran\u00e7a em sua rotina de trabalho. Verifica\u00e7\u00f5es di\u00e1rias s\u00e3o importantes para identificar equipamentos defeituosos e fazer sua substitui\u00e7\u00e3o. Voc\u00ea tamb\u00e9m deve promover vistorias completas regularmente.<\/p>\n<h3>Manuten\u00e7\u00e3o dos equipamentos<\/h3>\n<p>A qualidade dos equipamentos de prote\u00e7\u00e3o utilizados pela equipe impacta diretamente seu desempenho e seguran\u00e7a. Sendo assim, vale a pena fazer manuten\u00e7\u00e3o preventiva assim que identificar qualquer defeito. Mesmo pequenas falhas podem apresentar um alto risco para os profissionais, especialmente em empresas de ferro e a\u00e7o, que geralmente lidam com processos perigosos.<\/p>\n<h3>Determinar medidas de emerg\u00eancia<\/h3>\n<p>Ainda que seus colaboradores contem com todas as formas de preven\u00e7\u00e3o necess\u00e1rias, \u00e9 poss\u00edvel ocorrer algum acidente. Sendo assim, seu programa de seguran\u00e7a deve incluir respostas definidas em casos de emerg\u00eancia ou acidente. Dessa forma, sua equipe pode agir rapidamente para minimizar os poss\u00edveis impactos negativos.<\/p>\n<h2>Quais equipamentos de seguran\u00e7a devem ser utilizados?<\/h2>\n<p>Existe uma forma de classifica\u00e7\u00e3o dos EPIs quanto ao seu uso, o que facilita entender quando esses itens s\u00e3o necess\u00e1rios e como devem ser empregados. Veja a seguir!<\/p>\n<h3>1. Prote\u00e7\u00e3o da cabe\u00e7a<\/h3>\n<p>Aqui, os EPIs s\u00e3o basicamente capacete e capuz. O primeiro previne ferimentos por impactos e choques el\u00e9tricos, enquanto o segundo confere prote\u00e7\u00e3o contra produtos qu\u00edmicos, partes soltas e ferimentos t\u00e9rmicos.<\/p>\n<h3>2. Prote\u00e7\u00e3o de olhos e face<\/h3>\n<p>\u00d3culos, protetor facial e m\u00e1scara de solda servem principalmente para evitar machucados com materiais e part\u00edculas que possam acertar os olhos ou face do funcion\u00e1rio. Al\u00e9m disso, esses EPIs protegem de fagulhas e do excesso de luminosidade, o que contribui para a seguran\u00e7a e\u00a0<a href=\"https:\/\/previews.elleven.digital\/acocearense\/blog\/gestao\/produtividade-construcao-civil\/\" target=\"_blank\" rel=\"noopener noreferrer\">produtividade do trabalho<\/a>.<\/p>\n<h3>3. Prote\u00e7\u00e3o auditiva<\/h3>\n<p>Serras e outras ferramentas podem produzir ru\u00eddos de grau muito elevado, o que danifica a audi\u00e7\u00e3o de funcion\u00e1rios que precisam ficar no ambiente por muito tempo. Por isso, os protetores auditivos s\u00e3o muito importantes.<\/p>\n<h3>4. Prote\u00e7\u00e3o respirat\u00f3ria<\/h3>\n<p>Certos produtos qu\u00edmicos utilizados na manuten\u00e7\u00e3o de itens met\u00e1licos podem ser nocivos \u00e0 sa\u00fade quando inalados, assim como poeiras, n\u00e9voas e fumos. Por isso, alguns colaboradores podem precisar de respiradores.<\/p>\n<h3>5. Prote\u00e7\u00e3o do tronco<\/h3>\n<p>Vestimentas de seguran\u00e7a s\u00e3o necess\u00e1rias para proteger a equipe contra algumas amea\u00e7as f\u00edsicas no ambiente de trabalho. No caso de uma empresa de ferro e\u00a0<a href=\"https:\/\/previews.elleven.digital\/acocearense\/blog\/produtos\/aco-galvanizado\/\" target=\"_blank\" rel=\"noopener noreferrer\">a\u00e7o galvanizado<\/a>, os riscos maiores s\u00e3o os de origem mec\u00e2nica pelo manuseio de material. Assim, a prote\u00e7\u00e3o do tronco \u00e9 necess\u00e1ria.<\/p>\n<h3>6. Prote\u00e7\u00e3o de membros superiores<\/h3>\n<p>Bra\u00e7adeiras, cremes protetores, luvas e mangas fazem parte da lista de protetores de membros superiores. Eles t\u00eam como objetivo principal evitar ferimentos nas m\u00e3os, dedos, bra\u00e7os, punhos, cotovelos e antebra\u00e7os.<\/p>\n<h3>7. Prote\u00e7\u00e3o de membros inferiores<\/h3>\n<p>Neste grupo est\u00e3o as cal\u00e7as, perneiras, meias e cal\u00e7ados especiais. Sem esses itens, os riscos contra acidentes com o manuseio e transporte de pe\u00e7as s\u00e3o maiores.<\/p>\n<h3>8. Prote\u00e7\u00e3o do corpo inteiro<\/h3>\n<p>A prote\u00e7\u00e3o para todo o corpo \u00e9 o bom e velho macac\u00e3o de trabalho. Ele evita respingos de produtos nocivos, previne acidentes com pe\u00e7as que estejam ainda quentes e protege contra chamas. O uso do macac\u00e3o \u00e9 obrigat\u00f3rio em espa\u00e7os onde o trabalhador pode ficar exposto a esses fatores.<\/p>\n<h3>9. Prote\u00e7\u00e3o contra quedas com diferen\u00e7a de n\u00edvel<\/h3>\n<p>O trava-quedas e o cintur\u00e3o s\u00e3o os equipamentos b\u00e1sicos de prote\u00e7\u00e3o contra quedas com diferen\u00e7a de n\u00edvel. Eles devem ser aplicados quando o funcion\u00e1rio transita em ambientes que oferecem riscos de les\u00e3o devido \u00e0 diferen\u00e7a de altura, sendo indispens\u00e1veis em diversos servi\u00e7os de\u00a0<a href=\"https:\/\/previews.elleven.digital\/acocearense\/blog\/gestao\/construcao-civil\/\" target=\"_blank\" rel=\"noopener noreferrer\">constru\u00e7\u00e3o civil<\/a>.<\/p>\n<p>Agora, voc\u00ea entende melhor algumas das normas de seguran\u00e7a em empresas de ferro e a\u00e7o. Considerando os riscos inerentes ao trabalho nessa \u00e1rea, \u00e9 fundamental ter aten\u00e7\u00e3o \u00e0s exig\u00eancias da lei. Esse cuidado n\u00e3o apenas ajuda a evitar multas, mas tamb\u00e9m garante o melhor desempenho, seguran\u00e7a e bem-estar da sua equipe no dia a dia de trabalho.<\/p>\n<p>Quer continuar se informando sobre as normas de seguran\u00e7a e suas atualiza\u00e7\u00f5es? Ent\u00e3o siga-nos no\u00a0<a href=\"https:\/\/www.facebook.com\/grupoacocearense\" target=\"_blank\" rel=\"noopener noreferrer\">Facebook<\/a>,\u00a0<a href=\"https:\/\/instagram.com\/grupoacocearense\" target=\"_blank\" rel=\"noopener noreferrer\">Instagram<\/a>,\u00a0<a href=\"https:\/\/www.linkedin.com\/company\/grupo-a%C3%A7o-cearense\/\" target=\"_blank\" rel=\"noopener noreferrer\">LinkedIn<\/a>\u00a0e\u00a0<a href=\"https:\/\/www.youtube.com\/grupoacocearense\" target=\"_blank\" rel=\"noopener noreferrer\">YouTube<\/a>\u00a0agora mesmo!<\/p>\n","protected":false},"excerpt":{"rendered":"<p>Empresas que trabalham com ferro e a\u00e7o lidam com uma s\u00e9rie de procedimentos perigosos no(&#8230;)<\/p>\n","protected":false},"author":1,"featured_media":1630,"comment_status":"open","ping_status":"open","sticky":false,"template":"","format":"standard","meta":{"_acf_changed":false,"inline_featured_image":false,"footnotes":""},"categories":[28],"tags":[],"class_list":["post-1639","post","type-post","status-publish","format-standard","has-post-thumbnail","hentry","category-gestao"],"acf":[],"yoast_head":"<!-- This site is optimized with the Yoast SEO plugin v25.9 - https:\/\/yoast.com\/wordpress\/plugins\/seo\/ -->\n<title>Confira as normas de seguran\u00e7a para uma empresa de ferro e a\u00e7o - Grupo A\u00e7o Cearense<\/title>\n<meta name=\"robots\" content=\"index, follow, max-snippet:-1, max-image-preview:large, max-video-preview:-1\" \/>\n<link rel=\"canonical\" href=\"https:\/\/previews.elleven.digital\/acocearense\/confira-as-normas-de-seguranca-para-uma-empresa-de-ferro-e-aco\/\" \/>\n<meta property=\"og:locale\" content=\"pt_BR\" \/>\n<meta property=\"og:type\" content=\"article\" \/>\n<meta property=\"og:title\" content=\"Confira as normas de seguran\u00e7a para uma empresa de ferro e a\u00e7o - Grupo A\u00e7o Cearense\" \/>\n<meta property=\"og:description\" content=\"Empresas que trabalham com ferro e a\u00e7o lidam com uma s\u00e9rie de procedimentos perigosos no(...)\" \/>\n<meta property=\"og:url\" content=\"https:\/\/previews.elleven.digital\/acocearense\/confira-as-normas-de-seguranca-para-uma-empresa-de-ferro-e-aco\/\" \/>\n<meta property=\"og:site_name\" content=\"Grupo A\u00e7o Cearense\" \/>\n<meta property=\"article:published_time\" content=\"2025-02-03T16:52:36+00:00\" \/>\n<meta property=\"article:modified_time\" content=\"2025-05-07T16:53:03+00:00\" \/>\n<meta property=\"og:image\" content=\"https:\/\/previews.elleven.digital\/acocearense\/wp-content\/uploads\/2025\/05\/acocearensecomercial_grupoacocearense_image_104.jpeg\" \/>\n\t<meta property=\"og:image:width\" content=\"800\" \/>\n\t<meta property=\"og:image:height\" content=\"600\" \/>\n\t<meta property=\"og:image:type\" content=\"image\/jpeg\" \/>\n<meta name=\"author\" content=\"elleven\" \/>\n<meta name=\"twitter:card\" content=\"summary_large_image\" \/>\n<meta name=\"twitter:label1\" content=\"Escrito por\" \/>\n\t<meta name=\"twitter:data1\" content=\"elleven\" \/>\n\t<meta name=\"twitter:label2\" content=\"Est. tempo de leitura\" \/>\n\t<meta name=\"twitter:data2\" content=\"6 minutos\" \/>\n<script type=\"application\/ld+json\" class=\"yoast-schema-graph\">{\"@context\":\"https:\/\/schema.org\",\"@graph\":[{\"@type\":\"WebPage\",\"@id\":\"https:\/\/previews.elleven.digital\/acocearense\/confira-as-normas-de-seguranca-para-uma-empresa-de-ferro-e-aco\/\",\"url\":\"https:\/\/previews.elleven.digital\/acocearense\/confira-as-normas-de-seguranca-para-uma-empresa-de-ferro-e-aco\/\",\"name\":\"Confira as normas de seguran\u00e7a para uma empresa de ferro e a\u00e7o - Grupo A\u00e7o Cearense\",\"isPartOf\":{\"@id\":\"https:\/\/previews.elleven.digital\/acocearense\/#website\"},\"primaryImageOfPage\":{\"@id\":\"https:\/\/previews.elleven.digital\/acocearense\/confira-as-normas-de-seguranca-para-uma-empresa-de-ferro-e-aco\/#primaryimage\"},\"image\":{\"@id\":\"https:\/\/previews.elleven.digital\/acocearense\/confira-as-normas-de-seguranca-para-uma-empresa-de-ferro-e-aco\/#primaryimage\"},\"thumbnailUrl\":\"https:\/\/previews.elleven.digital\/acocearense\/wp-content\/uploads\/2025\/05\/acocearensecomercial_grupoacocearense_image_104.jpeg\",\"datePublished\":\"2025-02-03T16:52:36+00:00\",\"dateModified\":\"2025-05-07T16:53:03+00:00\",\"author\":{\"@id\":\"https:\/\/previews.elleven.digital\/acocearense\/#\/schema\/person\/8e9165eb3c33e0860485c7c5fc06a701\"},\"breadcrumb\":{\"@id\":\"https:\/\/previews.elleven.digital\/acocearense\/confira-as-normas-de-seguranca-para-uma-empresa-de-ferro-e-aco\/#breadcrumb\"},\"inLanguage\":\"pt-BR\",\"potentialAction\":[{\"@type\":\"ReadAction\",\"target\":[\"https:\/\/previews.elleven.digital\/acocearense\/confira-as-normas-de-seguranca-para-uma-empresa-de-ferro-e-aco\/\"]}]},{\"@type\":\"ImageObject\",\"inLanguage\":\"pt-BR\",\"@id\":\"https:\/\/previews.elleven.digital\/acocearense\/confira-as-normas-de-seguranca-para-uma-empresa-de-ferro-e-aco\/#primaryimage\",\"url\":\"https:\/\/previews.elleven.digital\/acocearense\/wp-content\/uploads\/2025\/05\/acocearensecomercial_grupoacocearense_image_104.jpeg\",\"contentUrl\":\"https:\/\/previews.elleven.digital\/acocearense\/wp-content\/uploads\/2025\/05\/acocearensecomercial_grupoacocearense_image_104.jpeg\",\"width\":800,\"height\":600},{\"@type\":\"BreadcrumbList\",\"@id\":\"https:\/\/previews.elleven.digital\/acocearense\/confira-as-normas-de-seguranca-para-uma-empresa-de-ferro-e-aco\/#breadcrumb\",\"itemListElement\":[{\"@type\":\"ListItem\",\"position\":1,\"name\":\"In\u00edcio\",\"item\":\"https:\/\/previews.elleven.digital\/acocearense\/\"},{\"@type\":\"ListItem\",\"position\":2,\"name\":\"Confira as normas de seguran\u00e7a para uma empresa de ferro e a\u00e7o\"}]},{\"@type\":\"WebSite\",\"@id\":\"https:\/\/previews.elleven.digital\/acocearense\/#website\",\"url\":\"https:\/\/previews.elleven.digital\/acocearense\/\",\"name\":\"A\u00e7o Cearense\",\"description\":\"H\u00e1 mais de 45 anos no mercado brasileiro do a\u00e7o.\",\"alternateName\":\"A\u00e7o Cearense\",\"potentialAction\":[{\"@type\":\"SearchAction\",\"target\":{\"@type\":\"EntryPoint\",\"urlTemplate\":\"https:\/\/previews.elleven.digital\/acocearense\/?s={search_term_string}\"},\"query-input\":{\"@type\":\"PropertyValueSpecification\",\"valueRequired\":true,\"valueName\":\"search_term_string\"}}],\"inLanguage\":\"pt-BR\"},{\"@type\":\"Person\",\"@id\":\"https:\/\/previews.elleven.digital\/acocearense\/#\/schema\/person\/8e9165eb3c33e0860485c7c5fc06a701\",\"name\":\"elleven\",\"image\":{\"@type\":\"ImageObject\",\"inLanguage\":\"pt-BR\",\"@id\":\"https:\/\/previews.elleven.digital\/acocearense\/#\/schema\/person\/image\/\",\"url\":\"https:\/\/secure.gravatar.com\/avatar\/2a6afb49d9ecfed5dbc6c9606ce318b8bd07c077835179bddfd5d8209c03cb29?s=96&d=mm&r=g\",\"contentUrl\":\"https:\/\/secure.gravatar.com\/avatar\/2a6afb49d9ecfed5dbc6c9606ce318b8bd07c077835179bddfd5d8209c03cb29?s=96&d=mm&r=g\",\"caption\":\"elleven\"},\"sameAs\":[\"http:\/\/localhost\/acocearense\"],\"url\":\"https:\/\/previews.elleven.digital\/acocearense\/author\/elleven\/\"}]}<\/script>\n<!-- \/ Yoast SEO plugin. -->","yoast_head_json":{"title":"Confira as normas de seguran\u00e7a para uma empresa de ferro e a\u00e7o - Grupo A\u00e7o Cearense","robots":{"index":"index","follow":"follow","max-snippet":"max-snippet:-1","max-image-preview":"max-image-preview:large","max-video-preview":"max-video-preview:-1"},"canonical":"https:\/\/previews.elleven.digital\/acocearense\/confira-as-normas-de-seguranca-para-uma-empresa-de-ferro-e-aco\/","og_locale":"pt_BR","og_type":"article","og_title":"Confira as normas de seguran\u00e7a para uma empresa de ferro e a\u00e7o - Grupo A\u00e7o Cearense","og_description":"Empresas que trabalham com ferro e a\u00e7o lidam com uma s\u00e9rie de procedimentos perigosos no(...)","og_url":"https:\/\/previews.elleven.digital\/acocearense\/confira-as-normas-de-seguranca-para-uma-empresa-de-ferro-e-aco\/","og_site_name":"Grupo A\u00e7o Cearense","article_published_time":"2025-02-03T16:52:36+00:00","article_modified_time":"2025-05-07T16:53:03+00:00","og_image":[{"width":800,"height":600,"url":"https:\/\/previews.elleven.digital\/acocearense\/wp-content\/uploads\/2025\/05\/acocearensecomercial_grupoacocearense_image_104.jpeg","type":"image\/jpeg"}],"author":"elleven","twitter_card":"summary_large_image","twitter_misc":{"Escrito por":"elleven","Est. tempo de leitura":"6 minutos"},"schema":{"@context":"https:\/\/schema.org","@graph":[{"@type":"WebPage","@id":"https:\/\/previews.elleven.digital\/acocearense\/confira-as-normas-de-seguranca-para-uma-empresa-de-ferro-e-aco\/","url":"https:\/\/previews.elleven.digital\/acocearense\/confira-as-normas-de-seguranca-para-uma-empresa-de-ferro-e-aco\/","name":"Confira as normas de seguran\u00e7a para uma empresa de ferro e a\u00e7o - Grupo A\u00e7o Cearense","isPartOf":{"@id":"https:\/\/previews.elleven.digital\/acocearense\/#website"},"primaryImageOfPage":{"@id":"https:\/\/previews.elleven.digital\/acocearense\/confira-as-normas-de-seguranca-para-uma-empresa-de-ferro-e-aco\/#primaryimage"},"image":{"@id":"https:\/\/previews.elleven.digital\/acocearense\/confira-as-normas-de-seguranca-para-uma-empresa-de-ferro-e-aco\/#primaryimage"},"thumbnailUrl":"https:\/\/previews.elleven.digital\/acocearense\/wp-content\/uploads\/2025\/05\/acocearensecomercial_grupoacocearense_image_104.jpeg","datePublished":"2025-02-03T16:52:36+00:00","dateModified":"2025-05-07T16:53:03+00:00","author":{"@id":"https:\/\/previews.elleven.digital\/acocearense\/#\/schema\/person\/8e9165eb3c33e0860485c7c5fc06a701"},"breadcrumb":{"@id":"https:\/\/previews.elleven.digital\/acocearense\/confira-as-normas-de-seguranca-para-uma-empresa-de-ferro-e-aco\/#breadcrumb"},"inLanguage":"pt-BR","potentialAction":[{"@type":"ReadAction","target":["https:\/\/previews.elleven.digital\/acocearense\/confira-as-normas-de-seguranca-para-uma-empresa-de-ferro-e-aco\/"]}]},{"@type":"ImageObject","inLanguage":"pt-BR","@id":"https:\/\/previews.elleven.digital\/acocearense\/confira-as-normas-de-seguranca-para-uma-empresa-de-ferro-e-aco\/#primaryimage","url":"https:\/\/previews.elleven.digital\/acocearense\/wp-content\/uploads\/2025\/05\/acocearensecomercial_grupoacocearense_image_104.jpeg","contentUrl":"https:\/\/previews.elleven.digital\/acocearense\/wp-content\/uploads\/2025\/05\/acocearensecomercial_grupoacocearense_image_104.jpeg","width":800,"height":600},{"@type":"BreadcrumbList","@id":"https:\/\/previews.elleven.digital\/acocearense\/confira-as-normas-de-seguranca-para-uma-empresa-de-ferro-e-aco\/#breadcrumb","itemListElement":[{"@type":"ListItem","position":1,"name":"In\u00edcio","item":"https:\/\/previews.elleven.digital\/acocearense\/"},{"@type":"ListItem","position":2,"name":"Confira as normas de seguran\u00e7a para uma empresa de ferro e a\u00e7o"}]},{"@type":"WebSite","@id":"https:\/\/previews.elleven.digital\/acocearense\/#website","url":"https:\/\/previews.elleven.digital\/acocearense\/","name":"A\u00e7o Cearense","description":"H\u00e1 mais de 45 anos no mercado brasileiro do a\u00e7o.","alternateName":"A\u00e7o Cearense","potentialAction":[{"@type":"SearchAction","target":{"@type":"EntryPoint","urlTemplate":"https:\/\/previews.elleven.digital\/acocearense\/?s={search_term_string}"},"query-input":{"@type":"PropertyValueSpecification","valueRequired":true,"valueName":"search_term_string"}}],"inLanguage":"pt-BR"},{"@type":"Person","@id":"https:\/\/previews.elleven.digital\/acocearense\/#\/schema\/person\/8e9165eb3c33e0860485c7c5fc06a701","name":"elleven","image":{"@type":"ImageObject","inLanguage":"pt-BR","@id":"https:\/\/previews.elleven.digital\/acocearense\/#\/schema\/person\/image\/","url":"https:\/\/secure.gravatar.com\/avatar\/2a6afb49d9ecfed5dbc6c9606ce318b8bd07c077835179bddfd5d8209c03cb29?s=96&d=mm&r=g","contentUrl":"https:\/\/secure.gravatar.com\/avatar\/2a6afb49d9ecfed5dbc6c9606ce318b8bd07c077835179bddfd5d8209c03cb29?s=96&d=mm&r=g","caption":"elleven"},"sameAs":["http:\/\/localhost\/acocearense"],"url":"https:\/\/previews.elleven.digital\/acocearense\/author\/elleven\/"}]}},"_links":{"self":[{"href":"https:\/\/previews.elleven.digital\/acocearense\/wp-json\/wp\/v2\/posts\/1639","targetHints":{"allow":["GET"]}}],"collection":[{"href":"https:\/\/previews.elleven.digital\/acocearense\/wp-json\/wp\/v2\/posts"}],"about":[{"href":"https:\/\/previews.elleven.digital\/acocearense\/wp-json\/wp\/v2\/types\/post"}],"author":[{"embeddable":true,"href":"https:\/\/previews.elleven.digital\/acocearense\/wp-json\/wp\/v2\/users\/1"}],"replies":[{"embeddable":true,"href":"https:\/\/previews.elleven.digital\/acocearense\/wp-json\/wp\/v2\/comments?post=1639"}],"version-history":[{"count":1,"href":"https:\/\/previews.elleven.digital\/acocearense\/wp-json\/wp\/v2\/posts\/1639\/revisions"}],"predecessor-version":[{"id":1640,"href":"https:\/\/previews.elleven.digital\/acocearense\/wp-json\/wp\/v2\/posts\/1639\/revisions\/1640"}],"wp:featuredmedia":[{"embeddable":true,"href":"https:\/\/previews.elleven.digital\/acocearense\/wp-json\/wp\/v2\/media\/1630"}],"wp:attachment":[{"href":"https:\/\/previews.elleven.digital\/acocearense\/wp-json\/wp\/v2\/media?parent=1639"}],"wp:term":[{"taxonomy":"category","embeddable":true,"href":"https:\/\/previews.elleven.digital\/acocearense\/wp-json\/wp\/v2\/categories?post=1639"},{"taxonomy":"post_tag","embeddable":true,"href":"https:\/\/previews.elleven.digital\/acocearense\/wp-json\/wp\/v2\/tags?post=1639"}],"curies":[{"name":"wp","href":"https:\/\/api.w.org\/{rel}","templated":true}]}}