{"id":1523,"date":"2024-09-12T11:38:39","date_gmt":"2024-09-12T14:38:39","guid":{"rendered":"https:\/\/previews.elleven.digital\/acocearense\/?p=1523"},"modified":"2025-05-07T11:39:25","modified_gmt":"2025-05-07T14:39:25","slug":"qual-a-relacao-entre-economia-circular-e-o-aco-confira","status":"publish","type":"post","link":"https:\/\/previews.elleven.digital\/acocearense\/qual-a-relacao-entre-economia-circular-e-o-aco-confira\/","title":{"rendered":"Qual a rela\u00e7\u00e3o entre economia circular e o a\u00e7o? Confira"},"content":{"rendered":"<p>A economia circular \u00e9 um modelo econ\u00f4mico inovador que busca maximizar o valor dos recursos dispon\u00edveis ao mesmo tempo em que minimiza o desperd\u00edcio e reduz o impacto ambiental.<\/p>\n<p>Ou seja, ela se op\u00f5e ao tradicional modelo linear de produ\u00e7\u00e3o e consumo, baseado em \u201cextrair, produzir, usar e descartar.\u201d Assim, a economia circular promove a reutiliza\u00e7\u00e3o, a reciclagem e a regenera\u00e7\u00e3o dos materiais, fechando os ciclos de vida dos produtos.<\/p>\n<p>Na ind\u00fastria do a\u00e7o, ela desempenha um papel fundamental na redu\u00e7\u00e3o da demanda por mat\u00e9rias-primas virgens, como o min\u00e9rio de ferro. Quer entender mais sobre a rela\u00e7\u00e3o entre a economia circular e o a\u00e7o? Continue a leitura e confira!<\/p>\n<h2>Qual \u00e9 a defini\u00e7\u00e3o de economia circular?<\/h2>\n<p>A economia circular \u00e9 um paradigma de produ\u00e7\u00e3o que visa otimizar a utiliza\u00e7\u00e3o dos recursos dispon\u00edveis, minimizando a gera\u00e7\u00e3o de res\u00edduos e o impacto ambiental. Assim, ela fomenta a reutiliza\u00e7\u00e3o, a reciclagem e a regenera\u00e7\u00e3o dos materiais, buscando maximizar o valor agregado ao longo do seu ciclo de vida.<\/p>\n<p>No setor do a\u00e7o, a economia circular envolve a reciclagem da sucata de a\u00e7o, transformando-a em novos produtos em vez de extrair mais min\u00e9rio de ferro. Isso reduz a necessidade de recursos naturais e diminui a quantidade de res\u00edduos gerados.<\/p>\n<p>Logo, os revendedores de\u00a0<a href=\"https:\/\/previews.elleven.digital\/acocearense\/blog\/abrindo-o-negocio\/resistencia-do-aco-o-que-voce-precisa-saber-sobre-o-assunto\/?setlang=no\" target=\"_blank\" rel=\"noopener noreferrer\">a\u00e7o<\/a>, por exemplo, podem adquirir e comercializar o material reciclado, contribuindo para a redu\u00e7\u00e3o do impacto ambiental e atendendo \u00e0s demandas de clientes preocupados com a sustentabilidade.\u00a0Al\u00e9m disso, a oferta de a\u00e7o reciclado pode ter pre\u00e7os competitivos em compara\u00e7\u00e3o com o a\u00e7o virgem, o que abre oportunidades de neg\u00f3cio e fortalece a sua posi\u00e7\u00e3o no mercado.<\/p>\n<h2>Quais s\u00e3o os exemplos de economia circular?<\/h2>\n<p>Existem diversos exemplos de economia circular que podem ser aplicados no setor do a\u00e7o, j\u00e1 que a sucata de a\u00e7o \u00e9 coletada, processada e reciclada, transformando-se em novos produtos de a\u00e7o. Isso reduz a necessidade de extrair mais min\u00e9rio de ferro e diminui o desperd\u00edcio.<\/p>\n<p>Al\u00e9m disso, eles podem ser reutilizados para outras finalidades, como serem reformados e transformados em um novo produto ou pe\u00e7a. E, ainda, em vez de vender esses itens, \u00e9 poss\u00edvel oferecer servi\u00e7os de leasing ou compartilhamento, onde os clientes t\u00eam o acesso tempor\u00e1rio aos produtos, reduzindo a necessidade de produ\u00e7\u00e3o e o consumo excessivo.<\/p>\n<p>Outra op\u00e7\u00e3o \u00e9 adotar pr\u00e1ticas e tecnologias mais eficientes no processo de fabrica\u00e7\u00e3o do a\u00e7o, como o uso de energia renov\u00e1vel, a redu\u00e7\u00e3o de res\u00edduos e a otimiza\u00e7\u00e3o de recursos, contribuindo para uma economia circular mais sustent\u00e1vel.<\/p>\n<h2>Como a economia circular tem sido aplicada no Brasil?<\/h2>\n<p>A economia circular no Brasil tem ganhado destaque e vem sendo aplicada em diversos segmentos, incluindo o setor do a\u00e7o. Saiba mais!<\/p>\n<h3>Reciclagem de sucata de a\u00e7o<\/h3>\n<p>A reciclagem de sucata de a\u00e7o \u00e9 uma pr\u00e1tica comum no nosso pa\u00eds. As empresas especializadas coletam, processam e reciclam o material, transformando-o em novos produtos.<\/p>\n<h3>Programas de log\u00edstica reversa<\/h3>\n<p>Diversos setores t\u00eam implementado os programas de log\u00edstica reversa, que criam sistemas de coleta e de destina\u00e7\u00e3o adequada dos produtos ap\u00f3s o uso. Essas iniciativas envolvem a devolu\u00e7\u00e3o de produtos de a\u00e7o descartados pelos consumidores, possibilitando a sua reciclagem e reintegra\u00e7\u00e3o na cadeia produtiva.<\/p>\n<h3>Incentivos fiscais e regulamenta\u00e7\u00f5es<\/h3>\n<p>O governo brasileiro tem implementado incentivos fiscais e regulamenta\u00e7\u00f5es que promovem a economia circular. Isso inclui benef\u00edcios para as empresas que adotam pr\u00e1ticas\u00a0<a href=\"https:\/\/previews.elleven.digital\/acocearense\/blog\/gestao\/construcoes-sustentaveis\/\" target=\"_blank\" rel=\"noopener noreferrer\">sustent\u00e1veis<\/a>, como a reciclagem de materiais e a exig\u00eancia de que os produtos sejam projetados para facilitar a reciclagem e a reutiliza\u00e7\u00e3o.<\/p>\n<h3>Parcerias entre empresas<\/h3>\n<p>Tamb\u00e9m t\u00eam surgido parcerias entre empresas de diferentes setores para promover a economia circular. Por exemplo, as ind\u00fastrias sider\u00fargicas podem se unir aos fabricantes de produtos de a\u00e7o para garantir a reciclagem dos res\u00edduos gerados durante a produ\u00e7\u00e3o.<\/p>\n<h3>Investimentos em tecnologias sustent\u00e1veis<\/h3>\n<p>Empresas brasileiras t\u00eam investido em tecnologias sustent\u00e1veis para tornar os seus processos produtivos mais eficientes e menos impactantes ao meio ambiente. Isso inclui o uso de energias renov\u00e1veis, a melhoria na gest\u00e3o de res\u00edduos e a ado\u00e7\u00e3o de pr\u00e1ticas ecoeficientes.<\/p>\n<h2>Quais s\u00e3o os pilares da economia circular?<\/h2>\n<p>A economia circular \u00e9 baseada em tr\u00eas pilares fundamentais. Veja a seguir!<\/p>\n<h3>Design sustent\u00e1vel<\/h3>\n<p>O design sustent\u00e1vel \u00e9 o primeiro pilar da economia circular. Ele envolve projetar produtos, incluindo o a\u00e7o, levando em considera\u00e7\u00e3o a sua durabilidade, a facilidade de reparo, a desmontagem e a reciclabilidade.\u00a0Nesse processo, os itens s\u00e3o feitos para durar, podem ser facilmente consertados e t\u00eam os seus materiais reaproveitados no final da sua vida \u00fatil.<\/p>\n<h3>Longos ciclos de vida<\/h3>\n<p>O segundo pilar da economia circular \u00e9 a promo\u00e7\u00e3o de ciclos de vida longos para os produtos, o que envolve a reutiliza\u00e7\u00e3o de itens e componentes, a remanufatura (ou seja, a restaura\u00e7\u00e3o dos produtos usados) e a reciclagem de materiais, como a sucata de a\u00e7o.<\/p>\n<p>Ao prolongar essa vida \u00fatil e evitar o descarte prematuro, o valor dos recursos utilizados na sua fabrica\u00e7\u00e3o s\u00e3o maximizados.<\/p>\n<h3>Uso eficiente de recursos<\/h3>\n<p>O terceiro pilar envolve utilizar os recursos naturais, como o min\u00e9rio de ferro, de uma forma respons\u00e1vel e otimizada. No caso do a\u00e7o, isso inclui a reciclagem da sucata para reduzir a necessidade de extra\u00e7\u00e3o de novas mat\u00e9rias-primas, e, ainda, o uso de tecnologias e pr\u00e1ticas que minimizam o desperd\u00edcio e a pegada ambiental durante o processo produtivo.<\/p>\n<h2>Qual \u00e9 a rela\u00e7\u00e3o entre a\u00e7o e economia circular?<\/h2>\n<p>A rela\u00e7\u00e3o entre o a\u00e7o e a economia circular \u00e9 bastante significativa. Afinal, como dissemos, a economia circular busca minimizar o desperd\u00edcio e maximizar a efici\u00eancia na utiliza\u00e7\u00e3o dos recursos \u2014 e o setor do a\u00e7o desempenha um papel fundamental nesse contexto.<\/p>\n<p>Al\u00e9m disso, o a\u00e7o \u00e9 um material altamente recicl\u00e1vel, o que significa que ele pode ser reutilizado repetidamente sem perder as suas propriedades. Por isso, a reciclagem de sucata de a\u00e7o \u00e9 um dos principais pilares da economia circular aplicada a esse setor.<\/p>\n<p>Ao reciclar o a\u00e7o, evitamos a extra\u00e7\u00e3o de mais min\u00e9rio de ferro, reduzindo a demanda por mat\u00e9rias-primas virgens e diminuindo o impacto ambiental associado \u00e0 sua produ\u00e7\u00e3o.<\/p>\n<p>Por fim, a reciclagem de sucata de a\u00e7o tamb\u00e9m contribui para a redu\u00e7\u00e3o dos res\u00edduos gerados durante o processo produtivo. Em vez de descartar o material ap\u00f3s o uso, ele pode ser coletado, processado e transformado em novos produtos de a\u00e7o. Isso fecha o seu ciclo de vida e evita o desperd\u00edcio.<\/p>\n<p>Para voc\u00ea, como revendedor de a\u00e7o, a economia circular representa uma oportunidade de neg\u00f3cio. Ao adquirir e comercializar o a\u00e7o reciclado, voc\u00ea contribui para a preserva\u00e7\u00e3o do meio ambiente e atende \u00e0 demanda crescente por materiais sustent\u00e1veis. Al\u00e9m disso, o a\u00e7o reciclado pode ser competitivo em termos de pre\u00e7o em compara\u00e7\u00e3o com o a\u00e7o virgem, o que abre novas oportunidades no mercado.<\/p>\n<h2>Quais s\u00e3o os benef\u00edcios da reciclagem?<\/h2>\n<p>A reciclagem traz diversos benef\u00edcios significativos para o setor do a\u00e7o. A seguir, acompanhe alguns dos principais!<\/p>\n<h3>Preserva\u00e7\u00e3o dos recursos naturais<\/h3>\n<p>Como dissemos, a\u00a0<a href=\"https:\/\/previews.elleven.digital\/acocearense\/blog\/gestao\/fique-por-dentro-4-curiosidades-sobre-a-reciclagem-do-aco\/?setlang=no\" target=\"_blank\" rel=\"noopener noreferrer\">reciclagem do a\u00e7o<\/a>\u00a0reduz a necessidade de extrair mais min\u00e9rio de ferro. Isso preserva os recursos naturais, como o min\u00e9rio, que s\u00e3o limitados e n\u00e3o renov\u00e1veis. Ao reciclar o a\u00e7o, contribu\u00edmos para a conserva\u00e7\u00e3o desses recursos preciosos.<\/p>\n<h3>Redu\u00e7\u00e3o do impacto ambiental<\/h3>\n<p>A reciclagem de a\u00e7o tamb\u00e9m consome menos energia em compara\u00e7\u00e3o com a produ\u00e7\u00e3o de a\u00e7o a partir do min\u00e9rio. Isso resulta em uma redu\u00e7\u00e3o significativa das emiss\u00f5es de gases de efeito estufa e da pegada ambiental. Al\u00e9m disso, a reciclagem evita o descarte de res\u00edduos s\u00f3lidos, diminuindo a press\u00e3o sobre os aterros sanit\u00e1rios.<\/p>\n<h3>Economia de energia<\/h3>\n<p>A reciclagem de a\u00e7o exige um menor consumo energ\u00e9tico do que a produ\u00e7\u00e3o a partir do min\u00e9rio, gerando uma economia significativa de energia durante o seu processo de fabrica\u00e7\u00e3o.\u00a0Ao optar pela reciclagem, contribu\u00edmos para a redu\u00e7\u00e3o do consumo energ\u00e9tico e, consequentemente, para a mitiga\u00e7\u00e3o dos impactos ambientais associados \u00e0 produ\u00e7\u00e3o de energia.<\/p>\n<h3>Oportunidade de neg\u00f3cio e competitividade<\/h3>\n<p>A demanda por produtos sustent\u00e1veis est\u00e1 crescendo. Ao oferecer o a\u00e7o reciclado, voc\u00ea atende a essa necessidade e fortalece a sua posi\u00e7\u00e3o no mercado. Al\u00e9m disso, o a\u00e7o reciclado costuma ter valores mais lucrativos, o que abre oportunidades para neg\u00f3cios sustent\u00e1veis e aumenta a competitividade da sua empresa.<\/p>\n<h3>Imagem corporativa e responsabilidade social<\/h3>\n<p>A\u00a0<a href=\"https:\/\/previews.elleven.digital\/acocearense\/blog\/produtos\/reciclagem-do-aco\/\" target=\"_blank\" rel=\"noopener noreferrer\">reciclagem de a\u00e7o<\/a>\u00a0demonstra o compromisso da sua empresa com a responsabilidade ambiental e a sustentabilidade, o que vai fortalecer a sua imagem corporativa e pode atrair clientes que valorizam pr\u00e1ticas empresariais respons\u00e1veis.<\/p>\n<h2>Quais s\u00e3o as vantagens da economia circular?<\/h2>\n<p>A economia circular traz v\u00e1rios benef\u00edcios importantes para o setor do a\u00e7o. Confira!<\/p>\n<h3>Utiliza\u00e7\u00e3o eficiente dos recursos<\/h3>\n<p>Como voc\u00ea viu, a economia circular visa maximizar o uso dos recursos dispon\u00edveis, como o a\u00e7o, por meio da reutiliza\u00e7\u00e3o, da reciclagem e da recupera\u00e7\u00e3o de materiais. Isso significa que menos recursos s\u00e3o desperdi\u00e7ados, o que leva a uma utiliza\u00e7\u00e3o mais eficiente e sustent\u00e1vel.<\/p>\n<h3>Redu\u00e7\u00e3o do impacto ambiental<\/h3>\n<p>Ao adotar a economia circular, reduz-se o consumo de mat\u00e9rias-primas virgens, como o min\u00e9rio de ferro, resultando em um menor impacto ambiental associado \u00e0 sua extra\u00e7\u00e3o.\u00a0Al\u00e9m disso, a reciclagem de a\u00e7o consome menos energia em compara\u00e7\u00e3o com a produ\u00e7\u00e3o a partir do min\u00e9rio, levando a uma redu\u00e7\u00e3o das emiss\u00f5es de gases de efeito estufa.<\/p>\n<h3>Est\u00edmulo \u00e0 inova\u00e7\u00e3o e cria\u00e7\u00e3o de empregos<\/h3>\n<p>O processo tamb\u00e9m impulsiona a inova\u00e7\u00e3o, levando ao desenvolvimento de novas tecnologias, processos e produtos. Isso cria oportunidades para o surgimento de novos neg\u00f3cios e empregos no setor do a\u00e7o, impulsionando a economia de forma sustent\u00e1vel.<\/p>\n<h3>Maior resili\u00eancia e seguran\u00e7a do fornecimento<\/h3>\n<p>A ado\u00e7\u00e3o da economia circular no setor do a\u00e7o promove uma maior independ\u00eancia em rela\u00e7\u00e3o \u00e0s mat\u00e9rias-primas importadas. Ao reciclar o a\u00e7o e reutiliz\u00e1-lo na produ\u00e7\u00e3o, reduz-se a depend\u00eancia de recursos externos, tornando a cadeia de suprimentos mais resiliente e segura.<\/p>\n<h3>Aumento da competitividade e acesso a novos mercados<\/h3>\n<p>A economia circular est\u00e1 se tornando cada vez mais importante para os consumidores e as empresas que valorizam a sustentabilidade. Ao oferecer produtos de a\u00e7o reciclado e adotar pr\u00e1ticas de economia circular, voc\u00ea se posiciona como um fornecedor respons\u00e1vel e sustent\u00e1vel, ganhando\u00a0<a href=\"https:\/\/previews.elleven.digital\/acocearense\/blog\/gestao\/vantagem-competitiva\/\" target=\"_blank\" rel=\"noopener noreferrer\">vantagem competitiva<\/a>\u00a0e acesso a novos mercados.<\/p>\n<h2>Quais s\u00e3o os desafios e as oportunidades na implementa\u00e7\u00e3o da economia circular?<\/h2>\n<p>A implementa\u00e7\u00e3o da economia circular no setor do a\u00e7o traz oportunidades e desafios significativos. Acompanhe!<\/p>\n<h3>Desafios<\/h3>\n<h4>Infraestrutura de reciclagem<\/h4>\n<p>Um dos desafios \u00e9 garantir uma infraestrutura adequada para coletar, separar e reciclar a sucata de a\u00e7o. Esse processo requer investimentos em instala\u00e7\u00f5es de reciclagem e sistemas eficientes de log\u00edstica reversa.<\/p>\n<h4>Qualidade da sucata<\/h4>\n<p>A qualidade da sucata de a\u00e7o pode variar, o que, geralmente, dificulta o seu uso em certas aplica\u00e7\u00f5es. Nesse sentido, \u00e9 necess\u00e1rio estabelecer padr\u00f5es de qualidade e desenvolver t\u00e9cnicas de classifica\u00e7\u00e3o e prepara\u00e7\u00e3o da sucata para garantir a sua adequa\u00e7\u00e3o para a reciclagem.<\/p>\n<h4>Regulamenta\u00e7\u00f5es e incentivos<\/h4>\n<p>Para promover a economia circular, \u00e9 importante ter regulamenta\u00e7\u00f5es claras que incentivem a reciclagem e estabele\u00e7am metas de sustentabilidade. Al\u00e9m disso, incentivos financeiros e fiscais podem ser necess\u00e1rios para encorajar as empresas a adotarem pr\u00e1ticas circulares.<\/p>\n<h3>Oportunidades<\/h3>\n<h4>Novos mercados e demanda<\/h4>\n<p>A ado\u00e7\u00e3o da economia circular no setor do a\u00e7o pode abrir novos mercados e atrair clientes que valorizam os produtos sustent\u00e1veis. H\u00e1 uma crescente demanda por produtos de a\u00e7o reciclado, o que pode representar oportunidades de neg\u00f3cios para os revendedores.<\/p>\n<h4>Colabora\u00e7\u00e3o na cadeia de valor<\/h4>\n<p>A implementa\u00e7\u00e3o da economia circular requer a colabora\u00e7\u00e3o entre os diferentes atores da cadeia de valor do a\u00e7o, desde os fabricantes at\u00e9 os revendedores e consumidores. Por meio de parcerias e coopera\u00e7\u00e3o, \u00e9 poss\u00edvel criar solu\u00e7\u00f5es integradas que maximizam a reciclagem e a reutiliza\u00e7\u00e3o de materiais.<\/p>\n<h4>Benef\u00edcios ambientais e reputa\u00e7\u00e3o corporativa<\/h4>\n<p>A ado\u00e7\u00e3o da economia circular no setor do a\u00e7o traz benef\u00edcios ambientais significativos, como a redu\u00e7\u00e3o do consumo de recursos naturais e a diminui\u00e7\u00e3o das emiss\u00f5es de gases de efeito estufa.<\/p>\n<p>Al\u00e9m disso, promover pr\u00e1ticas sustent\u00e1veis melhora a reputa\u00e7\u00e3o corporativa e pode atrair clientes e parceiros engajados e respons\u00e1veis com o meio ambiente.<\/p>\n<p>Viu s\u00f3 como a economia circular se relaciona com o a\u00e7o? Isso surge na capacidade do a\u00e7o de ser reciclado e reintegrado no ciclo de produ\u00e7\u00e3o, reduzindo o desperd\u00edcio, a extra\u00e7\u00e3o de recursos e o impacto ambiental.<\/p>\n<p>Gostou do conte\u00fado sobre economia circular e a sua rela\u00e7\u00e3o com o a\u00e7o? Leia outros materiais do blog e\u00a0<a href=\"https:\/\/previews.elleven.digital\/acocearense\/\" target=\"_blank\" rel=\"noopener noreferrer\">conhe\u00e7a mais sobre o Grupo A\u00e7o Cearense<\/a>\u00a0no nosso site!<\/p>\n","protected":false},"excerpt":{"rendered":"<p>A economia circular \u00e9 um modelo econ\u00f4mico inovador que busca maximizar o valor dos recursos(&#8230;)<\/p>\n","protected":false},"author":1,"featured_media":1499,"comment_status":"open","ping_status":"open","sticky":false,"template":"","format":"standard","meta":{"_acf_changed":false,"inline_featured_image":false,"footnotes":""},"categories":[26,28,31],"tags":[],"class_list":["post-1523","post","type-post","status-publish","format-standard","has-post-thumbnail","hentry","category-comunicacao","category-gestao","category-planejamento-estrategico"],"acf":[],"yoast_head":"<!-- This site is optimized with the Yoast SEO plugin v25.9 - https:\/\/yoast.com\/wordpress\/plugins\/seo\/ -->\n<title>Qual a rela\u00e7\u00e3o entre economia circular e o a\u00e7o? Confira - Grupo A\u00e7o Cearense<\/title>\n<meta name=\"robots\" content=\"index, follow, max-snippet:-1, max-image-preview:large, max-video-preview:-1\" \/>\n<link rel=\"canonical\" href=\"https:\/\/previews.elleven.digital\/acocearense\/qual-a-relacao-entre-economia-circular-e-o-aco-confira\/\" \/>\n<meta property=\"og:locale\" content=\"pt_BR\" \/>\n<meta property=\"og:type\" content=\"article\" \/>\n<meta property=\"og:title\" content=\"Qual a rela\u00e7\u00e3o entre economia circular e o a\u00e7o? Confira - Grupo A\u00e7o Cearense\" \/>\n<meta property=\"og:description\" content=\"A economia circular \u00e9 um modelo econ\u00f4mico inovador que busca maximizar o valor dos recursos(...)\" \/>\n<meta property=\"og:url\" content=\"https:\/\/previews.elleven.digital\/acocearense\/qual-a-relacao-entre-economia-circular-e-o-aco-confira\/\" \/>\n<meta property=\"og:site_name\" content=\"Grupo A\u00e7o Cearense\" \/>\n<meta property=\"article:published_time\" content=\"2024-09-12T14:38:39+00:00\" \/>\n<meta property=\"article:modified_time\" content=\"2025-05-07T14:39:25+00:00\" \/>\n<meta property=\"og:image\" content=\"https:\/\/previews.elleven.digital\/acocearense\/wp-content\/uploads\/2025\/05\/acocearensecomercial_grupoacocearense_image_954.jpeg\" \/>\n\t<meta property=\"og:image:width\" content=\"800\" \/>\n\t<meta property=\"og:image:height\" content=\"600\" \/>\n\t<meta property=\"og:image:type\" content=\"image\/jpeg\" \/>\n<meta name=\"author\" content=\"elleven\" \/>\n<meta name=\"twitter:card\" content=\"summary_large_image\" \/>\n<meta name=\"twitter:label1\" content=\"Escrito por\" \/>\n\t<meta name=\"twitter:data1\" content=\"elleven\" \/>\n\t<meta name=\"twitter:label2\" content=\"Est. tempo de leitura\" \/>\n\t<meta name=\"twitter:data2\" content=\"12 minutos\" \/>\n<script type=\"application\/ld+json\" class=\"yoast-schema-graph\">{\"@context\":\"https:\/\/schema.org\",\"@graph\":[{\"@type\":\"WebPage\",\"@id\":\"https:\/\/previews.elleven.digital\/acocearense\/qual-a-relacao-entre-economia-circular-e-o-aco-confira\/\",\"url\":\"https:\/\/previews.elleven.digital\/acocearense\/qual-a-relacao-entre-economia-circular-e-o-aco-confira\/\",\"name\":\"Qual a rela\u00e7\u00e3o entre economia circular e o a\u00e7o? Confira - Grupo A\u00e7o Cearense\",\"isPartOf\":{\"@id\":\"https:\/\/previews.elleven.digital\/acocearense\/#website\"},\"primaryImageOfPage\":{\"@id\":\"https:\/\/previews.elleven.digital\/acocearense\/qual-a-relacao-entre-economia-circular-e-o-aco-confira\/#primaryimage\"},\"image\":{\"@id\":\"https:\/\/previews.elleven.digital\/acocearense\/qual-a-relacao-entre-economia-circular-e-o-aco-confira\/#primaryimage\"},\"thumbnailUrl\":\"https:\/\/previews.elleven.digital\/acocearense\/wp-content\/uploads\/2025\/05\/acocearensecomercial_grupoacocearense_image_954.jpeg\",\"datePublished\":\"2024-09-12T14:38:39+00:00\",\"dateModified\":\"2025-05-07T14:39:25+00:00\",\"author\":{\"@id\":\"https:\/\/previews.elleven.digital\/acocearense\/#\/schema\/person\/8e9165eb3c33e0860485c7c5fc06a701\"},\"breadcrumb\":{\"@id\":\"https:\/\/previews.elleven.digital\/acocearense\/qual-a-relacao-entre-economia-circular-e-o-aco-confira\/#breadcrumb\"},\"inLanguage\":\"pt-BR\",\"potentialAction\":[{\"@type\":\"ReadAction\",\"target\":[\"https:\/\/previews.elleven.digital\/acocearense\/qual-a-relacao-entre-economia-circular-e-o-aco-confira\/\"]}]},{\"@type\":\"ImageObject\",\"inLanguage\":\"pt-BR\",\"@id\":\"https:\/\/previews.elleven.digital\/acocearense\/qual-a-relacao-entre-economia-circular-e-o-aco-confira\/#primaryimage\",\"url\":\"https:\/\/previews.elleven.digital\/acocearense\/wp-content\/uploads\/2025\/05\/acocearensecomercial_grupoacocearense_image_954.jpeg\",\"contentUrl\":\"https:\/\/previews.elleven.digital\/acocearense\/wp-content\/uploads\/2025\/05\/acocearensecomercial_grupoacocearense_image_954.jpeg\",\"width\":800,\"height\":600},{\"@type\":\"BreadcrumbList\",\"@id\":\"https:\/\/previews.elleven.digital\/acocearense\/qual-a-relacao-entre-economia-circular-e-o-aco-confira\/#breadcrumb\",\"itemListElement\":[{\"@type\":\"ListItem\",\"position\":1,\"name\":\"In\u00edcio\",\"item\":\"https:\/\/previews.elleven.digital\/acocearense\/\"},{\"@type\":\"ListItem\",\"position\":2,\"name\":\"Qual a rela\u00e7\u00e3o entre economia circular e o a\u00e7o? Confira\"}]},{\"@type\":\"WebSite\",\"@id\":\"https:\/\/previews.elleven.digital\/acocearense\/#website\",\"url\":\"https:\/\/previews.elleven.digital\/acocearense\/\",\"name\":\"A\u00e7o Cearense\",\"description\":\"H\u00e1 mais de 45 anos no mercado brasileiro do a\u00e7o.\",\"alternateName\":\"A\u00e7o Cearense\",\"potentialAction\":[{\"@type\":\"SearchAction\",\"target\":{\"@type\":\"EntryPoint\",\"urlTemplate\":\"https:\/\/previews.elleven.digital\/acocearense\/?s={search_term_string}\"},\"query-input\":{\"@type\":\"PropertyValueSpecification\",\"valueRequired\":true,\"valueName\":\"search_term_string\"}}],\"inLanguage\":\"pt-BR\"},{\"@type\":\"Person\",\"@id\":\"https:\/\/previews.elleven.digital\/acocearense\/#\/schema\/person\/8e9165eb3c33e0860485c7c5fc06a701\",\"name\":\"elleven\",\"image\":{\"@type\":\"ImageObject\",\"inLanguage\":\"pt-BR\",\"@id\":\"https:\/\/previews.elleven.digital\/acocearense\/#\/schema\/person\/image\/\",\"url\":\"https:\/\/secure.gravatar.com\/avatar\/2a6afb49d9ecfed5dbc6c9606ce318b8bd07c077835179bddfd5d8209c03cb29?s=96&d=mm&r=g\",\"contentUrl\":\"https:\/\/secure.gravatar.com\/avatar\/2a6afb49d9ecfed5dbc6c9606ce318b8bd07c077835179bddfd5d8209c03cb29?s=96&d=mm&r=g\",\"caption\":\"elleven\"},\"sameAs\":[\"http:\/\/localhost\/acocearense\"],\"url\":\"https:\/\/previews.elleven.digital\/acocearense\/author\/elleven\/\"}]}<\/script>\n<!-- \/ Yoast SEO plugin. -->","yoast_head_json":{"title":"Qual a rela\u00e7\u00e3o entre economia circular e o a\u00e7o? Confira - Grupo A\u00e7o Cearense","robots":{"index":"index","follow":"follow","max-snippet":"max-snippet:-1","max-image-preview":"max-image-preview:large","max-video-preview":"max-video-preview:-1"},"canonical":"https:\/\/previews.elleven.digital\/acocearense\/qual-a-relacao-entre-economia-circular-e-o-aco-confira\/","og_locale":"pt_BR","og_type":"article","og_title":"Qual a rela\u00e7\u00e3o entre economia circular e o a\u00e7o? Confira - Grupo A\u00e7o Cearense","og_description":"A economia circular \u00e9 um modelo econ\u00f4mico inovador que busca maximizar o valor dos recursos(...)","og_url":"https:\/\/previews.elleven.digital\/acocearense\/qual-a-relacao-entre-economia-circular-e-o-aco-confira\/","og_site_name":"Grupo A\u00e7o Cearense","article_published_time":"2024-09-12T14:38:39+00:00","article_modified_time":"2025-05-07T14:39:25+00:00","og_image":[{"width":800,"height":600,"url":"https:\/\/previews.elleven.digital\/acocearense\/wp-content\/uploads\/2025\/05\/acocearensecomercial_grupoacocearense_image_954.jpeg","type":"image\/jpeg"}],"author":"elleven","twitter_card":"summary_large_image","twitter_misc":{"Escrito por":"elleven","Est. tempo de leitura":"12 minutos"},"schema":{"@context":"https:\/\/schema.org","@graph":[{"@type":"WebPage","@id":"https:\/\/previews.elleven.digital\/acocearense\/qual-a-relacao-entre-economia-circular-e-o-aco-confira\/","url":"https:\/\/previews.elleven.digital\/acocearense\/qual-a-relacao-entre-economia-circular-e-o-aco-confira\/","name":"Qual a rela\u00e7\u00e3o entre economia circular e o a\u00e7o? Confira - Grupo A\u00e7o Cearense","isPartOf":{"@id":"https:\/\/previews.elleven.digital\/acocearense\/#website"},"primaryImageOfPage":{"@id":"https:\/\/previews.elleven.digital\/acocearense\/qual-a-relacao-entre-economia-circular-e-o-aco-confira\/#primaryimage"},"image":{"@id":"https:\/\/previews.elleven.digital\/acocearense\/qual-a-relacao-entre-economia-circular-e-o-aco-confira\/#primaryimage"},"thumbnailUrl":"https:\/\/previews.elleven.digital\/acocearense\/wp-content\/uploads\/2025\/05\/acocearensecomercial_grupoacocearense_image_954.jpeg","datePublished":"2024-09-12T14:38:39+00:00","dateModified":"2025-05-07T14:39:25+00:00","author":{"@id":"https:\/\/previews.elleven.digital\/acocearense\/#\/schema\/person\/8e9165eb3c33e0860485c7c5fc06a701"},"breadcrumb":{"@id":"https:\/\/previews.elleven.digital\/acocearense\/qual-a-relacao-entre-economia-circular-e-o-aco-confira\/#breadcrumb"},"inLanguage":"pt-BR","potentialAction":[{"@type":"ReadAction","target":["https:\/\/previews.elleven.digital\/acocearense\/qual-a-relacao-entre-economia-circular-e-o-aco-confira\/"]}]},{"@type":"ImageObject","inLanguage":"pt-BR","@id":"https:\/\/previews.elleven.digital\/acocearense\/qual-a-relacao-entre-economia-circular-e-o-aco-confira\/#primaryimage","url":"https:\/\/previews.elleven.digital\/acocearense\/wp-content\/uploads\/2025\/05\/acocearensecomercial_grupoacocearense_image_954.jpeg","contentUrl":"https:\/\/previews.elleven.digital\/acocearense\/wp-content\/uploads\/2025\/05\/acocearensecomercial_grupoacocearense_image_954.jpeg","width":800,"height":600},{"@type":"BreadcrumbList","@id":"https:\/\/previews.elleven.digital\/acocearense\/qual-a-relacao-entre-economia-circular-e-o-aco-confira\/#breadcrumb","itemListElement":[{"@type":"ListItem","position":1,"name":"In\u00edcio","item":"https:\/\/previews.elleven.digital\/acocearense\/"},{"@type":"ListItem","position":2,"name":"Qual a rela\u00e7\u00e3o entre economia circular e o a\u00e7o? Confira"}]},{"@type":"WebSite","@id":"https:\/\/previews.elleven.digital\/acocearense\/#website","url":"https:\/\/previews.elleven.digital\/acocearense\/","name":"A\u00e7o Cearense","description":"H\u00e1 mais de 45 anos no mercado brasileiro do a\u00e7o.","alternateName":"A\u00e7o Cearense","potentialAction":[{"@type":"SearchAction","target":{"@type":"EntryPoint","urlTemplate":"https:\/\/previews.elleven.digital\/acocearense\/?s={search_term_string}"},"query-input":{"@type":"PropertyValueSpecification","valueRequired":true,"valueName":"search_term_string"}}],"inLanguage":"pt-BR"},{"@type":"Person","@id":"https:\/\/previews.elleven.digital\/acocearense\/#\/schema\/person\/8e9165eb3c33e0860485c7c5fc06a701","name":"elleven","image":{"@type":"ImageObject","inLanguage":"pt-BR","@id":"https:\/\/previews.elleven.digital\/acocearense\/#\/schema\/person\/image\/","url":"https:\/\/secure.gravatar.com\/avatar\/2a6afb49d9ecfed5dbc6c9606ce318b8bd07c077835179bddfd5d8209c03cb29?s=96&d=mm&r=g","contentUrl":"https:\/\/secure.gravatar.com\/avatar\/2a6afb49d9ecfed5dbc6c9606ce318b8bd07c077835179bddfd5d8209c03cb29?s=96&d=mm&r=g","caption":"elleven"},"sameAs":["http:\/\/localhost\/acocearense"],"url":"https:\/\/previews.elleven.digital\/acocearense\/author\/elleven\/"}]}},"_links":{"self":[{"href":"https:\/\/previews.elleven.digital\/acocearense\/wp-json\/wp\/v2\/posts\/1523","targetHints":{"allow":["GET"]}}],"collection":[{"href":"https:\/\/previews.elleven.digital\/acocearense\/wp-json\/wp\/v2\/posts"}],"about":[{"href":"https:\/\/previews.elleven.digital\/acocearense\/wp-json\/wp\/v2\/types\/post"}],"author":[{"embeddable":true,"href":"https:\/\/previews.elleven.digital\/acocearense\/wp-json\/wp\/v2\/users\/1"}],"replies":[{"embeddable":true,"href":"https:\/\/previews.elleven.digital\/acocearense\/wp-json\/wp\/v2\/comments?post=1523"}],"version-history":[{"count":1,"href":"https:\/\/previews.elleven.digital\/acocearense\/wp-json\/wp\/v2\/posts\/1523\/revisions"}],"predecessor-version":[{"id":1524,"href":"https:\/\/previews.elleven.digital\/acocearense\/wp-json\/wp\/v2\/posts\/1523\/revisions\/1524"}],"wp:featuredmedia":[{"embeddable":true,"href":"https:\/\/previews.elleven.digital\/acocearense\/wp-json\/wp\/v2\/media\/1499"}],"wp:attachment":[{"href":"https:\/\/previews.elleven.digital\/acocearense\/wp-json\/wp\/v2\/media?parent=1523"}],"wp:term":[{"taxonomy":"category","embeddable":true,"href":"https:\/\/previews.elleven.digital\/acocearense\/wp-json\/wp\/v2\/categories?post=1523"},{"taxonomy":"post_tag","embeddable":true,"href":"https:\/\/previews.elleven.digital\/acocearense\/wp-json\/wp\/v2\/tags?post=1523"}],"curies":[{"name":"wp","href":"https:\/\/api.w.org\/{rel}","templated":true}]}}