{"id":1453,"date":"2023-07-21T11:21:22","date_gmt":"2023-07-21T14:21:22","guid":{"rendered":"https:\/\/previews.elleven.digital\/acocearense\/?p=1453"},"modified":"2025-05-07T11:21:49","modified_gmt":"2025-05-07T14:21:49","slug":"green-building-o-que-e-e-relacao-com-sustentabilidade","status":"publish","type":"post","link":"https:\/\/previews.elleven.digital\/acocearense\/green-building-o-que-e-e-relacao-com-sustentabilidade\/","title":{"rendered":"Green building: o que \u00e9 e rela\u00e7\u00e3o com sustentabilidade"},"content":{"rendered":"<p>A constru\u00e7\u00e3o civil \u00e9 uma \u00e1rea em constante evolu\u00e7\u00e3o, adaptando-se \u00e0s necessidades das pessoas, do mercado e do pr\u00f3prio ambiente. Uma quest\u00e3o cada vez mais importante nesse ramo \u00e9 a sustentabilidade das edifica\u00e7\u00f5es. Diante disso, uma tend\u00eancia vem ganhando bastante for\u00e7a em muitos projetos: a constru\u00e7\u00e3o dos\u00a0<em>green buildings<\/em>.<\/p>\n<p>A expectativa \u00e9 de que mais e mais constru\u00e7\u00f5es sigam esse modelo nos pr\u00f3ximos anos, mesmo que parcialmente. Considerando o grande impacto que alguns im\u00f3veis podem ter na natureza e no consumo de recursos, \u00e9 fundamental criar projetos que sejam mais amig\u00e1veis ao meio ambiente e promovam a sustentabilidade.<\/p>\n<p>Acompanhe e entenda melhor o que \u00e9\u00a0<em>green building<\/em>, suas vantagens e sua import\u00e2ncia para a sustentabilidade na constru\u00e7\u00e3o civil.<\/p>\n<h2>O que \u00e9\u00a0<em>green building<\/em>?<\/h2>\n<p>Grandes edif\u00edcios costumam ter alto impacto ambiental, tanto em sua constru\u00e7\u00e3o quanto manuten\u00e7\u00e3o e uso di\u00e1rio. Pr\u00e9dios comerciais, em particular, tendem a ter o efeito mais not\u00e1vel. Sendo assim, \u00e9 fundamental encontrar formas de tornar essas edifica\u00e7\u00f5es mais ecol\u00f3gicas.<\/p>\n<p>O\u00a0<em>green building<\/em>, tamb\u00e9m chamado de constru\u00e7\u00e3o verde, surge como uma dessas alternativas. Esse \u00e9 o nome dado a projetos de constru\u00e7\u00e3o civil pensados para causar o m\u00ednimo de impacto ao meio ambiente em todas as suas etapas, desde a constru\u00e7\u00e3o verde at\u00e9 o fim de seu uso.<\/p>\n<p>Novos edif\u00edcios est\u00e3o em constante constru\u00e7\u00e3o, consumindo mais recursos a curto e longo prazo. O uso de pr\u00e1ticas mais sustent\u00e1veis \u00e9 indispens\u00e1vel para a manuten\u00e7\u00e3o desses im\u00f3veis e alcance do equil\u00edbrio no uso de recursos naturais.<\/p>\n<p>Muitos desses edif\u00edcios t\u00eam uma fachada ou cobertura repletas de plantas ou musgo. Isso n\u00e3o \u00e9 obrigat\u00f3rio, mas essas plantas tamb\u00e9m podem ser usadas como parte de um sistema para aproveitar \u00e1gua, refletir a luz solar, limpar o ar, etc.<\/p>\n<h2>Quando um edif\u00edcio pode ser caracterizado como um\u00a0<em>green building<\/em>?<\/h2>\n<p>Para determinar se um edif\u00edcio se classifica com uma certifica\u00e7\u00e3o\u00a0<em>green building<\/em>, ele deve obter um\u00a0<a href=\"https:\/\/www.usgbc.org\/leed\" target=\"_blank\" rel=\"noopener noreferrer\">Selo LEED<\/a>\u00a0(<em>Leadership in Energy and Environmental Design<\/em>), emitido pela\u00a0<a href=\"https:\/\/www.gbci.org\/\" target=\"_blank\" rel=\"noopener noreferrer\">GBCI<\/a>\u00a0(<em>Green Building Council Inc.<\/em>). Essa institui\u00e7\u00e3o avalia o projeto com base em uma s\u00e9rie de crit\u00e9rios de sustentabilidade, criando uma nota que vai de 0 a 110 pontos.<\/p>\n<p>Para que o edif\u00edcio receba o selo, ele precisa obter, ao menos, 40 pontos nessa escala. A avalia\u00e7\u00e3o leva em conta v\u00e1rios aspectos do projeto, desde o uso de materiais sustent\u00e1veis em sua constru\u00e7\u00e3o at\u00e9 utiliza\u00e7\u00e3o eficiente de recursos no dia a dia. Como a\u00a0<a href=\"https:\/\/previews.elleven.digital\/acocearense\/blog\/gestao\/fique-por-dentro-4-curiosidades-sobre-a-reciclagem-do-aco\/\" target=\"_blank\" rel=\"noopener noreferrer\">reciclagem do a\u00e7o<\/a>\u00a0\u00e9 eficiente e de baixo impacto ambiental, por exemplo, \u00e9 um material bastante favorecido em projetos sustent\u00e1veis.<\/p>\n<h2>Quais os benef\u00edcios dos\u00a0<em>green building<\/em>?<\/h2>\n<p>Projetar um\u00a0<em>green building\u00a0<\/em>\u00e9 um pouco diferente de um projeto tradicional. Ele exige algumas modifica\u00e7\u00f5es e maior investimento inicial, mas traz um retorno bem maior a longo prazo.<\/p>\n<p>Confira, aqui, algumas das principais vantagens dos\u00a0<em>green buildings\u00a0<\/em>na\u00a0<a href=\"https:\/\/previews.elleven.digital\/acocearense\/blog\/gestao\/construcoes-sustentaveis\/\" target=\"_blank\" rel=\"noopener noreferrer\">constru\u00e7\u00e3o civil<\/a>\u00a0hoje.<\/p>\n<h3>Edif\u00edcio mais sustent\u00e1vel<\/h3>\n<p>Como mencionamos, o principal objetivo \u00e9 garantir que o projeto final seja o mais sustent\u00e1vel poss\u00edvel. Para esclarecer, algo \u00e9 considerado \u201csustent\u00e1vel\u201d quando pode ser mantido indefinidamente, sem risco de o ciclo se interromper. A ideia \u00e9 utilizar recursos renov\u00e1veis, criando esse ciclo cont\u00ednuo. Qualquer recurso consumido ou descartado pode ser retornado \u00e0 natureza posteriormente.<\/p>\n<p>Isso leva em conta todo o tempo de vida do edif\u00edcio. Na constru\u00e7\u00e3o, devem ser usados m\u00e9todos e\u00a0<a href=\"https:\/\/previews.elleven.digital\/acocearense\/blog\/abrindo-o-negocio\/conheca-os-5-principais-materiais-para-construcao-civil\/\" target=\"_blank\" rel=\"noopener noreferrer\">materiais de constru\u00e7\u00e3o civil<\/a>\u00a0com menor impacto ambiental. No dia a dia, o edif\u00edcio tamb\u00e9m deve minimizar poss\u00edveis danos \u00e0 natureza. E quando for abandonado, reformado ou demolido, tamb\u00e9m deve ser poss\u00edvel reaproveitar esses recursos.<\/p>\n<h3>Menor custo com \u00e1gua e energia<\/h3>\n<p>Os principias\u00a0<a href=\"https:\/\/previews.elleven.digital\/acocearense\/blog\/gestao\/algumas-formas-de-alcancar-reducao-de-custos-em-uma-empresa\/\" target=\"_blank\" rel=\"noopener noreferrer\">custos<\/a>\u00a0no dia a dia de um edif\u00edcio, principalmente um comercial, s\u00e3o a \u00e1gua e energia el\u00e9trica. Ambos s\u00e3o recursos necess\u00e1rios para seu funcionamento, mas tamb\u00e9m podem ter alto impacto no meio ambiente. Mesmo que sejam recursos renov\u00e1veis, \u00e9 importante tomar cuidado com seu uso, pois s\u00e3o necess\u00e1rios em v\u00e1rias outras \u00e1reas da sociedade.<\/p>\n<p>Sendo assim, \u00e9 fundamental que um projeto de constru\u00e7\u00e3o civil tamb\u00e9m leve em conta o aproveitamento desses meios. No\u00a0<em>green building<\/em>, \u00e9 usada uma s\u00e9rie de t\u00e9cnicas e\u00a0<a href=\"https:\/\/previews.elleven.digital\/acocearense\/blog\/planejamento-estrategico\/tecnologias-indispensaveis-para-sua-empresa-de-ferro-e-aco-vender-mais\/\" target=\"_blank\" rel=\"noopener noreferrer\">tecnologias<\/a>\u00a0para minimizar o consumo de \u00e1gua e energia no dia a dia. Al\u00e9m de ser mais amig\u00e1vel ao meio ambiente, isso torna o edif\u00edcio mais econ\u00f4mico a longo prazo.<\/p>\n<h3>Contribui com um ambiente mais confort\u00e1vel<\/h3>\n<p>Muitas das medidas que deixam um edif\u00edcio sustent\u00e1vel tamb\u00e9m ajudam a torn\u00e1-lo mais confort\u00e1vel para seus moradores ou usu\u00e1rios. Por exemplo, \u00e9 comum que esses pr\u00e9dios tenham um sistema de climatiza\u00e7\u00e3o mais elaborado, com filtros nas janelas para minimizar a entrada de radia\u00e7\u00e3o solar. Isso reduz naturalmente a temperatura interna e minimiza a necessidade de manter o ar-condicionado ligado.<\/p>\n<p>Se o pr\u00e9dio incorpora algum verde natural em sua estrutura, ele tamb\u00e9m auxilia na purifica\u00e7\u00e3o do ar. Algo muito importante para manter a sa\u00fade e bem-estar de todos em seu interior e ao redor. Basta que essas plantas sejam bem cuidadas durante todo o tempo de vida do edif\u00edcio.<\/p>\n<h3>Visual inovador e atrativo<\/h3>\n<p>Outra vantagem que muitos\u00a0<em>green buildings\u00a0<\/em>apresentam \u00e9 em seu visual. A fachada repleta de plantas \u00e9 um bom exemplo, destacando o im\u00f3vel facilmente dentro do espa\u00e7o urbano, contrastando com o concreto,\u00a0<a href=\"https:\/\/previews.elleven.digital\/acocearense\/blog\/abrindo-o-negocio\/quais-sao-as-vantagens-e-aplicacoes-do-aco-na-construcao-civil\/\" target=\"_blank\" rel=\"noopener noreferrer\">a\u00e7o<\/a>\u00a0e vidro usado na estrutura. S\u00f3 isso j\u00e1 \u00e9 suficiente para tornar o projeto mais atrativo para diversos compradores.<\/p>\n<p>\u00c9 verdade que nem todos incorporam plantas em sua fachada, mas isso n\u00e3o significa que seu design \u00e9 prejudicado. Ainda assim, \u00e9 poss\u00edvel incluir outros aspectos, como os pain\u00e9is solares, janelas refletivas, entre outros.<\/p>\n<h3>Diferencial de valoriza\u00e7\u00e3o do im\u00f3vel<\/h3>\n<p>Outra quest\u00e3o importante a ser considerada na elabora\u00e7\u00e3o do projeto \u00e9 como essas t\u00e9cnicas afetam o valor do produto final. Para investidores e contratantes, esse \u00e9 um t\u00f3pico de grande peso.<\/p>\n<p>O\u00a0<em>green building\u00a0<\/em>pode ser muito \u00fatil para aumentar o valor do im\u00f3vel ap\u00f3s sua entrega. Considerando que o investimento inicial leva \u00e0 redu\u00e7\u00e3o dos seus custos a longo prazo, especialmente em \u00e1gua e luz, n\u00e3o \u00e9 surpresa que o projeto se valorize com o tempo.<\/p>\n<p>Agora voc\u00ea sabe o que \u00e9 constru\u00e7\u00e3o verde e conhece melhor o\u00a0<em>green building\u00a0<\/em>e a import\u00e2ncia dessas pr\u00e1ticas para a sustentabilidade do espa\u00e7o urbano. No futuro, a tend\u00eancia \u00e9 de que mais projetos sigam esse formato e continuem inovando em cima dele.<\/p>\n<p>Gostou do nosso artigo? Ent\u00e3o, leia mais no\u00a0<a href=\"https:\/\/previews.elleven.digital\/acocearense\/blog\/\" target=\"_blank\" rel=\"noopener noreferrer\">blog<\/a>\u00a0e compartilhe este conte\u00fado em suas redes sociais!<\/p>\n","protected":false},"excerpt":{"rendered":"<p>A constru\u00e7\u00e3o civil \u00e9 uma \u00e1rea em constante evolu\u00e7\u00e3o, adaptando-se \u00e0s necessidades das pessoas, do(&#8230;)<\/p>\n","protected":false},"author":1,"featured_media":1424,"comment_status":"open","ping_status":"open","sticky":false,"template":"","format":"standard","meta":{"_acf_changed":false,"inline_featured_image":false,"footnotes":""},"categories":[28],"tags":[],"class_list":["post-1453","post","type-post","status-publish","format-standard","has-post-thumbnail","hentry","category-gestao"],"acf":[],"yoast_head":"<!-- This site is optimized with the Yoast SEO plugin v25.9 - https:\/\/yoast.com\/wordpress\/plugins\/seo\/ -->\n<title>Green building: o que \u00e9 e rela\u00e7\u00e3o com sustentabilidade - Grupo A\u00e7o Cearense<\/title>\n<meta name=\"robots\" content=\"index, follow, max-snippet:-1, max-image-preview:large, max-video-preview:-1\" \/>\n<link rel=\"canonical\" href=\"https:\/\/previews.elleven.digital\/acocearense\/green-building-o-que-e-e-relacao-com-sustentabilidade\/\" \/>\n<meta property=\"og:locale\" content=\"pt_BR\" \/>\n<meta property=\"og:type\" content=\"article\" \/>\n<meta property=\"og:title\" content=\"Green building: o que \u00e9 e rela\u00e7\u00e3o com sustentabilidade - Grupo A\u00e7o Cearense\" \/>\n<meta property=\"og:description\" content=\"A constru\u00e7\u00e3o civil \u00e9 uma \u00e1rea em constante evolu\u00e7\u00e3o, adaptando-se \u00e0s necessidades das pessoas, do(...)\" \/>\n<meta property=\"og:url\" content=\"https:\/\/previews.elleven.digital\/acocearense\/green-building-o-que-e-e-relacao-com-sustentabilidade\/\" \/>\n<meta property=\"og:site_name\" content=\"Grupo A\u00e7o Cearense\" \/>\n<meta property=\"article:published_time\" content=\"2023-07-21T14:21:22+00:00\" \/>\n<meta property=\"article:modified_time\" content=\"2025-05-07T14:21:49+00:00\" \/>\n<meta property=\"og:image\" content=\"https:\/\/previews.elleven.digital\/acocearense\/wp-content\/uploads\/2025\/05\/Green-building.jpeg\" \/>\n\t<meta property=\"og:image:width\" content=\"800\" \/>\n\t<meta property=\"og:image:height\" content=\"600\" \/>\n\t<meta property=\"og:image:type\" content=\"image\/jpeg\" \/>\n<meta name=\"author\" content=\"elleven\" \/>\n<meta name=\"twitter:card\" content=\"summary_large_image\" \/>\n<meta name=\"twitter:label1\" content=\"Escrito por\" \/>\n\t<meta name=\"twitter:data1\" content=\"elleven\" \/>\n\t<meta name=\"twitter:label2\" content=\"Est. tempo de leitura\" \/>\n\t<meta name=\"twitter:data2\" content=\"6 minutos\" \/>\n<script type=\"application\/ld+json\" class=\"yoast-schema-graph\">{\"@context\":\"https:\/\/schema.org\",\"@graph\":[{\"@type\":\"WebPage\",\"@id\":\"https:\/\/previews.elleven.digital\/acocearense\/green-building-o-que-e-e-relacao-com-sustentabilidade\/\",\"url\":\"https:\/\/previews.elleven.digital\/acocearense\/green-building-o-que-e-e-relacao-com-sustentabilidade\/\",\"name\":\"Green building: o que \u00e9 e rela\u00e7\u00e3o com sustentabilidade - Grupo A\u00e7o Cearense\",\"isPartOf\":{\"@id\":\"https:\/\/previews.elleven.digital\/acocearense\/#website\"},\"primaryImageOfPage\":{\"@id\":\"https:\/\/previews.elleven.digital\/acocearense\/green-building-o-que-e-e-relacao-com-sustentabilidade\/#primaryimage\"},\"image\":{\"@id\":\"https:\/\/previews.elleven.digital\/acocearense\/green-building-o-que-e-e-relacao-com-sustentabilidade\/#primaryimage\"},\"thumbnailUrl\":\"https:\/\/previews.elleven.digital\/acocearense\/wp-content\/uploads\/2025\/05\/Green-building.jpeg\",\"datePublished\":\"2023-07-21T14:21:22+00:00\",\"dateModified\":\"2025-05-07T14:21:49+00:00\",\"author\":{\"@id\":\"https:\/\/previews.elleven.digital\/acocearense\/#\/schema\/person\/8e9165eb3c33e0860485c7c5fc06a701\"},\"breadcrumb\":{\"@id\":\"https:\/\/previews.elleven.digital\/acocearense\/green-building-o-que-e-e-relacao-com-sustentabilidade\/#breadcrumb\"},\"inLanguage\":\"pt-BR\",\"potentialAction\":[{\"@type\":\"ReadAction\",\"target\":[\"https:\/\/previews.elleven.digital\/acocearense\/green-building-o-que-e-e-relacao-com-sustentabilidade\/\"]}]},{\"@type\":\"ImageObject\",\"inLanguage\":\"pt-BR\",\"@id\":\"https:\/\/previews.elleven.digital\/acocearense\/green-building-o-que-e-e-relacao-com-sustentabilidade\/#primaryimage\",\"url\":\"https:\/\/previews.elleven.digital\/acocearense\/wp-content\/uploads\/2025\/05\/Green-building.jpeg\",\"contentUrl\":\"https:\/\/previews.elleven.digital\/acocearense\/wp-content\/uploads\/2025\/05\/Green-building.jpeg\",\"width\":800,\"height\":600},{\"@type\":\"BreadcrumbList\",\"@id\":\"https:\/\/previews.elleven.digital\/acocearense\/green-building-o-que-e-e-relacao-com-sustentabilidade\/#breadcrumb\",\"itemListElement\":[{\"@type\":\"ListItem\",\"position\":1,\"name\":\"In\u00edcio\",\"item\":\"https:\/\/previews.elleven.digital\/acocearense\/\"},{\"@type\":\"ListItem\",\"position\":2,\"name\":\"Green building: o que \u00e9 e rela\u00e7\u00e3o com sustentabilidade\"}]},{\"@type\":\"WebSite\",\"@id\":\"https:\/\/previews.elleven.digital\/acocearense\/#website\",\"url\":\"https:\/\/previews.elleven.digital\/acocearense\/\",\"name\":\"A\u00e7o Cearense\",\"description\":\"H\u00e1 mais de 45 anos no mercado brasileiro do a\u00e7o.\",\"alternateName\":\"A\u00e7o Cearense\",\"potentialAction\":[{\"@type\":\"SearchAction\",\"target\":{\"@type\":\"EntryPoint\",\"urlTemplate\":\"https:\/\/previews.elleven.digital\/acocearense\/?s={search_term_string}\"},\"query-input\":{\"@type\":\"PropertyValueSpecification\",\"valueRequired\":true,\"valueName\":\"search_term_string\"}}],\"inLanguage\":\"pt-BR\"},{\"@type\":\"Person\",\"@id\":\"https:\/\/previews.elleven.digital\/acocearense\/#\/schema\/person\/8e9165eb3c33e0860485c7c5fc06a701\",\"name\":\"elleven\",\"image\":{\"@type\":\"ImageObject\",\"inLanguage\":\"pt-BR\",\"@id\":\"https:\/\/previews.elleven.digital\/acocearense\/#\/schema\/person\/image\/\",\"url\":\"https:\/\/secure.gravatar.com\/avatar\/2a6afb49d9ecfed5dbc6c9606ce318b8bd07c077835179bddfd5d8209c03cb29?s=96&d=mm&r=g\",\"contentUrl\":\"https:\/\/secure.gravatar.com\/avatar\/2a6afb49d9ecfed5dbc6c9606ce318b8bd07c077835179bddfd5d8209c03cb29?s=96&d=mm&r=g\",\"caption\":\"elleven\"},\"sameAs\":[\"http:\/\/localhost\/acocearense\"],\"url\":\"https:\/\/previews.elleven.digital\/acocearense\/author\/elleven\/\"}]}<\/script>\n<!-- \/ Yoast SEO plugin. -->","yoast_head_json":{"title":"Green building: o que \u00e9 e rela\u00e7\u00e3o com sustentabilidade - Grupo A\u00e7o Cearense","robots":{"index":"index","follow":"follow","max-snippet":"max-snippet:-1","max-image-preview":"max-image-preview:large","max-video-preview":"max-video-preview:-1"},"canonical":"https:\/\/previews.elleven.digital\/acocearense\/green-building-o-que-e-e-relacao-com-sustentabilidade\/","og_locale":"pt_BR","og_type":"article","og_title":"Green building: o que \u00e9 e rela\u00e7\u00e3o com sustentabilidade - Grupo A\u00e7o Cearense","og_description":"A constru\u00e7\u00e3o civil \u00e9 uma \u00e1rea em constante evolu\u00e7\u00e3o, adaptando-se \u00e0s necessidades das pessoas, do(...)","og_url":"https:\/\/previews.elleven.digital\/acocearense\/green-building-o-que-e-e-relacao-com-sustentabilidade\/","og_site_name":"Grupo A\u00e7o Cearense","article_published_time":"2023-07-21T14:21:22+00:00","article_modified_time":"2025-05-07T14:21:49+00:00","og_image":[{"width":800,"height":600,"url":"https:\/\/previews.elleven.digital\/acocearense\/wp-content\/uploads\/2025\/05\/Green-building.jpeg","type":"image\/jpeg"}],"author":"elleven","twitter_card":"summary_large_image","twitter_misc":{"Escrito por":"elleven","Est. tempo de leitura":"6 minutos"},"schema":{"@context":"https:\/\/schema.org","@graph":[{"@type":"WebPage","@id":"https:\/\/previews.elleven.digital\/acocearense\/green-building-o-que-e-e-relacao-com-sustentabilidade\/","url":"https:\/\/previews.elleven.digital\/acocearense\/green-building-o-que-e-e-relacao-com-sustentabilidade\/","name":"Green building: o que \u00e9 e rela\u00e7\u00e3o com sustentabilidade - Grupo A\u00e7o Cearense","isPartOf":{"@id":"https:\/\/previews.elleven.digital\/acocearense\/#website"},"primaryImageOfPage":{"@id":"https:\/\/previews.elleven.digital\/acocearense\/green-building-o-que-e-e-relacao-com-sustentabilidade\/#primaryimage"},"image":{"@id":"https:\/\/previews.elleven.digital\/acocearense\/green-building-o-que-e-e-relacao-com-sustentabilidade\/#primaryimage"},"thumbnailUrl":"https:\/\/previews.elleven.digital\/acocearense\/wp-content\/uploads\/2025\/05\/Green-building.jpeg","datePublished":"2023-07-21T14:21:22+00:00","dateModified":"2025-05-07T14:21:49+00:00","author":{"@id":"https:\/\/previews.elleven.digital\/acocearense\/#\/schema\/person\/8e9165eb3c33e0860485c7c5fc06a701"},"breadcrumb":{"@id":"https:\/\/previews.elleven.digital\/acocearense\/green-building-o-que-e-e-relacao-com-sustentabilidade\/#breadcrumb"},"inLanguage":"pt-BR","potentialAction":[{"@type":"ReadAction","target":["https:\/\/previews.elleven.digital\/acocearense\/green-building-o-que-e-e-relacao-com-sustentabilidade\/"]}]},{"@type":"ImageObject","inLanguage":"pt-BR","@id":"https:\/\/previews.elleven.digital\/acocearense\/green-building-o-que-e-e-relacao-com-sustentabilidade\/#primaryimage","url":"https:\/\/previews.elleven.digital\/acocearense\/wp-content\/uploads\/2025\/05\/Green-building.jpeg","contentUrl":"https:\/\/previews.elleven.digital\/acocearense\/wp-content\/uploads\/2025\/05\/Green-building.jpeg","width":800,"height":600},{"@type":"BreadcrumbList","@id":"https:\/\/previews.elleven.digital\/acocearense\/green-building-o-que-e-e-relacao-com-sustentabilidade\/#breadcrumb","itemListElement":[{"@type":"ListItem","position":1,"name":"In\u00edcio","item":"https:\/\/previews.elleven.digital\/acocearense\/"},{"@type":"ListItem","position":2,"name":"Green building: o que \u00e9 e rela\u00e7\u00e3o com sustentabilidade"}]},{"@type":"WebSite","@id":"https:\/\/previews.elleven.digital\/acocearense\/#website","url":"https:\/\/previews.elleven.digital\/acocearense\/","name":"A\u00e7o Cearense","description":"H\u00e1 mais de 45 anos no mercado brasileiro do a\u00e7o.","alternateName":"A\u00e7o Cearense","potentialAction":[{"@type":"SearchAction","target":{"@type":"EntryPoint","urlTemplate":"https:\/\/previews.elleven.digital\/acocearense\/?s={search_term_string}"},"query-input":{"@type":"PropertyValueSpecification","valueRequired":true,"valueName":"search_term_string"}}],"inLanguage":"pt-BR"},{"@type":"Person","@id":"https:\/\/previews.elleven.digital\/acocearense\/#\/schema\/person\/8e9165eb3c33e0860485c7c5fc06a701","name":"elleven","image":{"@type":"ImageObject","inLanguage":"pt-BR","@id":"https:\/\/previews.elleven.digital\/acocearense\/#\/schema\/person\/image\/","url":"https:\/\/secure.gravatar.com\/avatar\/2a6afb49d9ecfed5dbc6c9606ce318b8bd07c077835179bddfd5d8209c03cb29?s=96&d=mm&r=g","contentUrl":"https:\/\/secure.gravatar.com\/avatar\/2a6afb49d9ecfed5dbc6c9606ce318b8bd07c077835179bddfd5d8209c03cb29?s=96&d=mm&r=g","caption":"elleven"},"sameAs":["http:\/\/localhost\/acocearense"],"url":"https:\/\/previews.elleven.digital\/acocearense\/author\/elleven\/"}]}},"_links":{"self":[{"href":"https:\/\/previews.elleven.digital\/acocearense\/wp-json\/wp\/v2\/posts\/1453","targetHints":{"allow":["GET"]}}],"collection":[{"href":"https:\/\/previews.elleven.digital\/acocearense\/wp-json\/wp\/v2\/posts"}],"about":[{"href":"https:\/\/previews.elleven.digital\/acocearense\/wp-json\/wp\/v2\/types\/post"}],"author":[{"embeddable":true,"href":"https:\/\/previews.elleven.digital\/acocearense\/wp-json\/wp\/v2\/users\/1"}],"replies":[{"embeddable":true,"href":"https:\/\/previews.elleven.digital\/acocearense\/wp-json\/wp\/v2\/comments?post=1453"}],"version-history":[{"count":1,"href":"https:\/\/previews.elleven.digital\/acocearense\/wp-json\/wp\/v2\/posts\/1453\/revisions"}],"predecessor-version":[{"id":1454,"href":"https:\/\/previews.elleven.digital\/acocearense\/wp-json\/wp\/v2\/posts\/1453\/revisions\/1454"}],"wp:featuredmedia":[{"embeddable":true,"href":"https:\/\/previews.elleven.digital\/acocearense\/wp-json\/wp\/v2\/media\/1424"}],"wp:attachment":[{"href":"https:\/\/previews.elleven.digital\/acocearense\/wp-json\/wp\/v2\/media?parent=1453"}],"wp:term":[{"taxonomy":"category","embeddable":true,"href":"https:\/\/previews.elleven.digital\/acocearense\/wp-json\/wp\/v2\/categories?post=1453"},{"taxonomy":"post_tag","embeddable":true,"href":"https:\/\/previews.elleven.digital\/acocearense\/wp-json\/wp\/v2\/tags?post=1453"}],"curies":[{"name":"wp","href":"https:\/\/api.w.org\/{rel}","templated":true}]}}