{"id":1384,"date":"2022-01-10T11:02:46","date_gmt":"2022-01-10T14:02:46","guid":{"rendered":"https:\/\/previews.elleven.digital\/acocearense\/?p=1384"},"modified":"2025-05-07T11:03:09","modified_gmt":"2025-05-07T14:03:09","slug":"telhas-zincalume-voce-sabia","status":"publish","type":"post","link":"https:\/\/previews.elleven.digital\/acocearense\/telhas-zincalume-voce-sabia\/","title":{"rendered":"Telhas Zincalume: Voc\u00ea sabia?"},"content":{"rendered":"<p>Temos uma informa\u00e7\u00e3o muito importante para voc\u00ea sobre as telhas que comercializamos.<\/p>\n<p>A telha \u00e9 um produto conformado a partir do a\u00e7o plano galvanizado ou aluzinco (Zincalume). \u00c9 utilizada em coberturas e fechamentos laterais de pr\u00e9dios e resid\u00eancias, instala\u00e7\u00f5es industriais e comerciais de tamanhos variados. Apresenta\u00a0<b>excelentes propriedades<\/b>\u00a0como\u00a0<b>isolamento t\u00e9rmico, vida \u00fatil, facilidade de instala\u00e7\u00e3o, prote\u00e7\u00e3o e est\u00e9tica<\/b>, al\u00e9m de dois formatos geom\u00e9tricos b\u00e1sicos:\u00a0<b>ondulada e trapezoidal.<\/b><\/p>\n<p><b>\u00a0<\/b>Como voc\u00ea pode verificar, as vantagens de ter esse produto s\u00e3o imensas. Mas queremos ressaltar que \u00e9 necess\u00e1rio observar o ambiente prop\u00edcio para a instala\u00e7\u00e3o das telhas e de outros produtos. Fica frio que vamos explicar melhor.<\/p>\n<p>Um bom exemplo disso s\u00e3o as Telhas Zincalume. E por qu\u00ea?<\/p>\n<p><b>\u00a0<\/b>Esses produtos n\u00e3o s\u00e3o recomendados para uso em ambientes de alta concentra\u00e7\u00e3o de enxofre. Afinal, as condi\u00e7\u00f5es para corros\u00e3o* s\u00e3o favor\u00e1veis, como, por exemplo, as olarias, que devido ao processo de queima, geram gases que cont\u00e9m enxofre e criam um ambiente prop\u00edcio \u00e0 corros\u00e3o. Nesse caso, as telhas em a\u00e7o n\u00e3o s\u00e3o as linhas de produtos mais recomendadas.<\/p>\n<p>*\u00a0<i>A corros\u00e3o \u00e9 processo natural em metal e ela\u00a0 consiste na deteriora\u00e7\u00e3o dos materiais pela a\u00e7\u00e3o qu\u00edmica ou eletroqu\u00edmica do meio, podendo estar ou n\u00e3o associado a esfor\u00e7os mec\u00e2nicos. Nos processos de corros\u00e3o, os metais reagem com subst\u00e2ncias n\u00e3o met\u00e1licos presentes no meio, como por exemplo O2, S, H2S, CO2 entre outros, produzindo compostos semelhantes aos encontrados na natureza, dos quais foram extra\u00eddos. Dessa forma pode-se interpretar que a corros\u00e3o corresponde ao inverso do processo metal\u00fargico.<\/i><\/p>\n<p>Ao serem aplicadas neste tipo de ambiente industrial, est\u00e3o prop\u00edcias a ter sua corros\u00e3o acelerada, principalmente as que est\u00e3o mais pr\u00f3ximas da fonte emissora de gases (fornos). A corros\u00e3o pelo enxofre \u00e9 normalmente caracterizada atrav\u00e9s da perda de massa de forma generalizada ou atrav\u00e9s do desgaste da superf\u00edcie exposta, com a forma\u00e7\u00e3o de sulfeto.<\/p>\n<p>Interessante, n\u00e3o \u00e9 mesmo?<\/p>\n<p>Isso acontece, porque durante o processo produtivo, os tijolos de forma geral, s\u00e3o aquecidos a uma temperaturas na ordem de<b>\u00a0750 -1000\u00b0C<\/b>, por aproximadamente 4 dias at\u00e9 sua finaliza\u00e7\u00e3o e nesse processo, existem a libera\u00e7\u00e3o de gases, sendo o principal deles o di\u00f3xido de enxofre.<\/p>\n<p>A libera\u00e7\u00e3o do SO2 (enxofre) ocorre principalmente em atividades como queima de carv\u00e3o, que ao entrar em contato com o oxig\u00eanio, transforma-se em di\u00f3xido e tri\u00f3xido de enxofre, que ao reagir com a umidade do ar, forma o \u00e1cido sulf\u00farico, o qual ainda pode reagir com a am\u00f4nia presente no ar e formar sulfato de am\u00f4nia.<\/p>\n<p>Todos esses gases formados, quando em contato com estruturas met\u00e1licas, s\u00e3o respons\u00e1veis por acelerar o processo corrosivo.<\/p>\n<p>Saber disso faz com que voc\u00ea escolha o melhor material para utilizar em suas obras, reformas e ambientes.<\/p>\n<p><b>Galvaniza\u00e7\u00e3o e Pintura podem ajudar?<\/b><\/p>\n<p>O processo de galvaniza\u00e7\u00e3o ou pintura ir\u00e1 diminuir esse contato com subst\u00e2ncias n\u00e3o met\u00e1licos presentes no meio, como por exemplo O2, S, H2S, CO2 entre outros, por\u00e9m tanto o zinco que se encontra na camada ou a tinta v\u00e3o sendo consumido devido o contato com essas subst\u00e2ncia, deixando o material desprotegido. Logo, o material galvanizado e\/ou pintado tem um vida \u00fatil maior, por\u00e9m n\u00e3o \u00e9 poss\u00edvel estimar o tempo, pois dependo do meio que material foi inserido a velocidade de degrada\u00e7\u00e3o pode ser maior ou menor.<\/p>\n<p>Quer conhecer mais sobre o nosso portf\u00f3lio de produtos?<a href=\"https:\/\/api.whatsapp.com\/send\/?phone=558540111333&amp;text=ol%C3%A1%2C+quero+saber+mais+sobre+o+portfolio%21&amp;app_absent=0\">\u00a0Clique aqui<\/a>\u00a0e fale com um dos nossos consultores.<\/p>\n","protected":false},"excerpt":{"rendered":"<p>Temos uma informa\u00e7\u00e3o muito importante para voc\u00ea sobre as telhas que comercializamos. A telha \u00e9(&#8230;)<\/p>\n","protected":false},"author":1,"featured_media":1357,"comment_status":"open","ping_status":"open","sticky":false,"template":"","format":"standard","meta":{"_acf_changed":false,"inline_featured_image":false,"footnotes":""},"categories":[6],"tags":[],"class_list":["post-1384","post","type-post","status-publish","format-standard","has-post-thumbnail","hentry","category-produtos"],"acf":[],"yoast_head":"<!-- This site is optimized with the Yoast SEO plugin v25.9 - https:\/\/yoast.com\/wordpress\/plugins\/seo\/ -->\n<title>Telhas Zincalume: Voc\u00ea sabia? - Grupo A\u00e7o Cearense<\/title>\n<meta name=\"robots\" content=\"index, follow, max-snippet:-1, max-image-preview:large, max-video-preview:-1\" \/>\n<link rel=\"canonical\" href=\"https:\/\/previews.elleven.digital\/acocearense\/telhas-zincalume-voce-sabia\/\" \/>\n<meta property=\"og:locale\" content=\"pt_BR\" \/>\n<meta property=\"og:type\" content=\"article\" \/>\n<meta property=\"og:title\" content=\"Telhas Zincalume: Voc\u00ea sabia? - Grupo A\u00e7o Cearense\" \/>\n<meta property=\"og:description\" content=\"Temos uma informa\u00e7\u00e3o muito importante para voc\u00ea sobre as telhas que comercializamos. A telha \u00e9(...)\" \/>\n<meta property=\"og:url\" content=\"https:\/\/previews.elleven.digital\/acocearense\/telhas-zincalume-voce-sabia\/\" \/>\n<meta property=\"og:site_name\" content=\"Grupo A\u00e7o Cearense\" \/>\n<meta property=\"article:published_time\" content=\"2022-01-10T14:02:46+00:00\" \/>\n<meta property=\"article:modified_time\" content=\"2025-05-07T14:03:09+00:00\" \/>\n<meta property=\"og:image\" content=\"https:\/\/previews.elleven.digital\/acocearense\/wp-content\/uploads\/2025\/05\/POST_BLOG_TELHA_800x600px-min.jpg\" \/>\n\t<meta property=\"og:image:width\" content=\"800\" \/>\n\t<meta property=\"og:image:height\" content=\"600\" \/>\n\t<meta property=\"og:image:type\" content=\"image\/jpeg\" \/>\n<meta name=\"author\" content=\"elleven\" \/>\n<meta name=\"twitter:card\" content=\"summary_large_image\" \/>\n<meta name=\"twitter:label1\" content=\"Escrito por\" \/>\n\t<meta name=\"twitter:data1\" content=\"elleven\" \/>\n\t<meta name=\"twitter:label2\" content=\"Est. tempo de leitura\" \/>\n\t<meta name=\"twitter:data2\" content=\"4 minutos\" \/>\n<script type=\"application\/ld+json\" class=\"yoast-schema-graph\">{\"@context\":\"https:\/\/schema.org\",\"@graph\":[{\"@type\":\"WebPage\",\"@id\":\"https:\/\/previews.elleven.digital\/acocearense\/telhas-zincalume-voce-sabia\/\",\"url\":\"https:\/\/previews.elleven.digital\/acocearense\/telhas-zincalume-voce-sabia\/\",\"name\":\"Telhas Zincalume: Voc\u00ea sabia? - Grupo A\u00e7o Cearense\",\"isPartOf\":{\"@id\":\"https:\/\/previews.elleven.digital\/acocearense\/#website\"},\"primaryImageOfPage\":{\"@id\":\"https:\/\/previews.elleven.digital\/acocearense\/telhas-zincalume-voce-sabia\/#primaryimage\"},\"image\":{\"@id\":\"https:\/\/previews.elleven.digital\/acocearense\/telhas-zincalume-voce-sabia\/#primaryimage\"},\"thumbnailUrl\":\"https:\/\/previews.elleven.digital\/acocearense\/wp-content\/uploads\/2025\/05\/POST_BLOG_TELHA_800x600px-min.jpg\",\"datePublished\":\"2022-01-10T14:02:46+00:00\",\"dateModified\":\"2025-05-07T14:03:09+00:00\",\"author\":{\"@id\":\"https:\/\/previews.elleven.digital\/acocearense\/#\/schema\/person\/8e9165eb3c33e0860485c7c5fc06a701\"},\"breadcrumb\":{\"@id\":\"https:\/\/previews.elleven.digital\/acocearense\/telhas-zincalume-voce-sabia\/#breadcrumb\"},\"inLanguage\":\"pt-BR\",\"potentialAction\":[{\"@type\":\"ReadAction\",\"target\":[\"https:\/\/previews.elleven.digital\/acocearense\/telhas-zincalume-voce-sabia\/\"]}]},{\"@type\":\"ImageObject\",\"inLanguage\":\"pt-BR\",\"@id\":\"https:\/\/previews.elleven.digital\/acocearense\/telhas-zincalume-voce-sabia\/#primaryimage\",\"url\":\"https:\/\/previews.elleven.digital\/acocearense\/wp-content\/uploads\/2025\/05\/POST_BLOG_TELHA_800x600px-min.jpg\",\"contentUrl\":\"https:\/\/previews.elleven.digital\/acocearense\/wp-content\/uploads\/2025\/05\/POST_BLOG_TELHA_800x600px-min.jpg\",\"width\":800,\"height\":600},{\"@type\":\"BreadcrumbList\",\"@id\":\"https:\/\/previews.elleven.digital\/acocearense\/telhas-zincalume-voce-sabia\/#breadcrumb\",\"itemListElement\":[{\"@type\":\"ListItem\",\"position\":1,\"name\":\"In\u00edcio\",\"item\":\"https:\/\/previews.elleven.digital\/acocearense\/\"},{\"@type\":\"ListItem\",\"position\":2,\"name\":\"Telhas Zincalume: Voc\u00ea sabia?\"}]},{\"@type\":\"WebSite\",\"@id\":\"https:\/\/previews.elleven.digital\/acocearense\/#website\",\"url\":\"https:\/\/previews.elleven.digital\/acocearense\/\",\"name\":\"A\u00e7o Cearense\",\"description\":\"H\u00e1 mais de 45 anos no mercado brasileiro do a\u00e7o.\",\"alternateName\":\"A\u00e7o Cearense\",\"potentialAction\":[{\"@type\":\"SearchAction\",\"target\":{\"@type\":\"EntryPoint\",\"urlTemplate\":\"https:\/\/previews.elleven.digital\/acocearense\/?s={search_term_string}\"},\"query-input\":{\"@type\":\"PropertyValueSpecification\",\"valueRequired\":true,\"valueName\":\"search_term_string\"}}],\"inLanguage\":\"pt-BR\"},{\"@type\":\"Person\",\"@id\":\"https:\/\/previews.elleven.digital\/acocearense\/#\/schema\/person\/8e9165eb3c33e0860485c7c5fc06a701\",\"name\":\"elleven\",\"image\":{\"@type\":\"ImageObject\",\"inLanguage\":\"pt-BR\",\"@id\":\"https:\/\/previews.elleven.digital\/acocearense\/#\/schema\/person\/image\/\",\"url\":\"https:\/\/secure.gravatar.com\/avatar\/2a6afb49d9ecfed5dbc6c9606ce318b8bd07c077835179bddfd5d8209c03cb29?s=96&d=mm&r=g\",\"contentUrl\":\"https:\/\/secure.gravatar.com\/avatar\/2a6afb49d9ecfed5dbc6c9606ce318b8bd07c077835179bddfd5d8209c03cb29?s=96&d=mm&r=g\",\"caption\":\"elleven\"},\"sameAs\":[\"http:\/\/localhost\/acocearense\"],\"url\":\"https:\/\/previews.elleven.digital\/acocearense\/author\/elleven\/\"}]}<\/script>\n<!-- \/ Yoast SEO plugin. -->","yoast_head_json":{"title":"Telhas Zincalume: Voc\u00ea sabia? - Grupo A\u00e7o Cearense","robots":{"index":"index","follow":"follow","max-snippet":"max-snippet:-1","max-image-preview":"max-image-preview:large","max-video-preview":"max-video-preview:-1"},"canonical":"https:\/\/previews.elleven.digital\/acocearense\/telhas-zincalume-voce-sabia\/","og_locale":"pt_BR","og_type":"article","og_title":"Telhas Zincalume: Voc\u00ea sabia? - Grupo A\u00e7o Cearense","og_description":"Temos uma informa\u00e7\u00e3o muito importante para voc\u00ea sobre as telhas que comercializamos. A telha \u00e9(...)","og_url":"https:\/\/previews.elleven.digital\/acocearense\/telhas-zincalume-voce-sabia\/","og_site_name":"Grupo A\u00e7o Cearense","article_published_time":"2022-01-10T14:02:46+00:00","article_modified_time":"2025-05-07T14:03:09+00:00","og_image":[{"width":800,"height":600,"url":"https:\/\/previews.elleven.digital\/acocearense\/wp-content\/uploads\/2025\/05\/POST_BLOG_TELHA_800x600px-min.jpg","type":"image\/jpeg"}],"author":"elleven","twitter_card":"summary_large_image","twitter_misc":{"Escrito por":"elleven","Est. tempo de leitura":"4 minutos"},"schema":{"@context":"https:\/\/schema.org","@graph":[{"@type":"WebPage","@id":"https:\/\/previews.elleven.digital\/acocearense\/telhas-zincalume-voce-sabia\/","url":"https:\/\/previews.elleven.digital\/acocearense\/telhas-zincalume-voce-sabia\/","name":"Telhas Zincalume: Voc\u00ea sabia? - Grupo A\u00e7o Cearense","isPartOf":{"@id":"https:\/\/previews.elleven.digital\/acocearense\/#website"},"primaryImageOfPage":{"@id":"https:\/\/previews.elleven.digital\/acocearense\/telhas-zincalume-voce-sabia\/#primaryimage"},"image":{"@id":"https:\/\/previews.elleven.digital\/acocearense\/telhas-zincalume-voce-sabia\/#primaryimage"},"thumbnailUrl":"https:\/\/previews.elleven.digital\/acocearense\/wp-content\/uploads\/2025\/05\/POST_BLOG_TELHA_800x600px-min.jpg","datePublished":"2022-01-10T14:02:46+00:00","dateModified":"2025-05-07T14:03:09+00:00","author":{"@id":"https:\/\/previews.elleven.digital\/acocearense\/#\/schema\/person\/8e9165eb3c33e0860485c7c5fc06a701"},"breadcrumb":{"@id":"https:\/\/previews.elleven.digital\/acocearense\/telhas-zincalume-voce-sabia\/#breadcrumb"},"inLanguage":"pt-BR","potentialAction":[{"@type":"ReadAction","target":["https:\/\/previews.elleven.digital\/acocearense\/telhas-zincalume-voce-sabia\/"]}]},{"@type":"ImageObject","inLanguage":"pt-BR","@id":"https:\/\/previews.elleven.digital\/acocearense\/telhas-zincalume-voce-sabia\/#primaryimage","url":"https:\/\/previews.elleven.digital\/acocearense\/wp-content\/uploads\/2025\/05\/POST_BLOG_TELHA_800x600px-min.jpg","contentUrl":"https:\/\/previews.elleven.digital\/acocearense\/wp-content\/uploads\/2025\/05\/POST_BLOG_TELHA_800x600px-min.jpg","width":800,"height":600},{"@type":"BreadcrumbList","@id":"https:\/\/previews.elleven.digital\/acocearense\/telhas-zincalume-voce-sabia\/#breadcrumb","itemListElement":[{"@type":"ListItem","position":1,"name":"In\u00edcio","item":"https:\/\/previews.elleven.digital\/acocearense\/"},{"@type":"ListItem","position":2,"name":"Telhas Zincalume: Voc\u00ea sabia?"}]},{"@type":"WebSite","@id":"https:\/\/previews.elleven.digital\/acocearense\/#website","url":"https:\/\/previews.elleven.digital\/acocearense\/","name":"A\u00e7o Cearense","description":"H\u00e1 mais de 45 anos no mercado brasileiro do a\u00e7o.","alternateName":"A\u00e7o Cearense","potentialAction":[{"@type":"SearchAction","target":{"@type":"EntryPoint","urlTemplate":"https:\/\/previews.elleven.digital\/acocearense\/?s={search_term_string}"},"query-input":{"@type":"PropertyValueSpecification","valueRequired":true,"valueName":"search_term_string"}}],"inLanguage":"pt-BR"},{"@type":"Person","@id":"https:\/\/previews.elleven.digital\/acocearense\/#\/schema\/person\/8e9165eb3c33e0860485c7c5fc06a701","name":"elleven","image":{"@type":"ImageObject","inLanguage":"pt-BR","@id":"https:\/\/previews.elleven.digital\/acocearense\/#\/schema\/person\/image\/","url":"https:\/\/secure.gravatar.com\/avatar\/2a6afb49d9ecfed5dbc6c9606ce318b8bd07c077835179bddfd5d8209c03cb29?s=96&d=mm&r=g","contentUrl":"https:\/\/secure.gravatar.com\/avatar\/2a6afb49d9ecfed5dbc6c9606ce318b8bd07c077835179bddfd5d8209c03cb29?s=96&d=mm&r=g","caption":"elleven"},"sameAs":["http:\/\/localhost\/acocearense"],"url":"https:\/\/previews.elleven.digital\/acocearense\/author\/elleven\/"}]}},"_links":{"self":[{"href":"https:\/\/previews.elleven.digital\/acocearense\/wp-json\/wp\/v2\/posts\/1384","targetHints":{"allow":["GET"]}}],"collection":[{"href":"https:\/\/previews.elleven.digital\/acocearense\/wp-json\/wp\/v2\/posts"}],"about":[{"href":"https:\/\/previews.elleven.digital\/acocearense\/wp-json\/wp\/v2\/types\/post"}],"author":[{"embeddable":true,"href":"https:\/\/previews.elleven.digital\/acocearense\/wp-json\/wp\/v2\/users\/1"}],"replies":[{"embeddable":true,"href":"https:\/\/previews.elleven.digital\/acocearense\/wp-json\/wp\/v2\/comments?post=1384"}],"version-history":[{"count":1,"href":"https:\/\/previews.elleven.digital\/acocearense\/wp-json\/wp\/v2\/posts\/1384\/revisions"}],"predecessor-version":[{"id":1385,"href":"https:\/\/previews.elleven.digital\/acocearense\/wp-json\/wp\/v2\/posts\/1384\/revisions\/1385"}],"wp:featuredmedia":[{"embeddable":true,"href":"https:\/\/previews.elleven.digital\/acocearense\/wp-json\/wp\/v2\/media\/1357"}],"wp:attachment":[{"href":"https:\/\/previews.elleven.digital\/acocearense\/wp-json\/wp\/v2\/media?parent=1384"}],"wp:term":[{"taxonomy":"category","embeddable":true,"href":"https:\/\/previews.elleven.digital\/acocearense\/wp-json\/wp\/v2\/categories?post=1384"},{"taxonomy":"post_tag","embeddable":true,"href":"https:\/\/previews.elleven.digital\/acocearense\/wp-json\/wp\/v2\/tags?post=1384"}],"curies":[{"name":"wp","href":"https:\/\/api.w.org\/{rel}","templated":true}]}}