{"id":1382,"date":"2021-06-30T11:02:10","date_gmt":"2021-06-30T14:02:10","guid":{"rendered":"https:\/\/previews.elleven.digital\/acocearense\/?p=1382"},"modified":"2025-05-07T11:02:39","modified_gmt":"2025-05-07T14:02:39","slug":"a-importancia-da-comunicacao-empatica-no-mundo-corporativo","status":"publish","type":"post","link":"https:\/\/previews.elleven.digital\/acocearense\/a-importancia-da-comunicacao-empatica-no-mundo-corporativo\/","title":{"rendered":"A import\u00e2ncia da comunica\u00e7\u00e3o emp\u00e1tica no mundo corporativo"},"content":{"rendered":"<p>O homem come\u00e7ou a sentir necessidade de se comunicar desde que come\u00e7ou a viver em sociedade, fosse para alertar sobre alguma coisa ou expressar sua cultura ou sentimento. Ao longo dos tempos, a comunica\u00e7\u00e3o sempre foi importante no progresso e desenvolvimento.<\/p>\n<p>A comunica\u00e7\u00e3o evoluiu paralelamente com o homem. A rigidez deu lugar para a empatia, onde ouvir e se colocar no lugar do outro trouxe ganhos expressivos em todos os aspectos.<\/p>\n<p>No ambiente corporativo muitas vezes as pessoas acreditam que est\u00e3o se comunicando adequadamente. Por\u00e9m, frequentemente, est\u00e3o apenas informando. Sendo assim, somente informar n\u00e3o garante que o outro entenda o que voc\u00ea quis dizer. No\u00a0<strong>processo de comunica\u00e7\u00e3o \u00e9 essencial que ocorra uma troca<\/strong>.<\/p>\n<p>Uma das formas mais eficazes para esse processo acontecer \u00e9 exercitar a comunica\u00e7\u00e3o emp\u00e1tica, com uma\u00a0<strong>escuta ativa<\/strong>\u00a0e\u00a0<strong>aten\u00e7\u00e3o plena<\/strong>\u00a0aos sinais. Comunica\u00e7\u00e3o emp\u00e1tica \u00e9 compreender a perspectiva individual do outro, entender o que ele precisa e o como a organiza\u00e7\u00e3o pode impulsion\u00e1-lo a bons resultados.<\/p>\n<p>H\u00e1 v\u00e1rias formas para promover uma comunica\u00e7\u00e3o emp\u00e1tica com sua equipe, como por exemplo:<\/p>\n<ul>\n<li>Trabalhar em um ambiente harm\u00f4nico e que respeita as individualidades de cada pessoa colabora, sem d\u00favida,\u00a0com o bem-estar e com a produtividade.<\/li>\n<li>Apostar em a\u00e7\u00f5es e projetos que tragam para a rotina mais afeto e acolhimento faz com que os gestores consigam obter maior confian\u00e7a da equipe e fortalece as rela\u00e7\u00f5es interpessoais.<\/li>\n<li>Escutar a opini\u00e3o e posicionamentos acaba sendo, por muitas vezes, enriquecedor.<\/li>\n<li>N\u00e3o promover o julgamento diante das escolhas e viv\u00eancias de cada pessoa \u00e9 \u00e9tico e deve ser exercitado.<\/li>\n<li>A comunica\u00e7\u00e3o emp\u00e1tica deve se fazer presente tamb\u00e9m em feedbacks. A troca de experi\u00eancia e a compreens\u00e3o m\u00fatua acabam sendo o melhor caminho para uma solu\u00e7\u00e3o.<\/li>\n<\/ul>\n<p>N\u00e3o existe f\u00f3rmula milagrosa para uma comunica\u00e7\u00e3o de sucesso nas organiza\u00e7\u00f5es. \u00c9 necess\u00e1rio muito empenho e empatia. Observe se a sua forma de falar e seus gestos est\u00e3o coerentes com suas atitudes. Voc\u00ea gostaria que agissem assim com voc\u00ea? Se sim, prossiga, se n\u00e3o, repense!<\/p>\n<p><strong>Uma equipe s\u00f3 consegue bons resultados se o l\u00edder estiver focado em equipes.<img loading=\"lazy\" decoding=\"async\" class=\"size-thumbnail wp-image-3605 alignright\" src=\"https:\/\/previews.elleven.digital\/acocearense\/blog\/wp-content\/uploads\/2021\/08\/A-import%C3%A2ncia-da-comunica%C3%A7%C3%A3o-emp%C3%A1tica-no-mundo-corporativo-perfil-150x150.jpeg\" sizes=\"auto, (max-width: 150px) 100vw, 150px\" srcset=\"https:\/\/previews.elleven.digital\/acocearense\/blog\/wp-content\/uploads\/2021\/08\/A-import\u00e2ncia-da-comunica\u00e7\u00e3o-emp\u00e1tica-no-mundo-corporativo-perfil-150x150.jpeg 150w, https:\/\/previews.elleven.digital\/acocearense\/blog\/wp-content\/uploads\/2021\/08\/A-import\u00e2ncia-da-comunica\u00e7\u00e3o-emp\u00e1tica-no-mundo-corporativo-perfil-300x298.jpeg 300w, https:\/\/previews.elleven.digital\/acocearense\/blog\/wp-content\/uploads\/2021\/08\/A-import\u00e2ncia-da-comunica\u00e7\u00e3o-emp\u00e1tica-no-mundo-corporativo-perfil.jpeg 491w\" alt=\"\" width=\"150\" height=\"150\" \/><\/strong><\/p>\n<p><strong>Autora:<\/strong>\u00a0Neliza Ferraz \u2013 Coordenadora de Comunica\u00e7\u00e3o do Grupo A\u00e7o Cearense<\/p>\n<figure id=\"attachment_3605\" class=\"no-caption aligncenter\"><\/figure>\n","protected":false},"excerpt":{"rendered":"<p>O homem come\u00e7ou a sentir necessidade de se comunicar desde que come\u00e7ou a viver em(&#8230;)<\/p>\n","protected":false},"author":1,"featured_media":1358,"comment_status":"open","ping_status":"open","sticky":false,"template":"","format":"standard","meta":{"_acf_changed":false,"inline_featured_image":false,"footnotes":""},"categories":[26],"tags":[],"class_list":["post-1382","post","type-post","status-publish","format-standard","has-post-thumbnail","hentry","category-comunicacao"],"acf":[],"yoast_head":"<!-- This site is optimized with the Yoast SEO plugin v25.9 - https:\/\/yoast.com\/wordpress\/plugins\/seo\/ -->\n<title>A import\u00e2ncia da comunica\u00e7\u00e3o emp\u00e1tica no mundo corporativo - Grupo A\u00e7o Cearense<\/title>\n<meta name=\"robots\" content=\"index, follow, max-snippet:-1, max-image-preview:large, max-video-preview:-1\" \/>\n<link rel=\"canonical\" href=\"https:\/\/previews.elleven.digital\/acocearense\/a-importancia-da-comunicacao-empatica-no-mundo-corporativo\/\" \/>\n<meta property=\"og:locale\" content=\"pt_BR\" \/>\n<meta property=\"og:type\" content=\"article\" \/>\n<meta property=\"og:title\" content=\"A import\u00e2ncia da comunica\u00e7\u00e3o emp\u00e1tica no mundo corporativo - Grupo A\u00e7o Cearense\" \/>\n<meta property=\"og:description\" content=\"O homem come\u00e7ou a sentir necessidade de se comunicar desde que come\u00e7ou a viver em(...)\" \/>\n<meta property=\"og:url\" content=\"https:\/\/previews.elleven.digital\/acocearense\/a-importancia-da-comunicacao-empatica-no-mundo-corporativo\/\" \/>\n<meta property=\"og:site_name\" content=\"Grupo A\u00e7o Cearense\" \/>\n<meta property=\"article:published_time\" content=\"2021-06-30T14:02:10+00:00\" \/>\n<meta property=\"article:modified_time\" content=\"2025-05-07T14:02:39+00:00\" \/>\n<meta property=\"og:image\" content=\"https:\/\/previews.elleven.digital\/acocearense\/wp-content\/uploads\/2025\/05\/A-importancia-da-comunicacao-empatica-no-mundo-corporativo.png\" \/>\n\t<meta property=\"og:image:width\" content=\"800\" \/>\n\t<meta property=\"og:image:height\" content=\"600\" \/>\n\t<meta property=\"og:image:type\" content=\"image\/png\" \/>\n<meta name=\"author\" content=\"elleven\" \/>\n<meta name=\"twitter:card\" content=\"summary_large_image\" \/>\n<meta name=\"twitter:label1\" content=\"Escrito por\" \/>\n\t<meta name=\"twitter:data1\" content=\"elleven\" \/>\n\t<meta name=\"twitter:label2\" content=\"Est. tempo de leitura\" \/>\n\t<meta name=\"twitter:data2\" content=\"3 minutos\" \/>\n<script type=\"application\/ld+json\" class=\"yoast-schema-graph\">{\"@context\":\"https:\/\/schema.org\",\"@graph\":[{\"@type\":\"WebPage\",\"@id\":\"https:\/\/previews.elleven.digital\/acocearense\/a-importancia-da-comunicacao-empatica-no-mundo-corporativo\/\",\"url\":\"https:\/\/previews.elleven.digital\/acocearense\/a-importancia-da-comunicacao-empatica-no-mundo-corporativo\/\",\"name\":\"A import\u00e2ncia da comunica\u00e7\u00e3o emp\u00e1tica no mundo corporativo - Grupo A\u00e7o Cearense\",\"isPartOf\":{\"@id\":\"https:\/\/previews.elleven.digital\/acocearense\/#website\"},\"primaryImageOfPage\":{\"@id\":\"https:\/\/previews.elleven.digital\/acocearense\/a-importancia-da-comunicacao-empatica-no-mundo-corporativo\/#primaryimage\"},\"image\":{\"@id\":\"https:\/\/previews.elleven.digital\/acocearense\/a-importancia-da-comunicacao-empatica-no-mundo-corporativo\/#primaryimage\"},\"thumbnailUrl\":\"https:\/\/previews.elleven.digital\/acocearense\/wp-content\/uploads\/2025\/05\/A-importancia-da-comunicacao-empatica-no-mundo-corporativo.png\",\"datePublished\":\"2021-06-30T14:02:10+00:00\",\"dateModified\":\"2025-05-07T14:02:39+00:00\",\"author\":{\"@id\":\"https:\/\/previews.elleven.digital\/acocearense\/#\/schema\/person\/8e9165eb3c33e0860485c7c5fc06a701\"},\"breadcrumb\":{\"@id\":\"https:\/\/previews.elleven.digital\/acocearense\/a-importancia-da-comunicacao-empatica-no-mundo-corporativo\/#breadcrumb\"},\"inLanguage\":\"pt-BR\",\"potentialAction\":[{\"@type\":\"ReadAction\",\"target\":[\"https:\/\/previews.elleven.digital\/acocearense\/a-importancia-da-comunicacao-empatica-no-mundo-corporativo\/\"]}]},{\"@type\":\"ImageObject\",\"inLanguage\":\"pt-BR\",\"@id\":\"https:\/\/previews.elleven.digital\/acocearense\/a-importancia-da-comunicacao-empatica-no-mundo-corporativo\/#primaryimage\",\"url\":\"https:\/\/previews.elleven.digital\/acocearense\/wp-content\/uploads\/2025\/05\/A-importancia-da-comunicacao-empatica-no-mundo-corporativo.png\",\"contentUrl\":\"https:\/\/previews.elleven.digital\/acocearense\/wp-content\/uploads\/2025\/05\/A-importancia-da-comunicacao-empatica-no-mundo-corporativo.png\",\"width\":800,\"height\":600},{\"@type\":\"BreadcrumbList\",\"@id\":\"https:\/\/previews.elleven.digital\/acocearense\/a-importancia-da-comunicacao-empatica-no-mundo-corporativo\/#breadcrumb\",\"itemListElement\":[{\"@type\":\"ListItem\",\"position\":1,\"name\":\"In\u00edcio\",\"item\":\"https:\/\/previews.elleven.digital\/acocearense\/\"},{\"@type\":\"ListItem\",\"position\":2,\"name\":\"A import\u00e2ncia da comunica\u00e7\u00e3o emp\u00e1tica no mundo corporativo\"}]},{\"@type\":\"WebSite\",\"@id\":\"https:\/\/previews.elleven.digital\/acocearense\/#website\",\"url\":\"https:\/\/previews.elleven.digital\/acocearense\/\",\"name\":\"A\u00e7o Cearense\",\"description\":\"H\u00e1 mais de 45 anos no mercado brasileiro do a\u00e7o.\",\"alternateName\":\"A\u00e7o Cearense\",\"potentialAction\":[{\"@type\":\"SearchAction\",\"target\":{\"@type\":\"EntryPoint\",\"urlTemplate\":\"https:\/\/previews.elleven.digital\/acocearense\/?s={search_term_string}\"},\"query-input\":{\"@type\":\"PropertyValueSpecification\",\"valueRequired\":true,\"valueName\":\"search_term_string\"}}],\"inLanguage\":\"pt-BR\"},{\"@type\":\"Person\",\"@id\":\"https:\/\/previews.elleven.digital\/acocearense\/#\/schema\/person\/8e9165eb3c33e0860485c7c5fc06a701\",\"name\":\"elleven\",\"image\":{\"@type\":\"ImageObject\",\"inLanguage\":\"pt-BR\",\"@id\":\"https:\/\/previews.elleven.digital\/acocearense\/#\/schema\/person\/image\/\",\"url\":\"https:\/\/secure.gravatar.com\/avatar\/2a6afb49d9ecfed5dbc6c9606ce318b8bd07c077835179bddfd5d8209c03cb29?s=96&d=mm&r=g\",\"contentUrl\":\"https:\/\/secure.gravatar.com\/avatar\/2a6afb49d9ecfed5dbc6c9606ce318b8bd07c077835179bddfd5d8209c03cb29?s=96&d=mm&r=g\",\"caption\":\"elleven\"},\"sameAs\":[\"http:\/\/localhost\/acocearense\"],\"url\":\"https:\/\/previews.elleven.digital\/acocearense\/author\/elleven\/\"}]}<\/script>\n<!-- \/ Yoast SEO plugin. -->","yoast_head_json":{"title":"A import\u00e2ncia da comunica\u00e7\u00e3o emp\u00e1tica no mundo corporativo - Grupo A\u00e7o Cearense","robots":{"index":"index","follow":"follow","max-snippet":"max-snippet:-1","max-image-preview":"max-image-preview:large","max-video-preview":"max-video-preview:-1"},"canonical":"https:\/\/previews.elleven.digital\/acocearense\/a-importancia-da-comunicacao-empatica-no-mundo-corporativo\/","og_locale":"pt_BR","og_type":"article","og_title":"A import\u00e2ncia da comunica\u00e7\u00e3o emp\u00e1tica no mundo corporativo - Grupo A\u00e7o Cearense","og_description":"O homem come\u00e7ou a sentir necessidade de se comunicar desde que come\u00e7ou a viver em(...)","og_url":"https:\/\/previews.elleven.digital\/acocearense\/a-importancia-da-comunicacao-empatica-no-mundo-corporativo\/","og_site_name":"Grupo A\u00e7o Cearense","article_published_time":"2021-06-30T14:02:10+00:00","article_modified_time":"2025-05-07T14:02:39+00:00","og_image":[{"width":800,"height":600,"url":"https:\/\/previews.elleven.digital\/acocearense\/wp-content\/uploads\/2025\/05\/A-importancia-da-comunicacao-empatica-no-mundo-corporativo.png","type":"image\/png"}],"author":"elleven","twitter_card":"summary_large_image","twitter_misc":{"Escrito por":"elleven","Est. tempo de leitura":"3 minutos"},"schema":{"@context":"https:\/\/schema.org","@graph":[{"@type":"WebPage","@id":"https:\/\/previews.elleven.digital\/acocearense\/a-importancia-da-comunicacao-empatica-no-mundo-corporativo\/","url":"https:\/\/previews.elleven.digital\/acocearense\/a-importancia-da-comunicacao-empatica-no-mundo-corporativo\/","name":"A import\u00e2ncia da comunica\u00e7\u00e3o emp\u00e1tica no mundo corporativo - Grupo A\u00e7o Cearense","isPartOf":{"@id":"https:\/\/previews.elleven.digital\/acocearense\/#website"},"primaryImageOfPage":{"@id":"https:\/\/previews.elleven.digital\/acocearense\/a-importancia-da-comunicacao-empatica-no-mundo-corporativo\/#primaryimage"},"image":{"@id":"https:\/\/previews.elleven.digital\/acocearense\/a-importancia-da-comunicacao-empatica-no-mundo-corporativo\/#primaryimage"},"thumbnailUrl":"https:\/\/previews.elleven.digital\/acocearense\/wp-content\/uploads\/2025\/05\/A-importancia-da-comunicacao-empatica-no-mundo-corporativo.png","datePublished":"2021-06-30T14:02:10+00:00","dateModified":"2025-05-07T14:02:39+00:00","author":{"@id":"https:\/\/previews.elleven.digital\/acocearense\/#\/schema\/person\/8e9165eb3c33e0860485c7c5fc06a701"},"breadcrumb":{"@id":"https:\/\/previews.elleven.digital\/acocearense\/a-importancia-da-comunicacao-empatica-no-mundo-corporativo\/#breadcrumb"},"inLanguage":"pt-BR","potentialAction":[{"@type":"ReadAction","target":["https:\/\/previews.elleven.digital\/acocearense\/a-importancia-da-comunicacao-empatica-no-mundo-corporativo\/"]}]},{"@type":"ImageObject","inLanguage":"pt-BR","@id":"https:\/\/previews.elleven.digital\/acocearense\/a-importancia-da-comunicacao-empatica-no-mundo-corporativo\/#primaryimage","url":"https:\/\/previews.elleven.digital\/acocearense\/wp-content\/uploads\/2025\/05\/A-importancia-da-comunicacao-empatica-no-mundo-corporativo.png","contentUrl":"https:\/\/previews.elleven.digital\/acocearense\/wp-content\/uploads\/2025\/05\/A-importancia-da-comunicacao-empatica-no-mundo-corporativo.png","width":800,"height":600},{"@type":"BreadcrumbList","@id":"https:\/\/previews.elleven.digital\/acocearense\/a-importancia-da-comunicacao-empatica-no-mundo-corporativo\/#breadcrumb","itemListElement":[{"@type":"ListItem","position":1,"name":"In\u00edcio","item":"https:\/\/previews.elleven.digital\/acocearense\/"},{"@type":"ListItem","position":2,"name":"A import\u00e2ncia da comunica\u00e7\u00e3o emp\u00e1tica no mundo corporativo"}]},{"@type":"WebSite","@id":"https:\/\/previews.elleven.digital\/acocearense\/#website","url":"https:\/\/previews.elleven.digital\/acocearense\/","name":"A\u00e7o Cearense","description":"H\u00e1 mais de 45 anos no mercado brasileiro do a\u00e7o.","alternateName":"A\u00e7o Cearense","potentialAction":[{"@type":"SearchAction","target":{"@type":"EntryPoint","urlTemplate":"https:\/\/previews.elleven.digital\/acocearense\/?s={search_term_string}"},"query-input":{"@type":"PropertyValueSpecification","valueRequired":true,"valueName":"search_term_string"}}],"inLanguage":"pt-BR"},{"@type":"Person","@id":"https:\/\/previews.elleven.digital\/acocearense\/#\/schema\/person\/8e9165eb3c33e0860485c7c5fc06a701","name":"elleven","image":{"@type":"ImageObject","inLanguage":"pt-BR","@id":"https:\/\/previews.elleven.digital\/acocearense\/#\/schema\/person\/image\/","url":"https:\/\/secure.gravatar.com\/avatar\/2a6afb49d9ecfed5dbc6c9606ce318b8bd07c077835179bddfd5d8209c03cb29?s=96&d=mm&r=g","contentUrl":"https:\/\/secure.gravatar.com\/avatar\/2a6afb49d9ecfed5dbc6c9606ce318b8bd07c077835179bddfd5d8209c03cb29?s=96&d=mm&r=g","caption":"elleven"},"sameAs":["http:\/\/localhost\/acocearense"],"url":"https:\/\/previews.elleven.digital\/acocearense\/author\/elleven\/"}]}},"_links":{"self":[{"href":"https:\/\/previews.elleven.digital\/acocearense\/wp-json\/wp\/v2\/posts\/1382","targetHints":{"allow":["GET"]}}],"collection":[{"href":"https:\/\/previews.elleven.digital\/acocearense\/wp-json\/wp\/v2\/posts"}],"about":[{"href":"https:\/\/previews.elleven.digital\/acocearense\/wp-json\/wp\/v2\/types\/post"}],"author":[{"embeddable":true,"href":"https:\/\/previews.elleven.digital\/acocearense\/wp-json\/wp\/v2\/users\/1"}],"replies":[{"embeddable":true,"href":"https:\/\/previews.elleven.digital\/acocearense\/wp-json\/wp\/v2\/comments?post=1382"}],"version-history":[{"count":1,"href":"https:\/\/previews.elleven.digital\/acocearense\/wp-json\/wp\/v2\/posts\/1382\/revisions"}],"predecessor-version":[{"id":1383,"href":"https:\/\/previews.elleven.digital\/acocearense\/wp-json\/wp\/v2\/posts\/1382\/revisions\/1383"}],"wp:featuredmedia":[{"embeddable":true,"href":"https:\/\/previews.elleven.digital\/acocearense\/wp-json\/wp\/v2\/media\/1358"}],"wp:attachment":[{"href":"https:\/\/previews.elleven.digital\/acocearense\/wp-json\/wp\/v2\/media?parent=1382"}],"wp:term":[{"taxonomy":"category","embeddable":true,"href":"https:\/\/previews.elleven.digital\/acocearense\/wp-json\/wp\/v2\/categories?post=1382"},{"taxonomy":"post_tag","embeddable":true,"href":"https:\/\/previews.elleven.digital\/acocearense\/wp-json\/wp\/v2\/tags?post=1382"}],"curies":[{"name":"wp","href":"https:\/\/api.w.org\/{rel}","templated":true}]}}