{"id":1378,"date":"2021-06-14T11:00:51","date_gmt":"2021-06-14T14:00:51","guid":{"rendered":"https:\/\/previews.elleven.digital\/acocearense\/?p=1378"},"modified":"2025-05-07T11:01:32","modified_gmt":"2025-05-07T14:01:32","slug":"tempos-de-crise-3-dicas-de-planejamento-estrategico-para-pequenos-negocios","status":"publish","type":"post","link":"https:\/\/previews.elleven.digital\/acocearense\/tempos-de-crise-3-dicas-de-planejamento-estrategico-para-pequenos-negocios\/","title":{"rendered":"Tempos de crise: 3 dicas de planejamento estrat\u00e9gico para pequenos neg\u00f3cios"},"content":{"rendered":"<figure id=\"attachment_3568\" class=\"no-caption aligncenter\"><img loading=\"lazy\" decoding=\"async\" class=\"aligncenter size-full wp-image-3568\" src=\"https:\/\/previews.elleven.digital\/acocearense\/blog\/wp-content\/uploads\/2021\/06\/Tempos-de-crise-3-dicas-de-planejamento-estrat%C3%A9gico-para-pequenos-neg%C3%B3cios-2.png\" sizes=\"auto, (max-width: 800px) 100vw, 800px\" srcset=\"https:\/\/previews.elleven.digital\/acocearense\/blog\/wp-content\/uploads\/2021\/06\/Tempos-de-crise-3-dicas-de-planejamento-estrat\u00e9gico-para-pequenos-neg\u00f3cios-2.png 800w, https:\/\/previews.elleven.digital\/acocearense\/blog\/wp-content\/uploads\/2021\/06\/Tempos-de-crise-3-dicas-de-planejamento-estrat\u00e9gico-para-pequenos-neg\u00f3cios-2-300x225.png 300w, https:\/\/previews.elleven.digital\/acocearense\/blog\/wp-content\/uploads\/2021\/06\/Tempos-de-crise-3-dicas-de-planejamento-estrat\u00e9gico-para-pequenos-neg\u00f3cios-2-768x576.png 768w, https:\/\/previews.elleven.digital\/acocearense\/blog\/wp-content\/uploads\/2021\/06\/Tempos-de-crise-3-dicas-de-planejamento-estrat\u00e9gico-para-pequenos-neg\u00f3cios-2-320x239.png 320w\" alt=\"\" width=\"800\" height=\"600\" \/><\/figure>\n<p>O mercado nunca ouviu tanto as palavras \u201cvolatilidade\u201d, \u201cinstabilidade\u201d e, principalmente, \u201cconstantes mudan\u00e7as\u201d, como hoje.<\/p>\n<p>Nesse cen\u00e1rio, vivemos grandes e constantes transforma\u00e7\u00f5es, positivas e negativas. O\u00a0<b>mundo VUCA\u00a0<\/b>(vol\u00e1til, incerto, complexo e amb\u00edguo) \u00e9 uma realidade e est\u00e1 em evolu\u00e7\u00e3o. Vivemos em um mundo BANI (Fr\u00e1gil, Ansioso, N\u00e3o linear e Incompreens\u00edvel),\u00a0e\u00a0ao olhar para os pequenos neg\u00f3cios, percebemos o quanto estes s\u00e3o impactados. Ao observar a rapidez destas transforma\u00e7\u00f5es, \u00e9 comum pensar que n\u00e3o h\u00e1 como se preparar para tantos imprevistos, principalmente sendo uma\u00a0<a href=\"https:\/\/conteudos.grupoacocearense.com.br\/infografico-gratuito-06-problemas-cadastro\" target=\"_blank\" rel=\"noopener noreferrer\">pequena empresa<\/a>.<\/p>\n<p>Contudo, pensar assim \u00e9 um erro. \u00c9 preciso agir! \u00c9 sabido que algo planejado, mensurado, acompanhado e tratado tender\u00e1 sempre a sofrer menos impactos e, a depender da situa\u00e7\u00e3o, o impacto poder\u00e1 nem ocorrer. Por isso, \u00e9 importante que os pequenos neg\u00f3cios sigam esta receita e desenvolvam um\u00a0<a href=\"https:\/\/previews.elleven.digital\/acocearense\/blog\/planejamento-estrategico\/planejamento-estrategico-2021-como-tomar-decisoes-diante-de-cenarios-instaveis\/\" target=\"_blank\" rel=\"noopener noreferrer\">planejamento estrat\u00e9gico<\/a>. Ser\u00e1 esse planejamento que guiar\u00e1 para onde e como chegar, pois, ir\u00e1 tratar de sua miss\u00e3o, vis\u00e3o, objetivos e como alcan\u00e7\u00e1-los. Sempre alinhado ao seu ambiente de neg\u00f3cio, norteando como agir em diferentes situa\u00e7\u00f5es. \u00c9 preciso saber o que fazer e o que n\u00e3o fazer!<\/p>\n<figure id=\"attachment_3569\" class=\"no-caption aligncenter\"><img loading=\"lazy\" decoding=\"async\" class=\"aligncenter size-full wp-image-3569\" src=\"https:\/\/previews.elleven.digital\/acocearense\/blog\/wp-content\/uploads\/2021\/06\/Tempos-de-crise-3-dicas-de-planejamento-estrat%C3%A9gico-para-pequenos-neg%C3%B3cios-3.png\" sizes=\"auto, (max-width: 800px) 100vw, 800px\" srcset=\"https:\/\/previews.elleven.digital\/acocearense\/blog\/wp-content\/uploads\/2021\/06\/Tempos-de-crise-3-dicas-de-planejamento-estrat\u00e9gico-para-pequenos-neg\u00f3cios-3.png 800w, https:\/\/previews.elleven.digital\/acocearense\/blog\/wp-content\/uploads\/2021\/06\/Tempos-de-crise-3-dicas-de-planejamento-estrat\u00e9gico-para-pequenos-neg\u00f3cios-3-300x225.png 300w, https:\/\/previews.elleven.digital\/acocearense\/blog\/wp-content\/uploads\/2021\/06\/Tempos-de-crise-3-dicas-de-planejamento-estrat\u00e9gico-para-pequenos-neg\u00f3cios-3-768x576.png 768w, https:\/\/previews.elleven.digital\/acocearense\/blog\/wp-content\/uploads\/2021\/06\/Tempos-de-crise-3-dicas-de-planejamento-estrat\u00e9gico-para-pequenos-neg\u00f3cios-3-320x239.png 320w\" alt=\"\" width=\"800\" height=\"600\" \/><\/figure>\n<p>A\u00a0<a href=\"https:\/\/previews.elleven.digital\/acocearense\/blog\/planejamento-estrategico\/5-dicas-para-o-planejamento-estrategico-da-sua-loja-de-ferro-e-aco\/?setlang=no\" target=\"_blank\" rel=\"noopener noreferrer\">constru\u00e7\u00e3o do planejamento estrat\u00e9gico<\/a>\u00a0deve seguir alguns passos importantes, sendo eles:<\/p>\n<p>1- Definir a miss\u00e3o, vis\u00e3o e valores: conceitos que definem a identidade e posicionamento do neg\u00f3cio.<\/p>\n<p>2- Analisar o ambiente interno e externo: \u00e9 preciso considerar os fatores internos e os externos para identificar a necessidade de adapta\u00e7\u00e3o \u00e0s v\u00e1rias mudan\u00e7as.<\/p>\n<p>3- Definir objetivos e metas: os objetivos devem ser norteados pela estrat\u00e9gia, que dir\u00e1 como alcan\u00e7\u00e1-la. As metas, por sua vez, ir\u00e3o mensurar o desempenho dos objetivos. Importante destacar que as metas devem ser espec\u00edficas, mensur\u00e1veis e alcan\u00e7\u00e1veis e com tempo determinado (SMART).<\/p>\n<p>4- Construir um plano de a\u00e7\u00e3o: como a estrat\u00e9gia ser\u00e1 executada. Definir de forma clara o papel dos colaboradores na execu\u00e7\u00e3o das a\u00e7\u00f5es definidas como fundamentais ao atendimento dos indicadores. Bem como, a defini\u00e7\u00e3o dos recursos necess\u00e1rios (seja humano, material, tecnol\u00f3gico, etc).<\/p>\n<p>5- Mensurar e acompanhar os resultados: tudo que foi planejado, deve evoluir conforme esperado ou havendo necessidade, realizar ajustes espec\u00edficos.<\/p>\n<p>As constantes viradas do mercado tem praticamente obrigado o pequeno neg\u00f3cio a se reinventar diariamente, exigindo uma adapta\u00e7\u00e3o r\u00e1pida \u00e0s press\u00f5es externas, para que seja poss\u00edvel se defender das amea\u00e7as e identificar oportunidades, seja em seu segmento ou em outro a ser explorado.<\/p>\n<figure id=\"attachment_3570\" class=\"no-caption aligncenter\"><img loading=\"lazy\" decoding=\"async\" class=\"aligncenter size-full wp-image-3570\" src=\"https:\/\/previews.elleven.digital\/acocearense\/blog\/wp-content\/uploads\/2021\/06\/Tempos-de-crise-3-dicas-de-planejamento-estrat%C3%A9gico-para-pequenos-neg%C3%B3cios-4.png\" sizes=\"auto, (max-width: 800px) 100vw, 800px\" srcset=\"https:\/\/previews.elleven.digital\/acocearense\/blog\/wp-content\/uploads\/2021\/06\/Tempos-de-crise-3-dicas-de-planejamento-estrat\u00e9gico-para-pequenos-neg\u00f3cios-4.png 800w, https:\/\/previews.elleven.digital\/acocearense\/blog\/wp-content\/uploads\/2021\/06\/Tempos-de-crise-3-dicas-de-planejamento-estrat\u00e9gico-para-pequenos-neg\u00f3cios-4-300x225.png 300w, https:\/\/previews.elleven.digital\/acocearense\/blog\/wp-content\/uploads\/2021\/06\/Tempos-de-crise-3-dicas-de-planejamento-estrat\u00e9gico-para-pequenos-neg\u00f3cios-4-768x576.png 768w, https:\/\/previews.elleven.digital\/acocearense\/blog\/wp-content\/uploads\/2021\/06\/Tempos-de-crise-3-dicas-de-planejamento-estrat\u00e9gico-para-pequenos-neg\u00f3cios-4-320x239.png 320w\" alt=\"\" width=\"800\" height=\"600\" \/><\/figure>\n<p>Portanto, \u00e9 importante planejar e colocar em pr\u00e1tica o que foi desenhado. Para isso, compartilho algumas dicas:<\/p>\n<p><b>\u2013 Defini\u00e7\u00e3o clara de futuro (prop\u00f3sito) do neg\u00f3cio<\/b>: \u00e9 de extrema import\u00e2ncia que a alta dire\u00e7\u00e3o do neg\u00f3cio reflita e discuta sobre as li\u00e7\u00f5es aprendidas, reavaliando a miss\u00e3o e os valores da empresa e definindo onde o neg\u00f3cio dever\u00e1 estar no futuro. \u00c9 interessante colocar todas as ideias, li\u00e7\u00f5es, sugest\u00f5es no papel para que todo o corpo executivo leia, discuta, avalie e combine possibilidades, at\u00e9 que se chegue a um denominador m\u00e1ximo comum, que dever\u00e1 ser conhecido e entendido por todas as \u00e1reas do neg\u00f3cio. \u00c9 v\u00e1lido tamb\u00e9m apostar em escritas simples e objetivas, facilitando o entendimento de todos. Pense: \u201c<b>Qual \u00e9 nosso futuro desejado?\u201d<\/b><\/p>\n<p><b>\u2013 Desdobrando as metas e envolver as equipes<\/b>: ap\u00f3s a decis\u00e3o da alta dire\u00e7\u00e3o sobre o futuro, \u00e9 preciso definir como atingi-lo. Neste momento entram em cena a constru\u00e7\u00e3o dos objetivos, indicadores e plano de a\u00e7\u00e3o. Os resultados atingidos atrav\u00e9s dos indicadores,\u00a0informar\u00e3o\u00a0se a proposta est\u00e1 sendo atendida ou n\u00e3o. \u00c9 importante definir metas claras, atend\u00edveis e com prazo definido,\u00a0envolver a equipe que executar\u00e1 a linha de frente dessas metas e construir a quatro m\u00e3os o plano de a\u00e7\u00e3o e especificar onde e como cada colaborador participar\u00e1 desta jornada. A comunica\u00e7\u00e3o direta e simples, \u00e9 fundamental para essa constru\u00e7\u00e3o. Pense: \u201c<b>Como chegaremos no futuro desejado?\u201d<\/b><\/p>\n<p><b>\u2013 Monitorar os resultados:\u00a0<\/b>todo resultado precisa ser acompanhado e avaliado. \u00c9 fundamental que ocorram reuni\u00f5es peri\u00f3dicas, onde a alta dire\u00e7\u00e3o dever\u00e1 checar o andamento de tudo que foi desdobrado, verificando tamb\u00e9m se as a\u00e7\u00f5es precisam de ajuste. \u00c9 importante enxergar o desdobrando completamente alinhado. Isto \u00e9, uma vez definida a estrat\u00e9gia, os objetivos devem estar ligados a ela, que por sua vez ser\u00e3o atendidos por meio de indicadores e metas, que se tornar\u00e3o poss\u00edveis de atendimento atrav\u00e9s das a\u00e7\u00f5es. Pense: \u201c<b>Estamos no caminho certo?\u201d<\/b><\/p>\n<p>Construir um planejamento estrat\u00e9gico evita tiros no escuro, diminui os riscos e reduz incertezas. Trata-se da defini\u00e7\u00e3o de um padr\u00e3o de comportamento rumo ao futuro desejado!<\/p>\n<p>&nbsp;<\/p>\n<p><strong>Autora:\u00a0Luciana de Sales Pessoa \u2013\u00a0Analista de Gest\u00e3o e Processos na A\u00e7o Cearense Comercial<img loading=\"lazy\" decoding=\"async\" class=\"size-thumbnail wp-image-3575 alignright\" src=\"https:\/\/previews.elleven.digital\/acocearense\/blog\/wp-content\/uploads\/2021\/06\/autora-150x150.jpeg\" alt=\"\" width=\"150\" height=\"150\" \/><\/strong><\/p>\n<p><em>Graduada em Ci\u00eancias Econ\u00f4micas pela Universidade Federal do Cear\u00e1 (UFC), com cursos e experi\u00eancia em projetos, planejamento e processos.\u00a0<\/em><\/p>\n<figure id=\"attachment_3575\" class=\"no-caption aligncenter\"><\/figure>\n","protected":false},"excerpt":{"rendered":"<p>O mercado nunca ouviu tanto as palavras \u201cvolatilidade\u201d, \u201cinstabilidade\u201d e, principalmente, \u201cconstantes mudan\u00e7as\u201d, como hoje.(&#8230;)<\/p>\n","protected":false},"author":1,"featured_media":1360,"comment_status":"open","ping_status":"open","sticky":false,"template":"","format":"standard","meta":{"_acf_changed":false,"inline_featured_image":false,"footnotes":""},"categories":[31],"tags":[],"class_list":["post-1378","post","type-post","status-publish","format-standard","has-post-thumbnail","hentry","category-planejamento-estrategico"],"acf":[],"yoast_head":"<!-- This site is optimized with the Yoast SEO plugin v25.9 - https:\/\/yoast.com\/wordpress\/plugins\/seo\/ -->\n<title>Tempos de crise: 3 dicas de planejamento estrat\u00e9gico para pequenos neg\u00f3cios - Grupo A\u00e7o Cearense<\/title>\n<meta name=\"robots\" content=\"index, follow, max-snippet:-1, max-image-preview:large, max-video-preview:-1\" \/>\n<link rel=\"canonical\" href=\"https:\/\/previews.elleven.digital\/acocearense\/tempos-de-crise-3-dicas-de-planejamento-estrategico-para-pequenos-negocios\/\" \/>\n<meta property=\"og:locale\" content=\"pt_BR\" \/>\n<meta property=\"og:type\" content=\"article\" \/>\n<meta property=\"og:title\" content=\"Tempos de crise: 3 dicas de planejamento estrat\u00e9gico para pequenos neg\u00f3cios - Grupo A\u00e7o Cearense\" \/>\n<meta property=\"og:description\" content=\"O mercado nunca ouviu tanto as palavras \u201cvolatilidade\u201d, \u201cinstabilidade\u201d e, principalmente, \u201cconstantes mudan\u00e7as\u201d, como hoje.(...)\" \/>\n<meta property=\"og:url\" content=\"https:\/\/previews.elleven.digital\/acocearense\/tempos-de-crise-3-dicas-de-planejamento-estrategico-para-pequenos-negocios\/\" \/>\n<meta property=\"og:site_name\" content=\"Grupo A\u00e7o Cearense\" \/>\n<meta property=\"article:published_time\" content=\"2021-06-14T14:00:51+00:00\" \/>\n<meta property=\"article:modified_time\" content=\"2025-05-07T14:01:32+00:00\" \/>\n<meta property=\"og:image\" content=\"https:\/\/previews.elleven.digital\/acocearense\/wp-content\/uploads\/2025\/05\/Tempos-de-crise-3-dicas-de-planejamento-estrategico-para-pequenos-negocios.jpeg\" \/>\n\t<meta property=\"og:image:width\" content=\"800\" \/>\n\t<meta property=\"og:image:height\" content=\"600\" \/>\n\t<meta property=\"og:image:type\" content=\"image\/jpeg\" \/>\n<meta name=\"author\" content=\"elleven\" \/>\n<meta name=\"twitter:card\" content=\"summary_large_image\" \/>\n<meta name=\"twitter:label1\" content=\"Escrito por\" \/>\n\t<meta name=\"twitter:data1\" content=\"elleven\" \/>\n\t<meta name=\"twitter:label2\" content=\"Est. tempo de leitura\" \/>\n\t<meta name=\"twitter:data2\" content=\"5 minutos\" \/>\n<script type=\"application\/ld+json\" class=\"yoast-schema-graph\">{\"@context\":\"https:\/\/schema.org\",\"@graph\":[{\"@type\":\"WebPage\",\"@id\":\"https:\/\/previews.elleven.digital\/acocearense\/tempos-de-crise-3-dicas-de-planejamento-estrategico-para-pequenos-negocios\/\",\"url\":\"https:\/\/previews.elleven.digital\/acocearense\/tempos-de-crise-3-dicas-de-planejamento-estrategico-para-pequenos-negocios\/\",\"name\":\"Tempos de crise: 3 dicas de planejamento estrat\u00e9gico para pequenos neg\u00f3cios - Grupo A\u00e7o Cearense\",\"isPartOf\":{\"@id\":\"https:\/\/previews.elleven.digital\/acocearense\/#website\"},\"primaryImageOfPage\":{\"@id\":\"https:\/\/previews.elleven.digital\/acocearense\/tempos-de-crise-3-dicas-de-planejamento-estrategico-para-pequenos-negocios\/#primaryimage\"},\"image\":{\"@id\":\"https:\/\/previews.elleven.digital\/acocearense\/tempos-de-crise-3-dicas-de-planejamento-estrategico-para-pequenos-negocios\/#primaryimage\"},\"thumbnailUrl\":\"https:\/\/previews.elleven.digital\/acocearense\/wp-content\/uploads\/2025\/05\/Tempos-de-crise-3-dicas-de-planejamento-estrategico-para-pequenos-negocios.jpeg\",\"datePublished\":\"2021-06-14T14:00:51+00:00\",\"dateModified\":\"2025-05-07T14:01:32+00:00\",\"author\":{\"@id\":\"https:\/\/previews.elleven.digital\/acocearense\/#\/schema\/person\/8e9165eb3c33e0860485c7c5fc06a701\"},\"breadcrumb\":{\"@id\":\"https:\/\/previews.elleven.digital\/acocearense\/tempos-de-crise-3-dicas-de-planejamento-estrategico-para-pequenos-negocios\/#breadcrumb\"},\"inLanguage\":\"pt-BR\",\"potentialAction\":[{\"@type\":\"ReadAction\",\"target\":[\"https:\/\/previews.elleven.digital\/acocearense\/tempos-de-crise-3-dicas-de-planejamento-estrategico-para-pequenos-negocios\/\"]}]},{\"@type\":\"ImageObject\",\"inLanguage\":\"pt-BR\",\"@id\":\"https:\/\/previews.elleven.digital\/acocearense\/tempos-de-crise-3-dicas-de-planejamento-estrategico-para-pequenos-negocios\/#primaryimage\",\"url\":\"https:\/\/previews.elleven.digital\/acocearense\/wp-content\/uploads\/2025\/05\/Tempos-de-crise-3-dicas-de-planejamento-estrategico-para-pequenos-negocios.jpeg\",\"contentUrl\":\"https:\/\/previews.elleven.digital\/acocearense\/wp-content\/uploads\/2025\/05\/Tempos-de-crise-3-dicas-de-planejamento-estrategico-para-pequenos-negocios.jpeg\",\"width\":800,\"height\":600},{\"@type\":\"BreadcrumbList\",\"@id\":\"https:\/\/previews.elleven.digital\/acocearense\/tempos-de-crise-3-dicas-de-planejamento-estrategico-para-pequenos-negocios\/#breadcrumb\",\"itemListElement\":[{\"@type\":\"ListItem\",\"position\":1,\"name\":\"In\u00edcio\",\"item\":\"https:\/\/previews.elleven.digital\/acocearense\/\"},{\"@type\":\"ListItem\",\"position\":2,\"name\":\"Tempos de crise: 3 dicas de planejamento estrat\u00e9gico para pequenos neg\u00f3cios\"}]},{\"@type\":\"WebSite\",\"@id\":\"https:\/\/previews.elleven.digital\/acocearense\/#website\",\"url\":\"https:\/\/previews.elleven.digital\/acocearense\/\",\"name\":\"A\u00e7o Cearense\",\"description\":\"H\u00e1 mais de 45 anos no mercado brasileiro do a\u00e7o.\",\"alternateName\":\"A\u00e7o Cearense\",\"potentialAction\":[{\"@type\":\"SearchAction\",\"target\":{\"@type\":\"EntryPoint\",\"urlTemplate\":\"https:\/\/previews.elleven.digital\/acocearense\/?s={search_term_string}\"},\"query-input\":{\"@type\":\"PropertyValueSpecification\",\"valueRequired\":true,\"valueName\":\"search_term_string\"}}],\"inLanguage\":\"pt-BR\"},{\"@type\":\"Person\",\"@id\":\"https:\/\/previews.elleven.digital\/acocearense\/#\/schema\/person\/8e9165eb3c33e0860485c7c5fc06a701\",\"name\":\"elleven\",\"image\":{\"@type\":\"ImageObject\",\"inLanguage\":\"pt-BR\",\"@id\":\"https:\/\/previews.elleven.digital\/acocearense\/#\/schema\/person\/image\/\",\"url\":\"https:\/\/secure.gravatar.com\/avatar\/2a6afb49d9ecfed5dbc6c9606ce318b8bd07c077835179bddfd5d8209c03cb29?s=96&d=mm&r=g\",\"contentUrl\":\"https:\/\/secure.gravatar.com\/avatar\/2a6afb49d9ecfed5dbc6c9606ce318b8bd07c077835179bddfd5d8209c03cb29?s=96&d=mm&r=g\",\"caption\":\"elleven\"},\"sameAs\":[\"http:\/\/localhost\/acocearense\"],\"url\":\"https:\/\/previews.elleven.digital\/acocearense\/author\/elleven\/\"}]}<\/script>\n<!-- \/ Yoast SEO plugin. -->","yoast_head_json":{"title":"Tempos de crise: 3 dicas de planejamento estrat\u00e9gico para pequenos neg\u00f3cios - Grupo A\u00e7o Cearense","robots":{"index":"index","follow":"follow","max-snippet":"max-snippet:-1","max-image-preview":"max-image-preview:large","max-video-preview":"max-video-preview:-1"},"canonical":"https:\/\/previews.elleven.digital\/acocearense\/tempos-de-crise-3-dicas-de-planejamento-estrategico-para-pequenos-negocios\/","og_locale":"pt_BR","og_type":"article","og_title":"Tempos de crise: 3 dicas de planejamento estrat\u00e9gico para pequenos neg\u00f3cios - Grupo A\u00e7o Cearense","og_description":"O mercado nunca ouviu tanto as palavras \u201cvolatilidade\u201d, \u201cinstabilidade\u201d e, principalmente, \u201cconstantes mudan\u00e7as\u201d, como hoje.(...)","og_url":"https:\/\/previews.elleven.digital\/acocearense\/tempos-de-crise-3-dicas-de-planejamento-estrategico-para-pequenos-negocios\/","og_site_name":"Grupo A\u00e7o Cearense","article_published_time":"2021-06-14T14:00:51+00:00","article_modified_time":"2025-05-07T14:01:32+00:00","og_image":[{"width":800,"height":600,"url":"https:\/\/previews.elleven.digital\/acocearense\/wp-content\/uploads\/2025\/05\/Tempos-de-crise-3-dicas-de-planejamento-estrategico-para-pequenos-negocios.jpeg","type":"image\/jpeg"}],"author":"elleven","twitter_card":"summary_large_image","twitter_misc":{"Escrito por":"elleven","Est. tempo de leitura":"5 minutos"},"schema":{"@context":"https:\/\/schema.org","@graph":[{"@type":"WebPage","@id":"https:\/\/previews.elleven.digital\/acocearense\/tempos-de-crise-3-dicas-de-planejamento-estrategico-para-pequenos-negocios\/","url":"https:\/\/previews.elleven.digital\/acocearense\/tempos-de-crise-3-dicas-de-planejamento-estrategico-para-pequenos-negocios\/","name":"Tempos de crise: 3 dicas de planejamento estrat\u00e9gico para pequenos neg\u00f3cios - Grupo A\u00e7o Cearense","isPartOf":{"@id":"https:\/\/previews.elleven.digital\/acocearense\/#website"},"primaryImageOfPage":{"@id":"https:\/\/previews.elleven.digital\/acocearense\/tempos-de-crise-3-dicas-de-planejamento-estrategico-para-pequenos-negocios\/#primaryimage"},"image":{"@id":"https:\/\/previews.elleven.digital\/acocearense\/tempos-de-crise-3-dicas-de-planejamento-estrategico-para-pequenos-negocios\/#primaryimage"},"thumbnailUrl":"https:\/\/previews.elleven.digital\/acocearense\/wp-content\/uploads\/2025\/05\/Tempos-de-crise-3-dicas-de-planejamento-estrategico-para-pequenos-negocios.jpeg","datePublished":"2021-06-14T14:00:51+00:00","dateModified":"2025-05-07T14:01:32+00:00","author":{"@id":"https:\/\/previews.elleven.digital\/acocearense\/#\/schema\/person\/8e9165eb3c33e0860485c7c5fc06a701"},"breadcrumb":{"@id":"https:\/\/previews.elleven.digital\/acocearense\/tempos-de-crise-3-dicas-de-planejamento-estrategico-para-pequenos-negocios\/#breadcrumb"},"inLanguage":"pt-BR","potentialAction":[{"@type":"ReadAction","target":["https:\/\/previews.elleven.digital\/acocearense\/tempos-de-crise-3-dicas-de-planejamento-estrategico-para-pequenos-negocios\/"]}]},{"@type":"ImageObject","inLanguage":"pt-BR","@id":"https:\/\/previews.elleven.digital\/acocearense\/tempos-de-crise-3-dicas-de-planejamento-estrategico-para-pequenos-negocios\/#primaryimage","url":"https:\/\/previews.elleven.digital\/acocearense\/wp-content\/uploads\/2025\/05\/Tempos-de-crise-3-dicas-de-planejamento-estrategico-para-pequenos-negocios.jpeg","contentUrl":"https:\/\/previews.elleven.digital\/acocearense\/wp-content\/uploads\/2025\/05\/Tempos-de-crise-3-dicas-de-planejamento-estrategico-para-pequenos-negocios.jpeg","width":800,"height":600},{"@type":"BreadcrumbList","@id":"https:\/\/previews.elleven.digital\/acocearense\/tempos-de-crise-3-dicas-de-planejamento-estrategico-para-pequenos-negocios\/#breadcrumb","itemListElement":[{"@type":"ListItem","position":1,"name":"In\u00edcio","item":"https:\/\/previews.elleven.digital\/acocearense\/"},{"@type":"ListItem","position":2,"name":"Tempos de crise: 3 dicas de planejamento estrat\u00e9gico para pequenos neg\u00f3cios"}]},{"@type":"WebSite","@id":"https:\/\/previews.elleven.digital\/acocearense\/#website","url":"https:\/\/previews.elleven.digital\/acocearense\/","name":"A\u00e7o Cearense","description":"H\u00e1 mais de 45 anos no mercado brasileiro do a\u00e7o.","alternateName":"A\u00e7o Cearense","potentialAction":[{"@type":"SearchAction","target":{"@type":"EntryPoint","urlTemplate":"https:\/\/previews.elleven.digital\/acocearense\/?s={search_term_string}"},"query-input":{"@type":"PropertyValueSpecification","valueRequired":true,"valueName":"search_term_string"}}],"inLanguage":"pt-BR"},{"@type":"Person","@id":"https:\/\/previews.elleven.digital\/acocearense\/#\/schema\/person\/8e9165eb3c33e0860485c7c5fc06a701","name":"elleven","image":{"@type":"ImageObject","inLanguage":"pt-BR","@id":"https:\/\/previews.elleven.digital\/acocearense\/#\/schema\/person\/image\/","url":"https:\/\/secure.gravatar.com\/avatar\/2a6afb49d9ecfed5dbc6c9606ce318b8bd07c077835179bddfd5d8209c03cb29?s=96&d=mm&r=g","contentUrl":"https:\/\/secure.gravatar.com\/avatar\/2a6afb49d9ecfed5dbc6c9606ce318b8bd07c077835179bddfd5d8209c03cb29?s=96&d=mm&r=g","caption":"elleven"},"sameAs":["http:\/\/localhost\/acocearense"],"url":"https:\/\/previews.elleven.digital\/acocearense\/author\/elleven\/"}]}},"_links":{"self":[{"href":"https:\/\/previews.elleven.digital\/acocearense\/wp-json\/wp\/v2\/posts\/1378","targetHints":{"allow":["GET"]}}],"collection":[{"href":"https:\/\/previews.elleven.digital\/acocearense\/wp-json\/wp\/v2\/posts"}],"about":[{"href":"https:\/\/previews.elleven.digital\/acocearense\/wp-json\/wp\/v2\/types\/post"}],"author":[{"embeddable":true,"href":"https:\/\/previews.elleven.digital\/acocearense\/wp-json\/wp\/v2\/users\/1"}],"replies":[{"embeddable":true,"href":"https:\/\/previews.elleven.digital\/acocearense\/wp-json\/wp\/v2\/comments?post=1378"}],"version-history":[{"count":1,"href":"https:\/\/previews.elleven.digital\/acocearense\/wp-json\/wp\/v2\/posts\/1378\/revisions"}],"predecessor-version":[{"id":1379,"href":"https:\/\/previews.elleven.digital\/acocearense\/wp-json\/wp\/v2\/posts\/1378\/revisions\/1379"}],"wp:featuredmedia":[{"embeddable":true,"href":"https:\/\/previews.elleven.digital\/acocearense\/wp-json\/wp\/v2\/media\/1360"}],"wp:attachment":[{"href":"https:\/\/previews.elleven.digital\/acocearense\/wp-json\/wp\/v2\/media?parent=1378"}],"wp:term":[{"taxonomy":"category","embeddable":true,"href":"https:\/\/previews.elleven.digital\/acocearense\/wp-json\/wp\/v2\/categories?post=1378"},{"taxonomy":"post_tag","embeddable":true,"href":"https:\/\/previews.elleven.digital\/acocearense\/wp-json\/wp\/v2\/tags?post=1378"}],"curies":[{"name":"wp","href":"https:\/\/api.w.org\/{rel}","templated":true}]}}