{"id":1376,"date":"2021-05-28T11:00:10","date_gmt":"2021-05-28T14:00:10","guid":{"rendered":"https:\/\/previews.elleven.digital\/acocearense\/?p=1376"},"modified":"2025-05-07T11:00:47","modified_gmt":"2025-05-07T14:00:47","slug":"os-6-pilares-para-gestao-de-pessoas-no-seu-negocio","status":"publish","type":"post","link":"https:\/\/previews.elleven.digital\/acocearense\/os-6-pilares-para-gestao-de-pessoas-no-seu-negocio\/","title":{"rendered":"Os 6 pilares para gest\u00e3o de pessoas no seu neg\u00f3cio"},"content":{"rendered":"<figure id=\"attachment_3542\" class=\"no-caption aligncenter\"><img loading=\"lazy\" decoding=\"async\" class=\"aligncenter size-full wp-image-3542\" src=\"https:\/\/previews.elleven.digital\/acocearense\/blog\/wp-content\/uploads\/2021\/05\/Os-6-pilares-para-gest%C3%A3o-de-pessoas-na-constru%C3%A7%C3%A3o-civil-3.png\" sizes=\"auto, (max-width: 800px) 100vw, 800px\" srcset=\"https:\/\/previews.elleven.digital\/acocearense\/blog\/wp-content\/uploads\/2021\/05\/Os-6-pilares-para-gest\u00e3o-de-pessoas-na-constru\u00e7\u00e3o-civil-3.png 800w, https:\/\/previews.elleven.digital\/acocearense\/blog\/wp-content\/uploads\/2021\/05\/Os-6-pilares-para-gest\u00e3o-de-pessoas-na-constru\u00e7\u00e3o-civil-3-300x225.png 300w, https:\/\/previews.elleven.digital\/acocearense\/blog\/wp-content\/uploads\/2021\/05\/Os-6-pilares-para-gest\u00e3o-de-pessoas-na-constru\u00e7\u00e3o-civil-3-768x576.png 768w, https:\/\/previews.elleven.digital\/acocearense\/blog\/wp-content\/uploads\/2021\/05\/Os-6-pilares-para-gest\u00e3o-de-pessoas-na-constru\u00e7\u00e3o-civil-3-320x239.png 320w\" alt=\"\" width=\"800\" height=\"600\" \/><\/figure>\n<p>Manter uma empresa competitiva no mercado, \u00e9 desenvolver e promover um ambiente de trabalho aos colaboradores alinhados aos valores e prop\u00f3sitos da organiza\u00e7\u00e3o. Olhar para esta quest\u00e3o \u00e9 fundamental, caso voc\u00ea deseje tornar a sua empresa um ambiente harmonioso, com colaboradores engajados, incentivados e comprometidos com as metas e objetivos da organiza\u00e7\u00e3o<\/p>\n<p>Atualmente os profissionais n\u00e3o buscam apenas um bom sal\u00e1rio e sim um ambiente de trabalho que eles possam associar seus valores e prop\u00f3sitos aos da organiza\u00e7\u00e3o, para que sua jornada na empresa proporcione desenvolvimento, crescimento, qualidade de vida e realiza\u00e7\u00e3o pessoal.<\/p>\n<p>Para criar um modelo de\u00a0<a href=\"https:\/\/conteudos.grupoacocearense.com.br\/cadastro-gestao-de-crises\">gest\u00e3o<\/a>\u00a0de pessoas\u00a0eficaz \u00e9 preciso levar em considera\u00e7\u00e3o\u00a0seis pilares principais:<\/p>\n<h2><b>1. Employee Experience \u2013 Experi\u00eancia do Colaborador<\/b><\/h2>\n<p>Construir a experi\u00eancia do colaborador faz toda a diferen\u00e7a para que todos consigam mirar os seus olhares na mesma dire\u00e7\u00e3o e deve ser considerado na manuten\u00e7\u00e3o das equipes atuais, quanto na\u00a0<a href=\"https:\/\/conteudos.grupoacocearense.com.br\/guia-de-recrutamento-para-sua-loja\">contrata\u00e7\u00e3o<\/a>\u00a0de novos colaboradores.<\/p>\n<p>O\u00a0<b>Fit cultural<\/b>\u00a0\u00e9 o alinhamento entre os valores da empresa e do colaborador. Ou seja, o perfil tem que estar de acordo e encaixar com o que \u00e9 esperado na cultura organizacional. Aumento a probabilidade de motiva\u00e7\u00e3o, envolvimento e perman\u00eancia na organiza\u00e7\u00e3o.<\/p>\n<p><b>\u2013 Me\u00e7a a satisfa\u00e7\u00e3o sobre o seu processo seletivo e de promo\u00e7\u00f5es<\/b><\/p>\n<p>\u2013 Implante ou reestruture o seu onboarding<\/p>\n<p>\u2013 Esclare\u00e7a o papel da lideran\u00e7a<\/p>\n<p>\u2013 Fa\u00e7a pesquisas regulares durante a jornada<\/p>\n<p>\u2013 Preste aten\u00e7\u00e3o nas entrevistas de desligamento<\/p>\n<p>Construir a experi\u00eancia do colaborador na sua organiza\u00e7\u00e3o n\u00e3o \u00e9 algo que se fa\u00e7a de uma hora para outra \u2013 afinal de contas, a cultura muda conforme novas pessoas surgem. O importante \u00e9 entender que o mapeamento da jornada deve servir como um registro dos processos. Logo, ao mapear os processos e os resultados por meio de pesquisas, voc\u00ea pode identificar pontos de melhoria.<\/p>\n<figure id=\"attachment_3543\" class=\"no-caption aligncenter\"><img loading=\"lazy\" decoding=\"async\" class=\"aligncenter size-full wp-image-3543\" src=\"https:\/\/previews.elleven.digital\/acocearense\/blog\/wp-content\/uploads\/2021\/05\/Os-6-pilares-para-gest%C3%A3o-de-pessoas-na-constru%C3%A7%C3%A3o-civil-4.png\" sizes=\"auto, (max-width: 791px) 100vw, 791px\" srcset=\"https:\/\/previews.elleven.digital\/acocearense\/blog\/wp-content\/uploads\/2021\/05\/Os-6-pilares-para-gest\u00e3o-de-pessoas-na-constru\u00e7\u00e3o-civil-4.png 791w, https:\/\/previews.elleven.digital\/acocearense\/blog\/wp-content\/uploads\/2021\/05\/Os-6-pilares-para-gest\u00e3o-de-pessoas-na-constru\u00e7\u00e3o-civil-4-300x221.png 300w, https:\/\/previews.elleven.digital\/acocearense\/blog\/wp-content\/uploads\/2021\/05\/Os-6-pilares-para-gest\u00e3o-de-pessoas-na-constru\u00e7\u00e3o-civil-4-768x567.png 768w\" alt=\"\" width=\"791\" height=\"584\" \/><\/figure>\n<p>&nbsp;<\/p>\n<h2><b>2. Lideran\u00e7a<\/b><\/h2>\n<p>Encoraje e desenvolva os l\u00edderes a agir no desenvolvimento de suas equipes, atrav\u00e9s de feedbacks estruturados e claros, procurando estimular o trabalho em equipe, assumir responsabilidades, delegar atividades, estimular a criatividade, inova\u00e7\u00e3o, comunica\u00e7\u00e3o e a participa\u00e7\u00e3o.<\/p>\n<figure id=\"attachment_3544\" class=\"no-caption aligncenter\"><img loading=\"lazy\" decoding=\"async\" class=\"aligncenter size-full wp-image-3544\" src=\"https:\/\/previews.elleven.digital\/acocearense\/blog\/wp-content\/uploads\/2021\/05\/Os-6-pilares-para-gest%C3%A3o-de-pessoas-na-constru%C3%A7%C3%A3o-civil-5.png\" sizes=\"auto, (max-width: 800px) 100vw, 800px\" srcset=\"https:\/\/previews.elleven.digital\/acocearense\/blog\/wp-content\/uploads\/2021\/05\/Os-6-pilares-para-gest\u00e3o-de-pessoas-na-constru\u00e7\u00e3o-civil-5.png 800w, https:\/\/previews.elleven.digital\/acocearense\/blog\/wp-content\/uploads\/2021\/05\/Os-6-pilares-para-gest\u00e3o-de-pessoas-na-constru\u00e7\u00e3o-civil-5-300x225.png 300w, https:\/\/previews.elleven.digital\/acocearense\/blog\/wp-content\/uploads\/2021\/05\/Os-6-pilares-para-gest\u00e3o-de-pessoas-na-constru\u00e7\u00e3o-civil-5-768x576.png 768w, https:\/\/previews.elleven.digital\/acocearense\/blog\/wp-content\/uploads\/2021\/05\/Os-6-pilares-para-gest\u00e3o-de-pessoas-na-constru\u00e7\u00e3o-civil-5-320x239.png 320w\" alt=\"\" width=\"800\" height=\"600\" \/><\/figure>\n<h2>3.\u00a0<b>Comunica\u00e7\u00e3o Interna<\/b><\/h2>\n<p>Uma comunica\u00e7\u00e3o objetiva e transparente, estimula o senso de dono nos colaboradores e faz com que os mesmos se sintam parte fundamental da organiza\u00e7\u00e3o. Uma comunica\u00e7\u00e3o ativa, clara, transparente e eficiente permite o alinhamento dos objetivos organizacionais, principais resultados e a\u00e7\u00f5es primordiais para o\u00a0<a href=\"https:\/\/conteudos.grupoacocearense.com.br\/passo-a-passo-do-google-meu-negocio\">neg\u00f3cio<\/a>.<\/p>\n<p>Compartilhar essas informa\u00e7\u00f5es atrav\u00e9s da\u00a0comunica\u00e7\u00e3o aberta\u00a0faz com que os colaboradores se sintam seguros, confort\u00e1veis e inclu\u00eddos nas estrat\u00e9gias de empresa. Um colaborador bem informado produz mais e melhor, pois tem clareza acerca da diferen\u00e7a que seu trabalho faz. Al\u00e9m disso, manter as equipes atualizadas sobre os resultados e os desafios que precisam ser superados fortalece a confian\u00e7a entre l\u00edderes e colaboradores.<\/p>\n<figure id=\"attachment_3545\" class=\"no-caption aligncenter\"><img loading=\"lazy\" decoding=\"async\" class=\"aligncenter size-full wp-image-3545\" src=\"https:\/\/previews.elleven.digital\/acocearense\/blog\/wp-content\/uploads\/2021\/05\/Os-6-pilares-para-gest%C3%A3o-de-pessoas-na-constru%C3%A7%C3%A3o-civil-6.png\" sizes=\"auto, (max-width: 800px) 100vw, 800px\" srcset=\"https:\/\/previews.elleven.digital\/acocearense\/blog\/wp-content\/uploads\/2021\/05\/Os-6-pilares-para-gest\u00e3o-de-pessoas-na-constru\u00e7\u00e3o-civil-6.png 800w, https:\/\/previews.elleven.digital\/acocearense\/blog\/wp-content\/uploads\/2021\/05\/Os-6-pilares-para-gest\u00e3o-de-pessoas-na-constru\u00e7\u00e3o-civil-6-300x225.png 300w, https:\/\/previews.elleven.digital\/acocearense\/blog\/wp-content\/uploads\/2021\/05\/Os-6-pilares-para-gest\u00e3o-de-pessoas-na-constru\u00e7\u00e3o-civil-6-768x576.png 768w, https:\/\/previews.elleven.digital\/acocearense\/blog\/wp-content\/uploads\/2021\/05\/Os-6-pilares-para-gest\u00e3o-de-pessoas-na-constru\u00e7\u00e3o-civil-6-320x239.png 320w\" alt=\"\" width=\"800\" height=\"600\" \/><\/figure>\n<h2><b>4. Desenvolvimento<\/b><\/h2>\n<p>No processo de desenvolvimento das equipes, \u00e9 fundamental que os colaboradores possam saber quais softskills precisam ser melhoradas.<\/p>\n<p>Atrav\u00e9s de um\u00a0<b>programa de gest\u00e3o de desempenho<\/b>\u00a0s\u00e3o definidas as compet\u00eancias organizacionais e espec\u00edficas, s\u00e3o determinados os pesos, rede de avaliadores e a periodicidade da avalia\u00e7\u00e3o.<\/p>\n<p>Os resultados das avalia\u00e7\u00f5es norteiam os pontos fortes e pontos a desenvolver do colaborador e em seguida resulta no seu Plano de Desenvolvimento Individual, compromisso que ele assume com o seu desenvolvimento, o que d\u00e1 suporte a programas de sucess\u00e3o e reten\u00e7\u00e3o de talentos.<\/p>\n<p>As a\u00e7\u00f5es do PDI podem ser baseadas na\u00a0<b>metodologia 70:20:10<\/b>, buscando alinhar conhecimento te\u00f3rico, desafios que quebram a rotina permitindo um ambiente de inova\u00e7\u00e3o, sair da zona de conforto, a\u00e7\u00f5es pr\u00e1ticas de melhorias para resolu\u00e7\u00e3o de problemas desafiadores e forma\u00e7\u00e3o de grupos multidisciplinares, o que gera resolu\u00e7\u00f5es eficazes e resultados fant\u00e1sticos.<\/p>\n<figure id=\"attachment_3546\" class=\"no-caption aligncenter\"><img loading=\"lazy\" decoding=\"async\" class=\"aligncenter size-full wp-image-3546\" src=\"https:\/\/previews.elleven.digital\/acocearense\/blog\/wp-content\/uploads\/2021\/05\/Os-6-pilares-para-gest%C3%A3o-de-pessoas-na-constru%C3%A7%C3%A3o-civil-7.png\" sizes=\"auto, (max-width: 800px) 100vw, 800px\" srcset=\"https:\/\/previews.elleven.digital\/acocearense\/blog\/wp-content\/uploads\/2021\/05\/Os-6-pilares-para-gest\u00e3o-de-pessoas-na-constru\u00e7\u00e3o-civil-7.png 800w, https:\/\/previews.elleven.digital\/acocearense\/blog\/wp-content\/uploads\/2021\/05\/Os-6-pilares-para-gest\u00e3o-de-pessoas-na-constru\u00e7\u00e3o-civil-7-300x225.png 300w, https:\/\/previews.elleven.digital\/acocearense\/blog\/wp-content\/uploads\/2021\/05\/Os-6-pilares-para-gest\u00e3o-de-pessoas-na-constru\u00e7\u00e3o-civil-7-768x576.png 768w, https:\/\/previews.elleven.digital\/acocearense\/blog\/wp-content\/uploads\/2021\/05\/Os-6-pilares-para-gest\u00e3o-de-pessoas-na-constru\u00e7\u00e3o-civil-7-320x239.png 320w\" alt=\"\" width=\"800\" height=\"600\" \/><\/figure>\n<h2><b>5. Feedback<\/b><\/h2>\n<p>Desenvolver uma cultura de feedback, proporciona diversos benef\u00edcios para a empresa e para os pr\u00f3prios colaboradores. Essa a\u00e7\u00e3o mant\u00e9m o\u00a0<a href=\"https:\/\/www.xerpa.com.br\/blog\/melhorar-clima-organizacional\/\">clima organizacional<\/a>\u00a0saud\u00e1vel e melhora os resultados como um todo, demonstra a sua<b>\u00a0<\/b>preocupa\u00e7\u00e3o e interesse com o desenvolvimento do colaborador e de sua carreira<b>.<\/b><\/p>\n<p>No feedback, o l\u00edder deve falar dos pontos positivos e\u00a0a desenvolver \u2013 lembrando que os\u00a0<b>pontos positivos<\/b>\u00a0podem ser apontados em p\u00fablico e em particular. J\u00e1 os\u00a0<b>pontos a desenvolver<\/b>\u00a0devem ser abordados exclusivamente de maneira particular. Levar sempre em conta uma situa\u00e7\u00e3o real e n\u00e3o boatos ou ju\u00edzos de valor.<\/p>\n<p>\u00c9 preciso estimular essas pr\u00e1ticas de forma constante e verdadeira na organiza\u00e7\u00e3o!<\/p>\n<p>Ela deve ocorrer no momento oportuno, quando\u00a0 a situa\u00e7\u00e3o est\u00e1 ocorrendo, o que\u00a0 possibilita comemora\u00e7\u00f5es quando h\u00e1 um resultado positivo, mas tamb\u00e9m permite ao colaborador tempo de ir ajustando sua performance caso precise de alguma adequa\u00e7\u00e3o.<\/p>\n<p>Al\u00e9m disso, os l\u00edderes precisam se mostrar abertos e dispostos a receber, periodicamente, feedback de seus liderados. \u00c9 fundamental estar preparado para ouvir quais s\u00e3o as fraquezas e buscar adapta\u00e7\u00f5es ou capacita\u00e7\u00f5es para modificar o que n\u00e3o vai bem.<\/p>\n<p>O fato de que o feedback vale igualmente para l\u00edderes e colaboradores aumenta a motiva\u00e7\u00e3o dos profissionais, o que \u00e9 \u00f3timo para a empresa, pois estudiosos afirmam que colaboradores motivados t\u00eam performance 40% superior se comparados aos colaboradores que atuam no chamado \u201cpiloto autom\u00e1tico\u201d.<\/p>\n<figure id=\"attachment_3547\" class=\"no-caption aligncenter\"><img loading=\"lazy\" decoding=\"async\" class=\"aligncenter size-full wp-image-3547\" src=\"https:\/\/previews.elleven.digital\/acocearense\/blog\/wp-content\/uploads\/2021\/05\/Os-6-pilares-para-gest%C3%A3o-de-pessoas-na-constru%C3%A7%C3%A3o-civil-8.png\" sizes=\"auto, (max-width: 800px) 100vw, 800px\" srcset=\"https:\/\/previews.elleven.digital\/acocearense\/blog\/wp-content\/uploads\/2021\/05\/Os-6-pilares-para-gest\u00e3o-de-pessoas-na-constru\u00e7\u00e3o-civil-8.png 800w, https:\/\/previews.elleven.digital\/acocearense\/blog\/wp-content\/uploads\/2021\/05\/Os-6-pilares-para-gest\u00e3o-de-pessoas-na-constru\u00e7\u00e3o-civil-8-300x225.png 300w, https:\/\/previews.elleven.digital\/acocearense\/blog\/wp-content\/uploads\/2021\/05\/Os-6-pilares-para-gest\u00e3o-de-pessoas-na-constru\u00e7\u00e3o-civil-8-768x576.png 768w, https:\/\/previews.elleven.digital\/acocearense\/blog\/wp-content\/uploads\/2021\/05\/Os-6-pilares-para-gest\u00e3o-de-pessoas-na-constru\u00e7\u00e3o-civil-8-320x239.png 320w\" alt=\"\" width=\"800\" height=\"600\" \/><\/figure>\n<h2><b>5. Qualidade de Vida<\/b><\/h2>\n<p>Fa\u00e7a com que a busca por uma vida feliz e equilibrada seja parte da vida do colaborador e que essa condi\u00e7\u00e3o se estenda do ambiente familiar at\u00e9 a sua rotina de trabalho atrav\u00e9s da cultura da organiza\u00e7\u00e3o.<\/p>\n<p>V\u00e1rias a\u00e7\u00f5es podem ser estimuladas a serem seguidas dentro e fora do trabalho, com a fam\u00edlia e amigos, tais como: pr\u00e1ticas de atividade f\u00edsica, alimenta\u00e7\u00e3o saud\u00e1vel, momentos de lazer, a\u00e7\u00f5es relacionadas a sa\u00fade mental, a\u00e7\u00f5es de preven\u00e7\u00e3o e combate a doen\u00e7as, a\u00e7\u00f5es de ergonomia e demais pr\u00e1ticas que estejam alinhadas \u00e0 cultura\u00a0 da organiza\u00e7\u00e3o.<\/p>\n<p>Al\u00e9m de contribuir para a sa\u00fade e diminuir\u00a0<a href=\"https:\/\/conteudos.grupoacocearense.com.br\/saiba-como-reduzir-os-custos-da-sua-empresa\">gastos<\/a>\u00a0com doen\u00e7as, faltas, afastamentos, gera um aumento na satisfa\u00e7\u00e3o com a empresa e identifica\u00e7\u00e3o com os valores organizacionais.<\/p>\n<p>&nbsp;<\/p>\n<p><strong>Autor:\u00a0Lia Pessoa \u2013 Coordenadora de Recursos Humanos do Grupo A\u00e7o Cearense<img loading=\"lazy\" decoding=\"async\" class=\"wp-image-3541 size-thumbnail alignright\" src=\"https:\/\/previews.elleven.digital\/acocearense\/blog\/wp-content\/uploads\/2021\/05\/Os-6-pilares-para-gest%C3%A3o-de-pessoas-na-constru%C3%A7%C3%A3o-civil-2-150x150.jpeg\" alt=\"Os 6 pilares para gest\u00e3o de pessoas na constru\u00e7\u00e3o civil\" width=\"150\" height=\"150\" \/><\/strong><\/p>\n<p><em>Graduada em Administra\u00e7\u00e3o pela Faculdade Integrada do Cear\u00e1, tem MBA em Lideran\u00e7a, Inova\u00e7\u00e3o e Gest\u00e3o 4.0 pela PUC\/RS e em Gest\u00e3o Empresarial pela FGV. Especializou-se em Gest\u00e3o do Potencial Humano nas Organiza\u00e7\u00f5es pela UNIFOR e est\u00e1 no grupo desde 2010.<\/em><\/p>\n","protected":false},"excerpt":{"rendered":"<p>Manter uma empresa competitiva no mercado, \u00e9 desenvolver e promover um ambiente de trabalho aos(&#8230;)<\/p>\n","protected":false},"author":1,"featured_media":1361,"comment_status":"open","ping_status":"open","sticky":false,"template":"","format":"standard","meta":{"_acf_changed":false,"inline_featured_image":false,"footnotes":""},"categories":[28],"tags":[],"class_list":["post-1376","post","type-post","status-publish","format-standard","has-post-thumbnail","hentry","category-gestao"],"acf":[],"yoast_head":"<!-- This site is optimized with the Yoast SEO plugin v25.9 - https:\/\/yoast.com\/wordpress\/plugins\/seo\/ -->\n<title>Os 6 pilares para gest\u00e3o de pessoas no seu neg\u00f3cio - Grupo A\u00e7o Cearense<\/title>\n<meta name=\"robots\" content=\"index, follow, max-snippet:-1, max-image-preview:large, max-video-preview:-1\" \/>\n<link rel=\"canonical\" href=\"https:\/\/previews.elleven.digital\/acocearense\/os-6-pilares-para-gestao-de-pessoas-no-seu-negocio\/\" \/>\n<meta property=\"og:locale\" content=\"pt_BR\" \/>\n<meta property=\"og:type\" content=\"article\" \/>\n<meta property=\"og:title\" content=\"Os 6 pilares para gest\u00e3o de pessoas no seu neg\u00f3cio - Grupo A\u00e7o Cearense\" \/>\n<meta property=\"og:description\" content=\"Manter uma empresa competitiva no mercado, \u00e9 desenvolver e promover um ambiente de trabalho aos(...)\" \/>\n<meta property=\"og:url\" content=\"https:\/\/previews.elleven.digital\/acocearense\/os-6-pilares-para-gestao-de-pessoas-no-seu-negocio\/\" \/>\n<meta property=\"og:site_name\" content=\"Grupo A\u00e7o Cearense\" \/>\n<meta property=\"article:published_time\" content=\"2021-05-28T14:00:10+00:00\" \/>\n<meta property=\"article:modified_time\" content=\"2025-05-07T14:00:47+00:00\" \/>\n<meta property=\"og:image\" content=\"https:\/\/previews.elleven.digital\/acocearense\/wp-content\/uploads\/2025\/05\/Os-6-pilares-para-gestao-de-pessoas-na-construcao-civil.jpeg\" \/>\n\t<meta property=\"og:image:width\" content=\"800\" \/>\n\t<meta property=\"og:image:height\" content=\"600\" \/>\n\t<meta property=\"og:image:type\" content=\"image\/jpeg\" \/>\n<meta name=\"author\" content=\"elleven\" \/>\n<meta name=\"twitter:card\" content=\"summary_large_image\" \/>\n<meta name=\"twitter:label1\" content=\"Escrito por\" \/>\n\t<meta name=\"twitter:data1\" content=\"elleven\" \/>\n\t<meta name=\"twitter:label2\" content=\"Est. tempo de leitura\" \/>\n\t<meta name=\"twitter:data2\" content=\"8 minutos\" \/>\n<script type=\"application\/ld+json\" class=\"yoast-schema-graph\">{\"@context\":\"https:\/\/schema.org\",\"@graph\":[{\"@type\":\"WebPage\",\"@id\":\"https:\/\/previews.elleven.digital\/acocearense\/os-6-pilares-para-gestao-de-pessoas-no-seu-negocio\/\",\"url\":\"https:\/\/previews.elleven.digital\/acocearense\/os-6-pilares-para-gestao-de-pessoas-no-seu-negocio\/\",\"name\":\"Os 6 pilares para gest\u00e3o de pessoas no seu neg\u00f3cio - Grupo A\u00e7o Cearense\",\"isPartOf\":{\"@id\":\"https:\/\/previews.elleven.digital\/acocearense\/#website\"},\"primaryImageOfPage\":{\"@id\":\"https:\/\/previews.elleven.digital\/acocearense\/os-6-pilares-para-gestao-de-pessoas-no-seu-negocio\/#primaryimage\"},\"image\":{\"@id\":\"https:\/\/previews.elleven.digital\/acocearense\/os-6-pilares-para-gestao-de-pessoas-no-seu-negocio\/#primaryimage\"},\"thumbnailUrl\":\"https:\/\/previews.elleven.digital\/acocearense\/wp-content\/uploads\/2025\/05\/Os-6-pilares-para-gestao-de-pessoas-na-construcao-civil.jpeg\",\"datePublished\":\"2021-05-28T14:00:10+00:00\",\"dateModified\":\"2025-05-07T14:00:47+00:00\",\"author\":{\"@id\":\"https:\/\/previews.elleven.digital\/acocearense\/#\/schema\/person\/8e9165eb3c33e0860485c7c5fc06a701\"},\"breadcrumb\":{\"@id\":\"https:\/\/previews.elleven.digital\/acocearense\/os-6-pilares-para-gestao-de-pessoas-no-seu-negocio\/#breadcrumb\"},\"inLanguage\":\"pt-BR\",\"potentialAction\":[{\"@type\":\"ReadAction\",\"target\":[\"https:\/\/previews.elleven.digital\/acocearense\/os-6-pilares-para-gestao-de-pessoas-no-seu-negocio\/\"]}]},{\"@type\":\"ImageObject\",\"inLanguage\":\"pt-BR\",\"@id\":\"https:\/\/previews.elleven.digital\/acocearense\/os-6-pilares-para-gestao-de-pessoas-no-seu-negocio\/#primaryimage\",\"url\":\"https:\/\/previews.elleven.digital\/acocearense\/wp-content\/uploads\/2025\/05\/Os-6-pilares-para-gestao-de-pessoas-na-construcao-civil.jpeg\",\"contentUrl\":\"https:\/\/previews.elleven.digital\/acocearense\/wp-content\/uploads\/2025\/05\/Os-6-pilares-para-gestao-de-pessoas-na-construcao-civil.jpeg\",\"width\":800,\"height\":600},{\"@type\":\"BreadcrumbList\",\"@id\":\"https:\/\/previews.elleven.digital\/acocearense\/os-6-pilares-para-gestao-de-pessoas-no-seu-negocio\/#breadcrumb\",\"itemListElement\":[{\"@type\":\"ListItem\",\"position\":1,\"name\":\"In\u00edcio\",\"item\":\"https:\/\/previews.elleven.digital\/acocearense\/\"},{\"@type\":\"ListItem\",\"position\":2,\"name\":\"Os 6 pilares para gest\u00e3o de pessoas no seu neg\u00f3cio\"}]},{\"@type\":\"WebSite\",\"@id\":\"https:\/\/previews.elleven.digital\/acocearense\/#website\",\"url\":\"https:\/\/previews.elleven.digital\/acocearense\/\",\"name\":\"A\u00e7o Cearense\",\"description\":\"H\u00e1 mais de 45 anos no mercado brasileiro do a\u00e7o.\",\"alternateName\":\"A\u00e7o Cearense\",\"potentialAction\":[{\"@type\":\"SearchAction\",\"target\":{\"@type\":\"EntryPoint\",\"urlTemplate\":\"https:\/\/previews.elleven.digital\/acocearense\/?s={search_term_string}\"},\"query-input\":{\"@type\":\"PropertyValueSpecification\",\"valueRequired\":true,\"valueName\":\"search_term_string\"}}],\"inLanguage\":\"pt-BR\"},{\"@type\":\"Person\",\"@id\":\"https:\/\/previews.elleven.digital\/acocearense\/#\/schema\/person\/8e9165eb3c33e0860485c7c5fc06a701\",\"name\":\"elleven\",\"image\":{\"@type\":\"ImageObject\",\"inLanguage\":\"pt-BR\",\"@id\":\"https:\/\/previews.elleven.digital\/acocearense\/#\/schema\/person\/image\/\",\"url\":\"https:\/\/secure.gravatar.com\/avatar\/2a6afb49d9ecfed5dbc6c9606ce318b8bd07c077835179bddfd5d8209c03cb29?s=96&d=mm&r=g\",\"contentUrl\":\"https:\/\/secure.gravatar.com\/avatar\/2a6afb49d9ecfed5dbc6c9606ce318b8bd07c077835179bddfd5d8209c03cb29?s=96&d=mm&r=g\",\"caption\":\"elleven\"},\"sameAs\":[\"http:\/\/localhost\/acocearense\"],\"url\":\"https:\/\/previews.elleven.digital\/acocearense\/author\/elleven\/\"}]}<\/script>\n<!-- \/ Yoast SEO plugin. -->","yoast_head_json":{"title":"Os 6 pilares para gest\u00e3o de pessoas no seu neg\u00f3cio - Grupo A\u00e7o Cearense","robots":{"index":"index","follow":"follow","max-snippet":"max-snippet:-1","max-image-preview":"max-image-preview:large","max-video-preview":"max-video-preview:-1"},"canonical":"https:\/\/previews.elleven.digital\/acocearense\/os-6-pilares-para-gestao-de-pessoas-no-seu-negocio\/","og_locale":"pt_BR","og_type":"article","og_title":"Os 6 pilares para gest\u00e3o de pessoas no seu neg\u00f3cio - Grupo A\u00e7o Cearense","og_description":"Manter uma empresa competitiva no mercado, \u00e9 desenvolver e promover um ambiente de trabalho aos(...)","og_url":"https:\/\/previews.elleven.digital\/acocearense\/os-6-pilares-para-gestao-de-pessoas-no-seu-negocio\/","og_site_name":"Grupo A\u00e7o Cearense","article_published_time":"2021-05-28T14:00:10+00:00","article_modified_time":"2025-05-07T14:00:47+00:00","og_image":[{"width":800,"height":600,"url":"https:\/\/previews.elleven.digital\/acocearense\/wp-content\/uploads\/2025\/05\/Os-6-pilares-para-gestao-de-pessoas-na-construcao-civil.jpeg","type":"image\/jpeg"}],"author":"elleven","twitter_card":"summary_large_image","twitter_misc":{"Escrito por":"elleven","Est. tempo de leitura":"8 minutos"},"schema":{"@context":"https:\/\/schema.org","@graph":[{"@type":"WebPage","@id":"https:\/\/previews.elleven.digital\/acocearense\/os-6-pilares-para-gestao-de-pessoas-no-seu-negocio\/","url":"https:\/\/previews.elleven.digital\/acocearense\/os-6-pilares-para-gestao-de-pessoas-no-seu-negocio\/","name":"Os 6 pilares para gest\u00e3o de pessoas no seu neg\u00f3cio - Grupo A\u00e7o Cearense","isPartOf":{"@id":"https:\/\/previews.elleven.digital\/acocearense\/#website"},"primaryImageOfPage":{"@id":"https:\/\/previews.elleven.digital\/acocearense\/os-6-pilares-para-gestao-de-pessoas-no-seu-negocio\/#primaryimage"},"image":{"@id":"https:\/\/previews.elleven.digital\/acocearense\/os-6-pilares-para-gestao-de-pessoas-no-seu-negocio\/#primaryimage"},"thumbnailUrl":"https:\/\/previews.elleven.digital\/acocearense\/wp-content\/uploads\/2025\/05\/Os-6-pilares-para-gestao-de-pessoas-na-construcao-civil.jpeg","datePublished":"2021-05-28T14:00:10+00:00","dateModified":"2025-05-07T14:00:47+00:00","author":{"@id":"https:\/\/previews.elleven.digital\/acocearense\/#\/schema\/person\/8e9165eb3c33e0860485c7c5fc06a701"},"breadcrumb":{"@id":"https:\/\/previews.elleven.digital\/acocearense\/os-6-pilares-para-gestao-de-pessoas-no-seu-negocio\/#breadcrumb"},"inLanguage":"pt-BR","potentialAction":[{"@type":"ReadAction","target":["https:\/\/previews.elleven.digital\/acocearense\/os-6-pilares-para-gestao-de-pessoas-no-seu-negocio\/"]}]},{"@type":"ImageObject","inLanguage":"pt-BR","@id":"https:\/\/previews.elleven.digital\/acocearense\/os-6-pilares-para-gestao-de-pessoas-no-seu-negocio\/#primaryimage","url":"https:\/\/previews.elleven.digital\/acocearense\/wp-content\/uploads\/2025\/05\/Os-6-pilares-para-gestao-de-pessoas-na-construcao-civil.jpeg","contentUrl":"https:\/\/previews.elleven.digital\/acocearense\/wp-content\/uploads\/2025\/05\/Os-6-pilares-para-gestao-de-pessoas-na-construcao-civil.jpeg","width":800,"height":600},{"@type":"BreadcrumbList","@id":"https:\/\/previews.elleven.digital\/acocearense\/os-6-pilares-para-gestao-de-pessoas-no-seu-negocio\/#breadcrumb","itemListElement":[{"@type":"ListItem","position":1,"name":"In\u00edcio","item":"https:\/\/previews.elleven.digital\/acocearense\/"},{"@type":"ListItem","position":2,"name":"Os 6 pilares para gest\u00e3o de pessoas no seu neg\u00f3cio"}]},{"@type":"WebSite","@id":"https:\/\/previews.elleven.digital\/acocearense\/#website","url":"https:\/\/previews.elleven.digital\/acocearense\/","name":"A\u00e7o Cearense","description":"H\u00e1 mais de 45 anos no mercado brasileiro do a\u00e7o.","alternateName":"A\u00e7o Cearense","potentialAction":[{"@type":"SearchAction","target":{"@type":"EntryPoint","urlTemplate":"https:\/\/previews.elleven.digital\/acocearense\/?s={search_term_string}"},"query-input":{"@type":"PropertyValueSpecification","valueRequired":true,"valueName":"search_term_string"}}],"inLanguage":"pt-BR"},{"@type":"Person","@id":"https:\/\/previews.elleven.digital\/acocearense\/#\/schema\/person\/8e9165eb3c33e0860485c7c5fc06a701","name":"elleven","image":{"@type":"ImageObject","inLanguage":"pt-BR","@id":"https:\/\/previews.elleven.digital\/acocearense\/#\/schema\/person\/image\/","url":"https:\/\/secure.gravatar.com\/avatar\/2a6afb49d9ecfed5dbc6c9606ce318b8bd07c077835179bddfd5d8209c03cb29?s=96&d=mm&r=g","contentUrl":"https:\/\/secure.gravatar.com\/avatar\/2a6afb49d9ecfed5dbc6c9606ce318b8bd07c077835179bddfd5d8209c03cb29?s=96&d=mm&r=g","caption":"elleven"},"sameAs":["http:\/\/localhost\/acocearense"],"url":"https:\/\/previews.elleven.digital\/acocearense\/author\/elleven\/"}]}},"_links":{"self":[{"href":"https:\/\/previews.elleven.digital\/acocearense\/wp-json\/wp\/v2\/posts\/1376","targetHints":{"allow":["GET"]}}],"collection":[{"href":"https:\/\/previews.elleven.digital\/acocearense\/wp-json\/wp\/v2\/posts"}],"about":[{"href":"https:\/\/previews.elleven.digital\/acocearense\/wp-json\/wp\/v2\/types\/post"}],"author":[{"embeddable":true,"href":"https:\/\/previews.elleven.digital\/acocearense\/wp-json\/wp\/v2\/users\/1"}],"replies":[{"embeddable":true,"href":"https:\/\/previews.elleven.digital\/acocearense\/wp-json\/wp\/v2\/comments?post=1376"}],"version-history":[{"count":1,"href":"https:\/\/previews.elleven.digital\/acocearense\/wp-json\/wp\/v2\/posts\/1376\/revisions"}],"predecessor-version":[{"id":1377,"href":"https:\/\/previews.elleven.digital\/acocearense\/wp-json\/wp\/v2\/posts\/1376\/revisions\/1377"}],"wp:featuredmedia":[{"embeddable":true,"href":"https:\/\/previews.elleven.digital\/acocearense\/wp-json\/wp\/v2\/media\/1361"}],"wp:attachment":[{"href":"https:\/\/previews.elleven.digital\/acocearense\/wp-json\/wp\/v2\/media?parent=1376"}],"wp:term":[{"taxonomy":"category","embeddable":true,"href":"https:\/\/previews.elleven.digital\/acocearense\/wp-json\/wp\/v2\/categories?post=1376"},{"taxonomy":"post_tag","embeddable":true,"href":"https:\/\/previews.elleven.digital\/acocearense\/wp-json\/wp\/v2\/tags?post=1376"}],"curies":[{"name":"wp","href":"https:\/\/api.w.org\/{rel}","templated":true}]}}