{"id":1374,"date":"2021-05-25T10:59:32","date_gmt":"2021-05-25T13:59:32","guid":{"rendered":"https:\/\/previews.elleven.digital\/acocearense\/?p=1374"},"modified":"2025-05-07T11:00:07","modified_gmt":"2025-05-07T14:00:07","slug":"qual-o-momento-ideal-para-fazer-reposicao-de-estoque-de-produtos-na-sua-empresa","status":"publish","type":"post","link":"https:\/\/previews.elleven.digital\/acocearense\/qual-o-momento-ideal-para-fazer-reposicao-de-estoque-de-produtos-na-sua-empresa\/","title":{"rendered":"Qual o momento ideal para fazer reposi\u00e7\u00e3o de estoque de produtos na sua empresa?"},"content":{"rendered":"<figure id=\"attachment_3536\" class=\"no-caption aligncenter\"><img loading=\"lazy\" decoding=\"async\" class=\"aligncenter wp-image-3536 size-full\" src=\"https:\/\/previews.elleven.digital\/acocearense\/blog\/wp-content\/uploads\/2021\/05\/Qual-o-momento-ideal-para-fazer-reposi%C3%A7%C3%A3o-de-estoque-de-produtos-na-sua-empresa-2.png\" sizes=\"auto, (max-width: 800px) 100vw, 800px\" srcset=\"https:\/\/previews.elleven.digital\/acocearense\/blog\/wp-content\/uploads\/2021\/05\/Qual-o-momento-ideal-para-fazer-reposi\u00e7\u00e3o-de-estoque-de-produtos-na-sua-empresa-2.png 800w, https:\/\/previews.elleven.digital\/acocearense\/blog\/wp-content\/uploads\/2021\/05\/Qual-o-momento-ideal-para-fazer-reposi\u00e7\u00e3o-de-estoque-de-produtos-na-sua-empresa-2-300x225.png 300w, https:\/\/previews.elleven.digital\/acocearense\/blog\/wp-content\/uploads\/2021\/05\/Qual-o-momento-ideal-para-fazer-reposi\u00e7\u00e3o-de-estoque-de-produtos-na-sua-empresa-2-768x576.png 768w, https:\/\/previews.elleven.digital\/acocearense\/blog\/wp-content\/uploads\/2021\/05\/Qual-o-momento-ideal-para-fazer-reposi\u00e7\u00e3o-de-estoque-de-produtos-na-sua-empresa-2-320x239.png 320w\" alt=\"\" width=\"800\" height=\"600\" \/><\/figure>\n<p>Atualmente a grande maioria das empresas procuram a obten\u00e7\u00e3o de uma vantagem<a href=\"https:\/\/previews.elleven.digital\/acocearense\/blog\/vender-mais\/5-boas-praticas-para-tornar-a-sua-empresa-competitiva-no-mercado\/?setlang=no\">\u00a0competitiva<\/a>\u00a0em rela\u00e7\u00e3o aos seus concorrentes, e a oportunidade de atender os clientes prontamente no momento e na quantidade desejada \u00e9 grandemente facilitada com a administra\u00e7\u00e3o eficaz dos estoques.<\/p>\n<p>Em todas as empresas, exceto as empresas t\u00edpicas de presta\u00e7\u00e3o de servi\u00e7o, os<a href=\"https:\/\/previews.elleven.digital\/acocearense\/blog\/gestao-de-estoque\/3-principais-pecados-na-hora-de-gerir-seu-estoque\/?setlang=no\">\u00a0estoques<\/a>\u00a0representam componentes extremamente significativos, seja sob aspectos econ\u00f4mico-financeiros ou operacionais cr\u00edticos. Nas empresas industriais ou comerciais, os materiais representam mais de 50% do custo do produto vendido, o que nos deixa concluir que os recursos financeiros alocados a estoques devam ser utilizados da forma mais racional poss\u00edvel.<\/p>\n<p>Dentro desse contexto, a gest\u00e3o e controle dos estoques est\u00e1 cada vez mais se tornando importante para as empresas. Saber repor o estoque de forma otimizada com os quantitativos adequados, planejando a data ideal para recebimento do produto, maximizando o n\u00edvel de servi\u00e7o para os clientes e gerando o m\u00ednimo de impacto financeiro nos estoques passou a ser um grande diferencial competitivo para as organiza\u00e7\u00f5es.<\/p>\n<h2><b>Quando realizar a reposi\u00e7\u00e3o de estoque dos produtos?<\/b><\/h2>\n<p>Eu poderia passar horas comentando teorias e mais teorias subjetivas a respeito do momento ideal para repor o estoque, mas quando se trata desse tema estamos nos referindo a uma f\u00f3rmula matem\u00e1tica bem simples chamada de Ponto de Ressuprimento:<\/p>\n<figure id=\"attachment_3537\" class=\"no-caption aligncenter\"><img loading=\"lazy\" decoding=\"async\" class=\"aligncenter size-full wp-image-3537\" src=\"https:\/\/previews.elleven.digital\/acocearense\/blog\/wp-content\/uploads\/2021\/05\/Qual-o-momento-ideal-para-fazer-reposi%C3%A7%C3%A3o-de-estoque-de-produtos-na-sua-empresa-3.png\" sizes=\"auto, (max-width: 800px) 100vw, 800px\" srcset=\"https:\/\/previews.elleven.digital\/acocearense\/blog\/wp-content\/uploads\/2021\/05\/Qual-o-momento-ideal-para-fazer-reposi\u00e7\u00e3o-de-estoque-de-produtos-na-sua-empresa-3.png 800w, https:\/\/previews.elleven.digital\/acocearense\/blog\/wp-content\/uploads\/2021\/05\/Qual-o-momento-ideal-para-fazer-reposi\u00e7\u00e3o-de-estoque-de-produtos-na-sua-empresa-3-300x225.png 300w, https:\/\/previews.elleven.digital\/acocearense\/blog\/wp-content\/uploads\/2021\/05\/Qual-o-momento-ideal-para-fazer-reposi\u00e7\u00e3o-de-estoque-de-produtos-na-sua-empresa-3-768x576.png 768w, https:\/\/previews.elleven.digital\/acocearense\/blog\/wp-content\/uploads\/2021\/05\/Qual-o-momento-ideal-para-fazer-reposi\u00e7\u00e3o-de-estoque-de-produtos-na-sua-empresa-3-320x239.png 320w\" alt=\"\" width=\"800\" height=\"600\" \/><\/figure>\n<p>Onde:\u00a0PR = Ponto de Ressuprimento;<\/p>\n<p>D = Demanda Mensal;<\/p>\n<p>TR = Tempo de Reposi\u00e7\u00e3o ou lead time em meses.<\/p>\n<p>ES = Estoque de Seguran\u00e7a.<\/p>\n<figure id=\"attachment_3538\" class=\"no-caption aligncenter\">\n<figure id=\"attachment_3538\" class=\"wp-caption aligncenter\" aria-describedby=\"caption-attachment-3538\"><img loading=\"lazy\" decoding=\"async\" class=\"wp-image-3538 size-full\" src=\"https:\/\/previews.elleven.digital\/acocearense\/blog\/wp-content\/uploads\/2021\/05\/Qual-o-momento-ideal-para-fazer-reposi%C3%A7%C3%A3o-de-estoque-de-produtos-na-sua-empresa-4.png\" sizes=\"auto, (max-width: 800px) 100vw, 800px\" srcset=\"https:\/\/previews.elleven.digital\/acocearense\/blog\/wp-content\/uploads\/2021\/05\/Qual-o-momento-ideal-para-fazer-reposi\u00e7\u00e3o-de-estoque-de-produtos-na-sua-empresa-4.png 800w, https:\/\/previews.elleven.digital\/acocearense\/blog\/wp-content\/uploads\/2021\/05\/Qual-o-momento-ideal-para-fazer-reposi\u00e7\u00e3o-de-estoque-de-produtos-na-sua-empresa-4-300x225.png 300w, https:\/\/previews.elleven.digital\/acocearense\/blog\/wp-content\/uploads\/2021\/05\/Qual-o-momento-ideal-para-fazer-reposi\u00e7\u00e3o-de-estoque-de-produtos-na-sua-empresa-4-768x576.png 768w, https:\/\/previews.elleven.digital\/acocearense\/blog\/wp-content\/uploads\/2021\/05\/Qual-o-momento-ideal-para-fazer-reposi\u00e7\u00e3o-de-estoque-de-produtos-na-sua-empresa-4-320x239.png 320w\" alt=\"\" width=\"800\" height=\"600\" \/><figcaption id=\"caption-attachment-3538\" class=\"wp-caption-text\">*Gr\u00e1fico de dente de serra.<\/figcaption><\/figure>\n<\/figure>\n<p>Essa quantidade de estoque mantida no ponto de pedido (ou ressuprimento) deve ser suficiente para atender \u00e0<a href=\"https:\/\/previews.elleven.digital\/acocearense\/blog\/abrindo-o-negocio\/aprenda-aqui-como-fazer-um-previsao-de-demanda\/?setlang=no\">\u00a0demanda<\/a>\u00a0pelo item durante seu tempo de ressuprimento, somado a um n\u00edvel de seguran\u00e7a, que serve para absorver varia\u00e7\u00f5es na demanda durante o tempo de ressuprimento.<\/p>\n<p>Com rela\u00e7\u00e3o ao estoque de seguran\u00e7a, eles t\u00eam por objetivo fazer frente a incertezas no processo de<a href=\"https:\/\/previews.elleven.digital\/acocearense\/blog\/gestao\/5-coisas-que-voce-precisa-saber-sobre-a-transformacao-digital-no-varejo\/?setlang=no\">\u00a0transforma\u00e7\u00e3o<\/a>. As raz\u00f5es para o uso de estoques de seguran\u00e7a podem ser incertezas quanto \u00e0 fase de fornecimento do item, quanto ao processo que o produz ou quanto a sua demanda.<\/p>\n<p>Uma observa\u00e7\u00e3o importante com rela\u00e7\u00e3o \u00e0 demanda colocada, \u00e9 que quando a demanda for vari\u00e1vel, deve-se utilizar uma demanda m\u00e9dia e o mesmo vale para o tempo de atendimento, quando for vari\u00e1vel.<\/p>\n<h2><b>Quanto comprar para repor o estoque?<\/b><\/h2>\n<figure id=\"attachment_3539\" class=\"no-caption aligncenter\"><img loading=\"lazy\" decoding=\"async\" class=\"aligncenter size-full wp-image-3539\" src=\"https:\/\/previews.elleven.digital\/acocearense\/blog\/wp-content\/uploads\/2021\/05\/Qual-o-momento-ideal-para-fazer-reposi%C3%A7%C3%A3o-de-estoque-de-produtos-na-sua-empresa-5.png\" sizes=\"auto, (max-width: 800px) 100vw, 800px\" srcset=\"https:\/\/previews.elleven.digital\/acocearense\/blog\/wp-content\/uploads\/2021\/05\/Qual-o-momento-ideal-para-fazer-reposi\u00e7\u00e3o-de-estoque-de-produtos-na-sua-empresa-5.png 800w, https:\/\/previews.elleven.digital\/acocearense\/blog\/wp-content\/uploads\/2021\/05\/Qual-o-momento-ideal-para-fazer-reposi\u00e7\u00e3o-de-estoque-de-produtos-na-sua-empresa-5-300x225.png 300w, https:\/\/previews.elleven.digital\/acocearense\/blog\/wp-content\/uploads\/2021\/05\/Qual-o-momento-ideal-para-fazer-reposi\u00e7\u00e3o-de-estoque-de-produtos-na-sua-empresa-5-768x576.png 768w, https:\/\/previews.elleven.digital\/acocearense\/blog\/wp-content\/uploads\/2021\/05\/Qual-o-momento-ideal-para-fazer-reposi\u00e7\u00e3o-de-estoque-de-produtos-na-sua-empresa-5-320x239.png 320w\" alt=\"\" width=\"800\" height=\"600\" \/><\/figure>\n<p>Nesse momento estamos nos referindo a quantidade ideal para fazer a reposi\u00e7\u00e3o do estoque, nesse caso devem ser considerados alguns aspectos, tais como:<\/p>\n<p><b>\u2013 Capacidade de armazenamento:<\/b>\u00a0\u00e9 muito importante que a quantidade que ser\u00e1 comprada para repor o estoque esteja dentro da capacidade atual de armazenamento para esse produto, inclusive com margem de seguran\u00e7a para absorver pequenas antecipa\u00e7\u00f5es de entrega.<\/p>\n<p><b>\u2013 Defini\u00e7\u00e3o do n\u00edvel de estoque e\/ou cobertura definida para o produto:<\/b>\u00a0a quantidade solicitada para reposi\u00e7\u00e3o do estoque est\u00e1 diretamente relacionada \u00e0 demanda, n\u00edvel de estoque e cobertura definido para o produto. Produtos que possuem alta demanda ou que estrategicamente mant\u00eam n\u00edveis de estoque maiores ter\u00e3o quantidades de reposi\u00e7\u00e3o mais elevadas.<\/p>\n<p><b>\u2013 Valor de consumo dos produtos:<\/b>\u00a0nesse ponto podemos utilizar o bom e velho pareto atrav\u00e9s da curva ABC, ou seja, produtos com baixo valor agregado \u00e9 recomendado comprar quantidade maiores e produtos com alto valor agregado comprar quantidade menores de forma a reduzir o impacto no capital de giro da empresa.<\/p>\n<p><b>\u2013 Custo de transporte (frete):<\/b>\u00a0a quantidade de produto a ser reposta dever\u00e1 ter tamb\u00e9m como objetivo diluir o custo de transporte, repor quantidades muito baixas gerando ociosidade nas cargas podem onerar consideravelmente o custo log\u00edstico. \u00c9 recomendado agregar a maior quantidade poss\u00edvel de produtos de forma a utilizar a capacidade m\u00e1xima do ve\u00edculo e n\u00e3o gerar altos estoques em produtos espec\u00edficos.<\/p>\n<p><b>\u2013 Compras de oportunidade<\/b>: em alguns momentos a quantidade a ser comprada poder\u00e1 ser influenciada por promo\u00e7\u00f5es onde o pre\u00e7o do produto em determinado fornecedor est\u00e1 abaixo da m\u00e9dia de mercado, nesse momento o gestor dever\u00e1 avaliar a quantidade a ser comprada de forma a aproveitar a oportunidade sem gerar grandes impactos no estoque.<\/p>\n<p>\u00c9 boa pr\u00e1tica ter uma pol\u00edtica de tamanho de lote de compra de produtos, com o objetivo de nortear o planejamento dos estoques da empresa. Nesse momento, deve-se avaliar qual o n\u00edvel ideal de estoque m\u00e9dio levando em considera\u00e7\u00e3o todos os pontos j\u00e1 citados anteriormente, bem como calcular o custo de oportunidade referente ao capital imobilizado nos estoques. O grande desafio \u00e9 ter um alto n\u00edvel de servi\u00e7o para os<a href=\"https:\/\/previews.elleven.digital\/acocearense\/blog\/gestao\/retencao-de-clientes-na-crise-3-dicas-para-implementar-hoje-na-sua-empresa\/?setlang=no\">\u00a0clientes<\/a>\u00a0e, simultaneamente, manter o m\u00ednimo de capital impactado nos estoques. Atingir esse resultado vai exigir a implementa\u00e7\u00e3o de inova\u00e7\u00f5es tecnol\u00f3gicas, aumentar o controle dos processos e entender cada vez mais a necessidade do cliente.<\/p>\n<p><b>BIBLIOGRAFIA<\/b><\/p>\n<p>CORR\u00caA, Henrique L; GIANESI, Irineu G. N.; CAON, Mauro.\u00a0<b>Planejamento, programa\u00e7\u00e3o e controle da produ\u00e7\u00e3o MRP II\/ ERP: conceitos, uso e implanta\u00e7\u00e3o.<\/b>\u00a04. ed., S\u00e3o Paulo: Atlas, 2001.<\/p>\n<p>MARTINS, Petr\u00f4nio Garcia; ALT, Paulo Renato.\u00a0<b>Administra\u00e7\u00e3o de materiais e recursos patrimoniais.<\/b>\u00a0S\u00e3o Paulo: Saraiva, 2000.<\/p>\n<p>POZO, Hamilton.\u00a0<b>Administra\u00e7\u00e3o de recursos materiais e patrimoniais: uma abordagem log\u00edstica.<\/b>\u00a02. ed., S\u00e3o Paulo: Atlas, 2002.<\/p>\n<p>TUBINO, Dalvio Ferrari.\u00a0<b>Manual de planejamento e controle da produ\u00e7\u00e3o.<\/b>\u00a02. ed., S\u00e3o Paulo: Atlas, 2000.<\/p>\n<p>VIANA, Jo\u00e3o Jos\u00e9.\u00a0<b>Administra\u00e7\u00e3o de materiais: um enfoque pr\u00e1tico.<\/b>\u00a01. ed., S\u00e3o Paulo: Atlas, 2002.<\/p>\n<p>&nbsp;<\/p>\n<p><strong>Autor: Paulo Gra\u00e7a \u2013 Coordenador de Materiais da SINOBRAS<img loading=\"lazy\" decoding=\"async\" class=\"wp-image-3535 size-thumbnail alignright\" src=\"https:\/\/previews.elleven.digital\/acocearense\/blog\/wp-content\/uploads\/2021\/05\/WhatsApp-Image-2021-05-25-at-14.34.29-1-2222-150x150.jpeg\" alt=\"Qual o momento ideal para fazer reposi\u00e7\u00e3o de estoque de produtos na sua empresa 6\" width=\"150\" height=\"150\" \/><\/strong><\/p>\n<p><em>Paulo \u00e9 bacharel em Administra\u00e7\u00e3o de Empresas pela UVA, possui MBA em Log\u00edstica Empresarial pela FGV. Tem mais de 16 anos experi\u00eancia na \u00e1rea de planejamento e controle de estoques e exerce a fun\u00e7\u00e3o de Coordenador de Materiais da SINOBRAS, onde trabalha h\u00e1 8 anos.<\/em><\/p>\n<div class=\"article-footer clearfix\">\n<div class=\"clearfix top-footer\">\n<div class=\"post-tags pull-left\"><\/div>\n<\/div>\n<\/div>\n","protected":false},"excerpt":{"rendered":"<p>Atualmente a grande maioria das empresas procuram a obten\u00e7\u00e3o de uma vantagem\u00a0competitiva\u00a0em rela\u00e7\u00e3o aos seus(&#8230;)<\/p>\n","protected":false},"author":1,"featured_media":1362,"comment_status":"open","ping_status":"open","sticky":false,"template":"","format":"standard","meta":{"_acf_changed":false,"inline_featured_image":false,"footnotes":""},"categories":[8],"tags":[],"class_list":["post-1374","post","type-post","status-publish","format-standard","has-post-thumbnail","hentry","category-gestao-de-estoque"],"acf":[],"yoast_head":"<!-- This site is optimized with the Yoast SEO plugin v25.9 - https:\/\/yoast.com\/wordpress\/plugins\/seo\/ -->\n<title>Qual o momento ideal para fazer reposi\u00e7\u00e3o de estoque de produtos na sua empresa? - Grupo A\u00e7o Cearense<\/title>\n<meta name=\"robots\" content=\"index, follow, max-snippet:-1, max-image-preview:large, max-video-preview:-1\" \/>\n<link rel=\"canonical\" href=\"https:\/\/previews.elleven.digital\/acocearense\/qual-o-momento-ideal-para-fazer-reposicao-de-estoque-de-produtos-na-sua-empresa\/\" \/>\n<meta property=\"og:locale\" content=\"pt_BR\" \/>\n<meta property=\"og:type\" content=\"article\" \/>\n<meta property=\"og:title\" content=\"Qual o momento ideal para fazer reposi\u00e7\u00e3o de estoque de produtos na sua empresa? - Grupo A\u00e7o Cearense\" \/>\n<meta property=\"og:description\" content=\"Atualmente a grande maioria das empresas procuram a obten\u00e7\u00e3o de uma vantagem\u00a0competitiva\u00a0em rela\u00e7\u00e3o aos seus(...)\" \/>\n<meta property=\"og:url\" content=\"https:\/\/previews.elleven.digital\/acocearense\/qual-o-momento-ideal-para-fazer-reposicao-de-estoque-de-produtos-na-sua-empresa\/\" \/>\n<meta property=\"og:site_name\" content=\"Grupo A\u00e7o Cearense\" \/>\n<meta property=\"article:published_time\" content=\"2021-05-25T13:59:32+00:00\" \/>\n<meta property=\"article:modified_time\" content=\"2025-05-07T14:00:07+00:00\" \/>\n<meta property=\"og:image\" content=\"https:\/\/previews.elleven.digital\/acocearense\/wp-content\/uploads\/2025\/05\/Qual-o-momento-ideal-para-fazer-reposicao-de-estoque-de-produtos-na-sua-empresa.jpeg\" \/>\n\t<meta property=\"og:image:width\" content=\"800\" \/>\n\t<meta property=\"og:image:height\" content=\"600\" \/>\n\t<meta property=\"og:image:type\" content=\"image\/jpeg\" \/>\n<meta name=\"author\" content=\"elleven\" \/>\n<meta name=\"twitter:card\" content=\"summary_large_image\" \/>\n<meta name=\"twitter:label1\" content=\"Escrito por\" \/>\n\t<meta name=\"twitter:data1\" content=\"elleven\" \/>\n\t<meta name=\"twitter:label2\" content=\"Est. tempo de leitura\" \/>\n\t<meta name=\"twitter:data2\" content=\"6 minutos\" \/>\n<script type=\"application\/ld+json\" class=\"yoast-schema-graph\">{\"@context\":\"https:\/\/schema.org\",\"@graph\":[{\"@type\":\"WebPage\",\"@id\":\"https:\/\/previews.elleven.digital\/acocearense\/qual-o-momento-ideal-para-fazer-reposicao-de-estoque-de-produtos-na-sua-empresa\/\",\"url\":\"https:\/\/previews.elleven.digital\/acocearense\/qual-o-momento-ideal-para-fazer-reposicao-de-estoque-de-produtos-na-sua-empresa\/\",\"name\":\"Qual o momento ideal para fazer reposi\u00e7\u00e3o de estoque de produtos na sua empresa? - Grupo A\u00e7o Cearense\",\"isPartOf\":{\"@id\":\"https:\/\/previews.elleven.digital\/acocearense\/#website\"},\"primaryImageOfPage\":{\"@id\":\"https:\/\/previews.elleven.digital\/acocearense\/qual-o-momento-ideal-para-fazer-reposicao-de-estoque-de-produtos-na-sua-empresa\/#primaryimage\"},\"image\":{\"@id\":\"https:\/\/previews.elleven.digital\/acocearense\/qual-o-momento-ideal-para-fazer-reposicao-de-estoque-de-produtos-na-sua-empresa\/#primaryimage\"},\"thumbnailUrl\":\"https:\/\/previews.elleven.digital\/acocearense\/wp-content\/uploads\/2025\/05\/Qual-o-momento-ideal-para-fazer-reposicao-de-estoque-de-produtos-na-sua-empresa.jpeg\",\"datePublished\":\"2021-05-25T13:59:32+00:00\",\"dateModified\":\"2025-05-07T14:00:07+00:00\",\"author\":{\"@id\":\"https:\/\/previews.elleven.digital\/acocearense\/#\/schema\/person\/8e9165eb3c33e0860485c7c5fc06a701\"},\"breadcrumb\":{\"@id\":\"https:\/\/previews.elleven.digital\/acocearense\/qual-o-momento-ideal-para-fazer-reposicao-de-estoque-de-produtos-na-sua-empresa\/#breadcrumb\"},\"inLanguage\":\"pt-BR\",\"potentialAction\":[{\"@type\":\"ReadAction\",\"target\":[\"https:\/\/previews.elleven.digital\/acocearense\/qual-o-momento-ideal-para-fazer-reposicao-de-estoque-de-produtos-na-sua-empresa\/\"]}]},{\"@type\":\"ImageObject\",\"inLanguage\":\"pt-BR\",\"@id\":\"https:\/\/previews.elleven.digital\/acocearense\/qual-o-momento-ideal-para-fazer-reposicao-de-estoque-de-produtos-na-sua-empresa\/#primaryimage\",\"url\":\"https:\/\/previews.elleven.digital\/acocearense\/wp-content\/uploads\/2025\/05\/Qual-o-momento-ideal-para-fazer-reposicao-de-estoque-de-produtos-na-sua-empresa.jpeg\",\"contentUrl\":\"https:\/\/previews.elleven.digital\/acocearense\/wp-content\/uploads\/2025\/05\/Qual-o-momento-ideal-para-fazer-reposicao-de-estoque-de-produtos-na-sua-empresa.jpeg\",\"width\":800,\"height\":600},{\"@type\":\"BreadcrumbList\",\"@id\":\"https:\/\/previews.elleven.digital\/acocearense\/qual-o-momento-ideal-para-fazer-reposicao-de-estoque-de-produtos-na-sua-empresa\/#breadcrumb\",\"itemListElement\":[{\"@type\":\"ListItem\",\"position\":1,\"name\":\"In\u00edcio\",\"item\":\"https:\/\/previews.elleven.digital\/acocearense\/\"},{\"@type\":\"ListItem\",\"position\":2,\"name\":\"Qual o momento ideal para fazer reposi\u00e7\u00e3o de estoque de produtos na sua empresa?\"}]},{\"@type\":\"WebSite\",\"@id\":\"https:\/\/previews.elleven.digital\/acocearense\/#website\",\"url\":\"https:\/\/previews.elleven.digital\/acocearense\/\",\"name\":\"A\u00e7o Cearense\",\"description\":\"H\u00e1 mais de 45 anos no mercado brasileiro do a\u00e7o.\",\"alternateName\":\"A\u00e7o Cearense\",\"potentialAction\":[{\"@type\":\"SearchAction\",\"target\":{\"@type\":\"EntryPoint\",\"urlTemplate\":\"https:\/\/previews.elleven.digital\/acocearense\/?s={search_term_string}\"},\"query-input\":{\"@type\":\"PropertyValueSpecification\",\"valueRequired\":true,\"valueName\":\"search_term_string\"}}],\"inLanguage\":\"pt-BR\"},{\"@type\":\"Person\",\"@id\":\"https:\/\/previews.elleven.digital\/acocearense\/#\/schema\/person\/8e9165eb3c33e0860485c7c5fc06a701\",\"name\":\"elleven\",\"image\":{\"@type\":\"ImageObject\",\"inLanguage\":\"pt-BR\",\"@id\":\"https:\/\/previews.elleven.digital\/acocearense\/#\/schema\/person\/image\/\",\"url\":\"https:\/\/secure.gravatar.com\/avatar\/2a6afb49d9ecfed5dbc6c9606ce318b8bd07c077835179bddfd5d8209c03cb29?s=96&d=mm&r=g\",\"contentUrl\":\"https:\/\/secure.gravatar.com\/avatar\/2a6afb49d9ecfed5dbc6c9606ce318b8bd07c077835179bddfd5d8209c03cb29?s=96&d=mm&r=g\",\"caption\":\"elleven\"},\"sameAs\":[\"http:\/\/localhost\/acocearense\"],\"url\":\"https:\/\/previews.elleven.digital\/acocearense\/author\/elleven\/\"}]}<\/script>\n<!-- \/ Yoast SEO plugin. -->","yoast_head_json":{"title":"Qual o momento ideal para fazer reposi\u00e7\u00e3o de estoque de produtos na sua empresa? - Grupo A\u00e7o Cearense","robots":{"index":"index","follow":"follow","max-snippet":"max-snippet:-1","max-image-preview":"max-image-preview:large","max-video-preview":"max-video-preview:-1"},"canonical":"https:\/\/previews.elleven.digital\/acocearense\/qual-o-momento-ideal-para-fazer-reposicao-de-estoque-de-produtos-na-sua-empresa\/","og_locale":"pt_BR","og_type":"article","og_title":"Qual o momento ideal para fazer reposi\u00e7\u00e3o de estoque de produtos na sua empresa? - Grupo A\u00e7o Cearense","og_description":"Atualmente a grande maioria das empresas procuram a obten\u00e7\u00e3o de uma vantagem\u00a0competitiva\u00a0em rela\u00e7\u00e3o aos seus(...)","og_url":"https:\/\/previews.elleven.digital\/acocearense\/qual-o-momento-ideal-para-fazer-reposicao-de-estoque-de-produtos-na-sua-empresa\/","og_site_name":"Grupo A\u00e7o Cearense","article_published_time":"2021-05-25T13:59:32+00:00","article_modified_time":"2025-05-07T14:00:07+00:00","og_image":[{"width":800,"height":600,"url":"https:\/\/previews.elleven.digital\/acocearense\/wp-content\/uploads\/2025\/05\/Qual-o-momento-ideal-para-fazer-reposicao-de-estoque-de-produtos-na-sua-empresa.jpeg","type":"image\/jpeg"}],"author":"elleven","twitter_card":"summary_large_image","twitter_misc":{"Escrito por":"elleven","Est. tempo de leitura":"6 minutos"},"schema":{"@context":"https:\/\/schema.org","@graph":[{"@type":"WebPage","@id":"https:\/\/previews.elleven.digital\/acocearense\/qual-o-momento-ideal-para-fazer-reposicao-de-estoque-de-produtos-na-sua-empresa\/","url":"https:\/\/previews.elleven.digital\/acocearense\/qual-o-momento-ideal-para-fazer-reposicao-de-estoque-de-produtos-na-sua-empresa\/","name":"Qual o momento ideal para fazer reposi\u00e7\u00e3o de estoque de produtos na sua empresa? - Grupo A\u00e7o Cearense","isPartOf":{"@id":"https:\/\/previews.elleven.digital\/acocearense\/#website"},"primaryImageOfPage":{"@id":"https:\/\/previews.elleven.digital\/acocearense\/qual-o-momento-ideal-para-fazer-reposicao-de-estoque-de-produtos-na-sua-empresa\/#primaryimage"},"image":{"@id":"https:\/\/previews.elleven.digital\/acocearense\/qual-o-momento-ideal-para-fazer-reposicao-de-estoque-de-produtos-na-sua-empresa\/#primaryimage"},"thumbnailUrl":"https:\/\/previews.elleven.digital\/acocearense\/wp-content\/uploads\/2025\/05\/Qual-o-momento-ideal-para-fazer-reposicao-de-estoque-de-produtos-na-sua-empresa.jpeg","datePublished":"2021-05-25T13:59:32+00:00","dateModified":"2025-05-07T14:00:07+00:00","author":{"@id":"https:\/\/previews.elleven.digital\/acocearense\/#\/schema\/person\/8e9165eb3c33e0860485c7c5fc06a701"},"breadcrumb":{"@id":"https:\/\/previews.elleven.digital\/acocearense\/qual-o-momento-ideal-para-fazer-reposicao-de-estoque-de-produtos-na-sua-empresa\/#breadcrumb"},"inLanguage":"pt-BR","potentialAction":[{"@type":"ReadAction","target":["https:\/\/previews.elleven.digital\/acocearense\/qual-o-momento-ideal-para-fazer-reposicao-de-estoque-de-produtos-na-sua-empresa\/"]}]},{"@type":"ImageObject","inLanguage":"pt-BR","@id":"https:\/\/previews.elleven.digital\/acocearense\/qual-o-momento-ideal-para-fazer-reposicao-de-estoque-de-produtos-na-sua-empresa\/#primaryimage","url":"https:\/\/previews.elleven.digital\/acocearense\/wp-content\/uploads\/2025\/05\/Qual-o-momento-ideal-para-fazer-reposicao-de-estoque-de-produtos-na-sua-empresa.jpeg","contentUrl":"https:\/\/previews.elleven.digital\/acocearense\/wp-content\/uploads\/2025\/05\/Qual-o-momento-ideal-para-fazer-reposicao-de-estoque-de-produtos-na-sua-empresa.jpeg","width":800,"height":600},{"@type":"BreadcrumbList","@id":"https:\/\/previews.elleven.digital\/acocearense\/qual-o-momento-ideal-para-fazer-reposicao-de-estoque-de-produtos-na-sua-empresa\/#breadcrumb","itemListElement":[{"@type":"ListItem","position":1,"name":"In\u00edcio","item":"https:\/\/previews.elleven.digital\/acocearense\/"},{"@type":"ListItem","position":2,"name":"Qual o momento ideal para fazer reposi\u00e7\u00e3o de estoque de produtos na sua empresa?"}]},{"@type":"WebSite","@id":"https:\/\/previews.elleven.digital\/acocearense\/#website","url":"https:\/\/previews.elleven.digital\/acocearense\/","name":"A\u00e7o Cearense","description":"H\u00e1 mais de 45 anos no mercado brasileiro do a\u00e7o.","alternateName":"A\u00e7o Cearense","potentialAction":[{"@type":"SearchAction","target":{"@type":"EntryPoint","urlTemplate":"https:\/\/previews.elleven.digital\/acocearense\/?s={search_term_string}"},"query-input":{"@type":"PropertyValueSpecification","valueRequired":true,"valueName":"search_term_string"}}],"inLanguage":"pt-BR"},{"@type":"Person","@id":"https:\/\/previews.elleven.digital\/acocearense\/#\/schema\/person\/8e9165eb3c33e0860485c7c5fc06a701","name":"elleven","image":{"@type":"ImageObject","inLanguage":"pt-BR","@id":"https:\/\/previews.elleven.digital\/acocearense\/#\/schema\/person\/image\/","url":"https:\/\/secure.gravatar.com\/avatar\/2a6afb49d9ecfed5dbc6c9606ce318b8bd07c077835179bddfd5d8209c03cb29?s=96&d=mm&r=g","contentUrl":"https:\/\/secure.gravatar.com\/avatar\/2a6afb49d9ecfed5dbc6c9606ce318b8bd07c077835179bddfd5d8209c03cb29?s=96&d=mm&r=g","caption":"elleven"},"sameAs":["http:\/\/localhost\/acocearense"],"url":"https:\/\/previews.elleven.digital\/acocearense\/author\/elleven\/"}]}},"_links":{"self":[{"href":"https:\/\/previews.elleven.digital\/acocearense\/wp-json\/wp\/v2\/posts\/1374","targetHints":{"allow":["GET"]}}],"collection":[{"href":"https:\/\/previews.elleven.digital\/acocearense\/wp-json\/wp\/v2\/posts"}],"about":[{"href":"https:\/\/previews.elleven.digital\/acocearense\/wp-json\/wp\/v2\/types\/post"}],"author":[{"embeddable":true,"href":"https:\/\/previews.elleven.digital\/acocearense\/wp-json\/wp\/v2\/users\/1"}],"replies":[{"embeddable":true,"href":"https:\/\/previews.elleven.digital\/acocearense\/wp-json\/wp\/v2\/comments?post=1374"}],"version-history":[{"count":1,"href":"https:\/\/previews.elleven.digital\/acocearense\/wp-json\/wp\/v2\/posts\/1374\/revisions"}],"predecessor-version":[{"id":1375,"href":"https:\/\/previews.elleven.digital\/acocearense\/wp-json\/wp\/v2\/posts\/1374\/revisions\/1375"}],"wp:featuredmedia":[{"embeddable":true,"href":"https:\/\/previews.elleven.digital\/acocearense\/wp-json\/wp\/v2\/media\/1362"}],"wp:attachment":[{"href":"https:\/\/previews.elleven.digital\/acocearense\/wp-json\/wp\/v2\/media?parent=1374"}],"wp:term":[{"taxonomy":"category","embeddable":true,"href":"https:\/\/previews.elleven.digital\/acocearense\/wp-json\/wp\/v2\/categories?post=1374"},{"taxonomy":"post_tag","embeddable":true,"href":"https:\/\/previews.elleven.digital\/acocearense\/wp-json\/wp\/v2\/tags?post=1374"}],"curies":[{"name":"wp","href":"https:\/\/api.w.org\/{rel}","templated":true}]}}