{"id":1370,"date":"2021-04-12T10:58:30","date_gmt":"2021-04-12T13:58:30","guid":{"rendered":"https:\/\/previews.elleven.digital\/acocearense\/?p=1370"},"modified":"2025-05-07T10:58:53","modified_gmt":"2025-05-07T13:58:53","slug":"confira-as-principais-tendencias-da-logistica-para-os-proximos-anos","status":"publish","type":"post","link":"https:\/\/previews.elleven.digital\/acocearense\/confira-as-principais-tendencias-da-logistica-para-os-proximos-anos\/","title":{"rendered":"Confira as principais tend\u00eancias da log\u00edstica para os pr\u00f3ximos anos"},"content":{"rendered":"<figure id=\"attachment_3475\" class=\"no-caption aligncenter\"><img loading=\"lazy\" decoding=\"async\" class=\"aligncenter wp-image-3475 size-full\" src=\"https:\/\/previews.elleven.digital\/acocearense\/blog\/wp-content\/uploads\/2021\/04\/Confira-as-principais-tend%C3%AAncias-da-log%C3%ADstica-para-os-pr%C3%B3ximos-anos.jpg\" sizes=\"auto, (max-width: 800px) 100vw, 800px\" srcset=\"https:\/\/previews.elleven.digital\/acocearense\/blog\/wp-content\/uploads\/2021\/04\/Confira-as-principais-tend\u00eancias-da-log\u00edstica-para-os-pr\u00f3ximos-anos.jpg 800w, https:\/\/previews.elleven.digital\/acocearense\/blog\/wp-content\/uploads\/2021\/04\/Confira-as-principais-tend\u00eancias-da-log\u00edstica-para-os-pr\u00f3ximos-anos-300x200.jpg 300w, https:\/\/previews.elleven.digital\/acocearense\/blog\/wp-content\/uploads\/2021\/04\/Confira-as-principais-tend\u00eancias-da-log\u00edstica-para-os-pr\u00f3ximos-anos-768x512.jpg 768w\" alt=\"\" width=\"800\" height=\"533\" \/><\/figure>\n<p>Hoje, quando falamos de\u00a0<a href=\"https:\/\/previews.elleven.digital\/acocearense\/blog\/abrindo-o-negocio\/conheca-3-tendencias-de-tecnologia-em-logistica\/?setlang=no\"><b>log\u00edstica<\/b><\/a>\u00a0\u00e9 imposs\u00edvel n\u00e3o tratarmos do tema de\u00a0<a href=\"https:\/\/previews.elleven.digital\/acocearense\/blog\/gestao\/proposito-pessoas-e-inovacao\/?setlang=no\"><b>inova\u00e7\u00e3o nas opera\u00e7\u00f5es.<\/b><\/a>\u00a0Com um mercado cada vez mais din\u00e2mico, em que nosso cliente busca a\u00a0<a href=\"https:\/\/previews.elleven.digital\/acocearense\/blog\/gestao\/necessidade-de-capital-de-giro-voce-sabe-o-que-e-e-sua-importancia\/?setlang=no\"><b>maximiza\u00e7\u00e3o de seus recursos<\/b><\/a>, com\u00a0<a href=\"https:\/\/previews.elleven.digital\/acocearense\/blog\/gestao-de-estoque\/afinal-o-que-e-e-qual-importancia-de-uma-gestao-de-estoque-eficiente\/?setlang=no\"><b>estoques equilibrados<\/b><\/a>\u00a0e entrega r\u00e1pida, o uso da\u00a0<a href=\"https:\/\/previews.elleven.digital\/acocearense\/blog\/planejamento-estrategico\/tecnologias-indispensaveis-para-sua-empresa-de-ferro-e-aco-vender-mais\/?setlang=no\"><b>tecnologia<\/b><\/a>\u00a0aliada a processos bem definidos, \u00e9 fundamental para o aumento da performance na cadeia log\u00edstica e da satisfa\u00e7\u00e3o dos clientes.<\/p>\n<p>In\u00fameras s\u00e3o as ferramentas existentes no mercado, como o uso de automa\u00e7\u00f5es via IoT (internet das coisas), utiliza\u00e7\u00e3o de intelig\u00eancia artificial para antecipar tend\u00eancias, dispositivos\u00a0<i>wearables<\/i>\u00a0para administrar estoques ou acompanhamento de entregas em tempo real. H\u00e1 um card\u00e1pio diverso dispon\u00edvel para aplica\u00e7\u00e3o em cada modelo de neg\u00f3cio.<\/p>\n<p>Mas a inova\u00e7\u00e3o n\u00e3o se limita apenas ao uso de tecnologias emergentes, a aplica\u00e7\u00e3o dessas novas ferramentas deve estar vinculada a um mapeamento e uma defini\u00e7\u00e3o correta dos processos, em que metodologias como o\u00a0<a href=\"https:\/\/previews.elleven.digital\/acocearense\/blog\/gestao\/metodologia-agil-avanca-como-tendencia-e-torna-se-um-diferencial-para-empresas\/?setlang=no\"><b><i>lean<\/i><\/b>\u00a0<\/a>podem auxiliar nessa defini\u00e7\u00e3o e analisar o valor agregado que cada inova\u00e7\u00e3o trar\u00e1 para o seu cliente.<\/p>\n<figure id=\"attachment_3476\" class=\"no-caption aligncenter\"><img loading=\"lazy\" decoding=\"async\" class=\"aligncenter wp-image-3476 size-full\" src=\"https:\/\/previews.elleven.digital\/acocearense\/blog\/wp-content\/uploads\/2021\/04\/Confira-as-principais-tend%C3%AAncias-da-log%C3%ADstica-para-os-pr%C3%B3ximos-anos-2.jpg\" sizes=\"auto, (max-width: 800px) 100vw, 800px\" srcset=\"https:\/\/previews.elleven.digital\/acocearense\/blog\/wp-content\/uploads\/2021\/04\/Confira-as-principais-tend\u00eancias-da-log\u00edstica-para-os-pr\u00f3ximos-anos-2.jpg 800w, https:\/\/previews.elleven.digital\/acocearense\/blog\/wp-content\/uploads\/2021\/04\/Confira-as-principais-tend\u00eancias-da-log\u00edstica-para-os-pr\u00f3ximos-anos-2-300x170.jpg 300w, https:\/\/previews.elleven.digital\/acocearense\/blog\/wp-content\/uploads\/2021\/04\/Confira-as-principais-tend\u00eancias-da-log\u00edstica-para-os-pr\u00f3ximos-anos-2-768x434.jpg 768w\" alt=\"\" width=\"800\" height=\"452\" \/><\/figure>\n<p>Inserir tecnologias em seu processo, apenas por modismo, pode gerar custos ao inv\u00e9s de resultados, por isso\u00a0<a href=\"https:\/\/previews.elleven.digital\/acocearense\/blog\/planejamento-estrategico\/planejamento-estrategico-2021-como-tomar-decisoes-diante-de-cenarios-instaveis\/\"><b>analisar bem a aplica\u00e7\u00e3o da solu\u00e7\u00e3o proposta<\/b><\/a>\u00a0\u00e9 um dos fatores cr\u00edticos de sucesso para o neg\u00f3cio.<\/p>\n<p>Quando me perguntam se existe ferramenta perfeita, respondo que a solu\u00e7\u00e3o ideal ser\u00e1 a que melhor se adapta ao seu modelo de neg\u00f3cio e que consiga impactar positivamente o resultado da empresa, por meio do aumento da produtividade e otimiza\u00e7\u00e3o da experi\u00eancia do cliente. N\u00e3o existe um modelo \u00fanico que atenda a todas as necessidades, visto que o mercado busca cada vez mais o\u00a0<a href=\"https:\/\/previews.elleven.digital\/acocearense\/blog\/abrindo-o-negocio\/4-canais-de-atendimento-para-aproximar-sua-empresa-dos-clientes\/?setlang=no\"><b>atendimento personalizado.<\/b><\/a><\/p>\n<h2><b>Trago aqui 5 tend\u00eancias e solu\u00e7\u00f5es existentes que podem colaborar com o sucesso do seu neg\u00f3cio rumo a uma\u00a0<\/b><a href=\"https:\/\/previews.elleven.digital\/acocearense\/blog\/logistica\/mercado-de-trabalho-no-ceara-conheca-cenario-e-veja-se-voce-esta-preparado\/?setlang=no\"><b>log\u00edstica mais eficiente.<\/b><\/a><\/h2>\n<h3><b>1.<\/b><b>\u00a0 \u00a0\u00a0<\/b><b>Uso de automa\u00e7\u00f5es<\/b><\/h3>\n<p><img loading=\"lazy\" decoding=\"async\" class=\"aligncenter wp-image-3477 size-full\" src=\"https:\/\/previews.elleven.digital\/acocearense\/blog\/wp-content\/uploads\/2021\/04\/Confira-as-principais-tend%C3%AAncias-da-log%C3%ADstica-para-os-pr%C3%B3ximos-anos-3.jpg\" sizes=\"auto, (max-width: 800px) 100vw, 800px\" srcset=\"https:\/\/previews.elleven.digital\/acocearense\/blog\/wp-content\/uploads\/2021\/04\/Confira-as-principais-tend\u00eancias-da-log\u00edstica-para-os-pr\u00f3ximos-anos-3.jpg 800w, https:\/\/previews.elleven.digital\/acocearense\/blog\/wp-content\/uploads\/2021\/04\/Confira-as-principais-tend\u00eancias-da-log\u00edstica-para-os-pr\u00f3ximos-anos-3-300x129.jpg 300w, https:\/\/previews.elleven.digital\/acocearense\/blog\/wp-content\/uploads\/2021\/04\/Confira-as-principais-tend\u00eancias-da-log\u00edstica-para-os-pr\u00f3ximos-anos-3-768x329.jpg 768w\" alt=\"\" width=\"800\" height=\"343\" \/><\/p>\n<p>A integra\u00e7\u00e3o dos equipamentos com uso do IoT possibilita o monitoramento da performance de equipamentos, acompanhamento de estoques em tempo real, otimiza\u00e7\u00e3o de rotas, entre outras possibilidades. Basicamente a tecnologia funciona atrav\u00e9s da integra\u00e7\u00e3o entre diversos dispositivos eletr\u00f4nicos por meio da internet, onde o controle das a\u00e7\u00f5es pode ser executado at\u00e9 mesmo por smartphones.<\/p>\n<p>Uma outra forma de\u00a0<a href=\"https:\/\/previews.elleven.digital\/acocearense\/blog\/gestao\/aculturamento-digital-em-tempos-de-pandemia\/?setlang=no\"><b>automa\u00e7\u00e3o<\/b><\/a>\u00a0simples, de custo acess\u00edvel e alto impacto, \u00e9 o uso de RPAs, que s\u00e3o utilizados na maioria das atividades repetitivas e com padr\u00f5es estabelecidos, executando essas tarefas atrav\u00e9s de rob\u00f4s com disponibilidade 24\u00d77 (24h e 7 dias por semana).<\/p>\n<h2><b>2.<\/b><b>\u00a0 \u00a0\u00a0<\/b><b>Entrega antecipada<\/b><\/h2>\n<figure id=\"attachment_3478\" class=\"no-caption aligncenter\"><img loading=\"lazy\" decoding=\"async\" class=\"aligncenter wp-image-3478 size-full\" src=\"https:\/\/previews.elleven.digital\/acocearense\/blog\/wp-content\/uploads\/2021\/04\/Confira-as-principais-tend%C3%AAncias-da-log%C3%ADstica-para-os-pr%C3%B3ximos-anos-4.jpeg\" sizes=\"auto, (max-width: 800px) 100vw, 800px\" srcset=\"https:\/\/previews.elleven.digital\/acocearense\/blog\/wp-content\/uploads\/2021\/04\/Confira-as-principais-tend\u00eancias-da-log\u00edstica-para-os-pr\u00f3ximos-anos-4.jpeg 800w, https:\/\/previews.elleven.digital\/acocearense\/blog\/wp-content\/uploads\/2021\/04\/Confira-as-principais-tend\u00eancias-da-log\u00edstica-para-os-pr\u00f3ximos-anos-4-300x120.jpeg 300w, https:\/\/previews.elleven.digital\/acocearense\/blog\/wp-content\/uploads\/2021\/04\/Confira-as-principais-tend\u00eancias-da-log\u00edstica-para-os-pr\u00f3ximos-anos-4-768x307.jpeg 768w\" alt=\"\" width=\"800\" height=\"320\" \/><\/figure>\n<p>J\u00e1 pensou em separar o pedido mesmo antes do cliente ter solicitado?<\/p>\n<p>Sim, isso \u00e9 poss\u00edvel. Atrav\u00e9s de algoritmos avan\u00e7ados e uma boa base hist\u00f3rica \u00e9 poss\u00edvel prever padr\u00f5es de consumo dos clientes e com isso definir seu modelo de compra,\u00a0<a href=\"https:\/\/previews.elleven.digital\/acocearense\/blog\/abrindo-o-negocio\/afinal-como-fazer-um-planejamento-logistico-eficiente\/?setlang=no\"><b>antecipando<\/b><\/a>\u00a0a demanda do cliente e consequente fideliza\u00e7\u00e3o, devido a um servi\u00e7o diferenciado de atendimento.<\/p>\n<h3><b>3.<\/b><b>\u00a0 \u00a0\u00a0<\/b><b>Dispositivos\u00a0<\/b><b><i>wearables<\/i><\/b><\/h3>\n<figure id=\"attachment_3479\" class=\"no-caption aligncenter\"><img loading=\"lazy\" decoding=\"async\" class=\"aligncenter wp-image-3479 size-full\" src=\"https:\/\/previews.elleven.digital\/acocearense\/blog\/wp-content\/uploads\/2021\/04\/Confira-as-principais-tend%C3%AAncias-da-log%C3%ADstica-para-os-pr%C3%B3ximos-anos-5.png\" sizes=\"auto, (max-width: 799px) 100vw, 799px\" srcset=\"https:\/\/previews.elleven.digital\/acocearense\/blog\/wp-content\/uploads\/2021\/04\/Confira-as-principais-tend\u00eancias-da-log\u00edstica-para-os-pr\u00f3ximos-anos-5.png 799w, https:\/\/previews.elleven.digital\/acocearense\/blog\/wp-content\/uploads\/2021\/04\/Confira-as-principais-tend\u00eancias-da-log\u00edstica-para-os-pr\u00f3ximos-anos-5-300x200.png 300w, https:\/\/previews.elleven.digital\/acocearense\/blog\/wp-content\/uploads\/2021\/04\/Confira-as-principais-tend\u00eancias-da-log\u00edstica-para-os-pr\u00f3ximos-anos-5-768x512.png 768w\" alt=\"\" width=\"799\" height=\"533\" \/><\/figure>\n<p>Este nome complicado \u201cwearables\u201d \u00e9 mais presente em seu cotidiano do que imagina. A tradu\u00e7\u00e3o literal refere-se a \u201ctecnologia vest\u00edveis\u201d e talvez voc\u00ea esteja at\u00e9 utilizando um neste momento, como por exemplo um smartwatch, onde lhe traz dados de GPS, card\u00edacos e etc.<\/p>\n<p>No desenvolvimento corporativo esta\u00a0<a href=\"https:\/\/previews.elleven.digital\/acocearense\/blog\/planejamento-estrategico\/tecnologias-indispensaveis-para-sua-empresa-de-ferro-e-aco-vender-mais\/?setlang=no\"><b>tecnologia<\/b><\/a>\u00a0est\u00e1 vinculada a processos de realidade aumentada, um bom exemplo s\u00e3o os \u00f3culos inteligentes que podem ser utilizados em manuten\u00e7\u00e3o de equipamentos, auxiliando na tomada de decis\u00e3o e identificando poss\u00edveis falhas e reparos, tamb\u00e9m podem auxiliar em processos de invent\u00e1rio e localiza\u00e7\u00e3o de materiais no centro de distribui\u00e7\u00e3o. Imagine-se andando em seu armaz\u00e9m utilizando \u00f3culos inteligentes, onde em tempo real poder\u00e1 identificar itens estocados em posi\u00e7\u00f5es erradas ou\u00a0<i>skus\u00a0<\/i>com necessidade de reabastecimento. Demais, n\u00e3o \u00e9?<\/p>\n<h3><b>4.<\/b><b>\u00a0 \u00a0\u00a0<\/b><b>Log\u00edstica compartilhada<\/b><\/h3>\n<figure id=\"attachment_3480\" class=\"no-caption aligncenter\"><img loading=\"lazy\" decoding=\"async\" class=\"aligncenter wp-image-3480 size-full\" src=\"https:\/\/previews.elleven.digital\/acocearense\/blog\/wp-content\/uploads\/2021\/04\/Confira-as-principais-tend%C3%AAncias-da-log%C3%ADstica-para-os-pr%C3%B3ximos-anos-6.jpg\" sizes=\"auto, (max-width: 800px) 100vw, 800px\" srcset=\"https:\/\/previews.elleven.digital\/acocearense\/blog\/wp-content\/uploads\/2021\/04\/Confira-as-principais-tend\u00eancias-da-log\u00edstica-para-os-pr\u00f3ximos-anos-6.jpg 800w, https:\/\/previews.elleven.digital\/acocearense\/blog\/wp-content\/uploads\/2021\/04\/Confira-as-principais-tend\u00eancias-da-log\u00edstica-para-os-pr\u00f3ximos-anos-6-300x170.jpg 300w, https:\/\/previews.elleven.digital\/acocearense\/blog\/wp-content\/uploads\/2021\/04\/Confira-as-principais-tend\u00eancias-da-log\u00edstica-para-os-pr\u00f3ximos-anos-6-768x434.jpg 768w\" alt=\"\" width=\"800\" height=\"452\" \/><\/figure>\n<p>A integra\u00e7\u00e3o entre as cadeias tem aumentado exponencialmente, em que a log\u00edstica colaborativa ter\u00e1 um avan\u00e7o significativo para os pr\u00f3ximos anos. Recursos de compartilhamento de\u00a0<a href=\"https:\/\/previews.elleven.digital\/acocearense\/blog\/logistica\/5-desafios-do-setor-de-transporte-de-cargas-e-como-supera-los-2\/?setlang=no\"><b>cargas<\/b><\/a>, al\u00e9m de otimizar custos log\u00edsticos, tamb\u00e9m contribuem para um processo mais sustent\u00e1vel.<\/p>\n<p>Integrar fornecedores ou at\u00e9 parceiros de outros neg\u00f3cios n\u00e3o \u00e9 uma tarefa f\u00e1cil, pois existem pontos que necessitam de uma boa an\u00e1lise, como similaridade entre rotas, compatibilidade de materiais e confiabilidade na troca de<a href=\"https:\/\/previews.elleven.digital\/acocearense\/blog\/gestao\/melhores-praticas-para-gerenciar-as-informacoes-em-um-negocio\/?setlang=no\"><b>\u00a0informa\u00e7\u00f5es.\u00a0<\/b><\/a><\/p>\n<p>Um bom SLA (Acordo de N\u00edvel de Servi\u00e7o) entre os parceiros e a possibilidade de utiliza\u00e7\u00e3o do\u00a0<i>blockchain<\/i>\u00a0no compartilhamento seguro de dados, podem ser um dos caminhos para desenvolvimento de uma log\u00edstica mais colaborativa e verde.<\/p>\n<h3><b><\/b><b>5.\u00a0\u00a0<\/b><b>Monitoramento em tempo real<\/b><\/h3>\n<p>Um dos pontos que tem intensificado o interesse dos clientes \u00e9 o n\u00edvel de informa\u00e7\u00e3o quanto \u00e0 localiza\u00e7\u00e3o de sua carga e tempo de entrega.\u00a0Seja pelo uso de tecnologias via sat\u00e9lite, telemetria dos ve\u00edculos ou simplesmente por aplicativos que acompanham o transporte por meio da geolocaliza\u00e7\u00e3o, o uso da informa\u00e7\u00e3o deve ser em tempo real para potencializar a experi\u00eancia do cliente junto a sua empresa.<\/p>\n<p>Com a diversidade de ferramentas no mercado ou at\u00e9 mesmo com uso de desenvolvedores pr\u00f3prios \u00e9 poss\u00edvel customizar a melhor forma de monitoramento da entrega, trazendo dados online para o cliente e tamb\u00e9m informa\u00e7\u00f5es \u00fateis para a torre de controle log\u00edstica, possibilitando a atua\u00e7\u00e3o de forma proativa em eventuais desvios de rota ou atrasos de entrega.<\/p>\n<p>Poder\u00edamos discorrer sobre uso de drones, ve\u00edculos aut\u00f4nomos, rob\u00f4s para separa\u00e7\u00e3o de mercadorias, etc. Este tema possui uma infinidade de possibilidades, sendo essencial o \u201colhar\u201d para as novas tend\u00eancias, identificar oportunidades em seu neg\u00f3cio (aconselho fortemente o mapeamento de processos) e atuar onde mais agrega valor para empresa e clientes.<\/p>\n<p><b>Utilizar ferramentas tecnol\u00f3gicas da maneira adequada, impulsionam o neg\u00f3cio, fideliza clientes e alavanca produtividade, tendo sempre o intuito de atender a principal raz\u00e3o da exist\u00eancia de sua empresa:\u00a0<\/b><a href=\"https:\/\/previews.elleven.digital\/acocearense\/blog\/abrindo-o-negocio\/afinal-e-possivel-fidelizar-clientes-em-uma-loja-de-ferro-e-aco-3\/?setlang=no\"><b>o CLIENTE<\/b><\/a><b>.<\/b><\/p>\n<p><strong>Autor: Erike Mendes \u2013 Gerente de Log\u00edstica da A\u00e7o Cearense<img loading=\"lazy\" decoding=\"async\" class=\"size-thumbnail wp-image-3485 alignright\" src=\"https:\/\/previews.elleven.digital\/acocearense\/blog\/wp-content\/uploads\/2021\/04\/imagem-autor-150x150.jpg\" alt=\"\" width=\"150\" height=\"150\" \/><\/strong><\/p>\n<p><em>Erike \u00e9 bacharel em Ci\u00eancias Cont\u00e1beis pela UECE, possui MBA em Gest\u00e3o Empresarial pela FGV, p\u00f3s graduado em Log\u00edstica empresarial e especialista em Lean Manufacturing. Possui mais de 15 anos de experi\u00eancia na \u00e1rea de log\u00edstica e exerce a fun\u00e7\u00e3o de Gerente de Log\u00edstica da A\u00e7o Cearense, onde trabalha h\u00e1 4 anos.\u00a0<\/em><\/p>\n<figure id=\"attachment_3485\" class=\"no-caption aligncenter\"><\/figure>\n<div class=\"article-footer clearfix\">\n<div class=\"clearfix top-footer\">\n<div class=\"post-tags pull-left\"><\/div>\n<\/div>\n<\/div>\n","protected":false},"excerpt":{"rendered":"<p>Hoje, quando falamos de\u00a0log\u00edstica\u00a0\u00e9 imposs\u00edvel n\u00e3o tratarmos do tema de\u00a0inova\u00e7\u00e3o nas opera\u00e7\u00f5es.\u00a0Com um mercado cada(&#8230;)<\/p>\n","protected":false},"author":1,"featured_media":1364,"comment_status":"open","ping_status":"open","sticky":false,"template":"","format":"standard","meta":{"_acf_changed":false,"inline_featured_image":false,"footnotes":""},"categories":[30],"tags":[],"class_list":["post-1370","post","type-post","status-publish","format-standard","has-post-thumbnail","hentry","category-logistica"],"acf":[],"yoast_head":"<!-- This site is optimized with the Yoast SEO plugin v25.9 - https:\/\/yoast.com\/wordpress\/plugins\/seo\/ -->\n<title>Confira as principais tend\u00eancias da log\u00edstica para os pr\u00f3ximos anos - Grupo A\u00e7o Cearense<\/title>\n<meta name=\"robots\" content=\"index, follow, max-snippet:-1, max-image-preview:large, max-video-preview:-1\" \/>\n<link rel=\"canonical\" href=\"https:\/\/previews.elleven.digital\/acocearense\/confira-as-principais-tendencias-da-logistica-para-os-proximos-anos\/\" \/>\n<meta property=\"og:locale\" content=\"pt_BR\" \/>\n<meta property=\"og:type\" content=\"article\" \/>\n<meta property=\"og:title\" content=\"Confira as principais tend\u00eancias da log\u00edstica para os pr\u00f3ximos anos - Grupo A\u00e7o Cearense\" \/>\n<meta property=\"og:description\" content=\"Hoje, quando falamos de\u00a0log\u00edstica\u00a0\u00e9 imposs\u00edvel n\u00e3o tratarmos do tema de\u00a0inova\u00e7\u00e3o nas opera\u00e7\u00f5es.\u00a0Com um mercado cada(...)\" \/>\n<meta property=\"og:url\" content=\"https:\/\/previews.elleven.digital\/acocearense\/confira-as-principais-tendencias-da-logistica-para-os-proximos-anos\/\" \/>\n<meta property=\"og:site_name\" content=\"Grupo A\u00e7o Cearense\" \/>\n<meta property=\"article:published_time\" content=\"2021-04-12T13:58:30+00:00\" \/>\n<meta property=\"article:modified_time\" content=\"2025-05-07T13:58:53+00:00\" \/>\n<meta property=\"og:image\" content=\"https:\/\/previews.elleven.digital\/acocearense\/wp-content\/uploads\/2025\/05\/Confira-as-principais-tendencias-da-logistica-para-os-proximos-anos.jpeg\" \/>\n\t<meta property=\"og:image:width\" content=\"800\" \/>\n\t<meta property=\"og:image:height\" content=\"418\" \/>\n\t<meta property=\"og:image:type\" content=\"image\/jpeg\" \/>\n<meta name=\"author\" content=\"elleven\" \/>\n<meta name=\"twitter:card\" content=\"summary_large_image\" \/>\n<meta name=\"twitter:label1\" content=\"Escrito por\" \/>\n\t<meta name=\"twitter:data1\" content=\"elleven\" \/>\n\t<meta name=\"twitter:label2\" content=\"Est. tempo de leitura\" \/>\n\t<meta name=\"twitter:data2\" content=\"7 minutos\" \/>\n<script type=\"application\/ld+json\" class=\"yoast-schema-graph\">{\"@context\":\"https:\/\/schema.org\",\"@graph\":[{\"@type\":\"WebPage\",\"@id\":\"https:\/\/previews.elleven.digital\/acocearense\/confira-as-principais-tendencias-da-logistica-para-os-proximos-anos\/\",\"url\":\"https:\/\/previews.elleven.digital\/acocearense\/confira-as-principais-tendencias-da-logistica-para-os-proximos-anos\/\",\"name\":\"Confira as principais tend\u00eancias da log\u00edstica para os pr\u00f3ximos anos - Grupo A\u00e7o Cearense\",\"isPartOf\":{\"@id\":\"https:\/\/previews.elleven.digital\/acocearense\/#website\"},\"primaryImageOfPage\":{\"@id\":\"https:\/\/previews.elleven.digital\/acocearense\/confira-as-principais-tendencias-da-logistica-para-os-proximos-anos\/#primaryimage\"},\"image\":{\"@id\":\"https:\/\/previews.elleven.digital\/acocearense\/confira-as-principais-tendencias-da-logistica-para-os-proximos-anos\/#primaryimage\"},\"thumbnailUrl\":\"https:\/\/previews.elleven.digital\/acocearense\/wp-content\/uploads\/2025\/05\/Confira-as-principais-tendencias-da-logistica-para-os-proximos-anos.jpeg\",\"datePublished\":\"2021-04-12T13:58:30+00:00\",\"dateModified\":\"2025-05-07T13:58:53+00:00\",\"author\":{\"@id\":\"https:\/\/previews.elleven.digital\/acocearense\/#\/schema\/person\/8e9165eb3c33e0860485c7c5fc06a701\"},\"breadcrumb\":{\"@id\":\"https:\/\/previews.elleven.digital\/acocearense\/confira-as-principais-tendencias-da-logistica-para-os-proximos-anos\/#breadcrumb\"},\"inLanguage\":\"pt-BR\",\"potentialAction\":[{\"@type\":\"ReadAction\",\"target\":[\"https:\/\/previews.elleven.digital\/acocearense\/confira-as-principais-tendencias-da-logistica-para-os-proximos-anos\/\"]}]},{\"@type\":\"ImageObject\",\"inLanguage\":\"pt-BR\",\"@id\":\"https:\/\/previews.elleven.digital\/acocearense\/confira-as-principais-tendencias-da-logistica-para-os-proximos-anos\/#primaryimage\",\"url\":\"https:\/\/previews.elleven.digital\/acocearense\/wp-content\/uploads\/2025\/05\/Confira-as-principais-tendencias-da-logistica-para-os-proximos-anos.jpeg\",\"contentUrl\":\"https:\/\/previews.elleven.digital\/acocearense\/wp-content\/uploads\/2025\/05\/Confira-as-principais-tendencias-da-logistica-para-os-proximos-anos.jpeg\",\"width\":800,\"height\":418},{\"@type\":\"BreadcrumbList\",\"@id\":\"https:\/\/previews.elleven.digital\/acocearense\/confira-as-principais-tendencias-da-logistica-para-os-proximos-anos\/#breadcrumb\",\"itemListElement\":[{\"@type\":\"ListItem\",\"position\":1,\"name\":\"In\u00edcio\",\"item\":\"https:\/\/previews.elleven.digital\/acocearense\/\"},{\"@type\":\"ListItem\",\"position\":2,\"name\":\"Confira as principais tend\u00eancias da log\u00edstica para os pr\u00f3ximos anos\"}]},{\"@type\":\"WebSite\",\"@id\":\"https:\/\/previews.elleven.digital\/acocearense\/#website\",\"url\":\"https:\/\/previews.elleven.digital\/acocearense\/\",\"name\":\"A\u00e7o Cearense\",\"description\":\"H\u00e1 mais de 45 anos no mercado brasileiro do a\u00e7o.\",\"alternateName\":\"A\u00e7o Cearense\",\"potentialAction\":[{\"@type\":\"SearchAction\",\"target\":{\"@type\":\"EntryPoint\",\"urlTemplate\":\"https:\/\/previews.elleven.digital\/acocearense\/?s={search_term_string}\"},\"query-input\":{\"@type\":\"PropertyValueSpecification\",\"valueRequired\":true,\"valueName\":\"search_term_string\"}}],\"inLanguage\":\"pt-BR\"},{\"@type\":\"Person\",\"@id\":\"https:\/\/previews.elleven.digital\/acocearense\/#\/schema\/person\/8e9165eb3c33e0860485c7c5fc06a701\",\"name\":\"elleven\",\"image\":{\"@type\":\"ImageObject\",\"inLanguage\":\"pt-BR\",\"@id\":\"https:\/\/previews.elleven.digital\/acocearense\/#\/schema\/person\/image\/\",\"url\":\"https:\/\/secure.gravatar.com\/avatar\/2a6afb49d9ecfed5dbc6c9606ce318b8bd07c077835179bddfd5d8209c03cb29?s=96&d=mm&r=g\",\"contentUrl\":\"https:\/\/secure.gravatar.com\/avatar\/2a6afb49d9ecfed5dbc6c9606ce318b8bd07c077835179bddfd5d8209c03cb29?s=96&d=mm&r=g\",\"caption\":\"elleven\"},\"sameAs\":[\"http:\/\/localhost\/acocearense\"],\"url\":\"https:\/\/previews.elleven.digital\/acocearense\/author\/elleven\/\"}]}<\/script>\n<!-- \/ Yoast SEO plugin. -->","yoast_head_json":{"title":"Confira as principais tend\u00eancias da log\u00edstica para os pr\u00f3ximos anos - Grupo A\u00e7o Cearense","robots":{"index":"index","follow":"follow","max-snippet":"max-snippet:-1","max-image-preview":"max-image-preview:large","max-video-preview":"max-video-preview:-1"},"canonical":"https:\/\/previews.elleven.digital\/acocearense\/confira-as-principais-tendencias-da-logistica-para-os-proximos-anos\/","og_locale":"pt_BR","og_type":"article","og_title":"Confira as principais tend\u00eancias da log\u00edstica para os pr\u00f3ximos anos - Grupo A\u00e7o Cearense","og_description":"Hoje, quando falamos de\u00a0log\u00edstica\u00a0\u00e9 imposs\u00edvel n\u00e3o tratarmos do tema de\u00a0inova\u00e7\u00e3o nas opera\u00e7\u00f5es.\u00a0Com um mercado cada(...)","og_url":"https:\/\/previews.elleven.digital\/acocearense\/confira-as-principais-tendencias-da-logistica-para-os-proximos-anos\/","og_site_name":"Grupo A\u00e7o Cearense","article_published_time":"2021-04-12T13:58:30+00:00","article_modified_time":"2025-05-07T13:58:53+00:00","og_image":[{"width":800,"height":418,"url":"https:\/\/previews.elleven.digital\/acocearense\/wp-content\/uploads\/2025\/05\/Confira-as-principais-tendencias-da-logistica-para-os-proximos-anos.jpeg","type":"image\/jpeg"}],"author":"elleven","twitter_card":"summary_large_image","twitter_misc":{"Escrito por":"elleven","Est. tempo de leitura":"7 minutos"},"schema":{"@context":"https:\/\/schema.org","@graph":[{"@type":"WebPage","@id":"https:\/\/previews.elleven.digital\/acocearense\/confira-as-principais-tendencias-da-logistica-para-os-proximos-anos\/","url":"https:\/\/previews.elleven.digital\/acocearense\/confira-as-principais-tendencias-da-logistica-para-os-proximos-anos\/","name":"Confira as principais tend\u00eancias da log\u00edstica para os pr\u00f3ximos anos - Grupo A\u00e7o Cearense","isPartOf":{"@id":"https:\/\/previews.elleven.digital\/acocearense\/#website"},"primaryImageOfPage":{"@id":"https:\/\/previews.elleven.digital\/acocearense\/confira-as-principais-tendencias-da-logistica-para-os-proximos-anos\/#primaryimage"},"image":{"@id":"https:\/\/previews.elleven.digital\/acocearense\/confira-as-principais-tendencias-da-logistica-para-os-proximos-anos\/#primaryimage"},"thumbnailUrl":"https:\/\/previews.elleven.digital\/acocearense\/wp-content\/uploads\/2025\/05\/Confira-as-principais-tendencias-da-logistica-para-os-proximos-anos.jpeg","datePublished":"2021-04-12T13:58:30+00:00","dateModified":"2025-05-07T13:58:53+00:00","author":{"@id":"https:\/\/previews.elleven.digital\/acocearense\/#\/schema\/person\/8e9165eb3c33e0860485c7c5fc06a701"},"breadcrumb":{"@id":"https:\/\/previews.elleven.digital\/acocearense\/confira-as-principais-tendencias-da-logistica-para-os-proximos-anos\/#breadcrumb"},"inLanguage":"pt-BR","potentialAction":[{"@type":"ReadAction","target":["https:\/\/previews.elleven.digital\/acocearense\/confira-as-principais-tendencias-da-logistica-para-os-proximos-anos\/"]}]},{"@type":"ImageObject","inLanguage":"pt-BR","@id":"https:\/\/previews.elleven.digital\/acocearense\/confira-as-principais-tendencias-da-logistica-para-os-proximos-anos\/#primaryimage","url":"https:\/\/previews.elleven.digital\/acocearense\/wp-content\/uploads\/2025\/05\/Confira-as-principais-tendencias-da-logistica-para-os-proximos-anos.jpeg","contentUrl":"https:\/\/previews.elleven.digital\/acocearense\/wp-content\/uploads\/2025\/05\/Confira-as-principais-tendencias-da-logistica-para-os-proximos-anos.jpeg","width":800,"height":418},{"@type":"BreadcrumbList","@id":"https:\/\/previews.elleven.digital\/acocearense\/confira-as-principais-tendencias-da-logistica-para-os-proximos-anos\/#breadcrumb","itemListElement":[{"@type":"ListItem","position":1,"name":"In\u00edcio","item":"https:\/\/previews.elleven.digital\/acocearense\/"},{"@type":"ListItem","position":2,"name":"Confira as principais tend\u00eancias da log\u00edstica para os pr\u00f3ximos anos"}]},{"@type":"WebSite","@id":"https:\/\/previews.elleven.digital\/acocearense\/#website","url":"https:\/\/previews.elleven.digital\/acocearense\/","name":"A\u00e7o Cearense","description":"H\u00e1 mais de 45 anos no mercado brasileiro do a\u00e7o.","alternateName":"A\u00e7o Cearense","potentialAction":[{"@type":"SearchAction","target":{"@type":"EntryPoint","urlTemplate":"https:\/\/previews.elleven.digital\/acocearense\/?s={search_term_string}"},"query-input":{"@type":"PropertyValueSpecification","valueRequired":true,"valueName":"search_term_string"}}],"inLanguage":"pt-BR"},{"@type":"Person","@id":"https:\/\/previews.elleven.digital\/acocearense\/#\/schema\/person\/8e9165eb3c33e0860485c7c5fc06a701","name":"elleven","image":{"@type":"ImageObject","inLanguage":"pt-BR","@id":"https:\/\/previews.elleven.digital\/acocearense\/#\/schema\/person\/image\/","url":"https:\/\/secure.gravatar.com\/avatar\/2a6afb49d9ecfed5dbc6c9606ce318b8bd07c077835179bddfd5d8209c03cb29?s=96&d=mm&r=g","contentUrl":"https:\/\/secure.gravatar.com\/avatar\/2a6afb49d9ecfed5dbc6c9606ce318b8bd07c077835179bddfd5d8209c03cb29?s=96&d=mm&r=g","caption":"elleven"},"sameAs":["http:\/\/localhost\/acocearense"],"url":"https:\/\/previews.elleven.digital\/acocearense\/author\/elleven\/"}]}},"_links":{"self":[{"href":"https:\/\/previews.elleven.digital\/acocearense\/wp-json\/wp\/v2\/posts\/1370","targetHints":{"allow":["GET"]}}],"collection":[{"href":"https:\/\/previews.elleven.digital\/acocearense\/wp-json\/wp\/v2\/posts"}],"about":[{"href":"https:\/\/previews.elleven.digital\/acocearense\/wp-json\/wp\/v2\/types\/post"}],"author":[{"embeddable":true,"href":"https:\/\/previews.elleven.digital\/acocearense\/wp-json\/wp\/v2\/users\/1"}],"replies":[{"embeddable":true,"href":"https:\/\/previews.elleven.digital\/acocearense\/wp-json\/wp\/v2\/comments?post=1370"}],"version-history":[{"count":1,"href":"https:\/\/previews.elleven.digital\/acocearense\/wp-json\/wp\/v2\/posts\/1370\/revisions"}],"predecessor-version":[{"id":1371,"href":"https:\/\/previews.elleven.digital\/acocearense\/wp-json\/wp\/v2\/posts\/1370\/revisions\/1371"}],"wp:featuredmedia":[{"embeddable":true,"href":"https:\/\/previews.elleven.digital\/acocearense\/wp-json\/wp\/v2\/media\/1364"}],"wp:attachment":[{"href":"https:\/\/previews.elleven.digital\/acocearense\/wp-json\/wp\/v2\/media?parent=1370"}],"wp:term":[{"taxonomy":"category","embeddable":true,"href":"https:\/\/previews.elleven.digital\/acocearense\/wp-json\/wp\/v2\/categories?post=1370"},{"taxonomy":"post_tag","embeddable":true,"href":"https:\/\/previews.elleven.digital\/acocearense\/wp-json\/wp\/v2\/tags?post=1370"}],"curies":[{"name":"wp","href":"https:\/\/api.w.org\/{rel}","templated":true}]}}