{"id":1368,"date":"2021-03-29T10:58:02","date_gmt":"2021-03-29T13:58:02","guid":{"rendered":"https:\/\/previews.elleven.digital\/acocearense\/?p=1368"},"modified":"2025-05-07T10:58:25","modified_gmt":"2025-05-07T13:58:25","slug":"como-o-uso-da-tecnologia-pode-aumentar-a-produtividade-na-sua-loja-de-ferro-e-aco","status":"publish","type":"post","link":"https:\/\/previews.elleven.digital\/acocearense\/como-o-uso-da-tecnologia-pode-aumentar-a-produtividade-na-sua-loja-de-ferro-e-aco\/","title":{"rendered":"Como o uso da tecnologia pode aumentar a produtividade na sua loja de ferro e a\u00e7o"},"content":{"rendered":"<figure id=\"attachment_3418\" class=\"no-caption aligncenter\"><img loading=\"lazy\" decoding=\"async\" class=\"aligncenter wp-image-3418 size-full\" src=\"https:\/\/previews.elleven.digital\/acocearense\/blog\/wp-content\/uploads\/2021\/02\/img1.jpg\" sizes=\"auto, (max-width: 800px) 100vw, 800px\" srcset=\"https:\/\/previews.elleven.digital\/acocearense\/blog\/wp-content\/uploads\/2021\/02\/img1.jpg 800w, https:\/\/previews.elleven.digital\/acocearense\/blog\/wp-content\/uploads\/2021\/02\/img1-300x137.jpg 300w, https:\/\/previews.elleven.digital\/acocearense\/blog\/wp-content\/uploads\/2021\/02\/img1-768x350.jpg 768w\" alt=\"\" width=\"800\" height=\"365\" \/><\/figure>\n<p>Transforma\u00e7\u00e3o\u00a0<strong><a href=\"https:\/\/previews.elleven.digital\/acocearense\/blog\/gestao\/aculturamento-digital-em-tempos-de-pandemia\/?setlang=no\">digital<\/a><\/strong>, evolu\u00e7\u00e3o tecnol\u00f3gica, ind\u00fastria 4.0 s\u00e3o termos que v\u00eam ganhando cada vez mais destaque na m\u00eddia e no nosso dia-a-dia. Mudar se tornou uma necessidade t\u00e3o essencial quanto comer e se vestir. Mudan\u00e7a tem sido a ideia prevalente nesse\u00a0<strong><a href=\"https:\/\/previews.elleven.digital\/acocearense\/blog\/gestao\/como-comecar-fazer-gestao-de-uma-crise-na-empresa\/?setlang=no\">cen\u00e1rio de incertezas<\/a><\/strong>\u00a0e saber o que mudar e quando mudar pode ser a diferen\u00e7a entre o sucesso e o fracasso.<\/p>\n<p>A\u00a0<strong><a href=\"https:\/\/previews.elleven.digital\/acocearense\/blog\/planejamento-estrategico\/checklist-para-reestruturar-sua-empresa-pos-pandemia\/?setlang=no\">pandemia<\/a><\/strong>\u00a0recente acelerou muitas\u00a0<strong><a href=\"https:\/\/previews.elleven.digital\/acocearense\/blog\/gestao\/covid-19-medidas-para-empresas-durante-pandemia\/?setlang=no\">mudan\u00e7as<\/a><\/strong>\u00a0nos\u00a0<strong><a href=\"https:\/\/previews.elleven.digital\/acocearense\/blog\/planejamento-estrategico\/planejamento-estrategico-2021-como-tomar-decisoes-diante-de-cenarios-instaveis\/?setlang=no\">processos<\/a><\/strong>. Empresas grandes e pequenas se viram obrigadas a realizarem grandes\u00a0<strong><a href=\"https:\/\/previews.elleven.digital\/acocearense\/blog\/gestao\/10-licoes-que-aprendemos-com-crise-do-coronavirus\/?setlang=no\">ajustes<\/a><\/strong>\u00a0em suas rotinas para\u00a0<strong><a href=\"https:\/\/previews.elleven.digital\/acocearense\/blog\/gestao\/retencao-de-clientes-na-crise-3-dicas-para-implementar-hoje-na-sua-empresa\/?setlang=no\">atender\u00a0<\/a><\/strong>a demanda, muitas vezes escassa, e cada vez mais necessitando de\u00a0<strong><a href=\"https:\/\/previews.elleven.digital\/acocearense\/blog\/gestao-de-estoque\/4-dicas-para-montar-um-bom-mix-de-produtos-e-aumentar-as-vendas\/?setlang=no\">produtos<\/a><\/strong>\u00a0com qualidade e pre\u00e7o justo. Naturalmente, a ind\u00fastria do\u00a0<strong><a href=\"https:\/\/previews.elleven.digital\/acocearense\/blog\/vender-mais\/aco-e-concreto-o-que-todo-comerciante-destes-produtos-deve-saber\/?setlang=no\">ferro e a\u00e7o\u00a0<\/a><\/strong>precisou se reinventar nesse processo e a tecnologia foi uma forte aliada nessas mudan\u00e7as.<\/p>\n<p>Portanto,\u00a0<strong><a href=\"https:\/\/previews.elleven.digital\/acocearense\/blog\/gestao\/qual-a-importancia-da-comunicacao-nas-empresas-entenda\/?setlang=no\">comunica\u00e7\u00e3o eficiente<\/a><\/strong>,\u00a0<strong><a href=\"https:\/\/previews.elleven.digital\/acocearense\/blog\/vender-mais\/dicas-para-empreendedores\/?setlang=no\">otimiza\u00e7\u00e3o de processos<\/a><\/strong>\u00a0e\u00a0<strong><a href=\"https:\/\/previews.elleven.digital\/acocearense\/blog\/gestao\/como-um-software-de-gestao-pode-ajudar-no-crescimento-de-sua-empresa\/?setlang=no\">desburocratiza\u00e7\u00e3o<\/a><\/strong>,\u00a0<strong><a href=\"https:\/\/previews.elleven.digital\/acocearense\/blog\/planejamento-estrategico\/5-dicas-para-o-planejamento-estrategico-da-sua-loja-de-ferro-e-aco\/?setlang=no\">planejamento assertivo<\/a><\/strong>\u00a0e\u00a0<strong><a href=\"https:\/\/previews.elleven.digital\/acocearense\/blog\/gestao\/metodologia-agil-avanca-como-tendencia-e-torna-se-um-diferencial-para-empresas\/?setlang=no\">acompanhamento eficaz dos processos<\/a><\/strong>\u00a0s\u00e3o elementos fundamentais para aumento da produtividade e todos esses pontos podem e devem ser apoiados pela\u00a0<a href=\"https:\/\/previews.elleven.digital\/acocearense\/blog\/planejamento-estrategico\/tecnologias-indispensaveis-para-sua-empresa-de-ferro-e-aco-vender-mais\/?setlang=no\"><strong>tecnologia<\/strong>.<\/a><\/p>\n<h2>Comunica\u00e7\u00e3o eficiente<\/h2>\n<p><img loading=\"lazy\" decoding=\"async\" class=\"size-full wp-image-3419\" src=\"https:\/\/previews.elleven.digital\/acocearense\/blog\/wp-content\/uploads\/2021\/02\/img2.jpg\" sizes=\"auto, (max-width: 800px) 100vw, 800px\" srcset=\"https:\/\/previews.elleven.digital\/acocearense\/blog\/wp-content\/uploads\/2021\/02\/img2.jpg 800w, https:\/\/previews.elleven.digital\/acocearense\/blog\/wp-content\/uploads\/2021\/02\/img2-300x200.jpg 300w, https:\/\/previews.elleven.digital\/acocearense\/blog\/wp-content\/uploads\/2021\/02\/img2-768x512.jpg 768w\" alt=\"\" width=\"800\" height=\"533\" \/><\/p>\n<p>Um estudo organizado pelo Project Management Institute Brasil (PMI) constatou que, para 76% das empresas, o principal motivo para seus projetos fracassarem s\u00e3o falhas na comunica\u00e7\u00e3o. Portanto, a inefici\u00eancia na comunica\u00e7\u00e3o \u00e9 um fator determinante na constru\u00e7\u00e3o das rela\u00e7\u00f5es de\u00a0<strong><a href=\"https:\/\/previews.elleven.digital\/acocearense\/blog\/gestao\/4-erros-de-comunicacao-interna-em-lojas-que-voce-deve-evitar\/?setlang=no\">confian\u00e7a e transpar\u00eancia<\/a><\/strong>\u00a0entre todos os envolvidos.<\/p>\n<p>As\u00a0<strong><a href=\"https:\/\/previews.elleven.digital\/acocearense\/blog\/gestao\/conheca-4-aplicativos-de-celular-para-melhorar-a-comunicacao-da-sua-equipe\/?setlang=no\">ferramentas de tecnologia<\/a><\/strong>\u00a0para apoio a\u00a0<strong><a href=\"https:\/\/previews.elleven.digital\/acocearense\/blog\/vender-mais\/confira-4-dicas-para-prestar-um-bom-atendimento-via-whatsapp\/?setlang=no\">comunica\u00e7\u00e3o eficiente<\/a><\/strong>\u00a0se desenvolveram bastante nos \u00faltimos anos. Manter um blog com not\u00edcias, resumos e dicas \u00e9 uma ferramenta amplamente usada para\u00a0<strong><a href=\"https:\/\/previews.elleven.digital\/acocearense\/blog\/gestao\/conheca-perfis-de-clientes-e-saiba-como-lidar-com-eles\/?setlang=no\">comunica\u00e7\u00e3o externa<\/a><\/strong>. Dar \u00e0s pessoas a chance de conhecer como a empresa atua gera confian\u00e7a e transpar\u00eancia e, portanto, aumento de produtividade.<\/p>\n<p>Manter informativos internos peri\u00f3dicos para p\u00fablicos espec\u00edficos garante tamb\u00e9m\u00a0<strong><a href=\"https:\/\/previews.elleven.digital\/acocearense\/blog\/gestao\/cultura-organizacional-consolidar-ou-mudar\/?setlang=no\">alinhamento<\/a><\/strong>\u00a0e transpar\u00eancia entre os envolvidos em todas as etapas, garantindo otimiza\u00e7\u00e3o nos processos e planejamento mais assertivo.<\/p>\n<p>Ferramentas como intranet (sites internos institucionais) s\u00e3o excelentes para garantir alinhamento e uma\u00a0<strong><a href=\"https:\/\/previews.elleven.digital\/acocearense\/blog\/gestao\/melhores-praticas-para-gerenciar-as-informacoes-em-um-negocio\/?setlang=no\">comunica\u00e7\u00e3o<\/a><\/strong>\u00a0eficiente para toda a sua empresa al\u00e9m de garantir uma boa gest\u00e3o \u00e0 vista.<\/p>\n<h2>Otimiza\u00e7\u00e3o de processos<\/h2>\n<figure id=\"attachment_3420\" class=\"no-caption aligncenter\"><img loading=\"lazy\" decoding=\"async\" class=\"aligncenter size-full wp-image-3420\" src=\"https:\/\/previews.elleven.digital\/acocearense\/blog\/wp-content\/uploads\/2021\/02\/img3.jpg\" sizes=\"auto, (max-width: 800px) 100vw, 800px\" srcset=\"https:\/\/previews.elleven.digital\/acocearense\/blog\/wp-content\/uploads\/2021\/02\/img3.jpg 800w, https:\/\/previews.elleven.digital\/acocearense\/blog\/wp-content\/uploads\/2021\/02\/img3-300x200.jpg 300w, https:\/\/previews.elleven.digital\/acocearense\/blog\/wp-content\/uploads\/2021\/02\/img3-768x513.jpg 768w\" alt=\"\" width=\"800\" height=\"534\" \/><\/figure>\n<p>Muitos dos problemas de produtividade que encontramos nas empresas v\u00eam de inefici\u00eancia dos\u00a0<strong><a href=\"https:\/\/previews.elleven.digital\/acocearense\/blog\/gestao\/confira-dicas-para-aprender-a-otimizar-processos-na-sua-loja\/?setlang=no\">processos<\/a><\/strong>. Processos mal dimensionados ou que n\u00e3o se tem o devido acompanhamento s\u00e3o grandes vil\u00f5es, quando se trata de alta produtividade. Portanto, identificar gargalos e desperd\u00edcios s\u00e3o preponderantes para se ter uma alta produtividade com custo reduzido.<\/p>\n<p>Hoje existem\u00a0<strong><a href=\"https:\/\/previews.elleven.digital\/acocearense\/blog\/gestao\/5-coisas-que-voce-precisa-saber-sobre-a-transformacao-digital-no-varejo\/?setlang=no\">sistemas<\/a><\/strong>\u00a0capazes de acompanhar todas as etapas de um processo, desde suas entradas (insumos, pessoas), processamento (par\u00e2metros de processo, medi\u00e7\u00f5es), as devidas sa\u00eddas (produto finalizado) e\u00a0<strong><a href=\"https:\/\/previews.elleven.digital\/acocearense\/blog\/gestao\/saiba-a-importancia-dos-indicadores-de-qualidade-para-seu-negocio\/?setlang=no\">qualidade<\/a><\/strong>\u00a0do produto, al\u00e9m de outras informa\u00e7\u00f5es pertinentes, como paradas de equipamentos e previs\u00e3o de manuten\u00e7\u00e3o.\u00a0<strong><a href=\"https:\/\/previews.elleven.digital\/acocearense\/blog\/gestao\/o-que-e-a-metodologia-5s-e-como-aplica-la-na-sua-loja-de-ferro-e-aco-2\/?setlang=no\">Sistemas<\/a><\/strong>\u00a0desse tipo s\u00e3o capazes de gerar relat\u00f3rios com informa\u00e7\u00f5es precisas de produtividade, utiliza\u00e7\u00e3o, tempo ocioso e perdas de processo, fornecendo\u00a0<strong><a href=\"https:\/\/previews.elleven.digital\/acocearense\/blog\/gestao\/o-que-e-a-metodologia-5s-e-como-aplica-la-na-sua-loja-de-ferro-e-aco-2\/?setlang=no\">informa\u00e7\u00f5es<\/a><\/strong>\u00a0para identificar poss\u00edveis pontos de melhoria nos processos.<\/p>\n<h2><b>Planejamento assertivo<\/b><\/h2>\n<figure id=\"attachment_3421\" class=\"no-caption aligncenter\"><img loading=\"lazy\" decoding=\"async\" class=\"aligncenter size-full wp-image-3421\" src=\"https:\/\/previews.elleven.digital\/acocearense\/blog\/wp-content\/uploads\/2021\/02\/img4.jpg\" sizes=\"auto, (max-width: 800px) 100vw, 800px\" srcset=\"https:\/\/previews.elleven.digital\/acocearense\/blog\/wp-content\/uploads\/2021\/02\/img4.jpg 800w, https:\/\/previews.elleven.digital\/acocearense\/blog\/wp-content\/uploads\/2021\/02\/img4-300x169.jpg 300w, https:\/\/previews.elleven.digital\/acocearense\/blog\/wp-content\/uploads\/2021\/02\/img4-768x433.jpg 768w, https:\/\/previews.elleven.digital\/acocearense\/blog\/wp-content\/uploads\/2021\/02\/img4-562x316.jpg 562w\" alt=\"\" width=\"800\" height=\"451\" \/><\/figure>\n<p>Um\u00a0<strong><a href=\"https:\/\/previews.elleven.digital\/acocearense\/blog\/planejamento-estrategico\/planejamento-estrategico-2021-como-tomar-decisoes-diante-de-cenarios-instaveis\/?setlang=no\">planejamento<\/a><\/strong>, quando bem feito e bem executado, multiplica as chances de que um objetivo seja alcan\u00e7ado. Entender o estado atual, definir objetivos e metas fact\u00edveis e tra\u00e7ar um\u00a0<strong><a href=\"https:\/\/previews.elleven.digital\/acocearense\/blog\/gestao\/proposito-pessoas-e-inovacao\/\">plano de a\u00e7\u00e3o<\/a><\/strong>, agir, identificar desvios e replanejar s\u00e3o os passos b\u00e1sicos para um planejamento efetivo.<\/p>\n<p>Ter uma ferramenta adequada para realizar um bom planejamento \u00e9 essencial na hora de tirar as ideias da cabe\u00e7a e colocar no papel. Hoje existem desde ferramentas bastante intuitivas para\u00a0<strong><a href=\"https:\/\/previews.elleven.digital\/acocearense\/blog\/gestao\/o-que-e-a-metodologia-5s-e-como-aplica-la-na-sua-loja-de-ferro-e-aco-2\/\">gest\u00e3o de tarefas<\/a><\/strong>, como o\u00a0<em>kanban<\/em>, at\u00e9 grandes\u00a0<em>softwares<\/em>\u00a0complexos para realizar planejamentos e automa\u00e7\u00f5es (<em>APS \u2013 Advanced Planning and Scheduling<\/em>), escolher a ferramenta ideal \u00e9 essencial para que as metas sejam transformadas em resultados e produtividade.<\/p>\n<p><strong>Autor: Gardel Souza \u2013 Coordenador de TI da SINOBRAS\u00a0<\/strong><\/p>\n<p><em>Gardel Souza \u00e9 graduado em Sistemas de Informa\u00e7\u00e3o pela Universidade Federal do Par\u00e1,\u00a0<img loading=\"lazy\" decoding=\"async\" class=\"wp-image-3412 size-thumbnail alignright\" src=\"https:\/\/previews.elleven.digital\/acocearense\/blog\/wp-content\/uploads\/2021\/02\/Gestor222-150x150.png\" sizes=\"auto, (max-width: 150px) 100vw, 150px\" srcset=\"https:\/\/previews.elleven.digital\/acocearense\/blog\/wp-content\/uploads\/2021\/02\/Gestor222-150x150.png 150w, https:\/\/previews.elleven.digital\/acocearense\/blog\/wp-content\/uploads\/2021\/02\/Gestor222-300x300.png 300w, https:\/\/previews.elleven.digital\/acocearense\/blog\/wp-content\/uploads\/2021\/02\/Gestor222-768x768.png 768w, https:\/\/previews.elleven.digital\/acocearense\/blog\/wp-content\/uploads\/2021\/02\/Gestor222-1024x1024.png 1024w, https:\/\/previews.elleven.digital\/acocearense\/blog\/wp-content\/uploads\/2021\/02\/Gestor222.png 1080w\" alt=\"\" width=\"150\" height=\"150\" \/>com mais de 15 anos de experi\u00eancia na \u00e1rea de tecnologia da informa\u00e7\u00e3o com atua\u00e7\u00e3o nos segmentos de gest\u00e3o de TI e sistemas, gest\u00e3o de projetos, an\u00e1lise e desenvolvimento de sistemas para siderurgia e \u00f3rg\u00e3os p\u00fablicos. Viv\u00eancia em processos de neg\u00f3cios nas \u00e1reas de ch\u00e3o de f\u00e1brica, processos fabris e processos de neg\u00f3cio. Gestor de TI h\u00e1 8 anos, atuando com sistemas de informa\u00e7\u00e3o e suporte t\u00e9cnico desenvolvendo e aplicando solu\u00e7\u00f5es em projetos e melhorias no setor sider\u00fargico.\u00a0<\/em><\/p>\n<figure id=\"attachment_3412\" class=\"no-caption aligncenter\"><\/figure>\n<div class=\"article-footer clearfix\">\n<div class=\"clearfix top-footer\">\n<div class=\"post-tags pull-left\"><\/div>\n<\/div>\n<\/div>\n","protected":false},"excerpt":{"rendered":"<p>Transforma\u00e7\u00e3o\u00a0digital, evolu\u00e7\u00e3o tecnol\u00f3gica, ind\u00fastria 4.0 s\u00e3o termos que v\u00eam ganhando cada vez mais destaque na(&#8230;)<\/p>\n","protected":false},"author":1,"featured_media":1365,"comment_status":"open","ping_status":"open","sticky":false,"template":"","format":"standard","meta":{"_acf_changed":false,"inline_featured_image":false,"footnotes":""},"categories":[28,31],"tags":[],"class_list":["post-1368","post","type-post","status-publish","format-standard","has-post-thumbnail","hentry","category-gestao","category-planejamento-estrategico"],"acf":[],"yoast_head":"<!-- This site is optimized with the Yoast SEO plugin v25.9 - https:\/\/yoast.com\/wordpress\/plugins\/seo\/ -->\n<title>Como o uso da tecnologia pode aumentar a produtividade na sua loja de ferro e a\u00e7o - Grupo A\u00e7o Cearense<\/title>\n<meta name=\"robots\" content=\"index, follow, max-snippet:-1, max-image-preview:large, max-video-preview:-1\" \/>\n<link rel=\"canonical\" href=\"https:\/\/previews.elleven.digital\/acocearense\/como-o-uso-da-tecnologia-pode-aumentar-a-produtividade-na-sua-loja-de-ferro-e-aco\/\" \/>\n<meta property=\"og:locale\" content=\"pt_BR\" \/>\n<meta property=\"og:type\" content=\"article\" \/>\n<meta property=\"og:title\" content=\"Como o uso da tecnologia pode aumentar a produtividade na sua loja de ferro e a\u00e7o - Grupo A\u00e7o Cearense\" \/>\n<meta property=\"og:description\" content=\"Transforma\u00e7\u00e3o\u00a0digital, evolu\u00e7\u00e3o tecnol\u00f3gica, ind\u00fastria 4.0 s\u00e3o termos que v\u00eam ganhando cada vez mais destaque na(...)\" \/>\n<meta property=\"og:url\" content=\"https:\/\/previews.elleven.digital\/acocearense\/como-o-uso-da-tecnologia-pode-aumentar-a-produtividade-na-sua-loja-de-ferro-e-aco\/\" \/>\n<meta property=\"og:site_name\" content=\"Grupo A\u00e7o Cearense\" \/>\n<meta property=\"article:published_time\" content=\"2021-03-29T13:58:02+00:00\" \/>\n<meta property=\"article:modified_time\" content=\"2025-05-07T13:58:25+00:00\" \/>\n<meta property=\"og:image\" content=\"https:\/\/previews.elleven.digital\/acocearense\/wp-content\/uploads\/2025\/05\/Como-o-uso-da-tecnologia-pode-aumentar-a-produtividade-na-sua-loja-de-ferro-e-aco-980x612-1.jpg\" \/>\n\t<meta property=\"og:image:width\" content=\"980\" \/>\n\t<meta property=\"og:image:height\" content=\"612\" \/>\n\t<meta property=\"og:image:type\" content=\"image\/jpeg\" \/>\n<meta name=\"author\" content=\"elleven\" \/>\n<meta name=\"twitter:card\" content=\"summary_large_image\" \/>\n<meta name=\"twitter:label1\" content=\"Escrito por\" \/>\n\t<meta name=\"twitter:data1\" content=\"elleven\" \/>\n\t<meta name=\"twitter:label2\" content=\"Est. tempo de leitura\" \/>\n\t<meta name=\"twitter:data2\" content=\"5 minutos\" \/>\n<script type=\"application\/ld+json\" class=\"yoast-schema-graph\">{\"@context\":\"https:\/\/schema.org\",\"@graph\":[{\"@type\":\"WebPage\",\"@id\":\"https:\/\/previews.elleven.digital\/acocearense\/como-o-uso-da-tecnologia-pode-aumentar-a-produtividade-na-sua-loja-de-ferro-e-aco\/\",\"url\":\"https:\/\/previews.elleven.digital\/acocearense\/como-o-uso-da-tecnologia-pode-aumentar-a-produtividade-na-sua-loja-de-ferro-e-aco\/\",\"name\":\"Como o uso da tecnologia pode aumentar a produtividade na sua loja de ferro e a\u00e7o - Grupo A\u00e7o Cearense\",\"isPartOf\":{\"@id\":\"https:\/\/previews.elleven.digital\/acocearense\/#website\"},\"primaryImageOfPage\":{\"@id\":\"https:\/\/previews.elleven.digital\/acocearense\/como-o-uso-da-tecnologia-pode-aumentar-a-produtividade-na-sua-loja-de-ferro-e-aco\/#primaryimage\"},\"image\":{\"@id\":\"https:\/\/previews.elleven.digital\/acocearense\/como-o-uso-da-tecnologia-pode-aumentar-a-produtividade-na-sua-loja-de-ferro-e-aco\/#primaryimage\"},\"thumbnailUrl\":\"https:\/\/previews.elleven.digital\/acocearense\/wp-content\/uploads\/2025\/05\/Como-o-uso-da-tecnologia-pode-aumentar-a-produtividade-na-sua-loja-de-ferro-e-aco-980x612-1.jpg\",\"datePublished\":\"2021-03-29T13:58:02+00:00\",\"dateModified\":\"2025-05-07T13:58:25+00:00\",\"author\":{\"@id\":\"https:\/\/previews.elleven.digital\/acocearense\/#\/schema\/person\/8e9165eb3c33e0860485c7c5fc06a701\"},\"breadcrumb\":{\"@id\":\"https:\/\/previews.elleven.digital\/acocearense\/como-o-uso-da-tecnologia-pode-aumentar-a-produtividade-na-sua-loja-de-ferro-e-aco\/#breadcrumb\"},\"inLanguage\":\"pt-BR\",\"potentialAction\":[{\"@type\":\"ReadAction\",\"target\":[\"https:\/\/previews.elleven.digital\/acocearense\/como-o-uso-da-tecnologia-pode-aumentar-a-produtividade-na-sua-loja-de-ferro-e-aco\/\"]}]},{\"@type\":\"ImageObject\",\"inLanguage\":\"pt-BR\",\"@id\":\"https:\/\/previews.elleven.digital\/acocearense\/como-o-uso-da-tecnologia-pode-aumentar-a-produtividade-na-sua-loja-de-ferro-e-aco\/#primaryimage\",\"url\":\"https:\/\/previews.elleven.digital\/acocearense\/wp-content\/uploads\/2025\/05\/Como-o-uso-da-tecnologia-pode-aumentar-a-produtividade-na-sua-loja-de-ferro-e-aco-980x612-1.jpg\",\"contentUrl\":\"https:\/\/previews.elleven.digital\/acocearense\/wp-content\/uploads\/2025\/05\/Como-o-uso-da-tecnologia-pode-aumentar-a-produtividade-na-sua-loja-de-ferro-e-aco-980x612-1.jpg\",\"width\":980,\"height\":612},{\"@type\":\"BreadcrumbList\",\"@id\":\"https:\/\/previews.elleven.digital\/acocearense\/como-o-uso-da-tecnologia-pode-aumentar-a-produtividade-na-sua-loja-de-ferro-e-aco\/#breadcrumb\",\"itemListElement\":[{\"@type\":\"ListItem\",\"position\":1,\"name\":\"In\u00edcio\",\"item\":\"https:\/\/previews.elleven.digital\/acocearense\/\"},{\"@type\":\"ListItem\",\"position\":2,\"name\":\"Como o uso da tecnologia pode aumentar a produtividade na sua loja de ferro e a\u00e7o\"}]},{\"@type\":\"WebSite\",\"@id\":\"https:\/\/previews.elleven.digital\/acocearense\/#website\",\"url\":\"https:\/\/previews.elleven.digital\/acocearense\/\",\"name\":\"A\u00e7o Cearense\",\"description\":\"H\u00e1 mais de 45 anos no mercado brasileiro do a\u00e7o.\",\"alternateName\":\"A\u00e7o Cearense\",\"potentialAction\":[{\"@type\":\"SearchAction\",\"target\":{\"@type\":\"EntryPoint\",\"urlTemplate\":\"https:\/\/previews.elleven.digital\/acocearense\/?s={search_term_string}\"},\"query-input\":{\"@type\":\"PropertyValueSpecification\",\"valueRequired\":true,\"valueName\":\"search_term_string\"}}],\"inLanguage\":\"pt-BR\"},{\"@type\":\"Person\",\"@id\":\"https:\/\/previews.elleven.digital\/acocearense\/#\/schema\/person\/8e9165eb3c33e0860485c7c5fc06a701\",\"name\":\"elleven\",\"image\":{\"@type\":\"ImageObject\",\"inLanguage\":\"pt-BR\",\"@id\":\"https:\/\/previews.elleven.digital\/acocearense\/#\/schema\/person\/image\/\",\"url\":\"https:\/\/secure.gravatar.com\/avatar\/2a6afb49d9ecfed5dbc6c9606ce318b8bd07c077835179bddfd5d8209c03cb29?s=96&d=mm&r=g\",\"contentUrl\":\"https:\/\/secure.gravatar.com\/avatar\/2a6afb49d9ecfed5dbc6c9606ce318b8bd07c077835179bddfd5d8209c03cb29?s=96&d=mm&r=g\",\"caption\":\"elleven\"},\"sameAs\":[\"http:\/\/localhost\/acocearense\"],\"url\":\"https:\/\/previews.elleven.digital\/acocearense\/author\/elleven\/\"}]}<\/script>\n<!-- \/ Yoast SEO plugin. -->","yoast_head_json":{"title":"Como o uso da tecnologia pode aumentar a produtividade na sua loja de ferro e a\u00e7o - Grupo A\u00e7o Cearense","robots":{"index":"index","follow":"follow","max-snippet":"max-snippet:-1","max-image-preview":"max-image-preview:large","max-video-preview":"max-video-preview:-1"},"canonical":"https:\/\/previews.elleven.digital\/acocearense\/como-o-uso-da-tecnologia-pode-aumentar-a-produtividade-na-sua-loja-de-ferro-e-aco\/","og_locale":"pt_BR","og_type":"article","og_title":"Como o uso da tecnologia pode aumentar a produtividade na sua loja de ferro e a\u00e7o - Grupo A\u00e7o Cearense","og_description":"Transforma\u00e7\u00e3o\u00a0digital, evolu\u00e7\u00e3o tecnol\u00f3gica, ind\u00fastria 4.0 s\u00e3o termos que v\u00eam ganhando cada vez mais destaque na(...)","og_url":"https:\/\/previews.elleven.digital\/acocearense\/como-o-uso-da-tecnologia-pode-aumentar-a-produtividade-na-sua-loja-de-ferro-e-aco\/","og_site_name":"Grupo A\u00e7o Cearense","article_published_time":"2021-03-29T13:58:02+00:00","article_modified_time":"2025-05-07T13:58:25+00:00","og_image":[{"width":980,"height":612,"url":"https:\/\/previews.elleven.digital\/acocearense\/wp-content\/uploads\/2025\/05\/Como-o-uso-da-tecnologia-pode-aumentar-a-produtividade-na-sua-loja-de-ferro-e-aco-980x612-1.jpg","type":"image\/jpeg"}],"author":"elleven","twitter_card":"summary_large_image","twitter_misc":{"Escrito por":"elleven","Est. tempo de leitura":"5 minutos"},"schema":{"@context":"https:\/\/schema.org","@graph":[{"@type":"WebPage","@id":"https:\/\/previews.elleven.digital\/acocearense\/como-o-uso-da-tecnologia-pode-aumentar-a-produtividade-na-sua-loja-de-ferro-e-aco\/","url":"https:\/\/previews.elleven.digital\/acocearense\/como-o-uso-da-tecnologia-pode-aumentar-a-produtividade-na-sua-loja-de-ferro-e-aco\/","name":"Como o uso da tecnologia pode aumentar a produtividade na sua loja de ferro e a\u00e7o - Grupo A\u00e7o Cearense","isPartOf":{"@id":"https:\/\/previews.elleven.digital\/acocearense\/#website"},"primaryImageOfPage":{"@id":"https:\/\/previews.elleven.digital\/acocearense\/como-o-uso-da-tecnologia-pode-aumentar-a-produtividade-na-sua-loja-de-ferro-e-aco\/#primaryimage"},"image":{"@id":"https:\/\/previews.elleven.digital\/acocearense\/como-o-uso-da-tecnologia-pode-aumentar-a-produtividade-na-sua-loja-de-ferro-e-aco\/#primaryimage"},"thumbnailUrl":"https:\/\/previews.elleven.digital\/acocearense\/wp-content\/uploads\/2025\/05\/Como-o-uso-da-tecnologia-pode-aumentar-a-produtividade-na-sua-loja-de-ferro-e-aco-980x612-1.jpg","datePublished":"2021-03-29T13:58:02+00:00","dateModified":"2025-05-07T13:58:25+00:00","author":{"@id":"https:\/\/previews.elleven.digital\/acocearense\/#\/schema\/person\/8e9165eb3c33e0860485c7c5fc06a701"},"breadcrumb":{"@id":"https:\/\/previews.elleven.digital\/acocearense\/como-o-uso-da-tecnologia-pode-aumentar-a-produtividade-na-sua-loja-de-ferro-e-aco\/#breadcrumb"},"inLanguage":"pt-BR","potentialAction":[{"@type":"ReadAction","target":["https:\/\/previews.elleven.digital\/acocearense\/como-o-uso-da-tecnologia-pode-aumentar-a-produtividade-na-sua-loja-de-ferro-e-aco\/"]}]},{"@type":"ImageObject","inLanguage":"pt-BR","@id":"https:\/\/previews.elleven.digital\/acocearense\/como-o-uso-da-tecnologia-pode-aumentar-a-produtividade-na-sua-loja-de-ferro-e-aco\/#primaryimage","url":"https:\/\/previews.elleven.digital\/acocearense\/wp-content\/uploads\/2025\/05\/Como-o-uso-da-tecnologia-pode-aumentar-a-produtividade-na-sua-loja-de-ferro-e-aco-980x612-1.jpg","contentUrl":"https:\/\/previews.elleven.digital\/acocearense\/wp-content\/uploads\/2025\/05\/Como-o-uso-da-tecnologia-pode-aumentar-a-produtividade-na-sua-loja-de-ferro-e-aco-980x612-1.jpg","width":980,"height":612},{"@type":"BreadcrumbList","@id":"https:\/\/previews.elleven.digital\/acocearense\/como-o-uso-da-tecnologia-pode-aumentar-a-produtividade-na-sua-loja-de-ferro-e-aco\/#breadcrumb","itemListElement":[{"@type":"ListItem","position":1,"name":"In\u00edcio","item":"https:\/\/previews.elleven.digital\/acocearense\/"},{"@type":"ListItem","position":2,"name":"Como o uso da tecnologia pode aumentar a produtividade na sua loja de ferro e a\u00e7o"}]},{"@type":"WebSite","@id":"https:\/\/previews.elleven.digital\/acocearense\/#website","url":"https:\/\/previews.elleven.digital\/acocearense\/","name":"A\u00e7o Cearense","description":"H\u00e1 mais de 45 anos no mercado brasileiro do a\u00e7o.","alternateName":"A\u00e7o Cearense","potentialAction":[{"@type":"SearchAction","target":{"@type":"EntryPoint","urlTemplate":"https:\/\/previews.elleven.digital\/acocearense\/?s={search_term_string}"},"query-input":{"@type":"PropertyValueSpecification","valueRequired":true,"valueName":"search_term_string"}}],"inLanguage":"pt-BR"},{"@type":"Person","@id":"https:\/\/previews.elleven.digital\/acocearense\/#\/schema\/person\/8e9165eb3c33e0860485c7c5fc06a701","name":"elleven","image":{"@type":"ImageObject","inLanguage":"pt-BR","@id":"https:\/\/previews.elleven.digital\/acocearense\/#\/schema\/person\/image\/","url":"https:\/\/secure.gravatar.com\/avatar\/2a6afb49d9ecfed5dbc6c9606ce318b8bd07c077835179bddfd5d8209c03cb29?s=96&d=mm&r=g","contentUrl":"https:\/\/secure.gravatar.com\/avatar\/2a6afb49d9ecfed5dbc6c9606ce318b8bd07c077835179bddfd5d8209c03cb29?s=96&d=mm&r=g","caption":"elleven"},"sameAs":["http:\/\/localhost\/acocearense"],"url":"https:\/\/previews.elleven.digital\/acocearense\/author\/elleven\/"}]}},"_links":{"self":[{"href":"https:\/\/previews.elleven.digital\/acocearense\/wp-json\/wp\/v2\/posts\/1368","targetHints":{"allow":["GET"]}}],"collection":[{"href":"https:\/\/previews.elleven.digital\/acocearense\/wp-json\/wp\/v2\/posts"}],"about":[{"href":"https:\/\/previews.elleven.digital\/acocearense\/wp-json\/wp\/v2\/types\/post"}],"author":[{"embeddable":true,"href":"https:\/\/previews.elleven.digital\/acocearense\/wp-json\/wp\/v2\/users\/1"}],"replies":[{"embeddable":true,"href":"https:\/\/previews.elleven.digital\/acocearense\/wp-json\/wp\/v2\/comments?post=1368"}],"version-history":[{"count":1,"href":"https:\/\/previews.elleven.digital\/acocearense\/wp-json\/wp\/v2\/posts\/1368\/revisions"}],"predecessor-version":[{"id":1369,"href":"https:\/\/previews.elleven.digital\/acocearense\/wp-json\/wp\/v2\/posts\/1368\/revisions\/1369"}],"wp:featuredmedia":[{"embeddable":true,"href":"https:\/\/previews.elleven.digital\/acocearense\/wp-json\/wp\/v2\/media\/1365"}],"wp:attachment":[{"href":"https:\/\/previews.elleven.digital\/acocearense\/wp-json\/wp\/v2\/media?parent=1368"}],"wp:term":[{"taxonomy":"category","embeddable":true,"href":"https:\/\/previews.elleven.digital\/acocearense\/wp-json\/wp\/v2\/categories?post=1368"},{"taxonomy":"post_tag","embeddable":true,"href":"https:\/\/previews.elleven.digital\/acocearense\/wp-json\/wp\/v2\/tags?post=1368"}],"curies":[{"name":"wp","href":"https:\/\/api.w.org\/{rel}","templated":true}]}}