{"id":1352,"date":"2021-02-05T10:53:49","date_gmt":"2021-02-05T13:53:49","guid":{"rendered":"https:\/\/previews.elleven.digital\/acocearense\/?p=1352"},"modified":"2025-05-07T10:54:16","modified_gmt":"2025-05-07T13:54:16","slug":"6-dicas-para-potencializar-a-logistica-da-sua-empresa","status":"publish","type":"post","link":"https:\/\/previews.elleven.digital\/acocearense\/6-dicas-para-potencializar-a-logistica-da-sua-empresa\/","title":{"rendered":"6 dicas para potencializar a log\u00edstica da sua empresa"},"content":{"rendered":"<p>Vivemos em um mundo cada vez mais competitivo e quanto mais uma empresa for eficiente em suas opera\u00e7\u00f5es log\u00edsticas, mais capaz ela ser\u00e1 de agregar valor aos seus produtos, aperfei\u00e7oar seus recursos e manter uma boa rela\u00e7\u00e3o com os seus clientes e\u00a0<strong><a href=\"https:\/\/previews.elleven.digital\/acocearense\/blog\/gestao\/relacionamento-com-fornecedores-aprenda-como-comprar-com-eficiencia\/?setlang=no\">fornecedores<\/a><\/strong>.<\/p>\n<p>Saber como melhorar a log\u00edstica da sua empresa pode ser um fator determinante para o sucesso do empreendimento, j\u00e1 que oferecer bons produtos pode n\u00e3o ser o suficiente para garantir a satisfa\u00e7\u00e3o dos clientes.<\/p>\n<p>Um fator de grande relev\u00e2ncia na din\u00e2mica da otimiza\u00e7\u00e3o log\u00edstica \u00e9 a capacidade de elevar o n\u00edvel de servi\u00e7o log\u00edstico prestado aos seus clientes de modo que exista um diferencial competitivo agregado ao seu produto quando comparado ao de seus concorrentes. Pensando nisso, \u00e9 importante que sejam consideradas algumas pr\u00e1ticas log\u00edsticas e adequa\u00e7\u00e3o ao que o cliente procura como diferencial de valor:<\/p>\n<h2>1. Previs\u00e3o de demandas<\/h2>\n<p>A previs\u00e3o de demandas \u00e9 uma excelente ferramenta para ajudar com a previsibilidade do fluxo de produtos e materiais, a fim de garantir que as aquisi\u00e7\u00f5es realizadas supram e satisfa\u00e7am a procura dos\u00a0<strong><a href=\"https:\/\/previews.elleven.digital\/acocearense\/blog\/abrindo-o-negocio\/afinal-e-possivel-fidelizar-clientes-em-uma-loja-de-ferro-e-aco-3\/?setlang=no\">clientes<\/a><\/strong>. Ela tamb\u00e9m auxilia na redu\u00e7\u00e3o de custos, pois evita aquisi\u00e7\u00f5es de mercadoria em excesso, que podem levar ao desperd\u00edcio e perdas desnecess\u00e1rias.<\/p>\n<p>A primeira etapa \u00e9 normalizar a demanda hist\u00f3rica para ajustar a linha de base. Os dados que conduzem os c\u00e1lculos estat\u00edsticos dos\u00a0<strong><a href=\"https:\/\/previews.elleven.digital\/acocearense\/blog\/gestao-de-estoque\/3-principais-pecados-na-hora-de-gerir-seu-estoque\/?setlang=no\">estoques<\/a><\/strong>\u00a0de seguran\u00e7a devem ser limpos para garantir que mudan\u00e7as repentinas na precis\u00e3o do progn\u00f3stico, a confiabilidade do fornecedor e variabilidade do tempo de entrega n\u00e3o alterem o n\u00edvel do estoque de maneira inadequada, na tentativa de cumprir as metas no\u00a0<strong><a href=\"https:\/\/previews.elleven.digital\/acocearense\/blog\/abrindo-o-negocio\/5-tecnicas-para-desenvolver-um-atendimento-ao-cliente-de-excelencia\/?setlang=no\">atendimento ao cliente<\/a><\/strong>.<\/p>\n<h2>2. Investimento em tecnologia<\/h2>\n<p>Utilize softwares de gest\u00e3o na automa\u00e7\u00e3o dos processos. Em um mundo cada vez mais tecnol\u00f3gico, a inova\u00e7\u00e3o n\u00e3o \u00e9 um diferencial, mas uma obriga\u00e7\u00e3o.<\/p>\n<p>A partir dessa premissa, j\u00e1 existe o conceito de uma log\u00edstica com alta tecnologia incorporada: a log\u00edstica 4.0. Com ela, \u00e9 feita a intera\u00e7\u00e3o e integra\u00e7\u00e3o entre os processos log\u00edsticos, ou seja, movimenta\u00e7\u00e3o e armazenamento de produtos, servi\u00e7os e informa\u00e7\u00f5es, por meio da alta conectividade entre m\u00e1quinas, sistemas e produtos, proporcionada pelos mais diferentes recursos tecnol\u00f3gicos.<\/p>\n<p>A velocidade e agilidade ser\u00e3o essenciais para o futuro pr\u00f3ximo. Use a\u00a0<strong><a href=\"https:\/\/previews.elleven.digital\/acocearense\/blog\/abrindo-o-negocio\/conheca-3-tendencias-de-tecnologia-em-logistica\/?setlang=no\">tecnologia<\/a><\/strong>\u00a0dispon\u00edvel para planejar e executar da forma mais eficaz poss\u00edvel. Se n\u00e3o h\u00e1 utiliza\u00e7\u00e3o da tecnologia no\u00a0<strong><a href=\"https:\/\/previews.elleven.digital\/acocearense\/blog\/abrindo-o-negocio\/afinal-como-fazer-um-planejamento-logistico-eficiente\/?setlang=no\">planejamento<\/a><\/strong>\u00a0em todo o seu potencial, \u00e9 prov\u00e1vel que esteja deixando dinheiro na mesa, como perda de receitas, aumento de custos e\/ou invent\u00e1rio improdutivo.<\/p>\n<h2>3. Parceria com clientes e fornecedores<\/h2>\n<p>A colabora\u00e7\u00e3o na rela\u00e7\u00e3o com clientes e\u00a0<strong><a href=\"https:\/\/previews.elleven.digital\/acocearense\/blog\/gestao-de-estoque\/gestao-de-fornecedores-qual-a-importancia-e-como-fazer\/?setlang=no\">fornecedores<\/a><\/strong>\u00a0\u00e9 mais importante do que nunca diante dos desafios de uma log\u00edstica cada vez mais competitiva.<\/p>\n<p>A visibilidade das capacidades do fornecedor e da verdadeira demanda dos clientes nunca foi t\u00e3o importante para fabricantes, distribuidores e varejistas. \u00c9 necess\u00e1rio considerar ferramentas que forne\u00e7am uma vis\u00e3o mais profunda de toda a cadeia de suprimentos. As empresas que tentarem fazer isso sozinhas neste mercado, ficar\u00e3o em desvantagem em rela\u00e7\u00e3o \u00e0s que buscam se fortalecer por meio de todos os elos na cadeia de suprimentos.<\/p>\n<p>Um fornecedor confi\u00e1vel, que cumpra os prazos e entregue produtos com qualidade e desempenho excelentes, \u00e9 primordial para a log\u00edstica da sua empresa.<\/p>\n<p>A maioria das empresas optam por terceirizar alguns servi\u00e7os log\u00edsticos, desse modo \u00e9 importante ficar atento e escolher bem os fornecedores pois a imagem que seu cliente tem sobre sua empresa \u00e9 formada em grande parte pelo que o seu operador log\u00edstico apresenta. Por isso, procure conhecer os servi\u00e7os oferecidos por ele, se ele tem experi\u00eancia no neg\u00f3cio da sua empresa, entenda os prazos que os servi\u00e7os ser\u00e3o executados, analise a sa\u00fade financeira da empresa e verifique se o fornecedor possui capacidade de atendimento, caso a demanda aumente.<\/p>\n<p>No\u00a0<strong><a href=\"https:\/\/previews.elleven.digital\/acocearense\/blog\/gestao\/como-gerar-valor-para-o-cliente-aprenda-as-principais-dicas\/?setlang=no\">elo com o cliente<\/a><\/strong>, \u00e9 fundamental entender para atender, e esta \u00e9 a grande chave da rela\u00e7\u00e3o, mantendo sempre a comunica\u00e7\u00e3o fluida e transparente. Se voc\u00ea, como fornecedor, entende o que o que seu cliente espera receber como n\u00edvel de servi\u00e7o log\u00edstico, alcan\u00e7ar\u00e1 a satisfa\u00e7\u00e3o do cliente, a fideliza\u00e7\u00e3o e a sustentabilidade do neg\u00f3cio.<\/p>\n<h2>4.\u00a0Gest\u00e3o de Indicadores<\/h2>\n<p>Os indicadores de desempenho s\u00e3o m\u00e9tricas que quantificam sua performance de acordo com seus objetivos organizacionais. Para que esses indicadores tenham contribui\u00e7\u00e3o no controle da empresa, \u00e9 necess\u00e1rio ter objetivos claros na hora da\u00a0<strong><a href=\"https:\/\/previews.elleven.digital\/acocearense\/blog\/gestao\/dicas-essenciais-para-definir-metas-de-vendas-na-sua-empresa\/?setlang=no\">defini\u00e7\u00e3o das metas<\/a><\/strong>\u00a0que devem ser alcan\u00e7adas. A partir da\u00ed, a elabora\u00e7\u00e3o e a gest\u00e3o dos indicadores de desempenho podem ser direcionadas para o monitoramento da evolu\u00e7\u00e3o dos resultados da empresa e servir como refer\u00eancia para o processo de tomada de decis\u00e3o e a cria\u00e7\u00e3o de estrat\u00e9gias de melhoria.<\/p>\n<p>Existem diversos tipos de KPIs (Indicadores-Chave de Desempenho)\u00a0 que fornecem uma s\u00e9rie de informa\u00e7\u00f5es que podem estar encaixadas em categorias. Dentre alguns deles, podemos citar: indicadores de produtividade,\u00a0<strong><a href=\"https:\/\/previews.elleven.digital\/acocearense\/blog\/gestao\/saiba-a-importancia-dos-indicadores-de-qualidade-para-seu-negocio\/?setlang=no\">indicadores de qualidade<\/a><\/strong>, indicadores de capacidade, indicadores estrat\u00e9gicos, indicadores de custo, indicadores de volume. Independentemente de qual categoria os indicadores se encontram, eles s\u00e3o igualmente importantes, pois s\u00e3o eles quem fornecem a vis\u00e3o que a empresa necessita para enxergar seus processos e conseguir uma base s\u00f3lida para alinh\u00e1-los aos objetivos tra\u00e7ados.<\/p>\n<h2>5. Comunica\u00e7\u00e3o<\/h2>\n<p>Ter uma boa\u00a0<strong><a href=\"https:\/\/previews.elleven.digital\/acocearense\/blog\/gestao\/qual-a-importancia-da-comunicacao-nas-empresas-entenda\/?setlang=no\">comunica\u00e7\u00e3o<\/a><\/strong>\u00a0na log\u00edstica \u00e9 fundamental para o sucesso do neg\u00f3cio, tendo em vista ser um dos setores mais estrat\u00e9gicos da empresa.<\/p>\n<p>Por abranger diversas atividades, como entrada de produtos, armazenamento, separa\u00e7\u00e3o dos pedidos, rastreamento de cargas, entre outros, manter uma gest\u00e3o e fluxo de informa\u00e7\u00f5es de maneira eficiente \u00e9 desafiador. Desse modo, melhorar a comunica\u00e7\u00e3o \u00e9 uma excelente estrat\u00e9gia, pois, quando existe um di\u00e1logo \u00e1gil e transparente, ocorre a troca de informa\u00e7\u00f5es relevantes para auxiliar na tomada das melhores decis\u00f5es.<\/p>\n<p>Ao implementar uma comunica\u00e7\u00e3o eficiente na log\u00edstica, a empresa consegue usufruir de diversos benef\u00edcios: solu\u00e7\u00e3o r\u00e1pida dos problemas, simplifica\u00e7\u00e3o e agilidade dos processos, redu\u00e7\u00e3o dos custos, melhora da produtividade e alcance dos objetivos da empresa.<\/p>\n<h2>6. Capacita\u00e7\u00e3o da Equipe<\/h2>\n<p>A capacita\u00e7\u00e3o da equipe pode garantir a efetividade do trabalho e a motiva\u00e7\u00e3o dos colaboradores para desempenharem cada vez melhor as suas fun\u00e7\u00f5es. Uma empresa que se prop\u00f5e a desenvolver as habilidades e compet\u00eancias de um time obt\u00e9m resultados cada vez mais satisfat\u00f3rios.<\/p>\n<p><strong><a href=\"https:\/\/previews.elleven.digital\/acocearense\/blog\/gestao\/entenda-a-importancia-e-como-realizar-o-treinamento-de-colaboradores\/?setlang=no\">Treinar a equipe<\/a><\/strong>\u00a0\u00e9 padronizar as atividades e valorizar a m\u00e3o de obra interna, levando em conta os objetivos da empresa e a refer\u00eancia que ela deseja conquistar no mercado, o que agrega valor \u00e0 marca e favorece o crescimento do neg\u00f3cio.<\/p>\n<p>A empresa que n\u00e3o mant\u00e9m as equipes atualizadas e prontas para atender a qualquer tipo de demanda corre o risco de perder vantagem competitiva no mercado e de enfrentar dificuldades ao cogitar implementa\u00e7\u00f5es pr\u00e1ticas, como\u00a0<i>supply chain\u00a0<\/i>e\u00a0<i>just in time<\/i>.<\/p>\n<p>Al\u00e9m de otimizar os processos, a capacita\u00e7\u00e3o da equipe permite que diversos profissionais demonstrem a capacidade de promover solu\u00e7\u00f5es no dia a dia. Com isso, o setor de log\u00edstica ter\u00e1 cada vez mais autonomia para gerenciar as opera\u00e7\u00f5es que envolvem a\u00a0<strong><a href=\"https:\/\/blog.imam.com.br\/7-tendencias-da-mobilidade-na-cadeia-de-suprimentos\/\">cadeia de suprimentos<\/a><\/strong>\u00a0da empresa e dar suporte a outros processos da empresa, assegurando alta produtividade operacional.<\/p>\n<p>Uma equipe capacitada e direcionada promove melhorias como: aumento na produtividade, redu\u00e7\u00e3o de erros, reten\u00e7\u00e3o de talentos, aumento na qualidade do setor e melhoria na satisfa\u00e7\u00e3o dos clientes internos e externos.<b>\u00a0<\/b><\/p>\n<p>Fontes: Revista Mundo Log\u00edstica, Blog Administradores, Grupo Voitto, Endeavor e IMAM.<\/p>\n<p><strong>Autora: Mariele Braz \u2013 Gerente de Log\u00edstica da SINOBRAS<\/strong><\/p>\n<p><img loading=\"lazy\" decoding=\"async\" class=\"size-thumbnail wp-image-3411 alignright\" src=\"https:\/\/previews.elleven.digital\/acocearense\/blog\/wp-content\/uploads\/2021\/02\/Gestor2-150x150.png\" sizes=\"auto, (max-width: 150px) 100vw, 150px\" srcset=\"https:\/\/previews.elleven.digital\/acocearense\/blog\/wp-content\/uploads\/2021\/02\/Gestor2-150x150.png 150w, https:\/\/previews.elleven.digital\/acocearense\/blog\/wp-content\/uploads\/2021\/02\/Gestor2-300x300.png 300w, https:\/\/previews.elleven.digital\/acocearense\/blog\/wp-content\/uploads\/2021\/02\/Gestor2-768x768.png 768w, https:\/\/previews.elleven.digital\/acocearense\/blog\/wp-content\/uploads\/2021\/02\/Gestor2-1024x1024.png 1024w, https:\/\/previews.elleven.digital\/acocearense\/blog\/wp-content\/uploads\/2021\/02\/Gestor2.png 1080w\" alt=\"\" width=\"150\" height=\"150\" \/><\/p>\n<p><em>Mariele \u00e9 formada em Ci\u00eancias Cont\u00e1beis pela UNEB \u2013 Universidade do Estado da Bahia, possui MBA em Gest\u00e3o de Produ\u00e7\u00e3o e Log\u00edstica Empresarial, p\u00f3s-gradua\u00e7\u00e3o em Engenharia de Produ\u00e7\u00e3o e tem mais de18 anos de experi\u00eancia nas \u00e1reas de Log\u00edstica, PCP, Planejamento de Materiais, Suprimentos e MP&amp;L Planning and Strategy.\u00a0Atualmente exerce o cargo de\u00a0Gerente de Log\u00edstica da SINOBRAS.\u00a0<\/em><\/p>\n","protected":false},"excerpt":{"rendered":"<p>Vivemos em um mundo cada vez mais competitivo e quanto mais uma empresa for eficiente(&#8230;)<\/p>\n","protected":false},"author":1,"featured_media":1328,"comment_status":"open","ping_status":"open","sticky":false,"template":"","format":"standard","meta":{"_acf_changed":false,"inline_featured_image":false,"footnotes":""},"categories":[30],"tags":[],"class_list":["post-1352","post","type-post","status-publish","format-standard","has-post-thumbnail","hentry","category-logistica"],"acf":[],"yoast_head":"<!-- This site is optimized with the Yoast SEO plugin v25.9 - https:\/\/yoast.com\/wordpress\/plugins\/seo\/ -->\n<title>6 dicas para potencializar a log\u00edstica da sua empresa - Grupo A\u00e7o Cearense<\/title>\n<meta name=\"robots\" content=\"index, follow, max-snippet:-1, max-image-preview:large, max-video-preview:-1\" \/>\n<link rel=\"canonical\" href=\"https:\/\/previews.elleven.digital\/acocearense\/6-dicas-para-potencializar-a-logistica-da-sua-empresa\/\" \/>\n<meta property=\"og:locale\" content=\"pt_BR\" \/>\n<meta property=\"og:type\" content=\"article\" \/>\n<meta property=\"og:title\" content=\"6 dicas para potencializar a log\u00edstica da sua empresa - Grupo A\u00e7o Cearense\" \/>\n<meta property=\"og:description\" content=\"Vivemos em um mundo cada vez mais competitivo e quanto mais uma empresa for eficiente(...)\" \/>\n<meta property=\"og:url\" content=\"https:\/\/previews.elleven.digital\/acocearense\/6-dicas-para-potencializar-a-logistica-da-sua-empresa\/\" \/>\n<meta property=\"og:site_name\" content=\"Grupo A\u00e7o Cearense\" \/>\n<meta property=\"article:published_time\" content=\"2021-02-05T13:53:49+00:00\" \/>\n<meta property=\"article:modified_time\" content=\"2025-05-07T13:54:16+00:00\" \/>\n<meta property=\"og:image\" content=\"https:\/\/previews.elleven.digital\/acocearense\/wp-content\/uploads\/2025\/05\/6-dicas-para-potencializar-a-logistica-da-sua-empresa-980x612-1.jpeg\" \/>\n\t<meta property=\"og:image:width\" content=\"980\" \/>\n\t<meta property=\"og:image:height\" content=\"612\" \/>\n\t<meta property=\"og:image:type\" content=\"image\/jpeg\" \/>\n<meta name=\"author\" content=\"elleven\" \/>\n<meta name=\"twitter:card\" content=\"summary_large_image\" \/>\n<meta name=\"twitter:label1\" content=\"Escrito por\" \/>\n\t<meta name=\"twitter:data1\" content=\"elleven\" \/>\n\t<meta name=\"twitter:label2\" content=\"Est. tempo de leitura\" \/>\n\t<meta name=\"twitter:data2\" content=\"8 minutos\" \/>\n<script type=\"application\/ld+json\" class=\"yoast-schema-graph\">{\"@context\":\"https:\/\/schema.org\",\"@graph\":[{\"@type\":\"WebPage\",\"@id\":\"https:\/\/previews.elleven.digital\/acocearense\/6-dicas-para-potencializar-a-logistica-da-sua-empresa\/\",\"url\":\"https:\/\/previews.elleven.digital\/acocearense\/6-dicas-para-potencializar-a-logistica-da-sua-empresa\/\",\"name\":\"6 dicas para potencializar a log\u00edstica da sua empresa - Grupo A\u00e7o Cearense\",\"isPartOf\":{\"@id\":\"https:\/\/previews.elleven.digital\/acocearense\/#website\"},\"primaryImageOfPage\":{\"@id\":\"https:\/\/previews.elleven.digital\/acocearense\/6-dicas-para-potencializar-a-logistica-da-sua-empresa\/#primaryimage\"},\"image\":{\"@id\":\"https:\/\/previews.elleven.digital\/acocearense\/6-dicas-para-potencializar-a-logistica-da-sua-empresa\/#primaryimage\"},\"thumbnailUrl\":\"https:\/\/previews.elleven.digital\/acocearense\/wp-content\/uploads\/2025\/05\/6-dicas-para-potencializar-a-logistica-da-sua-empresa-980x612-1.jpeg\",\"datePublished\":\"2021-02-05T13:53:49+00:00\",\"dateModified\":\"2025-05-07T13:54:16+00:00\",\"author\":{\"@id\":\"https:\/\/previews.elleven.digital\/acocearense\/#\/schema\/person\/8e9165eb3c33e0860485c7c5fc06a701\"},\"breadcrumb\":{\"@id\":\"https:\/\/previews.elleven.digital\/acocearense\/6-dicas-para-potencializar-a-logistica-da-sua-empresa\/#breadcrumb\"},\"inLanguage\":\"pt-BR\",\"potentialAction\":[{\"@type\":\"ReadAction\",\"target\":[\"https:\/\/previews.elleven.digital\/acocearense\/6-dicas-para-potencializar-a-logistica-da-sua-empresa\/\"]}]},{\"@type\":\"ImageObject\",\"inLanguage\":\"pt-BR\",\"@id\":\"https:\/\/previews.elleven.digital\/acocearense\/6-dicas-para-potencializar-a-logistica-da-sua-empresa\/#primaryimage\",\"url\":\"https:\/\/previews.elleven.digital\/acocearense\/wp-content\/uploads\/2025\/05\/6-dicas-para-potencializar-a-logistica-da-sua-empresa-980x612-1.jpeg\",\"contentUrl\":\"https:\/\/previews.elleven.digital\/acocearense\/wp-content\/uploads\/2025\/05\/6-dicas-para-potencializar-a-logistica-da-sua-empresa-980x612-1.jpeg\",\"width\":980,\"height\":612},{\"@type\":\"BreadcrumbList\",\"@id\":\"https:\/\/previews.elleven.digital\/acocearense\/6-dicas-para-potencializar-a-logistica-da-sua-empresa\/#breadcrumb\",\"itemListElement\":[{\"@type\":\"ListItem\",\"position\":1,\"name\":\"In\u00edcio\",\"item\":\"https:\/\/previews.elleven.digital\/acocearense\/\"},{\"@type\":\"ListItem\",\"position\":2,\"name\":\"6 dicas para potencializar a log\u00edstica da sua empresa\"}]},{\"@type\":\"WebSite\",\"@id\":\"https:\/\/previews.elleven.digital\/acocearense\/#website\",\"url\":\"https:\/\/previews.elleven.digital\/acocearense\/\",\"name\":\"A\u00e7o Cearense\",\"description\":\"H\u00e1 mais de 45 anos no mercado brasileiro do a\u00e7o.\",\"alternateName\":\"A\u00e7o Cearense\",\"potentialAction\":[{\"@type\":\"SearchAction\",\"target\":{\"@type\":\"EntryPoint\",\"urlTemplate\":\"https:\/\/previews.elleven.digital\/acocearense\/?s={search_term_string}\"},\"query-input\":{\"@type\":\"PropertyValueSpecification\",\"valueRequired\":true,\"valueName\":\"search_term_string\"}}],\"inLanguage\":\"pt-BR\"},{\"@type\":\"Person\",\"@id\":\"https:\/\/previews.elleven.digital\/acocearense\/#\/schema\/person\/8e9165eb3c33e0860485c7c5fc06a701\",\"name\":\"elleven\",\"image\":{\"@type\":\"ImageObject\",\"inLanguage\":\"pt-BR\",\"@id\":\"https:\/\/previews.elleven.digital\/acocearense\/#\/schema\/person\/image\/\",\"url\":\"https:\/\/secure.gravatar.com\/avatar\/2a6afb49d9ecfed5dbc6c9606ce318b8bd07c077835179bddfd5d8209c03cb29?s=96&d=mm&r=g\",\"contentUrl\":\"https:\/\/secure.gravatar.com\/avatar\/2a6afb49d9ecfed5dbc6c9606ce318b8bd07c077835179bddfd5d8209c03cb29?s=96&d=mm&r=g\",\"caption\":\"elleven\"},\"sameAs\":[\"http:\/\/localhost\/acocearense\"],\"url\":\"https:\/\/previews.elleven.digital\/acocearense\/author\/elleven\/\"}]}<\/script>\n<!-- \/ Yoast SEO plugin. -->","yoast_head_json":{"title":"6 dicas para potencializar a log\u00edstica da sua empresa - Grupo A\u00e7o Cearense","robots":{"index":"index","follow":"follow","max-snippet":"max-snippet:-1","max-image-preview":"max-image-preview:large","max-video-preview":"max-video-preview:-1"},"canonical":"https:\/\/previews.elleven.digital\/acocearense\/6-dicas-para-potencializar-a-logistica-da-sua-empresa\/","og_locale":"pt_BR","og_type":"article","og_title":"6 dicas para potencializar a log\u00edstica da sua empresa - Grupo A\u00e7o Cearense","og_description":"Vivemos em um mundo cada vez mais competitivo e quanto mais uma empresa for eficiente(...)","og_url":"https:\/\/previews.elleven.digital\/acocearense\/6-dicas-para-potencializar-a-logistica-da-sua-empresa\/","og_site_name":"Grupo A\u00e7o Cearense","article_published_time":"2021-02-05T13:53:49+00:00","article_modified_time":"2025-05-07T13:54:16+00:00","og_image":[{"width":980,"height":612,"url":"https:\/\/previews.elleven.digital\/acocearense\/wp-content\/uploads\/2025\/05\/6-dicas-para-potencializar-a-logistica-da-sua-empresa-980x612-1.jpeg","type":"image\/jpeg"}],"author":"elleven","twitter_card":"summary_large_image","twitter_misc":{"Escrito por":"elleven","Est. tempo de leitura":"8 minutos"},"schema":{"@context":"https:\/\/schema.org","@graph":[{"@type":"WebPage","@id":"https:\/\/previews.elleven.digital\/acocearense\/6-dicas-para-potencializar-a-logistica-da-sua-empresa\/","url":"https:\/\/previews.elleven.digital\/acocearense\/6-dicas-para-potencializar-a-logistica-da-sua-empresa\/","name":"6 dicas para potencializar a log\u00edstica da sua empresa - Grupo A\u00e7o Cearense","isPartOf":{"@id":"https:\/\/previews.elleven.digital\/acocearense\/#website"},"primaryImageOfPage":{"@id":"https:\/\/previews.elleven.digital\/acocearense\/6-dicas-para-potencializar-a-logistica-da-sua-empresa\/#primaryimage"},"image":{"@id":"https:\/\/previews.elleven.digital\/acocearense\/6-dicas-para-potencializar-a-logistica-da-sua-empresa\/#primaryimage"},"thumbnailUrl":"https:\/\/previews.elleven.digital\/acocearense\/wp-content\/uploads\/2025\/05\/6-dicas-para-potencializar-a-logistica-da-sua-empresa-980x612-1.jpeg","datePublished":"2021-02-05T13:53:49+00:00","dateModified":"2025-05-07T13:54:16+00:00","author":{"@id":"https:\/\/previews.elleven.digital\/acocearense\/#\/schema\/person\/8e9165eb3c33e0860485c7c5fc06a701"},"breadcrumb":{"@id":"https:\/\/previews.elleven.digital\/acocearense\/6-dicas-para-potencializar-a-logistica-da-sua-empresa\/#breadcrumb"},"inLanguage":"pt-BR","potentialAction":[{"@type":"ReadAction","target":["https:\/\/previews.elleven.digital\/acocearense\/6-dicas-para-potencializar-a-logistica-da-sua-empresa\/"]}]},{"@type":"ImageObject","inLanguage":"pt-BR","@id":"https:\/\/previews.elleven.digital\/acocearense\/6-dicas-para-potencializar-a-logistica-da-sua-empresa\/#primaryimage","url":"https:\/\/previews.elleven.digital\/acocearense\/wp-content\/uploads\/2025\/05\/6-dicas-para-potencializar-a-logistica-da-sua-empresa-980x612-1.jpeg","contentUrl":"https:\/\/previews.elleven.digital\/acocearense\/wp-content\/uploads\/2025\/05\/6-dicas-para-potencializar-a-logistica-da-sua-empresa-980x612-1.jpeg","width":980,"height":612},{"@type":"BreadcrumbList","@id":"https:\/\/previews.elleven.digital\/acocearense\/6-dicas-para-potencializar-a-logistica-da-sua-empresa\/#breadcrumb","itemListElement":[{"@type":"ListItem","position":1,"name":"In\u00edcio","item":"https:\/\/previews.elleven.digital\/acocearense\/"},{"@type":"ListItem","position":2,"name":"6 dicas para potencializar a log\u00edstica da sua empresa"}]},{"@type":"WebSite","@id":"https:\/\/previews.elleven.digital\/acocearense\/#website","url":"https:\/\/previews.elleven.digital\/acocearense\/","name":"A\u00e7o Cearense","description":"H\u00e1 mais de 45 anos no mercado brasileiro do a\u00e7o.","alternateName":"A\u00e7o Cearense","potentialAction":[{"@type":"SearchAction","target":{"@type":"EntryPoint","urlTemplate":"https:\/\/previews.elleven.digital\/acocearense\/?s={search_term_string}"},"query-input":{"@type":"PropertyValueSpecification","valueRequired":true,"valueName":"search_term_string"}}],"inLanguage":"pt-BR"},{"@type":"Person","@id":"https:\/\/previews.elleven.digital\/acocearense\/#\/schema\/person\/8e9165eb3c33e0860485c7c5fc06a701","name":"elleven","image":{"@type":"ImageObject","inLanguage":"pt-BR","@id":"https:\/\/previews.elleven.digital\/acocearense\/#\/schema\/person\/image\/","url":"https:\/\/secure.gravatar.com\/avatar\/2a6afb49d9ecfed5dbc6c9606ce318b8bd07c077835179bddfd5d8209c03cb29?s=96&d=mm&r=g","contentUrl":"https:\/\/secure.gravatar.com\/avatar\/2a6afb49d9ecfed5dbc6c9606ce318b8bd07c077835179bddfd5d8209c03cb29?s=96&d=mm&r=g","caption":"elleven"},"sameAs":["http:\/\/localhost\/acocearense"],"url":"https:\/\/previews.elleven.digital\/acocearense\/author\/elleven\/"}]}},"_links":{"self":[{"href":"https:\/\/previews.elleven.digital\/acocearense\/wp-json\/wp\/v2\/posts\/1352","targetHints":{"allow":["GET"]}}],"collection":[{"href":"https:\/\/previews.elleven.digital\/acocearense\/wp-json\/wp\/v2\/posts"}],"about":[{"href":"https:\/\/previews.elleven.digital\/acocearense\/wp-json\/wp\/v2\/types\/post"}],"author":[{"embeddable":true,"href":"https:\/\/previews.elleven.digital\/acocearense\/wp-json\/wp\/v2\/users\/1"}],"replies":[{"embeddable":true,"href":"https:\/\/previews.elleven.digital\/acocearense\/wp-json\/wp\/v2\/comments?post=1352"}],"version-history":[{"count":1,"href":"https:\/\/previews.elleven.digital\/acocearense\/wp-json\/wp\/v2\/posts\/1352\/revisions"}],"predecessor-version":[{"id":1353,"href":"https:\/\/previews.elleven.digital\/acocearense\/wp-json\/wp\/v2\/posts\/1352\/revisions\/1353"}],"wp:featuredmedia":[{"embeddable":true,"href":"https:\/\/previews.elleven.digital\/acocearense\/wp-json\/wp\/v2\/media\/1328"}],"wp:attachment":[{"href":"https:\/\/previews.elleven.digital\/acocearense\/wp-json\/wp\/v2\/media?parent=1352"}],"wp:term":[{"taxonomy":"category","embeddable":true,"href":"https:\/\/previews.elleven.digital\/acocearense\/wp-json\/wp\/v2\/categories?post=1352"},{"taxonomy":"post_tag","embeddable":true,"href":"https:\/\/previews.elleven.digital\/acocearense\/wp-json\/wp\/v2\/tags?post=1352"}],"curies":[{"name":"wp","href":"https:\/\/api.w.org\/{rel}","templated":true}]}}