{"id":1350,"date":"2021-01-24T10:53:18","date_gmt":"2021-01-24T13:53:18","guid":{"rendered":"https:\/\/previews.elleven.digital\/acocearense\/?p=1350"},"modified":"2025-05-07T10:53:48","modified_gmt":"2025-05-07T13:53:48","slug":"boas-praticas-para-uma-gestao-empresarial-eficiente","status":"publish","type":"post","link":"https:\/\/previews.elleven.digital\/acocearense\/boas-praticas-para-uma-gestao-empresarial-eficiente\/","title":{"rendered":"Boas pr\u00e1ticas para uma gest\u00e3o empresarial eficiente"},"content":{"rendered":"<p>Gest\u00e3o empresarial \u00e9 o nome dado para o processo de administra\u00e7\u00e3o de a\u00e7\u00f5es estrat\u00e9gicas com o objetivo de corrigir erros, mensurar resultados, analisar os problemas e evitar falhas. Ela envolve o uso de recursos humanos, financeiros e estruturais. Em outras palavras, esse \u00e9 o conjunto de pr\u00e1ticas que garante o sucesso ou o fracasso da sua empresa.<\/p>\n<p>Por isso, todo cuidado \u00e9 pouco. \u00c9 preciso que voc\u00ea seja capaz de avaliar vari\u00e1veis, fazer acompanhamentos constantes, investir em boas a\u00e7\u00f5es de\u00a0<a href=\"https:\/\/previews.elleven.digital\/acocearense\/blog\/gestao\/3-problemas-que-o-marketing-digital-ajuda-resolver-no-seu-negocio\/?setlang=no\">marketing<\/a>\u00a0empresarial e, principalmente, focar naquilo que \u00e9 importante, evitando o desperd\u00edcio de tempo e dinheiro.<\/p>\n<p>Se voc\u00ea quer\u00a0<a href=\"https:\/\/previews.elleven.digital\/acocearense\/blog\/gestao\/confira-dicas-para-aprender-a-otimizar-processos-na-sua-loja\/?setlang=no\">otimizar<\/a>\u00a0a sua gest\u00e3o e garantir o sucesso da sua empresa, separamos a seguir alguns pontos que n\u00e3o podem ser negligenciados na hora de administrar o seu neg\u00f3cio.<\/p>\n<figure id=\"attachment_3391\" class=\"no-caption aligncenter\"><img loading=\"lazy\" decoding=\"async\" class=\"aligncenter wp-image-3391 size-full\" src=\"https:\/\/previews.elleven.digital\/acocearense\/blog\/wp-content\/uploads\/2021\/01\/quick-tips.jpg\" sizes=\"auto, (max-width: 626px) 100vw, 626px\" srcset=\"https:\/\/previews.elleven.digital\/acocearense\/blog\/wp-content\/uploads\/2021\/01\/quick-tips.jpg 626w, https:\/\/previews.elleven.digital\/acocearense\/blog\/wp-content\/uploads\/2021\/01\/quick-tips-300x200.jpg 300w\" alt=\"\" width=\"626\" height=\"417\" \/><\/figure>\n<h2 class=\"no-caption aligncenter\"><b>1. D\u00ea aten\u00e7\u00e3o para a gest\u00e3o de pessoas<\/b><\/h2>\n<p>A base de qualquer empresa s\u00e3o as\u00a0<a href=\"https:\/\/previews.elleven.digital\/acocearense\/blog\/abrindo-o-negocio\/conheca-5-desafios-na-gestao-de-pessoas-e-saiba-como-supera-los\/?setlang=no\">pessoas<\/a>. A equipe de marketing pensa em como atrair o consumidor, o pessoal do atendimento ao cliente resolve os problemas e garante a fideliza\u00e7\u00e3o, os vendedores fazem a linha de frente no ponto de venda etc.<\/p>\n<p>Se os colaboradores s\u00e3o t\u00e3o importantes assim, nada mais justo do que dar uma aten\u00e7\u00e3o especial para eles, concorda? A gest\u00e3o empresarial precisa, portanto, valorizar os colaboradores. Isso pode e deve ser feito por meio de treinamentos para capacitar os seus liderados, planos de carreira, metas bem-definidas, b\u00f4nus por produtividade e outras abordagens voltadas para a gest\u00e3o estrat\u00e9gica de pessoas.<\/p>\n<h2><b>2. Fa\u00e7a um planejamento produtivo de sua gest\u00e3o empresarial<\/b><\/h2>\n<p>Todo gestor sabe que para gerenciar um neg\u00f3cio \u00e9 necess\u00e1rio seguir um\u00a0<a href=\"https:\/\/previews.elleven.digital\/acocearense\/blog\/planejamento-estrategico\/5-dicas-para-o-planejamento-estrategico-da-sua-loja-de-ferro-e-aco\/?setlang=no\">planejamento estrat\u00e9gico<\/a>, mas nem sempre isso \u00e9 feito do jeito certo. \u00c9 essencial criar um plano de a\u00e7\u00e3o que seja, de fato, produtivo. Em outras palavras, precisa ser voltado para a administra\u00e7\u00e3o efetiva, controlada e sustent\u00e1vel dos recursos que a empresa utiliza na execu\u00e7\u00e3o de produtos e servi\u00e7os.<\/p>\n<p>O foco do planejamento produtivo, naturalmente, \u00e9 a otimiza\u00e7\u00e3o da produtividade. Para isso, s\u00e3o implementadas medidas que retenham desperd\u00edcios, custos elevados e gastos desnecess\u00e1rios. Nesse caso, o gestor precisar\u00e1 prever todas as etapas do processo para, ent\u00e3o, torn\u00e1-lo mais \u00e1gil e efetivo, impactando positivamente os lucros e todos os setores da empresa.<\/p>\n<h2><b>3. Otimize os processos internos<\/b><\/h2>\n<p>Ao longo da vida de uma empresa v\u00e1rios processos s\u00e3o criados para resolver problemas ou suprir uma demanda pontual. Depois de algum tempo, eles ficam obsoletos e atrapalham a continuidade do trabalho, sendo \u00fateis apenas para gerar burocracia.<\/p>\n<p>Voc\u00ea precisa evitar esse tipo de situa\u00e7\u00e3o. Ent\u00e3o, avalie cada processo interno e os ad\u00e9que \u00e0s m\u00e9tricas atuais e aos objetivos da companhia. Elimine o desnecess\u00e1rio, busque melhorias e mantenha o que funciona bem. Al\u00e9m disso, fa\u00e7a uma revis\u00e3o peri\u00f3dica dos processos, para evitar que alguma atividade obsoleta consuma o seu lucro e atrapalhe a produtividade.<\/p>\n<h2><b>4. Atualize-se frequentemente<\/b><\/h2>\n<p>N\u00e3o \u00e9 s\u00f3 a empresa que merece aten\u00e7\u00e3o. Voc\u00ea, como gestor, tamb\u00e9m deve se atualizar e garantir que os seus conhecimentos e as suas habilidades sejam condizentes com os desafios di\u00e1rios da sua jornada de trabalho.<\/p>\n<p>Por isso, estude frequentemente. Fa\u00e7a cursos, entre em uma p\u00f3s-gradua\u00e7\u00e3o, assista a palestras e leia os livros da \u00e1rea. Tamb\u00e9m \u00e9 interessante acompanhar os principais portais do seu setor, para ficar por dentro das novidades e tend\u00eancias do mercado.<\/p>\n<h2><b>5. Conhe\u00e7a a realidade do seu empreendimento<\/b><\/h2>\n<p>Ter uma no\u00e7\u00e3o realista do seu\u00a0<a href=\"https:\/\/previews.elleven.digital\/acocearense\/blog\/vender-mais\/5-boas-praticas-para-tornar-a-sua-empresa-competitiva-no-mercado\/?setlang=no\">posicionamento no mercado<\/a>\u00a0e do contexto em que a sua empresa se encontra \u00e9 de alta relev\u00e2ncia para se chegar a uma boa gest\u00e3o empresarial.<\/p>\n<p>Isso vai contribuir para que voc\u00ea desenvolva estrat\u00e9gias eficientes e tenha mais clareza na sua tomada de decis\u00f5es. Saber exatamente em qual terreno que voc\u00ea est\u00e1 pisando assegura que assimile os limites do seu neg\u00f3cio, evita atitudes precipitadas e melhora a qualidade das suas a\u00e7\u00f5es.<\/p>\n<h2><b>6. Fique de olho no mercado<\/b><\/h2>\n<p>Prestar aten\u00e7\u00e3o ao que acontece ao seu redor \u00e9 igualmente importante para garantir uma boa gest\u00e3o. Voc\u00ea precisa conhecer o comportamento de consumo dos clientes, ficar de olho nas mudan\u00e7as e observar as a\u00e7\u00f5es da concorr\u00eancia. \u00c9 poss\u00edvel, dessa forma, detectar as tend\u00eancias, adotar novos processos e inovar rapidamente, bem como antever ocasionais crises.<\/p>\n<p>&nbsp;<\/p>\n<p>Fonte:\u00a0<a href=\"https:\/\/hsmuniversity.com.br\/blog\/gestao-empresarial-eficiente\/\">HSM University\u00a0<\/a>(Adaptado)<\/p>\n","protected":false},"excerpt":{"rendered":"<p>Gest\u00e3o empresarial \u00e9 o nome dado para o processo de administra\u00e7\u00e3o de a\u00e7\u00f5es estrat\u00e9gicas com(&#8230;)<\/p>\n","protected":false},"author":1,"featured_media":1329,"comment_status":"open","ping_status":"open","sticky":false,"template":"","format":"standard","meta":{"_acf_changed":false,"inline_featured_image":false,"footnotes":""},"categories":[28],"tags":[],"class_list":["post-1350","post","type-post","status-publish","format-standard","has-post-thumbnail","hentry","category-gestao"],"acf":[],"yoast_head":"<!-- This site is optimized with the Yoast SEO plugin v25.9 - https:\/\/yoast.com\/wordpress\/plugins\/seo\/ -->\n<title>Boas pr\u00e1ticas para uma gest\u00e3o empresarial eficiente - Grupo A\u00e7o Cearense<\/title>\n<meta name=\"robots\" content=\"index, follow, max-snippet:-1, max-image-preview:large, max-video-preview:-1\" \/>\n<link rel=\"canonical\" href=\"https:\/\/previews.elleven.digital\/acocearense\/boas-praticas-para-uma-gestao-empresarial-eficiente\/\" \/>\n<meta property=\"og:locale\" content=\"pt_BR\" \/>\n<meta property=\"og:type\" content=\"article\" \/>\n<meta property=\"og:title\" content=\"Boas pr\u00e1ticas para uma gest\u00e3o empresarial eficiente - Grupo A\u00e7o Cearense\" \/>\n<meta property=\"og:description\" content=\"Gest\u00e3o empresarial \u00e9 o nome dado para o processo de administra\u00e7\u00e3o de a\u00e7\u00f5es estrat\u00e9gicas com(...)\" \/>\n<meta property=\"og:url\" content=\"https:\/\/previews.elleven.digital\/acocearense\/boas-praticas-para-uma-gestao-empresarial-eficiente\/\" \/>\n<meta property=\"og:site_name\" content=\"Grupo A\u00e7o Cearense\" \/>\n<meta property=\"article:published_time\" content=\"2021-01-24T13:53:18+00:00\" \/>\n<meta property=\"article:modified_time\" content=\"2025-05-07T13:53:48+00:00\" \/>\n<meta property=\"og:image\" content=\"https:\/\/previews.elleven.digital\/acocearense\/wp-content\/uploads\/2025\/05\/Boas-praticas-para-uma-gestao-empresarial-eficiente-1-980x612-1.jpg\" \/>\n\t<meta property=\"og:image:width\" content=\"980\" \/>\n\t<meta property=\"og:image:height\" content=\"612\" \/>\n\t<meta property=\"og:image:type\" content=\"image\/jpeg\" \/>\n<meta name=\"author\" content=\"elleven\" \/>\n<meta name=\"twitter:card\" content=\"summary_large_image\" \/>\n<meta name=\"twitter:label1\" content=\"Escrito por\" \/>\n\t<meta name=\"twitter:data1\" content=\"elleven\" \/>\n\t<meta name=\"twitter:label2\" content=\"Est. tempo de leitura\" \/>\n\t<meta name=\"twitter:data2\" content=\"5 minutos\" \/>\n<script type=\"application\/ld+json\" class=\"yoast-schema-graph\">{\"@context\":\"https:\/\/schema.org\",\"@graph\":[{\"@type\":\"WebPage\",\"@id\":\"https:\/\/previews.elleven.digital\/acocearense\/boas-praticas-para-uma-gestao-empresarial-eficiente\/\",\"url\":\"https:\/\/previews.elleven.digital\/acocearense\/boas-praticas-para-uma-gestao-empresarial-eficiente\/\",\"name\":\"Boas pr\u00e1ticas para uma gest\u00e3o empresarial eficiente - Grupo A\u00e7o Cearense\",\"isPartOf\":{\"@id\":\"https:\/\/previews.elleven.digital\/acocearense\/#website\"},\"primaryImageOfPage\":{\"@id\":\"https:\/\/previews.elleven.digital\/acocearense\/boas-praticas-para-uma-gestao-empresarial-eficiente\/#primaryimage\"},\"image\":{\"@id\":\"https:\/\/previews.elleven.digital\/acocearense\/boas-praticas-para-uma-gestao-empresarial-eficiente\/#primaryimage\"},\"thumbnailUrl\":\"https:\/\/previews.elleven.digital\/acocearense\/wp-content\/uploads\/2025\/05\/Boas-praticas-para-uma-gestao-empresarial-eficiente-1-980x612-1.jpg\",\"datePublished\":\"2021-01-24T13:53:18+00:00\",\"dateModified\":\"2025-05-07T13:53:48+00:00\",\"author\":{\"@id\":\"https:\/\/previews.elleven.digital\/acocearense\/#\/schema\/person\/8e9165eb3c33e0860485c7c5fc06a701\"},\"breadcrumb\":{\"@id\":\"https:\/\/previews.elleven.digital\/acocearense\/boas-praticas-para-uma-gestao-empresarial-eficiente\/#breadcrumb\"},\"inLanguage\":\"pt-BR\",\"potentialAction\":[{\"@type\":\"ReadAction\",\"target\":[\"https:\/\/previews.elleven.digital\/acocearense\/boas-praticas-para-uma-gestao-empresarial-eficiente\/\"]}]},{\"@type\":\"ImageObject\",\"inLanguage\":\"pt-BR\",\"@id\":\"https:\/\/previews.elleven.digital\/acocearense\/boas-praticas-para-uma-gestao-empresarial-eficiente\/#primaryimage\",\"url\":\"https:\/\/previews.elleven.digital\/acocearense\/wp-content\/uploads\/2025\/05\/Boas-praticas-para-uma-gestao-empresarial-eficiente-1-980x612-1.jpg\",\"contentUrl\":\"https:\/\/previews.elleven.digital\/acocearense\/wp-content\/uploads\/2025\/05\/Boas-praticas-para-uma-gestao-empresarial-eficiente-1-980x612-1.jpg\",\"width\":980,\"height\":612},{\"@type\":\"BreadcrumbList\",\"@id\":\"https:\/\/previews.elleven.digital\/acocearense\/boas-praticas-para-uma-gestao-empresarial-eficiente\/#breadcrumb\",\"itemListElement\":[{\"@type\":\"ListItem\",\"position\":1,\"name\":\"In\u00edcio\",\"item\":\"https:\/\/previews.elleven.digital\/acocearense\/\"},{\"@type\":\"ListItem\",\"position\":2,\"name\":\"Boas pr\u00e1ticas para uma gest\u00e3o empresarial eficiente\"}]},{\"@type\":\"WebSite\",\"@id\":\"https:\/\/previews.elleven.digital\/acocearense\/#website\",\"url\":\"https:\/\/previews.elleven.digital\/acocearense\/\",\"name\":\"A\u00e7o Cearense\",\"description\":\"H\u00e1 mais de 45 anos no mercado brasileiro do a\u00e7o.\",\"alternateName\":\"A\u00e7o Cearense\",\"potentialAction\":[{\"@type\":\"SearchAction\",\"target\":{\"@type\":\"EntryPoint\",\"urlTemplate\":\"https:\/\/previews.elleven.digital\/acocearense\/?s={search_term_string}\"},\"query-input\":{\"@type\":\"PropertyValueSpecification\",\"valueRequired\":true,\"valueName\":\"search_term_string\"}}],\"inLanguage\":\"pt-BR\"},{\"@type\":\"Person\",\"@id\":\"https:\/\/previews.elleven.digital\/acocearense\/#\/schema\/person\/8e9165eb3c33e0860485c7c5fc06a701\",\"name\":\"elleven\",\"image\":{\"@type\":\"ImageObject\",\"inLanguage\":\"pt-BR\",\"@id\":\"https:\/\/previews.elleven.digital\/acocearense\/#\/schema\/person\/image\/\",\"url\":\"https:\/\/secure.gravatar.com\/avatar\/2a6afb49d9ecfed5dbc6c9606ce318b8bd07c077835179bddfd5d8209c03cb29?s=96&d=mm&r=g\",\"contentUrl\":\"https:\/\/secure.gravatar.com\/avatar\/2a6afb49d9ecfed5dbc6c9606ce318b8bd07c077835179bddfd5d8209c03cb29?s=96&d=mm&r=g\",\"caption\":\"elleven\"},\"sameAs\":[\"http:\/\/localhost\/acocearense\"],\"url\":\"https:\/\/previews.elleven.digital\/acocearense\/author\/elleven\/\"}]}<\/script>\n<!-- \/ Yoast SEO plugin. -->","yoast_head_json":{"title":"Boas pr\u00e1ticas para uma gest\u00e3o empresarial eficiente - Grupo A\u00e7o Cearense","robots":{"index":"index","follow":"follow","max-snippet":"max-snippet:-1","max-image-preview":"max-image-preview:large","max-video-preview":"max-video-preview:-1"},"canonical":"https:\/\/previews.elleven.digital\/acocearense\/boas-praticas-para-uma-gestao-empresarial-eficiente\/","og_locale":"pt_BR","og_type":"article","og_title":"Boas pr\u00e1ticas para uma gest\u00e3o empresarial eficiente - Grupo A\u00e7o Cearense","og_description":"Gest\u00e3o empresarial \u00e9 o nome dado para o processo de administra\u00e7\u00e3o de a\u00e7\u00f5es estrat\u00e9gicas com(...)","og_url":"https:\/\/previews.elleven.digital\/acocearense\/boas-praticas-para-uma-gestao-empresarial-eficiente\/","og_site_name":"Grupo A\u00e7o Cearense","article_published_time":"2021-01-24T13:53:18+00:00","article_modified_time":"2025-05-07T13:53:48+00:00","og_image":[{"width":980,"height":612,"url":"https:\/\/previews.elleven.digital\/acocearense\/wp-content\/uploads\/2025\/05\/Boas-praticas-para-uma-gestao-empresarial-eficiente-1-980x612-1.jpg","type":"image\/jpeg"}],"author":"elleven","twitter_card":"summary_large_image","twitter_misc":{"Escrito por":"elleven","Est. tempo de leitura":"5 minutos"},"schema":{"@context":"https:\/\/schema.org","@graph":[{"@type":"WebPage","@id":"https:\/\/previews.elleven.digital\/acocearense\/boas-praticas-para-uma-gestao-empresarial-eficiente\/","url":"https:\/\/previews.elleven.digital\/acocearense\/boas-praticas-para-uma-gestao-empresarial-eficiente\/","name":"Boas pr\u00e1ticas para uma gest\u00e3o empresarial eficiente - Grupo A\u00e7o Cearense","isPartOf":{"@id":"https:\/\/previews.elleven.digital\/acocearense\/#website"},"primaryImageOfPage":{"@id":"https:\/\/previews.elleven.digital\/acocearense\/boas-praticas-para-uma-gestao-empresarial-eficiente\/#primaryimage"},"image":{"@id":"https:\/\/previews.elleven.digital\/acocearense\/boas-praticas-para-uma-gestao-empresarial-eficiente\/#primaryimage"},"thumbnailUrl":"https:\/\/previews.elleven.digital\/acocearense\/wp-content\/uploads\/2025\/05\/Boas-praticas-para-uma-gestao-empresarial-eficiente-1-980x612-1.jpg","datePublished":"2021-01-24T13:53:18+00:00","dateModified":"2025-05-07T13:53:48+00:00","author":{"@id":"https:\/\/previews.elleven.digital\/acocearense\/#\/schema\/person\/8e9165eb3c33e0860485c7c5fc06a701"},"breadcrumb":{"@id":"https:\/\/previews.elleven.digital\/acocearense\/boas-praticas-para-uma-gestao-empresarial-eficiente\/#breadcrumb"},"inLanguage":"pt-BR","potentialAction":[{"@type":"ReadAction","target":["https:\/\/previews.elleven.digital\/acocearense\/boas-praticas-para-uma-gestao-empresarial-eficiente\/"]}]},{"@type":"ImageObject","inLanguage":"pt-BR","@id":"https:\/\/previews.elleven.digital\/acocearense\/boas-praticas-para-uma-gestao-empresarial-eficiente\/#primaryimage","url":"https:\/\/previews.elleven.digital\/acocearense\/wp-content\/uploads\/2025\/05\/Boas-praticas-para-uma-gestao-empresarial-eficiente-1-980x612-1.jpg","contentUrl":"https:\/\/previews.elleven.digital\/acocearense\/wp-content\/uploads\/2025\/05\/Boas-praticas-para-uma-gestao-empresarial-eficiente-1-980x612-1.jpg","width":980,"height":612},{"@type":"BreadcrumbList","@id":"https:\/\/previews.elleven.digital\/acocearense\/boas-praticas-para-uma-gestao-empresarial-eficiente\/#breadcrumb","itemListElement":[{"@type":"ListItem","position":1,"name":"In\u00edcio","item":"https:\/\/previews.elleven.digital\/acocearense\/"},{"@type":"ListItem","position":2,"name":"Boas pr\u00e1ticas para uma gest\u00e3o empresarial eficiente"}]},{"@type":"WebSite","@id":"https:\/\/previews.elleven.digital\/acocearense\/#website","url":"https:\/\/previews.elleven.digital\/acocearense\/","name":"A\u00e7o Cearense","description":"H\u00e1 mais de 45 anos no mercado brasileiro do a\u00e7o.","alternateName":"A\u00e7o Cearense","potentialAction":[{"@type":"SearchAction","target":{"@type":"EntryPoint","urlTemplate":"https:\/\/previews.elleven.digital\/acocearense\/?s={search_term_string}"},"query-input":{"@type":"PropertyValueSpecification","valueRequired":true,"valueName":"search_term_string"}}],"inLanguage":"pt-BR"},{"@type":"Person","@id":"https:\/\/previews.elleven.digital\/acocearense\/#\/schema\/person\/8e9165eb3c33e0860485c7c5fc06a701","name":"elleven","image":{"@type":"ImageObject","inLanguage":"pt-BR","@id":"https:\/\/previews.elleven.digital\/acocearense\/#\/schema\/person\/image\/","url":"https:\/\/secure.gravatar.com\/avatar\/2a6afb49d9ecfed5dbc6c9606ce318b8bd07c077835179bddfd5d8209c03cb29?s=96&d=mm&r=g","contentUrl":"https:\/\/secure.gravatar.com\/avatar\/2a6afb49d9ecfed5dbc6c9606ce318b8bd07c077835179bddfd5d8209c03cb29?s=96&d=mm&r=g","caption":"elleven"},"sameAs":["http:\/\/localhost\/acocearense"],"url":"https:\/\/previews.elleven.digital\/acocearense\/author\/elleven\/"}]}},"_links":{"self":[{"href":"https:\/\/previews.elleven.digital\/acocearense\/wp-json\/wp\/v2\/posts\/1350","targetHints":{"allow":["GET"]}}],"collection":[{"href":"https:\/\/previews.elleven.digital\/acocearense\/wp-json\/wp\/v2\/posts"}],"about":[{"href":"https:\/\/previews.elleven.digital\/acocearense\/wp-json\/wp\/v2\/types\/post"}],"author":[{"embeddable":true,"href":"https:\/\/previews.elleven.digital\/acocearense\/wp-json\/wp\/v2\/users\/1"}],"replies":[{"embeddable":true,"href":"https:\/\/previews.elleven.digital\/acocearense\/wp-json\/wp\/v2\/comments?post=1350"}],"version-history":[{"count":1,"href":"https:\/\/previews.elleven.digital\/acocearense\/wp-json\/wp\/v2\/posts\/1350\/revisions"}],"predecessor-version":[{"id":1351,"href":"https:\/\/previews.elleven.digital\/acocearense\/wp-json\/wp\/v2\/posts\/1350\/revisions\/1351"}],"wp:featuredmedia":[{"embeddable":true,"href":"https:\/\/previews.elleven.digital\/acocearense\/wp-json\/wp\/v2\/media\/1329"}],"wp:attachment":[{"href":"https:\/\/previews.elleven.digital\/acocearense\/wp-json\/wp\/v2\/media?parent=1350"}],"wp:term":[{"taxonomy":"category","embeddable":true,"href":"https:\/\/previews.elleven.digital\/acocearense\/wp-json\/wp\/v2\/categories?post=1350"},{"taxonomy":"post_tag","embeddable":true,"href":"https:\/\/previews.elleven.digital\/acocearense\/wp-json\/wp\/v2\/tags?post=1350"}],"curies":[{"name":"wp","href":"https:\/\/api.w.org\/{rel}","templated":true}]}}