{"id":1346,"date":"2021-01-11T10:52:20","date_gmt":"2021-01-11T13:52:20","guid":{"rendered":"https:\/\/previews.elleven.digital\/acocearense\/?p=1346"},"modified":"2025-05-07T10:52:43","modified_gmt":"2025-05-07T13:52:43","slug":"planejamento-estrategico-2021-como-tomar-decisoes-diante-de-cenarios-instaveis","status":"publish","type":"post","link":"https:\/\/previews.elleven.digital\/acocearense\/planejamento-estrategico-2021-como-tomar-decisoes-diante-de-cenarios-instaveis\/","title":{"rendered":"Planejamento Estrat\u00e9gico 2021: Como tomar decis\u00f5es diante de cen\u00e1rios inst\u00e1veis?"},"content":{"rendered":"<p>Todos os dias, na vida pessoal ou no mundo corporativo, precisamos tomar diversas decis\u00f5es, das mais simples \u00e0s mais complexas.<\/p>\n<p>Nas empresas, muitas decis\u00f5es podem impactar tamb\u00e9m a sa\u00fade e o futuro do neg\u00f3cio, sejam elas para resolver problemas ou para aproveitar oportunidades.<\/p>\n<p>\u00c9 importante que o processo decis\u00f3rio esteja bem alinhado ao\u00a0<a href=\"https:\/\/previews.elleven.digital\/acocearense\/blog\/planejamento-estrategico\/5-dicas-para-o-planejamento-estrategico-da-sua-loja-de-ferro-e-aco\/\">planejamento estrat\u00e9gico<\/a>\u00a0da empresa, permitindo escolhas mais embasadas e seguras a curto, m\u00e9dio e longo prazo, al\u00e9m de garantir a competitividade do neg\u00f3cio.<\/p>\n<p>Afinal, as mudan\u00e7as s\u00e3o um fator constante no mundo corporativo, podendo vir de quest\u00f5es econ\u00f4micas, comportamentais, ambientais, pol\u00edticas, culturais\u2026. Por isso, as empresas precisam estar atentas a seu macro ambiente e aos poss\u00edveis cen\u00e1rios trazidos por ele.<\/p>\n<p>Esse olhar adiante \u00e9 fundamental no mundo corporativo, pois permite um maior tempo de prepara\u00e7\u00e3o e planejamento, o que, frente a situa\u00e7\u00f5es de\u00a0<a href=\"https:\/\/previews.elleven.digital\/acocearense\/blog\/gestao\/como-comecar-fazer-gestao-de-uma-crise-na-empresa\/?setlang=no\">crise<\/a>, pode se tornar um grande diferencial competitivo.<\/p>\n<p>Com as mudan\u00e7as impostas pela pandemia causada pelo novo\u00a0<a href=\"https:\/\/previews.elleven.digital\/acocearense\/blog\/gestao\/10-licoes-que-aprendemos-com-crise-do-coronavirus\/?setlang=no\">coronav\u00edrus<\/a>, por exemplo, quantas empresas precisaram rapidamente se adaptar e mudar, inclusive, modelos de neg\u00f3cio? Cen\u00e1rios de incerteza e instabilidade s\u00e3o bastante desafiadores, principalmente para micro ou pequena empresa (MPEs).<\/p>\n<p>A an\u00e1lise de cen\u00e1rios \u00e9 uma importante aliada para identificar \u201cfuturos poss\u00edveis\u201d, permitindo que, atrav\u00e9s do planejamento estrat\u00e9gico, as empresas possam se preparar.<\/p>\n<p><img loading=\"lazy\" decoding=\"async\" class=\"wp-image-3356 size-full aligncenter\" src=\"https:\/\/previews.elleven.digital\/acocearense\/blog\/wp-content\/uploads\/2021\/01\/Planejamento-Estrat%C3%A9gico-2021-Como-tomar-decis%C3%B5es-diante-de-cen%C3%A1rios-inst%C3%A1veis-2.png\" sizes=\"auto, (max-width: 626px) 100vw, 626px\" srcset=\"https:\/\/previews.elleven.digital\/acocearense\/blog\/wp-content\/uploads\/2021\/01\/Planejamento-Estrat\u00e9gico-2021-Como-tomar-decis\u00f5es-diante-de-cen\u00e1rios-inst\u00e1veis-2.png 626w, https:\/\/previews.elleven.digital\/acocearense\/blog\/wp-content\/uploads\/2021\/01\/Planejamento-Estrat\u00e9gico-2021-Como-tomar-decis\u00f5es-diante-de-cen\u00e1rios-inst\u00e1veis-2-300x270.png 300w\" alt=\"\" width=\"626\" height=\"564\" \/><\/p>\n<h2><b>Separamos algumas dicas para te ajudar no processo de tomada de decis\u00f5es diante de cen\u00e1rios inst\u00e1veis:<\/b><\/h2>\n<h3><b>Conte com o apoio de dados<\/b><\/h3>\n<p>Intui\u00e7\u00e3o e experi\u00eancia s\u00e3o grandes aliados na tomada de decis\u00f5es. Mas no meio corporativo precisamos contar com uma<a href=\"https:\/\/previews.elleven.digital\/acocearense\/blog\/gestao\/melhores-praticas-para-gerenciar-as-informacoes-em-um-negocio\/?setlang=no\">\u00a0base de dados<\/a>\u00a0confi\u00e1vel para dar suporte, principalmente frente a cen\u00e1rios inst\u00e1veis, que exigem ainda mais cautela por parte do gestor.<\/p>\n<h3><b>Cuidado com a velocidade<\/b><\/h3>\n<p>Cen\u00e1rios inst\u00e1veis ou de crise, muitas vezes, requerem respostas r\u00e1pidas (e assertivas). \u00c9 preciso ter muita cautela para garantir a velocidade da tomada de decis\u00f5es, mas sem agir de forma precipitada, que muitas vezes pode acabar causando danos e pedindo solu\u00e7\u00f5es remediadoras.<\/p>\n<h3><b>Estude os movimentos ao seu redor<\/b><\/h3>\n<p>Estar atento aos movimentos do mercado e fazer pesquisas com outras empresas (benchmarking) podem ajudar a desenvolver novas estrat\u00e9gias e abrir espa\u00e7o para a inova\u00e7\u00e3o. Outra alternativa interessante pode ser buscar ajuda externa, com profissionais do mercado que entendam bem seu segmento atrav\u00e9s de consultorias, ou mesmo de forma interna, atrav\u00e9s da cria\u00e7\u00e3o de times multidisciplinares com colaboradores de \u00e1reas distintas.<\/p>\n<h3><b>Monitore os resultados de suas decis\u00f5es<\/b><\/h3>\n<p>O problema n\u00e3o acaba ap\u00f3s a tomada da decis\u00e3o. \u00c9 preciso estar atento para avaliar a efic\u00e1cia das solu\u00e7\u00f5es definidas e, caso seja necess\u00e1rio, mudar algum ponto da estrat\u00e9gia para garantir mais efetividade e prevenir impactos indesejados.<\/p>\n<figure id=\"attachment_3362\" class=\"no-caption aligncenter\"><img loading=\"lazy\" decoding=\"async\" class=\"aligncenter wp-image-3362 size-full\" src=\"https:\/\/previews.elleven.digital\/acocearense\/blog\/wp-content\/uploads\/2021\/01\/Planejamento-Estrat%C3%A9gico-2021-Como-tomar-decis%C3%B5es-diante-de-cen%C3%A1rios-inst%C3%A1veis-3.png\" sizes=\"auto, (max-width: 626px) 100vw, 626px\" srcset=\"https:\/\/previews.elleven.digital\/acocearense\/blog\/wp-content\/uploads\/2021\/01\/Planejamento-Estrat\u00e9gico-2021-Como-tomar-decis\u00f5es-diante-de-cen\u00e1rios-inst\u00e1veis-3.png 626w, https:\/\/previews.elleven.digital\/acocearense\/blog\/wp-content\/uploads\/2021\/01\/Planejamento-Estrat\u00e9gico-2021-Como-tomar-decis\u00f5es-diante-de-cen\u00e1rios-inst\u00e1veis-3-300x199.png 300w\" alt=\"\" width=\"626\" height=\"415\" \/><\/figure>\n<h3><b>Alguns passos podem ser seguidos para ajudar a tomar decis\u00f5es de forma mais segura:<\/b><\/h3>\n<ul>\n<li>Percep\u00e7\u00e3o do problema ou oportunidade;<\/li>\n<li>An\u00e1lise e defini\u00e7\u00e3o;<\/li>\n<li>Defini\u00e7\u00e3o de objetivos e metas a serem seguidos;<\/li>\n<li>Busca de alternativas de solu\u00e7\u00e3o ou cursos de a\u00e7\u00e3o;<\/li>\n<li>Avalia\u00e7\u00e3o e compara\u00e7\u00e3o das alternativas;<\/li>\n<li>Implementa\u00e7\u00e3o da alternativa escolhida.<\/li>\n<\/ul>\n","protected":false},"excerpt":{"rendered":"<p>Todos os dias, na vida pessoal ou no mundo corporativo, precisamos tomar diversas decis\u00f5es, das(&#8230;)<\/p>\n","protected":false},"author":1,"featured_media":1331,"comment_status":"open","ping_status":"open","sticky":false,"template":"","format":"standard","meta":{"_acf_changed":false,"inline_featured_image":false,"footnotes":""},"categories":[31],"tags":[],"class_list":["post-1346","post","type-post","status-publish","format-standard","has-post-thumbnail","hentry","category-planejamento-estrategico"],"acf":[],"yoast_head":"<!-- This site is optimized with the Yoast SEO plugin v25.9 - https:\/\/yoast.com\/wordpress\/plugins\/seo\/ -->\n<title>Planejamento Estrat\u00e9gico 2021: Como tomar decis\u00f5es diante de cen\u00e1rios inst\u00e1veis? - Grupo A\u00e7o Cearense<\/title>\n<meta name=\"robots\" content=\"index, follow, max-snippet:-1, max-image-preview:large, max-video-preview:-1\" \/>\n<link rel=\"canonical\" href=\"https:\/\/previews.elleven.digital\/acocearense\/planejamento-estrategico-2021-como-tomar-decisoes-diante-de-cenarios-instaveis\/\" \/>\n<meta property=\"og:locale\" content=\"pt_BR\" \/>\n<meta property=\"og:type\" content=\"article\" \/>\n<meta property=\"og:title\" content=\"Planejamento Estrat\u00e9gico 2021: Como tomar decis\u00f5es diante de cen\u00e1rios inst\u00e1veis? - Grupo A\u00e7o Cearense\" \/>\n<meta property=\"og:description\" content=\"Todos os dias, na vida pessoal ou no mundo corporativo, precisamos tomar diversas decis\u00f5es, das(...)\" \/>\n<meta property=\"og:url\" content=\"https:\/\/previews.elleven.digital\/acocearense\/planejamento-estrategico-2021-como-tomar-decisoes-diante-de-cenarios-instaveis\/\" \/>\n<meta property=\"og:site_name\" content=\"Grupo A\u00e7o Cearense\" \/>\n<meta property=\"article:published_time\" content=\"2021-01-11T13:52:20+00:00\" \/>\n<meta property=\"article:modified_time\" content=\"2025-05-07T13:52:43+00:00\" \/>\n<meta property=\"og:image\" content=\"https:\/\/previews.elleven.digital\/acocearense\/wp-content\/uploads\/2025\/05\/Planejamento-Estrategico-2021-Como-tomar-decisoes-diante-de-cenarios-instaveis-1090x720-1.jpg\" \/>\n\t<meta property=\"og:image:width\" content=\"1090\" \/>\n\t<meta property=\"og:image:height\" content=\"720\" \/>\n\t<meta property=\"og:image:type\" content=\"image\/jpeg\" \/>\n<meta name=\"author\" content=\"elleven\" \/>\n<meta name=\"twitter:card\" content=\"summary_large_image\" \/>\n<meta name=\"twitter:label1\" content=\"Escrito por\" \/>\n\t<meta name=\"twitter:data1\" content=\"elleven\" \/>\n\t<meta name=\"twitter:label2\" content=\"Est. tempo de leitura\" \/>\n\t<meta name=\"twitter:data2\" content=\"4 minutos\" \/>\n<script type=\"application\/ld+json\" class=\"yoast-schema-graph\">{\"@context\":\"https:\/\/schema.org\",\"@graph\":[{\"@type\":\"WebPage\",\"@id\":\"https:\/\/previews.elleven.digital\/acocearense\/planejamento-estrategico-2021-como-tomar-decisoes-diante-de-cenarios-instaveis\/\",\"url\":\"https:\/\/previews.elleven.digital\/acocearense\/planejamento-estrategico-2021-como-tomar-decisoes-diante-de-cenarios-instaveis\/\",\"name\":\"Planejamento Estrat\u00e9gico 2021: Como tomar decis\u00f5es diante de cen\u00e1rios inst\u00e1veis? - Grupo A\u00e7o Cearense\",\"isPartOf\":{\"@id\":\"https:\/\/previews.elleven.digital\/acocearense\/#website\"},\"primaryImageOfPage\":{\"@id\":\"https:\/\/previews.elleven.digital\/acocearense\/planejamento-estrategico-2021-como-tomar-decisoes-diante-de-cenarios-instaveis\/#primaryimage\"},\"image\":{\"@id\":\"https:\/\/previews.elleven.digital\/acocearense\/planejamento-estrategico-2021-como-tomar-decisoes-diante-de-cenarios-instaveis\/#primaryimage\"},\"thumbnailUrl\":\"https:\/\/previews.elleven.digital\/acocearense\/wp-content\/uploads\/2025\/05\/Planejamento-Estrategico-2021-Como-tomar-decisoes-diante-de-cenarios-instaveis-1090x720-1.jpg\",\"datePublished\":\"2021-01-11T13:52:20+00:00\",\"dateModified\":\"2025-05-07T13:52:43+00:00\",\"author\":{\"@id\":\"https:\/\/previews.elleven.digital\/acocearense\/#\/schema\/person\/8e9165eb3c33e0860485c7c5fc06a701\"},\"breadcrumb\":{\"@id\":\"https:\/\/previews.elleven.digital\/acocearense\/planejamento-estrategico-2021-como-tomar-decisoes-diante-de-cenarios-instaveis\/#breadcrumb\"},\"inLanguage\":\"pt-BR\",\"potentialAction\":[{\"@type\":\"ReadAction\",\"target\":[\"https:\/\/previews.elleven.digital\/acocearense\/planejamento-estrategico-2021-como-tomar-decisoes-diante-de-cenarios-instaveis\/\"]}]},{\"@type\":\"ImageObject\",\"inLanguage\":\"pt-BR\",\"@id\":\"https:\/\/previews.elleven.digital\/acocearense\/planejamento-estrategico-2021-como-tomar-decisoes-diante-de-cenarios-instaveis\/#primaryimage\",\"url\":\"https:\/\/previews.elleven.digital\/acocearense\/wp-content\/uploads\/2025\/05\/Planejamento-Estrategico-2021-Como-tomar-decisoes-diante-de-cenarios-instaveis-1090x720-1.jpg\",\"contentUrl\":\"https:\/\/previews.elleven.digital\/acocearense\/wp-content\/uploads\/2025\/05\/Planejamento-Estrategico-2021-Como-tomar-decisoes-diante-de-cenarios-instaveis-1090x720-1.jpg\",\"width\":1090,\"height\":720},{\"@type\":\"BreadcrumbList\",\"@id\":\"https:\/\/previews.elleven.digital\/acocearense\/planejamento-estrategico-2021-como-tomar-decisoes-diante-de-cenarios-instaveis\/#breadcrumb\",\"itemListElement\":[{\"@type\":\"ListItem\",\"position\":1,\"name\":\"In\u00edcio\",\"item\":\"https:\/\/previews.elleven.digital\/acocearense\/\"},{\"@type\":\"ListItem\",\"position\":2,\"name\":\"Planejamento Estrat\u00e9gico 2021: Como tomar decis\u00f5es diante de cen\u00e1rios inst\u00e1veis?\"}]},{\"@type\":\"WebSite\",\"@id\":\"https:\/\/previews.elleven.digital\/acocearense\/#website\",\"url\":\"https:\/\/previews.elleven.digital\/acocearense\/\",\"name\":\"A\u00e7o Cearense\",\"description\":\"H\u00e1 mais de 45 anos no mercado brasileiro do a\u00e7o.\",\"alternateName\":\"A\u00e7o Cearense\",\"potentialAction\":[{\"@type\":\"SearchAction\",\"target\":{\"@type\":\"EntryPoint\",\"urlTemplate\":\"https:\/\/previews.elleven.digital\/acocearense\/?s={search_term_string}\"},\"query-input\":{\"@type\":\"PropertyValueSpecification\",\"valueRequired\":true,\"valueName\":\"search_term_string\"}}],\"inLanguage\":\"pt-BR\"},{\"@type\":\"Person\",\"@id\":\"https:\/\/previews.elleven.digital\/acocearense\/#\/schema\/person\/8e9165eb3c33e0860485c7c5fc06a701\",\"name\":\"elleven\",\"image\":{\"@type\":\"ImageObject\",\"inLanguage\":\"pt-BR\",\"@id\":\"https:\/\/previews.elleven.digital\/acocearense\/#\/schema\/person\/image\/\",\"url\":\"https:\/\/secure.gravatar.com\/avatar\/2a6afb49d9ecfed5dbc6c9606ce318b8bd07c077835179bddfd5d8209c03cb29?s=96&d=mm&r=g\",\"contentUrl\":\"https:\/\/secure.gravatar.com\/avatar\/2a6afb49d9ecfed5dbc6c9606ce318b8bd07c077835179bddfd5d8209c03cb29?s=96&d=mm&r=g\",\"caption\":\"elleven\"},\"sameAs\":[\"http:\/\/localhost\/acocearense\"],\"url\":\"https:\/\/previews.elleven.digital\/acocearense\/author\/elleven\/\"}]}<\/script>\n<!-- \/ Yoast SEO plugin. -->","yoast_head_json":{"title":"Planejamento Estrat\u00e9gico 2021: Como tomar decis\u00f5es diante de cen\u00e1rios inst\u00e1veis? - Grupo A\u00e7o Cearense","robots":{"index":"index","follow":"follow","max-snippet":"max-snippet:-1","max-image-preview":"max-image-preview:large","max-video-preview":"max-video-preview:-1"},"canonical":"https:\/\/previews.elleven.digital\/acocearense\/planejamento-estrategico-2021-como-tomar-decisoes-diante-de-cenarios-instaveis\/","og_locale":"pt_BR","og_type":"article","og_title":"Planejamento Estrat\u00e9gico 2021: Como tomar decis\u00f5es diante de cen\u00e1rios inst\u00e1veis? - Grupo A\u00e7o Cearense","og_description":"Todos os dias, na vida pessoal ou no mundo corporativo, precisamos tomar diversas decis\u00f5es, das(...)","og_url":"https:\/\/previews.elleven.digital\/acocearense\/planejamento-estrategico-2021-como-tomar-decisoes-diante-de-cenarios-instaveis\/","og_site_name":"Grupo A\u00e7o Cearense","article_published_time":"2021-01-11T13:52:20+00:00","article_modified_time":"2025-05-07T13:52:43+00:00","og_image":[{"width":1090,"height":720,"url":"https:\/\/previews.elleven.digital\/acocearense\/wp-content\/uploads\/2025\/05\/Planejamento-Estrategico-2021-Como-tomar-decisoes-diante-de-cenarios-instaveis-1090x720-1.jpg","type":"image\/jpeg"}],"author":"elleven","twitter_card":"summary_large_image","twitter_misc":{"Escrito por":"elleven","Est. tempo de leitura":"4 minutos"},"schema":{"@context":"https:\/\/schema.org","@graph":[{"@type":"WebPage","@id":"https:\/\/previews.elleven.digital\/acocearense\/planejamento-estrategico-2021-como-tomar-decisoes-diante-de-cenarios-instaveis\/","url":"https:\/\/previews.elleven.digital\/acocearense\/planejamento-estrategico-2021-como-tomar-decisoes-diante-de-cenarios-instaveis\/","name":"Planejamento Estrat\u00e9gico 2021: Como tomar decis\u00f5es diante de cen\u00e1rios inst\u00e1veis? - Grupo A\u00e7o Cearense","isPartOf":{"@id":"https:\/\/previews.elleven.digital\/acocearense\/#website"},"primaryImageOfPage":{"@id":"https:\/\/previews.elleven.digital\/acocearense\/planejamento-estrategico-2021-como-tomar-decisoes-diante-de-cenarios-instaveis\/#primaryimage"},"image":{"@id":"https:\/\/previews.elleven.digital\/acocearense\/planejamento-estrategico-2021-como-tomar-decisoes-diante-de-cenarios-instaveis\/#primaryimage"},"thumbnailUrl":"https:\/\/previews.elleven.digital\/acocearense\/wp-content\/uploads\/2025\/05\/Planejamento-Estrategico-2021-Como-tomar-decisoes-diante-de-cenarios-instaveis-1090x720-1.jpg","datePublished":"2021-01-11T13:52:20+00:00","dateModified":"2025-05-07T13:52:43+00:00","author":{"@id":"https:\/\/previews.elleven.digital\/acocearense\/#\/schema\/person\/8e9165eb3c33e0860485c7c5fc06a701"},"breadcrumb":{"@id":"https:\/\/previews.elleven.digital\/acocearense\/planejamento-estrategico-2021-como-tomar-decisoes-diante-de-cenarios-instaveis\/#breadcrumb"},"inLanguage":"pt-BR","potentialAction":[{"@type":"ReadAction","target":["https:\/\/previews.elleven.digital\/acocearense\/planejamento-estrategico-2021-como-tomar-decisoes-diante-de-cenarios-instaveis\/"]}]},{"@type":"ImageObject","inLanguage":"pt-BR","@id":"https:\/\/previews.elleven.digital\/acocearense\/planejamento-estrategico-2021-como-tomar-decisoes-diante-de-cenarios-instaveis\/#primaryimage","url":"https:\/\/previews.elleven.digital\/acocearense\/wp-content\/uploads\/2025\/05\/Planejamento-Estrategico-2021-Como-tomar-decisoes-diante-de-cenarios-instaveis-1090x720-1.jpg","contentUrl":"https:\/\/previews.elleven.digital\/acocearense\/wp-content\/uploads\/2025\/05\/Planejamento-Estrategico-2021-Como-tomar-decisoes-diante-de-cenarios-instaveis-1090x720-1.jpg","width":1090,"height":720},{"@type":"BreadcrumbList","@id":"https:\/\/previews.elleven.digital\/acocearense\/planejamento-estrategico-2021-como-tomar-decisoes-diante-de-cenarios-instaveis\/#breadcrumb","itemListElement":[{"@type":"ListItem","position":1,"name":"In\u00edcio","item":"https:\/\/previews.elleven.digital\/acocearense\/"},{"@type":"ListItem","position":2,"name":"Planejamento Estrat\u00e9gico 2021: Como tomar decis\u00f5es diante de cen\u00e1rios inst\u00e1veis?"}]},{"@type":"WebSite","@id":"https:\/\/previews.elleven.digital\/acocearense\/#website","url":"https:\/\/previews.elleven.digital\/acocearense\/","name":"A\u00e7o Cearense","description":"H\u00e1 mais de 45 anos no mercado brasileiro do a\u00e7o.","alternateName":"A\u00e7o Cearense","potentialAction":[{"@type":"SearchAction","target":{"@type":"EntryPoint","urlTemplate":"https:\/\/previews.elleven.digital\/acocearense\/?s={search_term_string}"},"query-input":{"@type":"PropertyValueSpecification","valueRequired":true,"valueName":"search_term_string"}}],"inLanguage":"pt-BR"},{"@type":"Person","@id":"https:\/\/previews.elleven.digital\/acocearense\/#\/schema\/person\/8e9165eb3c33e0860485c7c5fc06a701","name":"elleven","image":{"@type":"ImageObject","inLanguage":"pt-BR","@id":"https:\/\/previews.elleven.digital\/acocearense\/#\/schema\/person\/image\/","url":"https:\/\/secure.gravatar.com\/avatar\/2a6afb49d9ecfed5dbc6c9606ce318b8bd07c077835179bddfd5d8209c03cb29?s=96&d=mm&r=g","contentUrl":"https:\/\/secure.gravatar.com\/avatar\/2a6afb49d9ecfed5dbc6c9606ce318b8bd07c077835179bddfd5d8209c03cb29?s=96&d=mm&r=g","caption":"elleven"},"sameAs":["http:\/\/localhost\/acocearense"],"url":"https:\/\/previews.elleven.digital\/acocearense\/author\/elleven\/"}]}},"_links":{"self":[{"href":"https:\/\/previews.elleven.digital\/acocearense\/wp-json\/wp\/v2\/posts\/1346","targetHints":{"allow":["GET"]}}],"collection":[{"href":"https:\/\/previews.elleven.digital\/acocearense\/wp-json\/wp\/v2\/posts"}],"about":[{"href":"https:\/\/previews.elleven.digital\/acocearense\/wp-json\/wp\/v2\/types\/post"}],"author":[{"embeddable":true,"href":"https:\/\/previews.elleven.digital\/acocearense\/wp-json\/wp\/v2\/users\/1"}],"replies":[{"embeddable":true,"href":"https:\/\/previews.elleven.digital\/acocearense\/wp-json\/wp\/v2\/comments?post=1346"}],"version-history":[{"count":1,"href":"https:\/\/previews.elleven.digital\/acocearense\/wp-json\/wp\/v2\/posts\/1346\/revisions"}],"predecessor-version":[{"id":1347,"href":"https:\/\/previews.elleven.digital\/acocearense\/wp-json\/wp\/v2\/posts\/1346\/revisions\/1347"}],"wp:featuredmedia":[{"embeddable":true,"href":"https:\/\/previews.elleven.digital\/acocearense\/wp-json\/wp\/v2\/media\/1331"}],"wp:attachment":[{"href":"https:\/\/previews.elleven.digital\/acocearense\/wp-json\/wp\/v2\/media?parent=1346"}],"wp:term":[{"taxonomy":"category","embeddable":true,"href":"https:\/\/previews.elleven.digital\/acocearense\/wp-json\/wp\/v2\/categories?post=1346"},{"taxonomy":"post_tag","embeddable":true,"href":"https:\/\/previews.elleven.digital\/acocearense\/wp-json\/wp\/v2\/tags?post=1346"}],"curies":[{"name":"wp","href":"https:\/\/api.w.org\/{rel}","templated":true}]}}