{"id":1342,"date":"2020-12-29T10:51:08","date_gmt":"2020-12-29T13:51:08","guid":{"rendered":"https:\/\/previews.elleven.digital\/acocearense\/?p=1342"},"modified":"2025-05-07T10:51:38","modified_gmt":"2025-05-07T13:51:38","slug":"checklist-para-reestruturar-sua-empresa-pos-pandemia","status":"publish","type":"post","link":"https:\/\/previews.elleven.digital\/acocearense\/checklist-para-reestruturar-sua-empresa-pos-pandemia\/","title":{"rendered":"Checklist Para Reestruturar Sua Empresa P\u00f3s Pandemia"},"content":{"rendered":"<p>A crise gerada pela pandemia do novo coronav\u00edrus\u00a0<a href=\"https:\/\/previews.elleven.digital\/acocearense\/blog\/gestao\/principais-impactos-da-crise-na-construcao-civil\/?setlang=no\">impactou<\/a>\u00a0muitas atividades de diversos setores da economia. O momento que o mundo est\u00e1 enfrentando trouxe como consequ\u00eancia o colapso econ\u00f4mico da maior parte dos pa\u00edses, sejam eles desenvolvidos, emergentes ou pobres. Com o isolamento social adotado em grande parte do pa\u00eds, o mercado corporativo aderiu em peso ao regime de trabalho em home office, muitas lojas varejistas ficaram fechadas e servi\u00e7os foram suspensos.<\/p>\n<p>De acordo com os dados da Pesquisa Mensal de Servi\u00e7os divulgados pelo Instituto Brasileiro de Geografia e Estat\u00edstica (IBGE), o fluxo dos servi\u00e7os prestados no Pa\u00eds teve uma redu\u00e7\u00e3o de 15,4% no segundo trimestre de 2020 em compara\u00e7\u00e3o com o primeiro trimestre. No trimestre anterior, j\u00e1 havia tido um recuo de 3%, comparados com o quarto trimestre de 2019.<\/p>\n<p>Assim como toda crise econ\u00f4mica, esta que foi gerada por conta da pandemia mundial, em algum momento ir\u00e1 passar, convertendo-se em um per\u00edodo de recupera\u00e7\u00e3o. E agora os estados brasileiros est\u00e3o focando na retomada do com\u00e9rcio e dos servi\u00e7os n\u00e3o essenciais.<\/p>\n<figure id=\"attachment_3321\" class=\"no-caption alignnone\"><img loading=\"lazy\" decoding=\"async\" class=\"aligncenter wp-image-3321 size-full\" src=\"https:\/\/previews.elleven.digital\/acocearense\/blog\/wp-content\/uploads\/2021\/01\/Imagem-1.png\" sizes=\"auto, (max-width: 512px) 100vw, 512px\" srcset=\"https:\/\/previews.elleven.digital\/acocearense\/blog\/wp-content\/uploads\/2021\/01\/Imagem-1.png 512w, https:\/\/previews.elleven.digital\/acocearense\/blog\/wp-content\/uploads\/2021\/01\/Imagem-1-300x200.png 300w\" alt=\"\" width=\"512\" height=\"341\" \/><\/figure>\n<p><b>Dessa forma, f\u00e1bricas, lojas e escrit\u00f3rios iniciam um novo e complexo processo: como planejar a retomada dos neg\u00f3cios em meio \u00e0 pandemia?<\/b><\/p>\n<p>Uma constata\u00e7\u00e3o j\u00e1 definitiva \u00e9 de que a ado\u00e7\u00e3o da\u00a0<a href=\"https:\/\/previews.elleven.digital\/acocearense\/blog\/gestao\/aculturamento-digital-em-tempos-de-pandemia\/?setlang=no\">tecnologia<\/a>\u00a0nas rela\u00e7\u00f5es de trabalho e de neg\u00f3cios ser\u00e1 cada vez maior e mais efetiva, uma vez que ocorrer\u00e3o (na verdade, j\u00e1 est\u00e3o ocorrendo)\u00a0<a href=\"https:\/\/previews.elleven.digital\/acocearense\/blog\/gestao\/covid-19-medidas-para-empresas-durante-pandemia\/?setlang=no\">mudan\u00e7as<\/a>\u00a0significativas.<\/p>\n<p>Como fazer, ent\u00e3o, para reestruturar sua empresa para que ela n\u00e3o s\u00f3 sobreviva \u00e0 crise p\u00f3s-pandemia, mas continue eficiente e gerando lucro? Existem algumas possibilidades que viabilizam a reestrutura\u00e7\u00e3o das micro e pequenas empresas e a retomada do crescimento.<\/p>\n<figure id=\"attachment_3322\" class=\"no-caption alignnone\"><img loading=\"lazy\" decoding=\"async\" class=\"aligncenter wp-image-3322 size-full\" src=\"https:\/\/previews.elleven.digital\/acocearense\/blog\/wp-content\/uploads\/2021\/01\/imagem-2.png\" sizes=\"auto, (max-width: 640px) 100vw, 640px\" srcset=\"https:\/\/previews.elleven.digital\/acocearense\/blog\/wp-content\/uploads\/2021\/01\/imagem-2.png 640w, https:\/\/previews.elleven.digital\/acocearense\/blog\/wp-content\/uploads\/2021\/01\/imagem-2-300x225.png 300w, https:\/\/previews.elleven.digital\/acocearense\/blog\/wp-content\/uploads\/2021\/01\/imagem-2-320x239.png 320w\" alt=\"\" width=\"640\" height=\"480\" \/><\/figure>\n<p><b>Escolhas financeiras inteligentes podem ajudar a impulsionar estrat\u00e9gias corporativas sustent\u00e1veis, principalmente em situa\u00e7\u00f5es de crise como a que estamos vivendo.<\/b><\/p>\n<p>Por isso, \u00e9 fundamental que os gestores se capacitem para garantir o retorno ao trabalho sem riscos. Com as orienta\u00e7\u00f5es adequadas e a ado\u00e7\u00e3o de protocolos r\u00edgidos de higiene e seguran\u00e7a, os colaboradores se sentir\u00e3o confiantes e motivados para voltarem \u00e0s atividades rotineiras, mantendo sua produtividade.<\/p>\n<figure id=\"attachment_3323\" class=\"no-caption alignnone\"><img loading=\"lazy\" decoding=\"async\" class=\"aligncenter wp-image-3323 size-large\" src=\"https:\/\/previews.elleven.digital\/acocearense\/blog\/wp-content\/uploads\/2021\/01\/imagem-3-1024x580.png\" sizes=\"auto, (max-width: 1024px) 100vw, 1024px\" srcset=\"https:\/\/previews.elleven.digital\/acocearense\/blog\/wp-content\/uploads\/2021\/01\/imagem-3-1024x580.png 1024w, https:\/\/previews.elleven.digital\/acocearense\/blog\/wp-content\/uploads\/2021\/01\/imagem-3-300x170.png 300w, https:\/\/previews.elleven.digital\/acocearense\/blog\/wp-content\/uploads\/2021\/01\/imagem-3-768x435.png 768w, https:\/\/previews.elleven.digital\/acocearense\/blog\/wp-content\/uploads\/2021\/01\/imagem-3.png 1600w\" alt=\"\" width=\"1024\" height=\"580\" \/><\/figure>\n<p><b>Aproveitar as\u00a0<\/b><a href=\"https:\/\/previews.elleven.digital\/acocearense\/blog\/gestao\/covid-19-medidas-para-empresas-durante-pandemia\/\"><b>oportunidades<\/b><\/a><b>, buscar novas parcerias, negociar com os funcion\u00e1rios, credores,\u00a0<\/b><a href=\"https:\/\/previews.elleven.digital\/acocearense\/blog\/gestao-de-estoque\/gestao-de-fornecedores-qual-a-importancia-e-como-fazer\/\"><b>fornecedores<\/b><\/a><b>, adaptar-se \u00e0 nova realidade e se reinventar ser\u00e3o iniciativas primordiais para evitar o encerramento das atividades.<\/b><\/p>\n<p>Essas etapas possibilitar\u00e3o que as pequenas e m\u00e9dias empresas possam suportar \u00e9pocas de crises ou desastres. Diante disso, veja mais algumas\u00a0<a href=\"https:\/\/previews.elleven.digital\/acocearense\/blog\/gestao\/10-licoes-que-aprendemos-com-crise-do-coronavirus\/\">dicas<\/a>\u00a0para conter os desastres p\u00f3s pandemia.<\/p>\n<ul>\n<li>Comunique-se de forma eficiente internamente e externamente, conscientize e eduque a todos;<\/li>\n<li>Avalie seu modelo de neg\u00f3cio para reduzir custos desnecess\u00e1rios e aumentar a receita a ser obtida;<\/li>\n<li>Incentive projetos inovadores entre seus colaboradores para melhorar a efici\u00eancia operacional nos processos internos;<\/li>\n<li>Acompanhe o comportamento de consumo do seu\u00a0<a href=\"https:\/\/previews.elleven.digital\/acocearense\/blog\/gestao\/retencao-de-clientes-na-crise-3-dicas-para-implementar-hoje-na-sua-empresa\/\">p\u00fablico<\/a>\u00a0e fa\u00e7a adapta\u00e7\u00f5es sempre que necess\u00e1rio;<\/li>\n<li>Administre rigorosamente o fluxo de caixa, prevendo gastos fixos, tribut\u00e1rios e obrigat\u00f3rios;<\/li>\n<li>Estruture sua\u00a0<a href=\"https:\/\/previews.elleven.digital\/acocearense\/blog\/vender-mais\/importancia-da-reserva-de-emergencia-para-o-crescimento-da-sua-empresa\/\">reserva financeira<\/a>\u00a0para outros momentos de crise;<\/li>\n<li>\u00a0Invista em novas tecnologias para gerar economia de recursos e efici\u00eancia;<\/li>\n<li>Crie, simule e implemente estrat\u00e9gias para adotar em momentos de\u00a0<a href=\"https:\/\/previews.elleven.digital\/acocearense\/blog\/gestao\/como-comecar-fazer-gestao-de-uma-crise-na-empresa\/?setlang=no\">crise<\/a>, essas estrat\u00e9gias ser\u00e3o aplicadas principalmente \u00e0s\u00a0<a href=\"https:\/\/previews.elleven.digital\/acocearense\/blog\/gestao\/proposito-pessoas-e-inovacao\/\">pessoas<\/a>, aos processos e \u00e0s tecnologias.<\/li>\n<\/ul>\n","protected":false},"excerpt":{"rendered":"<p>A crise gerada pela pandemia do novo coronav\u00edrus\u00a0impactou\u00a0muitas atividades de diversos setores da economia. O(&#8230;)<\/p>\n","protected":false},"author":1,"featured_media":1333,"comment_status":"open","ping_status":"open","sticky":false,"template":"","format":"standard","meta":{"_acf_changed":false,"inline_featured_image":false,"footnotes":""},"categories":[31],"tags":[],"class_list":["post-1342","post","type-post","status-publish","format-standard","has-post-thumbnail","hentry","category-planejamento-estrategico"],"acf":[],"yoast_head":"<!-- This site is optimized with the Yoast SEO plugin v25.9 - https:\/\/yoast.com\/wordpress\/plugins\/seo\/ -->\n<title>Checklist Para Reestruturar Sua Empresa P\u00f3s Pandemia - Grupo A\u00e7o Cearense<\/title>\n<meta name=\"robots\" content=\"index, follow, max-snippet:-1, max-image-preview:large, max-video-preview:-1\" \/>\n<link rel=\"canonical\" href=\"https:\/\/previews.elleven.digital\/acocearense\/checklist-para-reestruturar-sua-empresa-pos-pandemia\/\" \/>\n<meta property=\"og:locale\" content=\"pt_BR\" \/>\n<meta property=\"og:type\" content=\"article\" \/>\n<meta property=\"og:title\" content=\"Checklist Para Reestruturar Sua Empresa P\u00f3s Pandemia - Grupo A\u00e7o Cearense\" \/>\n<meta property=\"og:description\" content=\"A crise gerada pela pandemia do novo coronav\u00edrus\u00a0impactou\u00a0muitas atividades de diversos setores da economia. O(...)\" \/>\n<meta property=\"og:url\" content=\"https:\/\/previews.elleven.digital\/acocearense\/checklist-para-reestruturar-sua-empresa-pos-pandemia\/\" \/>\n<meta property=\"og:site_name\" content=\"Grupo A\u00e7o Cearense\" \/>\n<meta property=\"article:published_time\" content=\"2020-12-29T13:51:08+00:00\" \/>\n<meta property=\"article:modified_time\" content=\"2025-05-07T13:51:38+00:00\" \/>\n<meta property=\"og:image\" content=\"https:\/\/previews.elleven.digital\/acocearense\/wp-content\/uploads\/2025\/05\/Checklist-Para-Reestruturar-Sua-Empresa-Pos-Pandemia-1090x720-1.jpeg\" \/>\n\t<meta property=\"og:image:width\" content=\"1090\" \/>\n\t<meta property=\"og:image:height\" content=\"720\" \/>\n\t<meta property=\"og:image:type\" content=\"image\/jpeg\" \/>\n<meta name=\"author\" content=\"elleven\" \/>\n<meta name=\"twitter:card\" content=\"summary_large_image\" \/>\n<meta name=\"twitter:label1\" content=\"Escrito por\" \/>\n\t<meta name=\"twitter:data1\" content=\"elleven\" \/>\n\t<meta name=\"twitter:label2\" content=\"Est. tempo de leitura\" \/>\n\t<meta name=\"twitter:data2\" content=\"4 minutos\" \/>\n<script type=\"application\/ld+json\" class=\"yoast-schema-graph\">{\"@context\":\"https:\/\/schema.org\",\"@graph\":[{\"@type\":\"WebPage\",\"@id\":\"https:\/\/previews.elleven.digital\/acocearense\/checklist-para-reestruturar-sua-empresa-pos-pandemia\/\",\"url\":\"https:\/\/previews.elleven.digital\/acocearense\/checklist-para-reestruturar-sua-empresa-pos-pandemia\/\",\"name\":\"Checklist Para Reestruturar Sua Empresa P\u00f3s Pandemia - Grupo A\u00e7o Cearense\",\"isPartOf\":{\"@id\":\"https:\/\/previews.elleven.digital\/acocearense\/#website\"},\"primaryImageOfPage\":{\"@id\":\"https:\/\/previews.elleven.digital\/acocearense\/checklist-para-reestruturar-sua-empresa-pos-pandemia\/#primaryimage\"},\"image\":{\"@id\":\"https:\/\/previews.elleven.digital\/acocearense\/checklist-para-reestruturar-sua-empresa-pos-pandemia\/#primaryimage\"},\"thumbnailUrl\":\"https:\/\/previews.elleven.digital\/acocearense\/wp-content\/uploads\/2025\/05\/Checklist-Para-Reestruturar-Sua-Empresa-Pos-Pandemia-1090x720-1.jpeg\",\"datePublished\":\"2020-12-29T13:51:08+00:00\",\"dateModified\":\"2025-05-07T13:51:38+00:00\",\"author\":{\"@id\":\"https:\/\/previews.elleven.digital\/acocearense\/#\/schema\/person\/8e9165eb3c33e0860485c7c5fc06a701\"},\"breadcrumb\":{\"@id\":\"https:\/\/previews.elleven.digital\/acocearense\/checklist-para-reestruturar-sua-empresa-pos-pandemia\/#breadcrumb\"},\"inLanguage\":\"pt-BR\",\"potentialAction\":[{\"@type\":\"ReadAction\",\"target\":[\"https:\/\/previews.elleven.digital\/acocearense\/checklist-para-reestruturar-sua-empresa-pos-pandemia\/\"]}]},{\"@type\":\"ImageObject\",\"inLanguage\":\"pt-BR\",\"@id\":\"https:\/\/previews.elleven.digital\/acocearense\/checklist-para-reestruturar-sua-empresa-pos-pandemia\/#primaryimage\",\"url\":\"https:\/\/previews.elleven.digital\/acocearense\/wp-content\/uploads\/2025\/05\/Checklist-Para-Reestruturar-Sua-Empresa-Pos-Pandemia-1090x720-1.jpeg\",\"contentUrl\":\"https:\/\/previews.elleven.digital\/acocearense\/wp-content\/uploads\/2025\/05\/Checklist-Para-Reestruturar-Sua-Empresa-Pos-Pandemia-1090x720-1.jpeg\",\"width\":1090,\"height\":720},{\"@type\":\"BreadcrumbList\",\"@id\":\"https:\/\/previews.elleven.digital\/acocearense\/checklist-para-reestruturar-sua-empresa-pos-pandemia\/#breadcrumb\",\"itemListElement\":[{\"@type\":\"ListItem\",\"position\":1,\"name\":\"In\u00edcio\",\"item\":\"https:\/\/previews.elleven.digital\/acocearense\/\"},{\"@type\":\"ListItem\",\"position\":2,\"name\":\"Checklist Para Reestruturar Sua Empresa P\u00f3s Pandemia\"}]},{\"@type\":\"WebSite\",\"@id\":\"https:\/\/previews.elleven.digital\/acocearense\/#website\",\"url\":\"https:\/\/previews.elleven.digital\/acocearense\/\",\"name\":\"A\u00e7o Cearense\",\"description\":\"H\u00e1 mais de 45 anos no mercado brasileiro do a\u00e7o.\",\"alternateName\":\"A\u00e7o Cearense\",\"potentialAction\":[{\"@type\":\"SearchAction\",\"target\":{\"@type\":\"EntryPoint\",\"urlTemplate\":\"https:\/\/previews.elleven.digital\/acocearense\/?s={search_term_string}\"},\"query-input\":{\"@type\":\"PropertyValueSpecification\",\"valueRequired\":true,\"valueName\":\"search_term_string\"}}],\"inLanguage\":\"pt-BR\"},{\"@type\":\"Person\",\"@id\":\"https:\/\/previews.elleven.digital\/acocearense\/#\/schema\/person\/8e9165eb3c33e0860485c7c5fc06a701\",\"name\":\"elleven\",\"image\":{\"@type\":\"ImageObject\",\"inLanguage\":\"pt-BR\",\"@id\":\"https:\/\/previews.elleven.digital\/acocearense\/#\/schema\/person\/image\/\",\"url\":\"https:\/\/secure.gravatar.com\/avatar\/2a6afb49d9ecfed5dbc6c9606ce318b8bd07c077835179bddfd5d8209c03cb29?s=96&d=mm&r=g\",\"contentUrl\":\"https:\/\/secure.gravatar.com\/avatar\/2a6afb49d9ecfed5dbc6c9606ce318b8bd07c077835179bddfd5d8209c03cb29?s=96&d=mm&r=g\",\"caption\":\"elleven\"},\"sameAs\":[\"http:\/\/localhost\/acocearense\"],\"url\":\"https:\/\/previews.elleven.digital\/acocearense\/author\/elleven\/\"}]}<\/script>\n<!-- \/ Yoast SEO plugin. -->","yoast_head_json":{"title":"Checklist Para Reestruturar Sua Empresa P\u00f3s Pandemia - Grupo A\u00e7o Cearense","robots":{"index":"index","follow":"follow","max-snippet":"max-snippet:-1","max-image-preview":"max-image-preview:large","max-video-preview":"max-video-preview:-1"},"canonical":"https:\/\/previews.elleven.digital\/acocearense\/checklist-para-reestruturar-sua-empresa-pos-pandemia\/","og_locale":"pt_BR","og_type":"article","og_title":"Checklist Para Reestruturar Sua Empresa P\u00f3s Pandemia - Grupo A\u00e7o Cearense","og_description":"A crise gerada pela pandemia do novo coronav\u00edrus\u00a0impactou\u00a0muitas atividades de diversos setores da economia. O(...)","og_url":"https:\/\/previews.elleven.digital\/acocearense\/checklist-para-reestruturar-sua-empresa-pos-pandemia\/","og_site_name":"Grupo A\u00e7o Cearense","article_published_time":"2020-12-29T13:51:08+00:00","article_modified_time":"2025-05-07T13:51:38+00:00","og_image":[{"width":1090,"height":720,"url":"https:\/\/previews.elleven.digital\/acocearense\/wp-content\/uploads\/2025\/05\/Checklist-Para-Reestruturar-Sua-Empresa-Pos-Pandemia-1090x720-1.jpeg","type":"image\/jpeg"}],"author":"elleven","twitter_card":"summary_large_image","twitter_misc":{"Escrito por":"elleven","Est. tempo de leitura":"4 minutos"},"schema":{"@context":"https:\/\/schema.org","@graph":[{"@type":"WebPage","@id":"https:\/\/previews.elleven.digital\/acocearense\/checklist-para-reestruturar-sua-empresa-pos-pandemia\/","url":"https:\/\/previews.elleven.digital\/acocearense\/checklist-para-reestruturar-sua-empresa-pos-pandemia\/","name":"Checklist Para Reestruturar Sua Empresa P\u00f3s Pandemia - Grupo A\u00e7o Cearense","isPartOf":{"@id":"https:\/\/previews.elleven.digital\/acocearense\/#website"},"primaryImageOfPage":{"@id":"https:\/\/previews.elleven.digital\/acocearense\/checklist-para-reestruturar-sua-empresa-pos-pandemia\/#primaryimage"},"image":{"@id":"https:\/\/previews.elleven.digital\/acocearense\/checklist-para-reestruturar-sua-empresa-pos-pandemia\/#primaryimage"},"thumbnailUrl":"https:\/\/previews.elleven.digital\/acocearense\/wp-content\/uploads\/2025\/05\/Checklist-Para-Reestruturar-Sua-Empresa-Pos-Pandemia-1090x720-1.jpeg","datePublished":"2020-12-29T13:51:08+00:00","dateModified":"2025-05-07T13:51:38+00:00","author":{"@id":"https:\/\/previews.elleven.digital\/acocearense\/#\/schema\/person\/8e9165eb3c33e0860485c7c5fc06a701"},"breadcrumb":{"@id":"https:\/\/previews.elleven.digital\/acocearense\/checklist-para-reestruturar-sua-empresa-pos-pandemia\/#breadcrumb"},"inLanguage":"pt-BR","potentialAction":[{"@type":"ReadAction","target":["https:\/\/previews.elleven.digital\/acocearense\/checklist-para-reestruturar-sua-empresa-pos-pandemia\/"]}]},{"@type":"ImageObject","inLanguage":"pt-BR","@id":"https:\/\/previews.elleven.digital\/acocearense\/checklist-para-reestruturar-sua-empresa-pos-pandemia\/#primaryimage","url":"https:\/\/previews.elleven.digital\/acocearense\/wp-content\/uploads\/2025\/05\/Checklist-Para-Reestruturar-Sua-Empresa-Pos-Pandemia-1090x720-1.jpeg","contentUrl":"https:\/\/previews.elleven.digital\/acocearense\/wp-content\/uploads\/2025\/05\/Checklist-Para-Reestruturar-Sua-Empresa-Pos-Pandemia-1090x720-1.jpeg","width":1090,"height":720},{"@type":"BreadcrumbList","@id":"https:\/\/previews.elleven.digital\/acocearense\/checklist-para-reestruturar-sua-empresa-pos-pandemia\/#breadcrumb","itemListElement":[{"@type":"ListItem","position":1,"name":"In\u00edcio","item":"https:\/\/previews.elleven.digital\/acocearense\/"},{"@type":"ListItem","position":2,"name":"Checklist Para Reestruturar Sua Empresa P\u00f3s Pandemia"}]},{"@type":"WebSite","@id":"https:\/\/previews.elleven.digital\/acocearense\/#website","url":"https:\/\/previews.elleven.digital\/acocearense\/","name":"A\u00e7o Cearense","description":"H\u00e1 mais de 45 anos no mercado brasileiro do a\u00e7o.","alternateName":"A\u00e7o Cearense","potentialAction":[{"@type":"SearchAction","target":{"@type":"EntryPoint","urlTemplate":"https:\/\/previews.elleven.digital\/acocearense\/?s={search_term_string}"},"query-input":{"@type":"PropertyValueSpecification","valueRequired":true,"valueName":"search_term_string"}}],"inLanguage":"pt-BR"},{"@type":"Person","@id":"https:\/\/previews.elleven.digital\/acocearense\/#\/schema\/person\/8e9165eb3c33e0860485c7c5fc06a701","name":"elleven","image":{"@type":"ImageObject","inLanguage":"pt-BR","@id":"https:\/\/previews.elleven.digital\/acocearense\/#\/schema\/person\/image\/","url":"https:\/\/secure.gravatar.com\/avatar\/2a6afb49d9ecfed5dbc6c9606ce318b8bd07c077835179bddfd5d8209c03cb29?s=96&d=mm&r=g","contentUrl":"https:\/\/secure.gravatar.com\/avatar\/2a6afb49d9ecfed5dbc6c9606ce318b8bd07c077835179bddfd5d8209c03cb29?s=96&d=mm&r=g","caption":"elleven"},"sameAs":["http:\/\/localhost\/acocearense"],"url":"https:\/\/previews.elleven.digital\/acocearense\/author\/elleven\/"}]}},"_links":{"self":[{"href":"https:\/\/previews.elleven.digital\/acocearense\/wp-json\/wp\/v2\/posts\/1342","targetHints":{"allow":["GET"]}}],"collection":[{"href":"https:\/\/previews.elleven.digital\/acocearense\/wp-json\/wp\/v2\/posts"}],"about":[{"href":"https:\/\/previews.elleven.digital\/acocearense\/wp-json\/wp\/v2\/types\/post"}],"author":[{"embeddable":true,"href":"https:\/\/previews.elleven.digital\/acocearense\/wp-json\/wp\/v2\/users\/1"}],"replies":[{"embeddable":true,"href":"https:\/\/previews.elleven.digital\/acocearense\/wp-json\/wp\/v2\/comments?post=1342"}],"version-history":[{"count":1,"href":"https:\/\/previews.elleven.digital\/acocearense\/wp-json\/wp\/v2\/posts\/1342\/revisions"}],"predecessor-version":[{"id":1343,"href":"https:\/\/previews.elleven.digital\/acocearense\/wp-json\/wp\/v2\/posts\/1342\/revisions\/1343"}],"wp:featuredmedia":[{"embeddable":true,"href":"https:\/\/previews.elleven.digital\/acocearense\/wp-json\/wp\/v2\/media\/1333"}],"wp:attachment":[{"href":"https:\/\/previews.elleven.digital\/acocearense\/wp-json\/wp\/v2\/media?parent=1342"}],"wp:term":[{"taxonomy":"category","embeddable":true,"href":"https:\/\/previews.elleven.digital\/acocearense\/wp-json\/wp\/v2\/categories?post=1342"},{"taxonomy":"post_tag","embeddable":true,"href":"https:\/\/previews.elleven.digital\/acocearense\/wp-json\/wp\/v2\/tags?post=1342"}],"curies":[{"name":"wp","href":"https:\/\/api.w.org\/{rel}","templated":true}]}}