{"id":1340,"date":"2020-12-28T10:50:26","date_gmt":"2020-12-28T13:50:26","guid":{"rendered":"https:\/\/previews.elleven.digital\/acocearense\/?p=1340"},"modified":"2025-05-07T10:50:55","modified_gmt":"2025-05-07T13:50:55","slug":"perspectivas-e-oportunidades-para-a-construcao-civil-na-retomada-economica","status":"publish","type":"post","link":"https:\/\/previews.elleven.digital\/acocearense\/perspectivas-e-oportunidades-para-a-construcao-civil-na-retomada-economica\/","title":{"rendered":"Perspectivas e Oportunidades para a Constru\u00e7\u00e3o Civil na Retomada Econ\u00f4mica"},"content":{"rendered":"<p>A\u00a0<a href=\"https:\/\/previews.elleven.digital\/acocearense\/blog\/gestao\/3-ensinamentos-de-2020-que-construcao-civil-precisa-colocar-em-pratica\/?setlang=no\">Constru\u00e7\u00e3o Civil<\/a>\u00a0\u00e9 um dos motores da economia do pa\u00eds. Al\u00e9m de impactar outros setores da economia, emprega milh\u00f5es de pessoas gerando renda e desenvolvimento em uma abrangente cadeia, desde a produ\u00e7\u00e3o de\u00a0<a href=\"https:\/\/previews.elleven.digital\/acocearense\/blog\/abrindo-o-negocio\/conheca-os-5-principais-materiais-para-construcao-civil\/?setlang=no\">insumos b\u00e1sicos<\/a>\u00a0at\u00e9 o setor imobili\u00e1rio, de seguros, decora\u00e7\u00e3o\u2026<\/p>\n<p>Em 2020, a Constru\u00e7\u00e3o Civil foi o setor que mais gerou empregos no Brasil: 138.409 vagas formais, de acordo com dados do Minist\u00e9rio da Economia.<\/p>\n<p>Com a retomada econ\u00f4mica ap\u00f3s o auge da pandemia da covid-19, o setor vem se recuperando desde maio de 2020, em rela\u00e7\u00e3o ao auge da crise, e a partir de agosto deste mesmo ano j\u00e1 come\u00e7a a apresentar resultados positivos.<\/p>\n<p>De acordo com a<a href=\"https:\/\/cbic.org.br\/wp-content\/uploads\/2020\/12\/balanco-construcao-2020-2021.pdf\" target=\"_blank\" rel=\"noopener noreferrer\">\u00a0Sondagem da Ind\u00fastria da Constru\u00e7\u00e3o<\/a>, realizada pela<a href=\"https:\/\/cbic.org.br\/sondagem\/\" target=\"_blank\" rel=\"noopener noreferrer\">\u00a0C\u00e2mara Brasileira da Ind\u00fastria da Constru\u00e7\u00e3o (CBIC),<\/a>\u00a0o \u00cdndice de Confian\u00e7a do empres\u00e1rio da Constru\u00e7\u00e3o 58,9 pontos em novembro de 2020, n\u00famero superior \u00e0 m\u00e9dia hist\u00f3rica do indicador (53,6 pontos).<\/p>\n<p>Ainda segundo o relat\u00f3rio, as expectativas para os empres\u00e1rios do setor s\u00e3o positivas para o primeiro semestre de 2021, estimando aumento do n\u00edvel de atividade e um maior volume de lan\u00e7amento de novos empreendimentos e servi\u00e7os. Os resultados desta\u00a0<a href=\"https:\/\/cbic.org.br\/wp-content\/uploads\/2020\/12\/balanco-construcao-2020-2021.pdf\">Sondagem<\/a>\u00a0sinalizam aumento na compra de insumos e gera\u00e7\u00e3o de novas vagas no setor.<\/p>\n<p>\u201cPara 2021 a perspectiva indica expans\u00e3o de 3,5% para a economia brasileira, enquanto a Constru\u00e7\u00e3o poder\u00e1 registrar incremento de 4% em seu PIB. Caso confirmado, esse ser\u00e1 o maior crescimento do setor desde 2013 (4,5%)\u201d, segundo a<a href=\"https:\/\/cbic.org.br\/wp-content\/uploads\/2020\/12\/balanco-construcao-2020-2021.pdf\" target=\"_blank\" rel=\"noopener noreferrer\">\u00a0Sondagem<\/a>. Um risco observado para atingir esse desempenho \u00e9 a possibilidade \u00e9 o desabastecimento e aumento de custos com materiais.<\/p>\n<h3><b>Algumas oportunidades e tend\u00eancias para a Constru\u00e7\u00e3o Civil:<\/b><\/h3>\n<p>\u2013 A pandemia trouxe novos h\u00e1bitos e algumas necessidades de adequa\u00e7\u00e3o, reformas e adapta\u00e7\u00f5es em escrit\u00f3rios, lojas e resid\u00eancias. Explore essas oportunidades e mostre a import\u00e2ncia do seu servi\u00e7o.<\/p>\n<p>\u2013 As mudan\u00e7as culturais advindas da pandemia, com trabalho home-office, mais tempo para usufruir a casa, pressionam pela demanda pelo \u201cmorar bem\u201d, com espa\u00e7os amplos, ventilados e op\u00e7\u00f5es de lazer. Tudo isso pode tanto estimular reformas e constru\u00e7\u00f5es como aquisi\u00e7\u00f5es de im\u00f3veis.<\/p>\n<p>\u2013 Em 2020, a taxa SELIC atingiu o patamar mais baixo da hist\u00f3ria. As previs\u00f5es para 2021 s\u00e3o de que a taxa se mantenha baixa, o que tamb\u00e9m estimula uma maior demanda por lan\u00e7amentos e vendas de im\u00f3veis. A tend\u00eancia \u00e9 que esse cen\u00e1rio se mantenha positivo nos anos seguintes.<\/p>\n<p>\u2013 Conhe\u00e7a os incentivos que o governo vem ofertando nesse per\u00edodo e aproveite para utilizar os que forem mais adequados \u00e0 realidade do seu neg\u00f3cio.<\/p>\n<p>\u2013 Qualidade dos servi\u00e7os e qualifica\u00e7\u00e3o s\u00e3o cada vez mais importantes. Afinal, em per\u00edodos de crise as pessoas racionalizam cada vez mais os seus gastos.<\/p>\n<p>Invista em\u00a0<a href=\"https:\/\/previews.elleven.digital\/acocearense\/blog\/abrindo-o-negocio\/5-tecnicas-para-desenvolver-um-atendimento-ao-cliente-de-excelencia\/?setlang=no\">relacionamento\u00a0<\/a>e aprenda a\u00a0<a href=\"https:\/\/previews.elleven.digital\/acocearense\/blog\/gestao\/retencao-de-clientes-na-crise-3-dicas-para-implementar-hoje-na-sua-empresa\/?setlang=no\">fidelizar seu p\u00fablico consumidor<\/a>. \u00c9 importante que sua empresa tenha uma marca forte, que gere conex\u00e3o com o cliente.<\/p>\n<p>Automatiza\u00e7\u00e3o da produ\u00e7\u00e3o, tecnologia e a digitaliza\u00e7\u00e3o s\u00e3o importantes para impulsionar a produtividade do setor. Fique atento, tamb\u00e9m, ao surgimento de startups que podem acelerar o uso de novas tecnologias e dos modelos de neg\u00f3cios atuais.<\/p>\n<p><b>Fontes:<\/b><\/p>\n<ul>\n<li><a href=\"https:\/\/www.institutodaconstrucao.com.br\/blog\" target=\"_blank\" rel=\"noopener noreferrer\">Instituto da Constru\u00e7\u00e3o<\/a><\/li>\n<li><a href=\"https:\/\/www.cbca-acobrasil.org.br\/site\/noticias\/a-importancia-da-construcao-civil-na-retomada-da-economia-e-os-beneficios-da-industrializacao-do-setor\" target=\"_blank\" rel=\"noopener noreferrer\">CBCA<\/a><\/li>\n<li><a href=\"https:\/\/cbic.org.br\/sondagem\/\" target=\"_blank\" rel=\"noopener noreferrer\">CBIC<\/a><\/li>\n<li><a href=\"https:\/\/www.cimentoitambe.com.br\/massa-cinzenta\/para-fmi-construcao-civil-retoma-crescimento-em-2021\/\" target=\"_blank\" rel=\"noopener noreferrer\">Cimento Itamb\u00e9<\/a><\/li>\n<li><a href=\"https:\/\/www.economiasc.com\/2020\/11\/30\/o-que-esperar-da-construcao-civil-em-2021\/\" target=\"_blank\" rel=\"noopener noreferrer\">Economia SC<\/a><\/li>\n<li><a href=\"https:\/\/drive.google.com\/file\/d\/1d7o8bEVQKfTjIjKfXTAJhyevI5b7sTQM\/view\" target=\"_blank\" rel=\"noopener noreferrer\">Caravela Solu\u00e7\u00f5es<\/a><\/li>\n<\/ul>\n","protected":false},"excerpt":{"rendered":"<p>A\u00a0Constru\u00e7\u00e3o Civil\u00a0\u00e9 um dos motores da economia do pa\u00eds. Al\u00e9m de impactar outros setores da(&#8230;)<\/p>\n","protected":false},"author":1,"featured_media":1335,"comment_status":"open","ping_status":"open","sticky":false,"template":"","format":"standard","meta":{"_acf_changed":false,"inline_featured_image":false,"footnotes":""},"categories":[31],"tags":[],"class_list":["post-1340","post","type-post","status-publish","format-standard","has-post-thumbnail","hentry","category-planejamento-estrategico"],"acf":[],"yoast_head":"<!-- This site is optimized with the Yoast SEO plugin v25.9 - https:\/\/yoast.com\/wordpress\/plugins\/seo\/ -->\n<title>Perspectivas e Oportunidades para a Constru\u00e7\u00e3o Civil na Retomada Econ\u00f4mica - Grupo A\u00e7o Cearense<\/title>\n<meta name=\"robots\" content=\"index, follow, max-snippet:-1, max-image-preview:large, max-video-preview:-1\" \/>\n<link rel=\"canonical\" href=\"https:\/\/previews.elleven.digital\/acocearense\/perspectivas-e-oportunidades-para-a-construcao-civil-na-retomada-economica\/\" \/>\n<meta property=\"og:locale\" content=\"pt_BR\" \/>\n<meta property=\"og:type\" content=\"article\" \/>\n<meta property=\"og:title\" content=\"Perspectivas e Oportunidades para a Constru\u00e7\u00e3o Civil na Retomada Econ\u00f4mica - Grupo A\u00e7o Cearense\" \/>\n<meta property=\"og:description\" content=\"A\u00a0Constru\u00e7\u00e3o Civil\u00a0\u00e9 um dos motores da economia do pa\u00eds. Al\u00e9m de impactar outros setores da(...)\" \/>\n<meta property=\"og:url\" content=\"https:\/\/previews.elleven.digital\/acocearense\/perspectivas-e-oportunidades-para-a-construcao-civil-na-retomada-economica\/\" \/>\n<meta property=\"og:site_name\" content=\"Grupo A\u00e7o Cearense\" \/>\n<meta property=\"article:published_time\" content=\"2020-12-28T13:50:26+00:00\" \/>\n<meta property=\"article:modified_time\" content=\"2025-05-07T13:50:55+00:00\" \/>\n<meta property=\"og:image\" content=\"https:\/\/previews.elleven.digital\/acocearense\/wp-content\/uploads\/2025\/05\/gac-1-1024x720-1.jpg\" \/>\n\t<meta property=\"og:image:width\" content=\"1024\" \/>\n\t<meta property=\"og:image:height\" content=\"720\" \/>\n\t<meta property=\"og:image:type\" content=\"image\/jpeg\" \/>\n<meta name=\"author\" content=\"elleven\" \/>\n<meta name=\"twitter:card\" content=\"summary_large_image\" \/>\n<meta name=\"twitter:label1\" content=\"Escrito por\" \/>\n\t<meta name=\"twitter:data1\" content=\"elleven\" \/>\n\t<meta name=\"twitter:label2\" content=\"Est. tempo de leitura\" \/>\n\t<meta name=\"twitter:data2\" content=\"3 minutos\" \/>\n<script type=\"application\/ld+json\" class=\"yoast-schema-graph\">{\"@context\":\"https:\/\/schema.org\",\"@graph\":[{\"@type\":\"WebPage\",\"@id\":\"https:\/\/previews.elleven.digital\/acocearense\/perspectivas-e-oportunidades-para-a-construcao-civil-na-retomada-economica\/\",\"url\":\"https:\/\/previews.elleven.digital\/acocearense\/perspectivas-e-oportunidades-para-a-construcao-civil-na-retomada-economica\/\",\"name\":\"Perspectivas e Oportunidades para a Constru\u00e7\u00e3o Civil na Retomada Econ\u00f4mica - Grupo A\u00e7o Cearense\",\"isPartOf\":{\"@id\":\"https:\/\/previews.elleven.digital\/acocearense\/#website\"},\"primaryImageOfPage\":{\"@id\":\"https:\/\/previews.elleven.digital\/acocearense\/perspectivas-e-oportunidades-para-a-construcao-civil-na-retomada-economica\/#primaryimage\"},\"image\":{\"@id\":\"https:\/\/previews.elleven.digital\/acocearense\/perspectivas-e-oportunidades-para-a-construcao-civil-na-retomada-economica\/#primaryimage\"},\"thumbnailUrl\":\"https:\/\/previews.elleven.digital\/acocearense\/wp-content\/uploads\/2025\/05\/gac-1-1024x720-1.jpg\",\"datePublished\":\"2020-12-28T13:50:26+00:00\",\"dateModified\":\"2025-05-07T13:50:55+00:00\",\"author\":{\"@id\":\"https:\/\/previews.elleven.digital\/acocearense\/#\/schema\/person\/8e9165eb3c33e0860485c7c5fc06a701\"},\"breadcrumb\":{\"@id\":\"https:\/\/previews.elleven.digital\/acocearense\/perspectivas-e-oportunidades-para-a-construcao-civil-na-retomada-economica\/#breadcrumb\"},\"inLanguage\":\"pt-BR\",\"potentialAction\":[{\"@type\":\"ReadAction\",\"target\":[\"https:\/\/previews.elleven.digital\/acocearense\/perspectivas-e-oportunidades-para-a-construcao-civil-na-retomada-economica\/\"]}]},{\"@type\":\"ImageObject\",\"inLanguage\":\"pt-BR\",\"@id\":\"https:\/\/previews.elleven.digital\/acocearense\/perspectivas-e-oportunidades-para-a-construcao-civil-na-retomada-economica\/#primaryimage\",\"url\":\"https:\/\/previews.elleven.digital\/acocearense\/wp-content\/uploads\/2025\/05\/gac-1-1024x720-1.jpg\",\"contentUrl\":\"https:\/\/previews.elleven.digital\/acocearense\/wp-content\/uploads\/2025\/05\/gac-1-1024x720-1.jpg\",\"width\":1024,\"height\":720},{\"@type\":\"BreadcrumbList\",\"@id\":\"https:\/\/previews.elleven.digital\/acocearense\/perspectivas-e-oportunidades-para-a-construcao-civil-na-retomada-economica\/#breadcrumb\",\"itemListElement\":[{\"@type\":\"ListItem\",\"position\":1,\"name\":\"In\u00edcio\",\"item\":\"https:\/\/previews.elleven.digital\/acocearense\/\"},{\"@type\":\"ListItem\",\"position\":2,\"name\":\"Perspectivas e Oportunidades para a Constru\u00e7\u00e3o Civil na Retomada Econ\u00f4mica\"}]},{\"@type\":\"WebSite\",\"@id\":\"https:\/\/previews.elleven.digital\/acocearense\/#website\",\"url\":\"https:\/\/previews.elleven.digital\/acocearense\/\",\"name\":\"A\u00e7o Cearense\",\"description\":\"H\u00e1 mais de 45 anos no mercado brasileiro do a\u00e7o.\",\"alternateName\":\"A\u00e7o Cearense\",\"potentialAction\":[{\"@type\":\"SearchAction\",\"target\":{\"@type\":\"EntryPoint\",\"urlTemplate\":\"https:\/\/previews.elleven.digital\/acocearense\/?s={search_term_string}\"},\"query-input\":{\"@type\":\"PropertyValueSpecification\",\"valueRequired\":true,\"valueName\":\"search_term_string\"}}],\"inLanguage\":\"pt-BR\"},{\"@type\":\"Person\",\"@id\":\"https:\/\/previews.elleven.digital\/acocearense\/#\/schema\/person\/8e9165eb3c33e0860485c7c5fc06a701\",\"name\":\"elleven\",\"image\":{\"@type\":\"ImageObject\",\"inLanguage\":\"pt-BR\",\"@id\":\"https:\/\/previews.elleven.digital\/acocearense\/#\/schema\/person\/image\/\",\"url\":\"https:\/\/secure.gravatar.com\/avatar\/2a6afb49d9ecfed5dbc6c9606ce318b8bd07c077835179bddfd5d8209c03cb29?s=96&d=mm&r=g\",\"contentUrl\":\"https:\/\/secure.gravatar.com\/avatar\/2a6afb49d9ecfed5dbc6c9606ce318b8bd07c077835179bddfd5d8209c03cb29?s=96&d=mm&r=g\",\"caption\":\"elleven\"},\"sameAs\":[\"http:\/\/localhost\/acocearense\"],\"url\":\"https:\/\/previews.elleven.digital\/acocearense\/author\/elleven\/\"}]}<\/script>\n<!-- \/ Yoast SEO plugin. -->","yoast_head_json":{"title":"Perspectivas e Oportunidades para a Constru\u00e7\u00e3o Civil na Retomada Econ\u00f4mica - Grupo A\u00e7o Cearense","robots":{"index":"index","follow":"follow","max-snippet":"max-snippet:-1","max-image-preview":"max-image-preview:large","max-video-preview":"max-video-preview:-1"},"canonical":"https:\/\/previews.elleven.digital\/acocearense\/perspectivas-e-oportunidades-para-a-construcao-civil-na-retomada-economica\/","og_locale":"pt_BR","og_type":"article","og_title":"Perspectivas e Oportunidades para a Constru\u00e7\u00e3o Civil na Retomada Econ\u00f4mica - Grupo A\u00e7o Cearense","og_description":"A\u00a0Constru\u00e7\u00e3o Civil\u00a0\u00e9 um dos motores da economia do pa\u00eds. Al\u00e9m de impactar outros setores da(...)","og_url":"https:\/\/previews.elleven.digital\/acocearense\/perspectivas-e-oportunidades-para-a-construcao-civil-na-retomada-economica\/","og_site_name":"Grupo A\u00e7o Cearense","article_published_time":"2020-12-28T13:50:26+00:00","article_modified_time":"2025-05-07T13:50:55+00:00","og_image":[{"width":1024,"height":720,"url":"https:\/\/previews.elleven.digital\/acocearense\/wp-content\/uploads\/2025\/05\/gac-1-1024x720-1.jpg","type":"image\/jpeg"}],"author":"elleven","twitter_card":"summary_large_image","twitter_misc":{"Escrito por":"elleven","Est. tempo de leitura":"3 minutos"},"schema":{"@context":"https:\/\/schema.org","@graph":[{"@type":"WebPage","@id":"https:\/\/previews.elleven.digital\/acocearense\/perspectivas-e-oportunidades-para-a-construcao-civil-na-retomada-economica\/","url":"https:\/\/previews.elleven.digital\/acocearense\/perspectivas-e-oportunidades-para-a-construcao-civil-na-retomada-economica\/","name":"Perspectivas e Oportunidades para a Constru\u00e7\u00e3o Civil na Retomada Econ\u00f4mica - Grupo A\u00e7o Cearense","isPartOf":{"@id":"https:\/\/previews.elleven.digital\/acocearense\/#website"},"primaryImageOfPage":{"@id":"https:\/\/previews.elleven.digital\/acocearense\/perspectivas-e-oportunidades-para-a-construcao-civil-na-retomada-economica\/#primaryimage"},"image":{"@id":"https:\/\/previews.elleven.digital\/acocearense\/perspectivas-e-oportunidades-para-a-construcao-civil-na-retomada-economica\/#primaryimage"},"thumbnailUrl":"https:\/\/previews.elleven.digital\/acocearense\/wp-content\/uploads\/2025\/05\/gac-1-1024x720-1.jpg","datePublished":"2020-12-28T13:50:26+00:00","dateModified":"2025-05-07T13:50:55+00:00","author":{"@id":"https:\/\/previews.elleven.digital\/acocearense\/#\/schema\/person\/8e9165eb3c33e0860485c7c5fc06a701"},"breadcrumb":{"@id":"https:\/\/previews.elleven.digital\/acocearense\/perspectivas-e-oportunidades-para-a-construcao-civil-na-retomada-economica\/#breadcrumb"},"inLanguage":"pt-BR","potentialAction":[{"@type":"ReadAction","target":["https:\/\/previews.elleven.digital\/acocearense\/perspectivas-e-oportunidades-para-a-construcao-civil-na-retomada-economica\/"]}]},{"@type":"ImageObject","inLanguage":"pt-BR","@id":"https:\/\/previews.elleven.digital\/acocearense\/perspectivas-e-oportunidades-para-a-construcao-civil-na-retomada-economica\/#primaryimage","url":"https:\/\/previews.elleven.digital\/acocearense\/wp-content\/uploads\/2025\/05\/gac-1-1024x720-1.jpg","contentUrl":"https:\/\/previews.elleven.digital\/acocearense\/wp-content\/uploads\/2025\/05\/gac-1-1024x720-1.jpg","width":1024,"height":720},{"@type":"BreadcrumbList","@id":"https:\/\/previews.elleven.digital\/acocearense\/perspectivas-e-oportunidades-para-a-construcao-civil-na-retomada-economica\/#breadcrumb","itemListElement":[{"@type":"ListItem","position":1,"name":"In\u00edcio","item":"https:\/\/previews.elleven.digital\/acocearense\/"},{"@type":"ListItem","position":2,"name":"Perspectivas e Oportunidades para a Constru\u00e7\u00e3o Civil na Retomada Econ\u00f4mica"}]},{"@type":"WebSite","@id":"https:\/\/previews.elleven.digital\/acocearense\/#website","url":"https:\/\/previews.elleven.digital\/acocearense\/","name":"A\u00e7o Cearense","description":"H\u00e1 mais de 45 anos no mercado brasileiro do a\u00e7o.","alternateName":"A\u00e7o Cearense","potentialAction":[{"@type":"SearchAction","target":{"@type":"EntryPoint","urlTemplate":"https:\/\/previews.elleven.digital\/acocearense\/?s={search_term_string}"},"query-input":{"@type":"PropertyValueSpecification","valueRequired":true,"valueName":"search_term_string"}}],"inLanguage":"pt-BR"},{"@type":"Person","@id":"https:\/\/previews.elleven.digital\/acocearense\/#\/schema\/person\/8e9165eb3c33e0860485c7c5fc06a701","name":"elleven","image":{"@type":"ImageObject","inLanguage":"pt-BR","@id":"https:\/\/previews.elleven.digital\/acocearense\/#\/schema\/person\/image\/","url":"https:\/\/secure.gravatar.com\/avatar\/2a6afb49d9ecfed5dbc6c9606ce318b8bd07c077835179bddfd5d8209c03cb29?s=96&d=mm&r=g","contentUrl":"https:\/\/secure.gravatar.com\/avatar\/2a6afb49d9ecfed5dbc6c9606ce318b8bd07c077835179bddfd5d8209c03cb29?s=96&d=mm&r=g","caption":"elleven"},"sameAs":["http:\/\/localhost\/acocearense"],"url":"https:\/\/previews.elleven.digital\/acocearense\/author\/elleven\/"}]}},"_links":{"self":[{"href":"https:\/\/previews.elleven.digital\/acocearense\/wp-json\/wp\/v2\/posts\/1340","targetHints":{"allow":["GET"]}}],"collection":[{"href":"https:\/\/previews.elleven.digital\/acocearense\/wp-json\/wp\/v2\/posts"}],"about":[{"href":"https:\/\/previews.elleven.digital\/acocearense\/wp-json\/wp\/v2\/types\/post"}],"author":[{"embeddable":true,"href":"https:\/\/previews.elleven.digital\/acocearense\/wp-json\/wp\/v2\/users\/1"}],"replies":[{"embeddable":true,"href":"https:\/\/previews.elleven.digital\/acocearense\/wp-json\/wp\/v2\/comments?post=1340"}],"version-history":[{"count":1,"href":"https:\/\/previews.elleven.digital\/acocearense\/wp-json\/wp\/v2\/posts\/1340\/revisions"}],"predecessor-version":[{"id":1341,"href":"https:\/\/previews.elleven.digital\/acocearense\/wp-json\/wp\/v2\/posts\/1340\/revisions\/1341"}],"wp:featuredmedia":[{"embeddable":true,"href":"https:\/\/previews.elleven.digital\/acocearense\/wp-json\/wp\/v2\/media\/1335"}],"wp:attachment":[{"href":"https:\/\/previews.elleven.digital\/acocearense\/wp-json\/wp\/v2\/media?parent=1340"}],"wp:term":[{"taxonomy":"category","embeddable":true,"href":"https:\/\/previews.elleven.digital\/acocearense\/wp-json\/wp\/v2\/categories?post=1340"},{"taxonomy":"post_tag","embeddable":true,"href":"https:\/\/previews.elleven.digital\/acocearense\/wp-json\/wp\/v2\/tags?post=1340"}],"curies":[{"name":"wp","href":"https:\/\/api.w.org\/{rel}","templated":true}]}}