{"id":1326,"date":"2020-11-24T10:45:32","date_gmt":"2020-11-24T13:45:32","guid":{"rendered":"https:\/\/previews.elleven.digital\/acocearense\/?p=1326"},"modified":"2025-05-07T10:49:57","modified_gmt":"2025-05-07T13:49:57","slug":"5-dicas-para-o-planejamento-estrategico-da-sua-loja-de-ferro-e-aco","status":"publish","type":"post","link":"https:\/\/previews.elleven.digital\/acocearense\/5-dicas-para-o-planejamento-estrategico-da-sua-loja-de-ferro-e-aco\/","title":{"rendered":"5 dicas para o planejamento estrat\u00e9gico da sua loja de ferro e a\u00e7o"},"content":{"rendered":"<p>Manter a sua empresa competitiva dentro de um mercado em constante mudan\u00e7a \u00e9 um grande desafio para a perpetuidade das organiza\u00e7\u00f5es. Um planejamento estrat\u00e9gico \u00e9 uma ferramenta que norteia as decis\u00f5es que precisam ser tomadas a curto, m\u00e9dio e longo prazo e pode ser desenvolvido por qualquer<a href=\"https:\/\/conteudos.grupoacocearense.com.br\/passo-a-passo-do-google-meu-negocio\">\u00a0neg\u00f3cio<\/a>, independentemente de seu tamanho ou segmento de atua\u00e7\u00e3o.<\/p>\n<p>Planejar estrategicamente \u00e9 fundamentalmente importante na tomada de decis\u00f5es e aloca\u00e7\u00e3o de<a href=\"https:\/\/conteudos.grupoacocearense.com.br\/saiba-como-reduzir-os-custos-da-sua-empresa\">\u00a0recursos<\/a>, pois auxilia no direcionamento do neg\u00f3cio, identificando uma vis\u00e3o \u00fanica com seus objetivos estrat\u00e9gicos. Esse modelo de ferramenta permite que as organiza\u00e7\u00f5es identifiquem as oportunidades, conhe\u00e7am as poss\u00edveis amea\u00e7as e diante de um cen\u00e1rio antecipado planejem as a\u00e7\u00f5es futuras.<\/p>\n<p>\u00c9 importante dizer que \u00e9 um processo que deve envolver todas as pessoas da organiza\u00e7\u00e3o, criando engajamento entre os times para que trabalhem em harmonia e focados no mesmo prop\u00f3sito (alinhar as diretrizes da empresa com o prop\u00f3sito).<\/p>\n<p>Muitas s\u00e3o as formas e metodologias que podem ajudar voc\u00ea a desenvolver o seu planejamento estrat\u00e9gico, mas separamos algumas dicas fundamentais que devem ser lembradas:<\/p>\n<figure id=\"attachment_3275\" class=\"no-caption alignnone\"><img loading=\"lazy\" decoding=\"async\" class=\"aligncenter wp-image-3275 size-large\" src=\"https:\/\/previews.elleven.digital\/acocearense\/blog\/wp-content\/uploads\/2020\/11\/business-person-working-laptop-making-notes-1024x682.png\" sizes=\"auto, (max-width: 1024px) 100vw, 1024px\" srcset=\"https:\/\/previews.elleven.digital\/acocearense\/blog\/wp-content\/uploads\/2020\/11\/business-person-working-laptop-making-notes-1024x682.png 1024w, https:\/\/previews.elleven.digital\/acocearense\/blog\/wp-content\/uploads\/2020\/11\/business-person-working-laptop-making-notes-300x200.png 300w, https:\/\/previews.elleven.digital\/acocearense\/blog\/wp-content\/uploads\/2020\/11\/business-person-working-laptop-making-notes-768x512.png 768w, https:\/\/previews.elleven.digital\/acocearense\/blog\/wp-content\/uploads\/2020\/11\/business-person-working-laptop-making-notes.png 1280w\" alt=\"\" width=\"1024\" height=\"682\" \/><b><\/b><\/figure>\n<ol>\n<li class=\"no-caption alignnone\"><b>Principais vantagens de se fazer um planejamento estrat\u00e9gico.<\/b><\/li>\n<\/ol>\n<p>Quando o assunto \u00e9 prop\u00f3sito, o alinhamento de estrat\u00e9gia em todos os n\u00edveis da organiza\u00e7\u00e3o \u00e9 fundamental. Al\u00e9m disso, com um bom plano, \u00e9 poss\u00edvel gerar o comprometimento de todos, planejar os<a href=\"https:\/\/conteudos.grupoacocearense.com.br\/como-montar-um-orcamento-anual-para-a-empresa\">\u00a0investimentos<\/a>, proteger-se contra as mudan\u00e7as do mercado, melhora a tomada de decis\u00e3o, ter clareza de aonde a organiza\u00e7\u00e3o quer chegar no futuro e se antecipar em busca de novas oportunidades.<\/p>\n<figure id=\"attachment_3276\" class=\"no-caption alignnone\"><img loading=\"lazy\" decoding=\"async\" class=\"alignnone size-large wp-image-3276\" src=\"https:\/\/previews.elleven.digital\/acocearense\/blog\/wp-content\/uploads\/2020\/11\/miniature-people-businessmen-standing-with-wood-word-swot-using-as-background_24901-1029-1024x682.png\" sizes=\"auto, (max-width: 1024px) 100vw, 1024px\" srcset=\"https:\/\/previews.elleven.digital\/acocearense\/blog\/wp-content\/uploads\/2020\/11\/miniature-people-businessmen-standing-with-wood-word-swot-using-as-background_24901-1029-1024x682.png 1024w, https:\/\/previews.elleven.digital\/acocearense\/blog\/wp-content\/uploads\/2020\/11\/miniature-people-businessmen-standing-with-wood-word-swot-using-as-background_24901-1029-300x200.png 300w, https:\/\/previews.elleven.digital\/acocearense\/blog\/wp-content\/uploads\/2020\/11\/miniature-people-businessmen-standing-with-wood-word-swot-using-as-background_24901-1029-768x512.png 768w, https:\/\/previews.elleven.digital\/acocearense\/blog\/wp-content\/uploads\/2020\/11\/miniature-people-businessmen-standing-with-wood-word-swot-using-as-background_24901-1029.png 1280w\" alt=\"\" width=\"1024\" height=\"682\" \/><\/figure>\n<p>&nbsp;<\/p>\n<ol start=\"2\">\n<li><b>Ambiente interno, externo, metas e indicadores.<\/b><\/li>\n<\/ol>\n<p>Fase do diagn\u00f3stico em que ser\u00e1 determinado como a organiza\u00e7\u00e3o \u201cEst\u00e1\u201d. \u00c9 o momento onde pessoas com conhecimento das informa\u00e7\u00f5es (Geralmente Alta Administra\u00e7\u00e3o) analisam e verificam a realidade da empresa.<\/p>\n<p>A identifica\u00e7\u00e3o da \u201cVis\u00e3o\u201d onde a empresa deseja chegar, da \u201cMiss\u00e3o\u201d qual a raz\u00e3o de ser e dos \u201cValores\u201d proporcionam sustenta\u00e7\u00e3o para as estrat\u00e9gias e pol\u00edticas.<\/p>\n<p>\u00c9 o momento de uma boa an\u00e1lise do ambiente interno e externo, atrav\u00e9s da observa\u00e7\u00e3o dos pontos fortes e fracos e an\u00e1lise das oportunidades e<a href=\"https:\/\/conteudos.grupoacocearense.com.br\/cadastro-gestao-de-crises\">\u00a0amea\u00e7as<\/a>.<\/p>\n<figure id=\"attachment_3277\" class=\"no-caption alignnone\"><img loading=\"lazy\" decoding=\"async\" class=\"alignnone size-large wp-image-3277\" src=\"https:\/\/previews.elleven.digital\/acocearense\/blog\/wp-content\/uploads\/2020\/11\/goals-target-aspiration-perforated-paper-graph_53876-16465-1024x682.png\" sizes=\"auto, (max-width: 1024px) 100vw, 1024px\" srcset=\"https:\/\/previews.elleven.digital\/acocearense\/blog\/wp-content\/uploads\/2020\/11\/goals-target-aspiration-perforated-paper-graph_53876-16465-1024x682.png 1024w, https:\/\/previews.elleven.digital\/acocearense\/blog\/wp-content\/uploads\/2020\/11\/goals-target-aspiration-perforated-paper-graph_53876-16465-300x200.png 300w, https:\/\/previews.elleven.digital\/acocearense\/blog\/wp-content\/uploads\/2020\/11\/goals-target-aspiration-perforated-paper-graph_53876-16465-768x512.png 768w, https:\/\/previews.elleven.digital\/acocearense\/blog\/wp-content\/uploads\/2020\/11\/goals-target-aspiration-perforated-paper-graph_53876-16465.png 1280w\" alt=\"\" width=\"1024\" height=\"682\" \/><\/figure>\n<p>&nbsp;<\/p>\n<ol start=\"3\">\n<li><b>Estabele\u00e7a as metas estrat\u00e9gicas.<\/b><\/li>\n<\/ol>\n<p>Definidos os objetivos, ou seja, onde a empresa deve dedicar seus esfor\u00e7os, chega a hora de estabelecer as metas, projetos e planos de a\u00e7\u00e3o que devem estar alinhadas como prop\u00f3sito da empresa.<\/p>\n<p>Uma meta deve ser espec\u00edfica, mensur\u00e1vel, alcan\u00e7\u00e1vel, relevante e temporal. Al\u00e9m disso, \u00e9 necess\u00e1rio acompanhar os avan\u00e7os, podendo estabelecer indicadores e partir para execu\u00e7\u00e3o.<\/p>\n<p>Al\u00e9m de um bom plano de a\u00e7\u00e3o, \u00e9 importante monitorar os resultados conquistados e avaliar os resultados finais atingidos.<\/p>\n<figure id=\"attachment_3278\" class=\"no-caption alignnone\"><img loading=\"lazy\" decoding=\"async\" class=\"alignnone size-large wp-image-3278\" src=\"https:\/\/previews.elleven.digital\/acocearense\/blog\/wp-content\/uploads\/2020\/11\/diverse-people-silhouette-communication-connection_53876-64997-1024x682.png\" sizes=\"auto, (max-width: 1024px) 100vw, 1024px\" srcset=\"https:\/\/previews.elleven.digital\/acocearense\/blog\/wp-content\/uploads\/2020\/11\/diverse-people-silhouette-communication-connection_53876-64997-1024x682.png 1024w, https:\/\/previews.elleven.digital\/acocearense\/blog\/wp-content\/uploads\/2020\/11\/diverse-people-silhouette-communication-connection_53876-64997-300x200.png 300w, https:\/\/previews.elleven.digital\/acocearense\/blog\/wp-content\/uploads\/2020\/11\/diverse-people-silhouette-communication-connection_53876-64997-768x512.png 768w, https:\/\/previews.elleven.digital\/acocearense\/blog\/wp-content\/uploads\/2020\/11\/diverse-people-silhouette-communication-connection_53876-64997.png 1280w\" alt=\"\" width=\"1024\" height=\"682\" \/><\/figure>\n<p>&nbsp;<\/p>\n<ol start=\"4\">\n<li><b>O p\u00fablico-alvo.<\/b><\/li>\n<\/ol>\n<p>Todos devem conhecer o planejamento estrat\u00e9gico da empresa, principalmente as<a href=\"https:\/\/conteudos.grupoacocearense.com.br\/guia-de-recrutamento-para-sua-loja\">\u00a0pessoas<\/a>\u00a0da organiza\u00e7\u00e3o para que se sintam respons\u00e1veis pelos resultados. Nesse momento uma boa lideran\u00e7a e a comunica\u00e7\u00e3o far\u00e3o toda a diferen\u00e7a para manter as pessoas motivadas e com sentimento de pertencimento.<\/p>\n<figure id=\"attachment_3279\" class=\"no-caption alignnone\"><img loading=\"lazy\" decoding=\"async\" class=\"alignnone size-large wp-image-3279\" src=\"https:\/\/previews.elleven.digital\/acocearense\/blog\/wp-content\/uploads\/2020\/11\/diverse-people-showing-speech-bubble-symbols_53876-71514-1024x682.png\" sizes=\"auto, (max-width: 1024px) 100vw, 1024px\" srcset=\"https:\/\/previews.elleven.digital\/acocearense\/blog\/wp-content\/uploads\/2020\/11\/diverse-people-showing-speech-bubble-symbols_53876-71514-1024x682.png 1024w, https:\/\/previews.elleven.digital\/acocearense\/blog\/wp-content\/uploads\/2020\/11\/diverse-people-showing-speech-bubble-symbols_53876-71514-300x200.png 300w, https:\/\/previews.elleven.digital\/acocearense\/blog\/wp-content\/uploads\/2020\/11\/diverse-people-showing-speech-bubble-symbols_53876-71514-768x512.png 768w, https:\/\/previews.elleven.digital\/acocearense\/blog\/wp-content\/uploads\/2020\/11\/diverse-people-showing-speech-bubble-symbols_53876-71514.png 1280w\" alt=\"\" width=\"1024\" height=\"682\" \/><\/figure>\n<p>&nbsp;<\/p>\n<ol start=\"5\">\n<li><b>A comunica\u00e7\u00e3o no planejamento estrat\u00e9gico.<\/b><\/li>\n<\/ol>\n<p>O sucesso estrat\u00e9gico depende da\u00a0<a href=\"https:\/\/previews.elleven.digital\/acocearense\/blog\/gestao\/qual-a-importancia-da-comunicacao-nas-empresas-entenda\/\">comunica\u00e7\u00e3o<\/a>. O fluxo de informa\u00e7\u00f5es deve ser gerenciado de forma que todos da organiza\u00e7\u00e3o percebam os elementos de sustenta\u00e7\u00e3o da estrat\u00e9gia adotada para que, dessa forma, possam se sentir respons\u00e1veis e contribuir com os resultados da empresa.<\/p>\n<p><b>Lembre-se:\u00a0<\/b>um bom plano de a\u00e7\u00e3o deve ter a\u00e7\u00f5es claras, objetivas e que sejam fortes o suficiente para alcan\u00e7ar os resultados. Al\u00e9m disso, \u00e9 importante determinar os prazos e respons\u00e1veis por cada a\u00e7\u00e3o. \u00c9 isso que viabiliza a conquista das metas e objetivos.<\/p>\n<p>Avaliar e monitorar o andamento do que foi planejado, do que est\u00e1 sendo executado e dos resultados \u00e9 a \u00fanica forma de assegurar que o desempenho real possibilite o alcance dos padr\u00f5es que foram estabelecidos. Ou seja, \u00e9 a forma de saber se tudo est\u00e1 saindo conforme o planejado ou se precisar\u00e1 de ajustes.<\/p>\n<figure id=\"attachment_3280\" class=\"no-caption alignnone\">\n<figure id=\"attachment_3293\" class=\"no-caption alignnone\">\n<figure id=\"attachment_3296\" class=\"no-caption alignnone\"><img loading=\"lazy\" decoding=\"async\" class=\"wp-image-3296 size-thumbnail alignright\" src=\"https:\/\/previews.elleven.digital\/acocearense\/blog\/wp-content\/uploads\/2020\/11\/5-dicas-gestora-150x150.jpg\" alt=\"\" width=\"150\" height=\"150\" \/><\/figure>\n<\/figure>\n<p><b><i>Thais Caldas<\/i><\/b><i>\u00a0(Gerente de Gest\u00e3o e Processos do Grupo A\u00e7o Cearense)<\/i><i>Graduada em Engenharia de Materiais e p\u00f3s-graduada em Engenharia da Qualidade, com mestrado em Materiais e Meio Ambiente. Possui s\u00f3lida experi\u00eancia em Sistema de Gest\u00e3o da Qualidade e est\u00e1 no grupo desde 2012.\u00a0<\/i><\/figure>\n<p>&nbsp;<\/p>\n","protected":false},"excerpt":{"rendered":"<p>Manter a sua empresa competitiva dentro de um mercado em constante mudan\u00e7a \u00e9 um grande(&#8230;)<\/p>\n","protected":false},"author":1,"featured_media":1336,"comment_status":"open","ping_status":"open","sticky":false,"template":"","format":"standard","meta":{"_acf_changed":false,"inline_featured_image":false,"footnotes":""},"categories":[31],"tags":[],"class_list":["post-1326","post","type-post","status-publish","format-standard","has-post-thumbnail","hentry","category-planejamento-estrategico"],"acf":[],"yoast_head":"<!-- This site is optimized with the Yoast SEO plugin v25.9 - https:\/\/yoast.com\/wordpress\/plugins\/seo\/ -->\n<title>5 dicas para o planejamento estrat\u00e9gico da sua loja de ferro e a\u00e7o - Grupo A\u00e7o Cearense<\/title>\n<meta name=\"robots\" content=\"index, follow, max-snippet:-1, max-image-preview:large, max-video-preview:-1\" \/>\n<link rel=\"canonical\" href=\"https:\/\/previews.elleven.digital\/acocearense\/5-dicas-para-o-planejamento-estrategico-da-sua-loja-de-ferro-e-aco\/\" \/>\n<meta property=\"og:locale\" content=\"pt_BR\" \/>\n<meta property=\"og:type\" content=\"article\" \/>\n<meta property=\"og:title\" content=\"5 dicas para o planejamento estrat\u00e9gico da sua loja de ferro e a\u00e7o - Grupo A\u00e7o Cearense\" \/>\n<meta property=\"og:description\" content=\"Manter a sua empresa competitiva dentro de um mercado em constante mudan\u00e7a \u00e9 um grande(...)\" \/>\n<meta property=\"og:url\" content=\"https:\/\/previews.elleven.digital\/acocearense\/5-dicas-para-o-planejamento-estrategico-da-sua-loja-de-ferro-e-aco\/\" \/>\n<meta property=\"og:site_name\" content=\"Grupo A\u00e7o Cearense\" \/>\n<meta property=\"article:published_time\" content=\"2020-11-24T13:45:32+00:00\" \/>\n<meta property=\"article:modified_time\" content=\"2025-05-07T13:49:57+00:00\" \/>\n<meta property=\"og:image\" content=\"https:\/\/previews.elleven.digital\/acocearense\/wp-content\/uploads\/2025\/05\/business-strategy-success-target-goals-1090x720-1.png\" \/>\n\t<meta property=\"og:image:width\" content=\"1090\" \/>\n\t<meta property=\"og:image:height\" content=\"720\" \/>\n\t<meta property=\"og:image:type\" content=\"image\/png\" \/>\n<meta name=\"author\" content=\"elleven\" \/>\n<meta name=\"twitter:card\" content=\"summary_large_image\" \/>\n<meta name=\"twitter:label1\" content=\"Escrito por\" \/>\n\t<meta name=\"twitter:data1\" content=\"elleven\" \/>\n\t<meta name=\"twitter:label2\" content=\"Est. tempo de leitura\" \/>\n\t<meta name=\"twitter:data2\" content=\"5 minutos\" \/>\n<script type=\"application\/ld+json\" class=\"yoast-schema-graph\">{\"@context\":\"https:\/\/schema.org\",\"@graph\":[{\"@type\":\"WebPage\",\"@id\":\"https:\/\/previews.elleven.digital\/acocearense\/5-dicas-para-o-planejamento-estrategico-da-sua-loja-de-ferro-e-aco\/\",\"url\":\"https:\/\/previews.elleven.digital\/acocearense\/5-dicas-para-o-planejamento-estrategico-da-sua-loja-de-ferro-e-aco\/\",\"name\":\"5 dicas para o planejamento estrat\u00e9gico da sua loja de ferro e a\u00e7o - Grupo A\u00e7o Cearense\",\"isPartOf\":{\"@id\":\"https:\/\/previews.elleven.digital\/acocearense\/#website\"},\"primaryImageOfPage\":{\"@id\":\"https:\/\/previews.elleven.digital\/acocearense\/5-dicas-para-o-planejamento-estrategico-da-sua-loja-de-ferro-e-aco\/#primaryimage\"},\"image\":{\"@id\":\"https:\/\/previews.elleven.digital\/acocearense\/5-dicas-para-o-planejamento-estrategico-da-sua-loja-de-ferro-e-aco\/#primaryimage\"},\"thumbnailUrl\":\"https:\/\/previews.elleven.digital\/acocearense\/wp-content\/uploads\/2025\/05\/business-strategy-success-target-goals-1090x720-1.png\",\"datePublished\":\"2020-11-24T13:45:32+00:00\",\"dateModified\":\"2025-05-07T13:49:57+00:00\",\"author\":{\"@id\":\"https:\/\/previews.elleven.digital\/acocearense\/#\/schema\/person\/8e9165eb3c33e0860485c7c5fc06a701\"},\"breadcrumb\":{\"@id\":\"https:\/\/previews.elleven.digital\/acocearense\/5-dicas-para-o-planejamento-estrategico-da-sua-loja-de-ferro-e-aco\/#breadcrumb\"},\"inLanguage\":\"pt-BR\",\"potentialAction\":[{\"@type\":\"ReadAction\",\"target\":[\"https:\/\/previews.elleven.digital\/acocearense\/5-dicas-para-o-planejamento-estrategico-da-sua-loja-de-ferro-e-aco\/\"]}]},{\"@type\":\"ImageObject\",\"inLanguage\":\"pt-BR\",\"@id\":\"https:\/\/previews.elleven.digital\/acocearense\/5-dicas-para-o-planejamento-estrategico-da-sua-loja-de-ferro-e-aco\/#primaryimage\",\"url\":\"https:\/\/previews.elleven.digital\/acocearense\/wp-content\/uploads\/2025\/05\/business-strategy-success-target-goals-1090x720-1.png\",\"contentUrl\":\"https:\/\/previews.elleven.digital\/acocearense\/wp-content\/uploads\/2025\/05\/business-strategy-success-target-goals-1090x720-1.png\",\"width\":1090,\"height\":720},{\"@type\":\"BreadcrumbList\",\"@id\":\"https:\/\/previews.elleven.digital\/acocearense\/5-dicas-para-o-planejamento-estrategico-da-sua-loja-de-ferro-e-aco\/#breadcrumb\",\"itemListElement\":[{\"@type\":\"ListItem\",\"position\":1,\"name\":\"In\u00edcio\",\"item\":\"https:\/\/previews.elleven.digital\/acocearense\/\"},{\"@type\":\"ListItem\",\"position\":2,\"name\":\"5 dicas para o planejamento estrat\u00e9gico da sua loja de ferro e a\u00e7o\"}]},{\"@type\":\"WebSite\",\"@id\":\"https:\/\/previews.elleven.digital\/acocearense\/#website\",\"url\":\"https:\/\/previews.elleven.digital\/acocearense\/\",\"name\":\"A\u00e7o Cearense\",\"description\":\"H\u00e1 mais de 45 anos no mercado brasileiro do a\u00e7o.\",\"alternateName\":\"A\u00e7o Cearense\",\"potentialAction\":[{\"@type\":\"SearchAction\",\"target\":{\"@type\":\"EntryPoint\",\"urlTemplate\":\"https:\/\/previews.elleven.digital\/acocearense\/?s={search_term_string}\"},\"query-input\":{\"@type\":\"PropertyValueSpecification\",\"valueRequired\":true,\"valueName\":\"search_term_string\"}}],\"inLanguage\":\"pt-BR\"},{\"@type\":\"Person\",\"@id\":\"https:\/\/previews.elleven.digital\/acocearense\/#\/schema\/person\/8e9165eb3c33e0860485c7c5fc06a701\",\"name\":\"elleven\",\"image\":{\"@type\":\"ImageObject\",\"inLanguage\":\"pt-BR\",\"@id\":\"https:\/\/previews.elleven.digital\/acocearense\/#\/schema\/person\/image\/\",\"url\":\"https:\/\/secure.gravatar.com\/avatar\/2a6afb49d9ecfed5dbc6c9606ce318b8bd07c077835179bddfd5d8209c03cb29?s=96&d=mm&r=g\",\"contentUrl\":\"https:\/\/secure.gravatar.com\/avatar\/2a6afb49d9ecfed5dbc6c9606ce318b8bd07c077835179bddfd5d8209c03cb29?s=96&d=mm&r=g\",\"caption\":\"elleven\"},\"sameAs\":[\"http:\/\/localhost\/acocearense\"],\"url\":\"https:\/\/previews.elleven.digital\/acocearense\/author\/elleven\/\"}]}<\/script>\n<!-- \/ Yoast SEO plugin. -->","yoast_head_json":{"title":"5 dicas para o planejamento estrat\u00e9gico da sua loja de ferro e a\u00e7o - Grupo A\u00e7o Cearense","robots":{"index":"index","follow":"follow","max-snippet":"max-snippet:-1","max-image-preview":"max-image-preview:large","max-video-preview":"max-video-preview:-1"},"canonical":"https:\/\/previews.elleven.digital\/acocearense\/5-dicas-para-o-planejamento-estrategico-da-sua-loja-de-ferro-e-aco\/","og_locale":"pt_BR","og_type":"article","og_title":"5 dicas para o planejamento estrat\u00e9gico da sua loja de ferro e a\u00e7o - Grupo A\u00e7o Cearense","og_description":"Manter a sua empresa competitiva dentro de um mercado em constante mudan\u00e7a \u00e9 um grande(...)","og_url":"https:\/\/previews.elleven.digital\/acocearense\/5-dicas-para-o-planejamento-estrategico-da-sua-loja-de-ferro-e-aco\/","og_site_name":"Grupo A\u00e7o Cearense","article_published_time":"2020-11-24T13:45:32+00:00","article_modified_time":"2025-05-07T13:49:57+00:00","og_image":[{"width":1090,"height":720,"url":"https:\/\/previews.elleven.digital\/acocearense\/wp-content\/uploads\/2025\/05\/business-strategy-success-target-goals-1090x720-1.png","type":"image\/png"}],"author":"elleven","twitter_card":"summary_large_image","twitter_misc":{"Escrito por":"elleven","Est. tempo de leitura":"5 minutos"},"schema":{"@context":"https:\/\/schema.org","@graph":[{"@type":"WebPage","@id":"https:\/\/previews.elleven.digital\/acocearense\/5-dicas-para-o-planejamento-estrategico-da-sua-loja-de-ferro-e-aco\/","url":"https:\/\/previews.elleven.digital\/acocearense\/5-dicas-para-o-planejamento-estrategico-da-sua-loja-de-ferro-e-aco\/","name":"5 dicas para o planejamento estrat\u00e9gico da sua loja de ferro e a\u00e7o - Grupo A\u00e7o Cearense","isPartOf":{"@id":"https:\/\/previews.elleven.digital\/acocearense\/#website"},"primaryImageOfPage":{"@id":"https:\/\/previews.elleven.digital\/acocearense\/5-dicas-para-o-planejamento-estrategico-da-sua-loja-de-ferro-e-aco\/#primaryimage"},"image":{"@id":"https:\/\/previews.elleven.digital\/acocearense\/5-dicas-para-o-planejamento-estrategico-da-sua-loja-de-ferro-e-aco\/#primaryimage"},"thumbnailUrl":"https:\/\/previews.elleven.digital\/acocearense\/wp-content\/uploads\/2025\/05\/business-strategy-success-target-goals-1090x720-1.png","datePublished":"2020-11-24T13:45:32+00:00","dateModified":"2025-05-07T13:49:57+00:00","author":{"@id":"https:\/\/previews.elleven.digital\/acocearense\/#\/schema\/person\/8e9165eb3c33e0860485c7c5fc06a701"},"breadcrumb":{"@id":"https:\/\/previews.elleven.digital\/acocearense\/5-dicas-para-o-planejamento-estrategico-da-sua-loja-de-ferro-e-aco\/#breadcrumb"},"inLanguage":"pt-BR","potentialAction":[{"@type":"ReadAction","target":["https:\/\/previews.elleven.digital\/acocearense\/5-dicas-para-o-planejamento-estrategico-da-sua-loja-de-ferro-e-aco\/"]}]},{"@type":"ImageObject","inLanguage":"pt-BR","@id":"https:\/\/previews.elleven.digital\/acocearense\/5-dicas-para-o-planejamento-estrategico-da-sua-loja-de-ferro-e-aco\/#primaryimage","url":"https:\/\/previews.elleven.digital\/acocearense\/wp-content\/uploads\/2025\/05\/business-strategy-success-target-goals-1090x720-1.png","contentUrl":"https:\/\/previews.elleven.digital\/acocearense\/wp-content\/uploads\/2025\/05\/business-strategy-success-target-goals-1090x720-1.png","width":1090,"height":720},{"@type":"BreadcrumbList","@id":"https:\/\/previews.elleven.digital\/acocearense\/5-dicas-para-o-planejamento-estrategico-da-sua-loja-de-ferro-e-aco\/#breadcrumb","itemListElement":[{"@type":"ListItem","position":1,"name":"In\u00edcio","item":"https:\/\/previews.elleven.digital\/acocearense\/"},{"@type":"ListItem","position":2,"name":"5 dicas para o planejamento estrat\u00e9gico da sua loja de ferro e a\u00e7o"}]},{"@type":"WebSite","@id":"https:\/\/previews.elleven.digital\/acocearense\/#website","url":"https:\/\/previews.elleven.digital\/acocearense\/","name":"A\u00e7o Cearense","description":"H\u00e1 mais de 45 anos no mercado brasileiro do a\u00e7o.","alternateName":"A\u00e7o Cearense","potentialAction":[{"@type":"SearchAction","target":{"@type":"EntryPoint","urlTemplate":"https:\/\/previews.elleven.digital\/acocearense\/?s={search_term_string}"},"query-input":{"@type":"PropertyValueSpecification","valueRequired":true,"valueName":"search_term_string"}}],"inLanguage":"pt-BR"},{"@type":"Person","@id":"https:\/\/previews.elleven.digital\/acocearense\/#\/schema\/person\/8e9165eb3c33e0860485c7c5fc06a701","name":"elleven","image":{"@type":"ImageObject","inLanguage":"pt-BR","@id":"https:\/\/previews.elleven.digital\/acocearense\/#\/schema\/person\/image\/","url":"https:\/\/secure.gravatar.com\/avatar\/2a6afb49d9ecfed5dbc6c9606ce318b8bd07c077835179bddfd5d8209c03cb29?s=96&d=mm&r=g","contentUrl":"https:\/\/secure.gravatar.com\/avatar\/2a6afb49d9ecfed5dbc6c9606ce318b8bd07c077835179bddfd5d8209c03cb29?s=96&d=mm&r=g","caption":"elleven"},"sameAs":["http:\/\/localhost\/acocearense"],"url":"https:\/\/previews.elleven.digital\/acocearense\/author\/elleven\/"}]}},"_links":{"self":[{"href":"https:\/\/previews.elleven.digital\/acocearense\/wp-json\/wp\/v2\/posts\/1326","targetHints":{"allow":["GET"]}}],"collection":[{"href":"https:\/\/previews.elleven.digital\/acocearense\/wp-json\/wp\/v2\/posts"}],"about":[{"href":"https:\/\/previews.elleven.digital\/acocearense\/wp-json\/wp\/v2\/types\/post"}],"author":[{"embeddable":true,"href":"https:\/\/previews.elleven.digital\/acocearense\/wp-json\/wp\/v2\/users\/1"}],"replies":[{"embeddable":true,"href":"https:\/\/previews.elleven.digital\/acocearense\/wp-json\/wp\/v2\/comments?post=1326"}],"version-history":[{"count":1,"href":"https:\/\/previews.elleven.digital\/acocearense\/wp-json\/wp\/v2\/posts\/1326\/revisions"}],"predecessor-version":[{"id":1337,"href":"https:\/\/previews.elleven.digital\/acocearense\/wp-json\/wp\/v2\/posts\/1326\/revisions\/1337"}],"wp:featuredmedia":[{"embeddable":true,"href":"https:\/\/previews.elleven.digital\/acocearense\/wp-json\/wp\/v2\/media\/1336"}],"wp:attachment":[{"href":"https:\/\/previews.elleven.digital\/acocearense\/wp-json\/wp\/v2\/media?parent=1326"}],"wp:term":[{"taxonomy":"category","embeddable":true,"href":"https:\/\/previews.elleven.digital\/acocearense\/wp-json\/wp\/v2\/categories?post=1326"},{"taxonomy":"post_tag","embeddable":true,"href":"https:\/\/previews.elleven.digital\/acocearense\/wp-json\/wp\/v2\/tags?post=1326"}],"curies":[{"name":"wp","href":"https:\/\/api.w.org\/{rel}","templated":true}]}}