{"id":1320,"date":"2020-09-30T10:43:20","date_gmt":"2020-09-30T13:43:20","guid":{"rendered":"https:\/\/previews.elleven.digital\/acocearense\/?p=1320"},"modified":"2025-05-07T10:43:50","modified_gmt":"2025-05-07T13:43:50","slug":"a-importancia-da-reserva-de-emergencia-para-o-crescimento-da-sua-empresa","status":"publish","type":"post","link":"https:\/\/previews.elleven.digital\/acocearense\/a-importancia-da-reserva-de-emergencia-para-o-crescimento-da-sua-empresa\/","title":{"rendered":"A import\u00e2ncia da reserva de emerg\u00eancia para o crescimento da sua empresa"},"content":{"rendered":"<h2><b>Reserva de emerg\u00eancia: qual a import\u00e2ncia?<\/b><\/h2>\n<p>Voc\u00ea certamente j\u00e1 ouviu o ditado \u201cn\u00e3o adianta trancar a porta depois do ladr\u00e3o entrar\u201d, o mesmo vale para as finan\u00e7as da sua empresa. N\u00e3o vale ficar se lamentando quando uma crise internacional ou mesmo local afetar os seus neg\u00f3cios, pois uma coisa \u00e9 certa as mudan\u00e7as sempre vir\u00e3o e as maiores normalmente se anunciam com momentos de muita tens\u00e3o e stress do mercado. Intitula-se ao filosofo Her\u00e1clito a frase \u201cnada \u00e9 permanente, exceto a mudan\u00e7a\u201d, logo prepare-se, ela vir\u00e1.<\/p>\n<p>Se voc\u00ea, assim como eu, acredita na for\u00e7a implac\u00e1vel das mudan\u00e7as, talvez pense que quando ela chegar voc\u00ea ser\u00e1 um dos mais adapt\u00e1veis dada sua mente e cora\u00e7\u00e3o abertos. Contudo, sugiro deixar a confian\u00e7a de quem j\u00e1 enfrentou diversos desafios e construiu sua empresa de sucesso de lado, e<b>\u00a0adotar medidas preventivas como constituir um fundo de reserva para emerg\u00eancias<\/b>.<\/p>\n<p>Segundo pesquisa (03\/2020) do CNDL-Confedera\u00e7\u00e3o Nacional dos Lojistas e SPC menos da metade dos brasileiros tem o h\u00e1bito de poupar, observa-se que essa pr\u00e1tica transcende tamb\u00e9m para nossas empresas.<\/p>\n<p>Acostumado com\u00a0<strong><a href=\"https:\/\/previews.elleven.digital\/acocearense\/blog\/gestao\/retencao-de-clientes-na-crise-3-dicas-para-implementar-hoje-na-sua-empresa\/?setlang=no\">crises<\/a><\/strong>\u00a0o empreendedor brasileiro sabe que em tempos turbulentos os recursos ficam mais escassos, o dinheiro some, as taxas de juros e c\u00e2mbio galopam da noite para o dia, clientes desaparecem e fornecedores atrasam pedidos.<\/p>\n<p>Um fundo de reserva permite lidar com esses desafios com mais tranquilidade e at\u00e9 encontrar oportunidades valendo-se desta liquidez. Ele ainda ser\u00e1 importante para negociar prazos com clientes e\u00a0<strong><a href=\"https:\/\/previews.elleven.digital\/acocearense\/blog\/gestao\/relacionamento-com-fornecedores-aprenda-como-comprar-com-eficiencia\/\">fornecedores<\/a><\/strong>, renegociar d\u00edvidas em institui\u00e7\u00f5es financeiras, tratar protestos e negativa\u00e7\u00f5es. Enfim,<b>\u00a0tomar decis\u00f5es dif\u00edceis em tempos de crise s\u00e3o sempre mais caras e arriscadas do que ter certa prepara\u00e7\u00e3o e reserva para n\u00e3o sentir como se tivessem puxado o seu tapete<\/b>.<\/p>\n<figure id=\"attachment_3245\" class=\"no-caption alignnone\"><img loading=\"lazy\" decoding=\"async\" class=\"aligncenter wp-image-3245 size-full\" src=\"https:\/\/previews.elleven.digital\/acocearense\/blog\/wp-content\/uploads\/2020\/09\/fundo-de-reserva.jpg\" sizes=\"auto, (max-width: 626px) 100vw, 626px\" srcset=\"https:\/\/previews.elleven.digital\/acocearense\/blog\/wp-content\/uploads\/2020\/09\/fundo-de-reserva.jpg 626w, https:\/\/previews.elleven.digital\/acocearense\/blog\/wp-content\/uploads\/2020\/09\/fundo-de-reserva-300x200.jpg 300w\" alt=\"\" width=\"626\" height=\"417\" \/><\/figure>\n<h2><b>Como calcular o fundo de reserva ideal?<\/b><\/h2>\n<p>Convencido de que uma reserva emergencial \u00e9 um bom neg\u00f3cio? Ent\u00e3o agora vem a pergunta? De quanto deve ser este reserva? A contabilidade prev\u00ea a reserva de capital e a reserva de lucro, mas n\u00e3o \u00e9 disso que estamos falando. Trata-se aqui de uma reserva estrat\u00e9gica para enfrentar as desventuras do\u00a0<strong><a href=\"https:\/\/previews.elleven.digital\/acocearense\/blog\/vender-mais\/dicas-para-empreendedores\/\">empreendedorismo<\/a><\/strong>\u00a0e os riscos das mudan\u00e7as no ambiente de neg\u00f3cios. Essa mensura\u00e7\u00e3o n\u00e3o \u00e9 f\u00e1cil e depende da condi\u00e7\u00e3o atual de cada neg\u00f3cio.<\/p>\n<p>Normalmente se come\u00e7a garantindo um horizonte curto de compromissos da empresa, seja uma semana de pagamentos, ou um m\u00eas de d\u00edvida banc\u00e1ria.\u00a0<b>O importante \u00e9 iniciar com uma meta fact\u00edvel e t\u00e3o logo alcan\u00e7ada aument\u00e1-la at\u00e9 chegar a padr\u00f5es de mercado, como um m\u00eas de faturamento.<\/b><\/p>\n<figure id=\"attachment_3246\" class=\"no-caption alignnone\"><img loading=\"lazy\" decoding=\"async\" class=\"aligncenter wp-image-3246 size-full\" src=\"https:\/\/previews.elleven.digital\/acocearense\/blog\/wp-content\/uploads\/2020\/09\/faturamento.jpg\" sizes=\"auto, (max-width: 626px) 100vw, 626px\" srcset=\"https:\/\/previews.elleven.digital\/acocearense\/blog\/wp-content\/uploads\/2020\/09\/faturamento.jpg 626w, https:\/\/previews.elleven.digital\/acocearense\/blog\/wp-content\/uploads\/2020\/09\/faturamento-300x200.jpg 300w\" alt=\"\" width=\"626\" height=\"417\" \/><\/figure>\n<h2><b>Como conseguir mais recursos para o seu fundo de reserva?<\/b><\/h2>\n<p>Agora voc\u00ea deve estar pensando que se fosse f\u00e1cil qualquer um faria. Certamente a vida do empres\u00e1rio \u00e9 uma luta constante, ent\u00e3o darei uma dica para ajudar no desafio de como conseguir mais recursos para o seu fundo de reserva.<\/p>\n<p>Se sua empresa est\u00e1 funcionando h\u00e1 v\u00e1rios anos talvez voc\u00ea n\u00e3o pare para pensar no quanto de recursos voc\u00ea j\u00e1 investiu no seu neg\u00f3cio. Observe no balan\u00e7o da firma o montante de capital que est\u00e1 alocado em\u00a0<strong><a href=\"https:\/\/previews.elleven.digital\/acocearense\/blog\/gestao\/como-gerar-valor-para-o-cliente-aprenda-as-principais-dicas\/\">clientes<\/a><\/strong>, estoques e\u00a0<strong><a href=\"https:\/\/previews.elleven.digital\/acocearense\/blog\/gestao-de-estoque\/gestao-de-fornecedores-qual-a-importancia-e-como-fazer\/?setlang=no\">fornecedores<\/a><\/strong>, a\u00ed est\u00e1 uma grande fonte de recursos normalmente negligenciada pela rotina comercial.<\/p>\n<p>Administre atentamente os prazos de vendas, os\u00a0<strong><a href=\"https:\/\/previews.elleven.digital\/acocearense\/blog\/gestao-de-estoque\/curva-abc-solucao-para-os-problemas-de-seu-estoque\/?setlang=no\">n\u00edveis de estoque<\/a><\/strong>\u00a0e despenda tempo conquistando prazo de pagamento com seus fornecedores, que naturalmente o seu\u00a0<strong><a href=\"https:\/\/previews.elleven.digital\/acocearense\/blog\/gestao\/necessidade-de-capital-de-giro-voce-sabe-o-que-e-e-sua-importancia\/\">capital de giro<\/a><\/strong>\u00a0drenar\u00e1 precioso caixa para a firma.<\/p>\n<p>Ler esse artigo j\u00e1 foi um primeiro passo,\u00a0 agora construir a reserva \u00e9 com voc\u00ea.<\/p>\n<p><strong>Bom trabalho e bons neg\u00f3cios.\u00a0<\/strong><\/p>\n<figure id=\"attachment_3244\" class=\"no-caption alignnone\"><\/figure>\n<p><strong><i>Cl\u00e1udio Lustosa \u00e9\u00a0 Mestre em Controladoria e Administra\u00e7\u00e3o (2011) pela Universidade Federal do Cear\u00e1, MBA em Finan\u00e7as Corporativas pela Saint Paul-SP (2015), Especialista em Neg\u00f3cios Internacionais (2006) pela Universidade Estadual do Cear\u00e1, e Bacharel em Ci\u00eancias Econ\u00f4micas pela Universidade Federal do Cear\u00e1 (2004). Experi\u00eancia profissional na \u00e1rea financeira h\u00e1 mais de 15 anos, com destaque para atua\u00e7\u00e3o em finan\u00e7as corporativas nacionais e internacionais. Atualmente exerce o cargo de Gerente Financeiro e de Com\u00e9rcio Exterior do Grupo A\u00e7o Cearense.<\/i><\/strong><\/p>\n","protected":false},"excerpt":{"rendered":"<p>Reserva de emerg\u00eancia: qual a import\u00e2ncia? Voc\u00ea certamente j\u00e1 ouviu o ditado \u201cn\u00e3o adianta trancar(&#8230;)<\/p>\n","protected":false},"author":1,"featured_media":1299,"comment_status":"open","ping_status":"open","sticky":false,"template":"","format":"standard","meta":{"_acf_changed":false,"inline_featured_image":false,"footnotes":""},"categories":[28,32],"tags":[],"class_list":["post-1320","post","type-post","status-publish","format-standard","has-post-thumbnail","hentry","category-gestao","category-vender-mais"],"acf":[],"yoast_head":"<!-- This site is optimized with the Yoast SEO plugin v25.9 - https:\/\/yoast.com\/wordpress\/plugins\/seo\/ -->\n<title>A import\u00e2ncia da reserva de emerg\u00eancia para o crescimento da sua empresa - Grupo A\u00e7o Cearense<\/title>\n<meta name=\"robots\" content=\"index, follow, max-snippet:-1, max-image-preview:large, max-video-preview:-1\" \/>\n<link rel=\"canonical\" href=\"https:\/\/previews.elleven.digital\/acocearense\/a-importancia-da-reserva-de-emergencia-para-o-crescimento-da-sua-empresa\/\" \/>\n<meta property=\"og:locale\" content=\"pt_BR\" \/>\n<meta property=\"og:type\" content=\"article\" \/>\n<meta property=\"og:title\" content=\"A import\u00e2ncia da reserva de emerg\u00eancia para o crescimento da sua empresa - Grupo A\u00e7o Cearense\" \/>\n<meta property=\"og:description\" content=\"Reserva de emerg\u00eancia: qual a import\u00e2ncia? Voc\u00ea certamente j\u00e1 ouviu o ditado \u201cn\u00e3o adianta trancar(...)\" \/>\n<meta property=\"og:url\" content=\"https:\/\/previews.elleven.digital\/acocearense\/a-importancia-da-reserva-de-emergencia-para-o-crescimento-da-sua-empresa\/\" \/>\n<meta property=\"og:site_name\" content=\"Grupo A\u00e7o Cearense\" \/>\n<meta property=\"article:published_time\" content=\"2020-09-30T13:43:20+00:00\" \/>\n<meta property=\"article:modified_time\" content=\"2025-05-07T13:43:50+00:00\" \/>\n<meta property=\"og:image\" content=\"https:\/\/previews.elleven.digital\/acocearense\/wp-content\/uploads\/2025\/05\/claudio-lustosa.jpeg\" \/>\n\t<meta property=\"og:image:width\" content=\"980\" \/>\n\t<meta property=\"og:image:height\" content=\"612\" \/>\n\t<meta property=\"og:image:type\" content=\"image\/jpeg\" \/>\n<meta name=\"author\" content=\"elleven\" \/>\n<meta name=\"twitter:card\" content=\"summary_large_image\" \/>\n<meta name=\"twitter:label1\" content=\"Escrito por\" \/>\n\t<meta name=\"twitter:data1\" content=\"elleven\" \/>\n\t<meta name=\"twitter:label2\" content=\"Est. tempo de leitura\" \/>\n\t<meta name=\"twitter:data2\" content=\"5 minutos\" \/>\n<script type=\"application\/ld+json\" class=\"yoast-schema-graph\">{\"@context\":\"https:\/\/schema.org\",\"@graph\":[{\"@type\":\"WebPage\",\"@id\":\"https:\/\/previews.elleven.digital\/acocearense\/a-importancia-da-reserva-de-emergencia-para-o-crescimento-da-sua-empresa\/\",\"url\":\"https:\/\/previews.elleven.digital\/acocearense\/a-importancia-da-reserva-de-emergencia-para-o-crescimento-da-sua-empresa\/\",\"name\":\"A import\u00e2ncia da reserva de emerg\u00eancia para o crescimento da sua empresa - Grupo A\u00e7o Cearense\",\"isPartOf\":{\"@id\":\"https:\/\/previews.elleven.digital\/acocearense\/#website\"},\"primaryImageOfPage\":{\"@id\":\"https:\/\/previews.elleven.digital\/acocearense\/a-importancia-da-reserva-de-emergencia-para-o-crescimento-da-sua-empresa\/#primaryimage\"},\"image\":{\"@id\":\"https:\/\/previews.elleven.digital\/acocearense\/a-importancia-da-reserva-de-emergencia-para-o-crescimento-da-sua-empresa\/#primaryimage\"},\"thumbnailUrl\":\"https:\/\/previews.elleven.digital\/acocearense\/wp-content\/uploads\/2025\/05\/claudio-lustosa.jpeg\",\"datePublished\":\"2020-09-30T13:43:20+00:00\",\"dateModified\":\"2025-05-07T13:43:50+00:00\",\"author\":{\"@id\":\"https:\/\/previews.elleven.digital\/acocearense\/#\/schema\/person\/8e9165eb3c33e0860485c7c5fc06a701\"},\"breadcrumb\":{\"@id\":\"https:\/\/previews.elleven.digital\/acocearense\/a-importancia-da-reserva-de-emergencia-para-o-crescimento-da-sua-empresa\/#breadcrumb\"},\"inLanguage\":\"pt-BR\",\"potentialAction\":[{\"@type\":\"ReadAction\",\"target\":[\"https:\/\/previews.elleven.digital\/acocearense\/a-importancia-da-reserva-de-emergencia-para-o-crescimento-da-sua-empresa\/\"]}]},{\"@type\":\"ImageObject\",\"inLanguage\":\"pt-BR\",\"@id\":\"https:\/\/previews.elleven.digital\/acocearense\/a-importancia-da-reserva-de-emergencia-para-o-crescimento-da-sua-empresa\/#primaryimage\",\"url\":\"https:\/\/previews.elleven.digital\/acocearense\/wp-content\/uploads\/2025\/05\/claudio-lustosa.jpeg\",\"contentUrl\":\"https:\/\/previews.elleven.digital\/acocearense\/wp-content\/uploads\/2025\/05\/claudio-lustosa.jpeg\",\"width\":980,\"height\":612},{\"@type\":\"BreadcrumbList\",\"@id\":\"https:\/\/previews.elleven.digital\/acocearense\/a-importancia-da-reserva-de-emergencia-para-o-crescimento-da-sua-empresa\/#breadcrumb\",\"itemListElement\":[{\"@type\":\"ListItem\",\"position\":1,\"name\":\"In\u00edcio\",\"item\":\"https:\/\/previews.elleven.digital\/acocearense\/\"},{\"@type\":\"ListItem\",\"position\":2,\"name\":\"A import\u00e2ncia da reserva de emerg\u00eancia para o crescimento da sua empresa\"}]},{\"@type\":\"WebSite\",\"@id\":\"https:\/\/previews.elleven.digital\/acocearense\/#website\",\"url\":\"https:\/\/previews.elleven.digital\/acocearense\/\",\"name\":\"A\u00e7o Cearense\",\"description\":\"H\u00e1 mais de 45 anos no mercado brasileiro do a\u00e7o.\",\"alternateName\":\"A\u00e7o Cearense\",\"potentialAction\":[{\"@type\":\"SearchAction\",\"target\":{\"@type\":\"EntryPoint\",\"urlTemplate\":\"https:\/\/previews.elleven.digital\/acocearense\/?s={search_term_string}\"},\"query-input\":{\"@type\":\"PropertyValueSpecification\",\"valueRequired\":true,\"valueName\":\"search_term_string\"}}],\"inLanguage\":\"pt-BR\"},{\"@type\":\"Person\",\"@id\":\"https:\/\/previews.elleven.digital\/acocearense\/#\/schema\/person\/8e9165eb3c33e0860485c7c5fc06a701\",\"name\":\"elleven\",\"image\":{\"@type\":\"ImageObject\",\"inLanguage\":\"pt-BR\",\"@id\":\"https:\/\/previews.elleven.digital\/acocearense\/#\/schema\/person\/image\/\",\"url\":\"https:\/\/secure.gravatar.com\/avatar\/2a6afb49d9ecfed5dbc6c9606ce318b8bd07c077835179bddfd5d8209c03cb29?s=96&d=mm&r=g\",\"contentUrl\":\"https:\/\/secure.gravatar.com\/avatar\/2a6afb49d9ecfed5dbc6c9606ce318b8bd07c077835179bddfd5d8209c03cb29?s=96&d=mm&r=g\",\"caption\":\"elleven\"},\"sameAs\":[\"http:\/\/localhost\/acocearense\"],\"url\":\"https:\/\/previews.elleven.digital\/acocearense\/author\/elleven\/\"}]}<\/script>\n<!-- \/ Yoast SEO plugin. -->","yoast_head_json":{"title":"A import\u00e2ncia da reserva de emerg\u00eancia para o crescimento da sua empresa - Grupo A\u00e7o Cearense","robots":{"index":"index","follow":"follow","max-snippet":"max-snippet:-1","max-image-preview":"max-image-preview:large","max-video-preview":"max-video-preview:-1"},"canonical":"https:\/\/previews.elleven.digital\/acocearense\/a-importancia-da-reserva-de-emergencia-para-o-crescimento-da-sua-empresa\/","og_locale":"pt_BR","og_type":"article","og_title":"A import\u00e2ncia da reserva de emerg\u00eancia para o crescimento da sua empresa - Grupo A\u00e7o Cearense","og_description":"Reserva de emerg\u00eancia: qual a import\u00e2ncia? Voc\u00ea certamente j\u00e1 ouviu o ditado \u201cn\u00e3o adianta trancar(...)","og_url":"https:\/\/previews.elleven.digital\/acocearense\/a-importancia-da-reserva-de-emergencia-para-o-crescimento-da-sua-empresa\/","og_site_name":"Grupo A\u00e7o Cearense","article_published_time":"2020-09-30T13:43:20+00:00","article_modified_time":"2025-05-07T13:43:50+00:00","og_image":[{"width":980,"height":612,"url":"https:\/\/previews.elleven.digital\/acocearense\/wp-content\/uploads\/2025\/05\/claudio-lustosa.jpeg","type":"image\/jpeg"}],"author":"elleven","twitter_card":"summary_large_image","twitter_misc":{"Escrito por":"elleven","Est. tempo de leitura":"5 minutos"},"schema":{"@context":"https:\/\/schema.org","@graph":[{"@type":"WebPage","@id":"https:\/\/previews.elleven.digital\/acocearense\/a-importancia-da-reserva-de-emergencia-para-o-crescimento-da-sua-empresa\/","url":"https:\/\/previews.elleven.digital\/acocearense\/a-importancia-da-reserva-de-emergencia-para-o-crescimento-da-sua-empresa\/","name":"A import\u00e2ncia da reserva de emerg\u00eancia para o crescimento da sua empresa - Grupo A\u00e7o Cearense","isPartOf":{"@id":"https:\/\/previews.elleven.digital\/acocearense\/#website"},"primaryImageOfPage":{"@id":"https:\/\/previews.elleven.digital\/acocearense\/a-importancia-da-reserva-de-emergencia-para-o-crescimento-da-sua-empresa\/#primaryimage"},"image":{"@id":"https:\/\/previews.elleven.digital\/acocearense\/a-importancia-da-reserva-de-emergencia-para-o-crescimento-da-sua-empresa\/#primaryimage"},"thumbnailUrl":"https:\/\/previews.elleven.digital\/acocearense\/wp-content\/uploads\/2025\/05\/claudio-lustosa.jpeg","datePublished":"2020-09-30T13:43:20+00:00","dateModified":"2025-05-07T13:43:50+00:00","author":{"@id":"https:\/\/previews.elleven.digital\/acocearense\/#\/schema\/person\/8e9165eb3c33e0860485c7c5fc06a701"},"breadcrumb":{"@id":"https:\/\/previews.elleven.digital\/acocearense\/a-importancia-da-reserva-de-emergencia-para-o-crescimento-da-sua-empresa\/#breadcrumb"},"inLanguage":"pt-BR","potentialAction":[{"@type":"ReadAction","target":["https:\/\/previews.elleven.digital\/acocearense\/a-importancia-da-reserva-de-emergencia-para-o-crescimento-da-sua-empresa\/"]}]},{"@type":"ImageObject","inLanguage":"pt-BR","@id":"https:\/\/previews.elleven.digital\/acocearense\/a-importancia-da-reserva-de-emergencia-para-o-crescimento-da-sua-empresa\/#primaryimage","url":"https:\/\/previews.elleven.digital\/acocearense\/wp-content\/uploads\/2025\/05\/claudio-lustosa.jpeg","contentUrl":"https:\/\/previews.elleven.digital\/acocearense\/wp-content\/uploads\/2025\/05\/claudio-lustosa.jpeg","width":980,"height":612},{"@type":"BreadcrumbList","@id":"https:\/\/previews.elleven.digital\/acocearense\/a-importancia-da-reserva-de-emergencia-para-o-crescimento-da-sua-empresa\/#breadcrumb","itemListElement":[{"@type":"ListItem","position":1,"name":"In\u00edcio","item":"https:\/\/previews.elleven.digital\/acocearense\/"},{"@type":"ListItem","position":2,"name":"A import\u00e2ncia da reserva de emerg\u00eancia para o crescimento da sua empresa"}]},{"@type":"WebSite","@id":"https:\/\/previews.elleven.digital\/acocearense\/#website","url":"https:\/\/previews.elleven.digital\/acocearense\/","name":"A\u00e7o Cearense","description":"H\u00e1 mais de 45 anos no mercado brasileiro do a\u00e7o.","alternateName":"A\u00e7o Cearense","potentialAction":[{"@type":"SearchAction","target":{"@type":"EntryPoint","urlTemplate":"https:\/\/previews.elleven.digital\/acocearense\/?s={search_term_string}"},"query-input":{"@type":"PropertyValueSpecification","valueRequired":true,"valueName":"search_term_string"}}],"inLanguage":"pt-BR"},{"@type":"Person","@id":"https:\/\/previews.elleven.digital\/acocearense\/#\/schema\/person\/8e9165eb3c33e0860485c7c5fc06a701","name":"elleven","image":{"@type":"ImageObject","inLanguage":"pt-BR","@id":"https:\/\/previews.elleven.digital\/acocearense\/#\/schema\/person\/image\/","url":"https:\/\/secure.gravatar.com\/avatar\/2a6afb49d9ecfed5dbc6c9606ce318b8bd07c077835179bddfd5d8209c03cb29?s=96&d=mm&r=g","contentUrl":"https:\/\/secure.gravatar.com\/avatar\/2a6afb49d9ecfed5dbc6c9606ce318b8bd07c077835179bddfd5d8209c03cb29?s=96&d=mm&r=g","caption":"elleven"},"sameAs":["http:\/\/localhost\/acocearense"],"url":"https:\/\/previews.elleven.digital\/acocearense\/author\/elleven\/"}]}},"_links":{"self":[{"href":"https:\/\/previews.elleven.digital\/acocearense\/wp-json\/wp\/v2\/posts\/1320","targetHints":{"allow":["GET"]}}],"collection":[{"href":"https:\/\/previews.elleven.digital\/acocearense\/wp-json\/wp\/v2\/posts"}],"about":[{"href":"https:\/\/previews.elleven.digital\/acocearense\/wp-json\/wp\/v2\/types\/post"}],"author":[{"embeddable":true,"href":"https:\/\/previews.elleven.digital\/acocearense\/wp-json\/wp\/v2\/users\/1"}],"replies":[{"embeddable":true,"href":"https:\/\/previews.elleven.digital\/acocearense\/wp-json\/wp\/v2\/comments?post=1320"}],"version-history":[{"count":1,"href":"https:\/\/previews.elleven.digital\/acocearense\/wp-json\/wp\/v2\/posts\/1320\/revisions"}],"predecessor-version":[{"id":1321,"href":"https:\/\/previews.elleven.digital\/acocearense\/wp-json\/wp\/v2\/posts\/1320\/revisions\/1321"}],"wp:featuredmedia":[{"embeddable":true,"href":"https:\/\/previews.elleven.digital\/acocearense\/wp-json\/wp\/v2\/media\/1299"}],"wp:attachment":[{"href":"https:\/\/previews.elleven.digital\/acocearense\/wp-json\/wp\/v2\/media?parent=1320"}],"wp:term":[{"taxonomy":"category","embeddable":true,"href":"https:\/\/previews.elleven.digital\/acocearense\/wp-json\/wp\/v2\/categories?post=1320"},{"taxonomy":"post_tag","embeddable":true,"href":"https:\/\/previews.elleven.digital\/acocearense\/wp-json\/wp\/v2\/tags?post=1320"}],"curies":[{"name":"wp","href":"https:\/\/api.w.org\/{rel}","templated":true}]}}