{"id":1314,"date":"2020-09-10T10:41:52","date_gmt":"2020-09-10T13:41:52","guid":{"rendered":"https:\/\/previews.elleven.digital\/acocearense\/?p=1314"},"modified":"2025-05-07T10:42:15","modified_gmt":"2025-05-07T13:42:15","slug":"5-palestras-do-ted-talks-para-inspirar-a-sua-empresa-a-crescer","status":"publish","type":"post","link":"https:\/\/previews.elleven.digital\/acocearense\/5-palestras-do-ted-talks-para-inspirar-a-sua-empresa-a-crescer\/","title":{"rendered":"5 palestras do TED Talks para inspirar a sua empresa a crescer"},"content":{"rendered":"<p>Que tal assistir algumas palestras para empreendedores?<\/p>\n<p><b>Acredite:<\/b>\u00a0assistir ao depoimento de especialistas \u00e9 uma excelente forma de se inspirar e estudar o mercado e suas mudan\u00e7as.<\/p>\n<p>Pensando nisso, reunimos aqui 5 palestras do TED Talks \u2013 um dos eventos mais respeitados do mundo, que re\u00fane profissionais conceituados e cheios de experi\u00eancia para compartilhar.<\/p>\n<h2><b>1 \u2013 Por que bons l\u00edderes inspiram a\u00e7\u00e3o? \u2013 Simon Sinek<\/b><\/h2>\n<p>Simon Sinek \u00e9 especialista em lideran\u00e7a e mostra como \u00e9 poss\u00edvel gerenciar uma equipe com sucesso. Ele conta que grandes l\u00edderes sabem que, \u00e0s vezes, \u00e9 preciso fazer escolhas e se sacrificar para ajudar pessoas. Funcion\u00e1rios precisam se sentir seguros e confiantes sempre.\u00a0 Clique\u00a0<a href=\"https:\/\/youtu.be\/qp0HIF3SfI4\">aqui<\/a>\u00a0para assistir.<\/p>\n<h2><b>2 \u2013 Por que vale a pena ouvir as pessoas das quais voc\u00ea discorda? \u2013 Zachary R. Wood<\/b><\/h2>\n<p>Wood aponta como, para evoluirmos e entendermos melhor o mundo,\u00a0<b>\u00e9 necess\u00e1rio entendermos os diferentes pontos de vista que existem.\u00a0<\/b><\/p>\n<p>Afinal, ignorar ideias diferentes das suas n\u00e3o quer dizer que elas v\u00e3o simplesmente desaparecer. Clique\u00a0<a href=\"https:\/\/youtu.be\/LY5hMMjiN6k\">aqui<\/a>\u00a0para assistir.<\/p>\n<h2><b>3 \u2013 O mundo est\u00e1 melhor ou pior? Uma an\u00e1lise dos n\u00fameros \u2013 Steven Pinker<\/b><\/h2>\n<p><b>\u00a0<\/b>Steven Pinker, professor da Universidade de Oxford, mostra uma an\u00e1lise estat\u00edstica do mundo, que, na verdade, est\u00e1 muito melhor do que antes. Inclusive para investir e inovar em ideias. Clique\u00a0<a href=\"https:\/\/youtu.be\/yCm9Ng0bbEQ\">aqui<\/a>\u00a0para assistir.<\/p>\n<h2>\u00a0<b>4 \u2013 Como a Intelig\u00eancia Artificial pode salvar nossa humanidade \u2013 Kai-Fu Lee<\/b><\/h2>\n<p><b>\u00a0<\/b>O especialista em tecnologia tailand\u00eas Kai-Fu Lee conta como Estados Unidos e China est\u00e3o fazendo grandes descobertas no campo. Para ele, \u00e9 poss\u00edvel que os humanos prosperem na era da Intelig\u00eancia Artificial cultivando compaix\u00e3o e criatividade. Clique\u00a0<a href=\"https:\/\/youtu.be\/ajGgd9Ld-Wc\">aqui<\/a>\u00a0para assistir.<\/p>\n<h2>\u00a0<b>5 \u2013 Como me tornei empreendedor aos 66 anos \u2013 Paul Tasner<\/b><\/h2>\n<p>Nunca \u00e9 tarde para se reinventar.<\/p>\n<p>Paul Tasner foi demitido do cargo, ap\u00f3s 40 anos de experi\u00eancia, como consequ\u00eancia de um remanejamento de pessoal. Com 64 anos, ele se viu realizando trabalhos de consultoria que n\u00e3o o motivavam.<\/p>\n<p>Foi a\u00ed que teve a ideia de empreender e criou sua startup PulpWorks Inc, que produz mat\u00e9ria-prima utilizando material descartado pelas ind\u00fastrias. Clique\u00a0<a href=\"https:\/\/youtu.be\/Ogce5D2XMZ0\">aqui<\/a>\u00a0para assistir.<\/p>\n<p><strong>\u00a0Fonte:<\/strong><a href=\"https:\/\/www.trustcoworking.com.br\/2019\/12\/16\/palestras-para-empreendedores-os-12-melhores-ted-talks\/\">\u00a0Trust Coworking<\/a><\/p>\n","protected":false},"excerpt":{"rendered":"<p>Que tal assistir algumas palestras para empreendedores? Acredite:\u00a0assistir ao depoimento de especialistas \u00e9 uma excelente(&#8230;)<\/p>\n","protected":false},"author":1,"featured_media":1302,"comment_status":"open","ping_status":"open","sticky":false,"template":"","format":"standard","meta":{"_acf_changed":false,"inline_featured_image":false,"footnotes":""},"categories":[32],"tags":[],"class_list":["post-1314","post","type-post","status-publish","format-standard","has-post-thumbnail","hentry","category-vender-mais"],"acf":[],"yoast_head":"<!-- This site is optimized with the Yoast SEO plugin v25.9 - https:\/\/yoast.com\/wordpress\/plugins\/seo\/ -->\n<title>5 palestras do TED Talks para inspirar a sua empresa a crescer - Grupo A\u00e7o Cearense<\/title>\n<meta name=\"robots\" content=\"index, follow, max-snippet:-1, max-image-preview:large, max-video-preview:-1\" \/>\n<link rel=\"canonical\" href=\"https:\/\/previews.elleven.digital\/acocearense\/5-palestras-do-ted-talks-para-inspirar-a-sua-empresa-a-crescer\/\" \/>\n<meta property=\"og:locale\" content=\"pt_BR\" \/>\n<meta property=\"og:type\" content=\"article\" \/>\n<meta property=\"og:title\" content=\"5 palestras do TED Talks para inspirar a sua empresa a crescer - Grupo A\u00e7o Cearense\" \/>\n<meta property=\"og:description\" content=\"Que tal assistir algumas palestras para empreendedores? Acredite:\u00a0assistir ao depoimento de especialistas \u00e9 uma excelente(...)\" \/>\n<meta property=\"og:url\" content=\"https:\/\/previews.elleven.digital\/acocearense\/5-palestras-do-ted-talks-para-inspirar-a-sua-empresa-a-crescer\/\" \/>\n<meta property=\"og:site_name\" content=\"Grupo A\u00e7o Cearense\" \/>\n<meta property=\"article:published_time\" content=\"2020-09-10T13:41:52+00:00\" \/>\n<meta property=\"article:modified_time\" content=\"2025-05-07T13:42:15+00:00\" \/>\n<meta property=\"og:image\" content=\"https:\/\/previews.elleven.digital\/acocearense\/wp-content\/uploads\/2025\/05\/home-office-336373_1280-1090x720-1.jpg\" \/>\n\t<meta property=\"og:image:width\" content=\"1090\" \/>\n\t<meta property=\"og:image:height\" content=\"720\" \/>\n\t<meta property=\"og:image:type\" content=\"image\/jpeg\" \/>\n<meta name=\"author\" content=\"elleven\" \/>\n<meta name=\"twitter:card\" content=\"summary_large_image\" \/>\n<meta name=\"twitter:label1\" content=\"Escrito por\" \/>\n\t<meta name=\"twitter:data1\" content=\"elleven\" \/>\n\t<meta name=\"twitter:label2\" content=\"Est. tempo de leitura\" \/>\n\t<meta name=\"twitter:data2\" content=\"3 minutos\" \/>\n<script type=\"application\/ld+json\" class=\"yoast-schema-graph\">{\"@context\":\"https:\/\/schema.org\",\"@graph\":[{\"@type\":\"WebPage\",\"@id\":\"https:\/\/previews.elleven.digital\/acocearense\/5-palestras-do-ted-talks-para-inspirar-a-sua-empresa-a-crescer\/\",\"url\":\"https:\/\/previews.elleven.digital\/acocearense\/5-palestras-do-ted-talks-para-inspirar-a-sua-empresa-a-crescer\/\",\"name\":\"5 palestras do TED Talks para inspirar a sua empresa a crescer - Grupo A\u00e7o Cearense\",\"isPartOf\":{\"@id\":\"https:\/\/previews.elleven.digital\/acocearense\/#website\"},\"primaryImageOfPage\":{\"@id\":\"https:\/\/previews.elleven.digital\/acocearense\/5-palestras-do-ted-talks-para-inspirar-a-sua-empresa-a-crescer\/#primaryimage\"},\"image\":{\"@id\":\"https:\/\/previews.elleven.digital\/acocearense\/5-palestras-do-ted-talks-para-inspirar-a-sua-empresa-a-crescer\/#primaryimage\"},\"thumbnailUrl\":\"https:\/\/previews.elleven.digital\/acocearense\/wp-content\/uploads\/2025\/05\/home-office-336373_1280-1090x720-1.jpg\",\"datePublished\":\"2020-09-10T13:41:52+00:00\",\"dateModified\":\"2025-05-07T13:42:15+00:00\",\"author\":{\"@id\":\"https:\/\/previews.elleven.digital\/acocearense\/#\/schema\/person\/8e9165eb3c33e0860485c7c5fc06a701\"},\"breadcrumb\":{\"@id\":\"https:\/\/previews.elleven.digital\/acocearense\/5-palestras-do-ted-talks-para-inspirar-a-sua-empresa-a-crescer\/#breadcrumb\"},\"inLanguage\":\"pt-BR\",\"potentialAction\":[{\"@type\":\"ReadAction\",\"target\":[\"https:\/\/previews.elleven.digital\/acocearense\/5-palestras-do-ted-talks-para-inspirar-a-sua-empresa-a-crescer\/\"]}]},{\"@type\":\"ImageObject\",\"inLanguage\":\"pt-BR\",\"@id\":\"https:\/\/previews.elleven.digital\/acocearense\/5-palestras-do-ted-talks-para-inspirar-a-sua-empresa-a-crescer\/#primaryimage\",\"url\":\"https:\/\/previews.elleven.digital\/acocearense\/wp-content\/uploads\/2025\/05\/home-office-336373_1280-1090x720-1.jpg\",\"contentUrl\":\"https:\/\/previews.elleven.digital\/acocearense\/wp-content\/uploads\/2025\/05\/home-office-336373_1280-1090x720-1.jpg\",\"width\":1090,\"height\":720},{\"@type\":\"BreadcrumbList\",\"@id\":\"https:\/\/previews.elleven.digital\/acocearense\/5-palestras-do-ted-talks-para-inspirar-a-sua-empresa-a-crescer\/#breadcrumb\",\"itemListElement\":[{\"@type\":\"ListItem\",\"position\":1,\"name\":\"In\u00edcio\",\"item\":\"https:\/\/previews.elleven.digital\/acocearense\/\"},{\"@type\":\"ListItem\",\"position\":2,\"name\":\"5 palestras do TED Talks para inspirar a sua empresa a crescer\"}]},{\"@type\":\"WebSite\",\"@id\":\"https:\/\/previews.elleven.digital\/acocearense\/#website\",\"url\":\"https:\/\/previews.elleven.digital\/acocearense\/\",\"name\":\"A\u00e7o Cearense\",\"description\":\"H\u00e1 mais de 45 anos no mercado brasileiro do a\u00e7o.\",\"alternateName\":\"A\u00e7o Cearense\",\"potentialAction\":[{\"@type\":\"SearchAction\",\"target\":{\"@type\":\"EntryPoint\",\"urlTemplate\":\"https:\/\/previews.elleven.digital\/acocearense\/?s={search_term_string}\"},\"query-input\":{\"@type\":\"PropertyValueSpecification\",\"valueRequired\":true,\"valueName\":\"search_term_string\"}}],\"inLanguage\":\"pt-BR\"},{\"@type\":\"Person\",\"@id\":\"https:\/\/previews.elleven.digital\/acocearense\/#\/schema\/person\/8e9165eb3c33e0860485c7c5fc06a701\",\"name\":\"elleven\",\"image\":{\"@type\":\"ImageObject\",\"inLanguage\":\"pt-BR\",\"@id\":\"https:\/\/previews.elleven.digital\/acocearense\/#\/schema\/person\/image\/\",\"url\":\"https:\/\/secure.gravatar.com\/avatar\/2a6afb49d9ecfed5dbc6c9606ce318b8bd07c077835179bddfd5d8209c03cb29?s=96&d=mm&r=g\",\"contentUrl\":\"https:\/\/secure.gravatar.com\/avatar\/2a6afb49d9ecfed5dbc6c9606ce318b8bd07c077835179bddfd5d8209c03cb29?s=96&d=mm&r=g\",\"caption\":\"elleven\"},\"sameAs\":[\"http:\/\/localhost\/acocearense\"],\"url\":\"https:\/\/previews.elleven.digital\/acocearense\/author\/elleven\/\"}]}<\/script>\n<!-- \/ Yoast SEO plugin. -->","yoast_head_json":{"title":"5 palestras do TED Talks para inspirar a sua empresa a crescer - Grupo A\u00e7o Cearense","robots":{"index":"index","follow":"follow","max-snippet":"max-snippet:-1","max-image-preview":"max-image-preview:large","max-video-preview":"max-video-preview:-1"},"canonical":"https:\/\/previews.elleven.digital\/acocearense\/5-palestras-do-ted-talks-para-inspirar-a-sua-empresa-a-crescer\/","og_locale":"pt_BR","og_type":"article","og_title":"5 palestras do TED Talks para inspirar a sua empresa a crescer - Grupo A\u00e7o Cearense","og_description":"Que tal assistir algumas palestras para empreendedores? Acredite:\u00a0assistir ao depoimento de especialistas \u00e9 uma excelente(...)","og_url":"https:\/\/previews.elleven.digital\/acocearense\/5-palestras-do-ted-talks-para-inspirar-a-sua-empresa-a-crescer\/","og_site_name":"Grupo A\u00e7o Cearense","article_published_time":"2020-09-10T13:41:52+00:00","article_modified_time":"2025-05-07T13:42:15+00:00","og_image":[{"width":1090,"height":720,"url":"https:\/\/previews.elleven.digital\/acocearense\/wp-content\/uploads\/2025\/05\/home-office-336373_1280-1090x720-1.jpg","type":"image\/jpeg"}],"author":"elleven","twitter_card":"summary_large_image","twitter_misc":{"Escrito por":"elleven","Est. tempo de leitura":"3 minutos"},"schema":{"@context":"https:\/\/schema.org","@graph":[{"@type":"WebPage","@id":"https:\/\/previews.elleven.digital\/acocearense\/5-palestras-do-ted-talks-para-inspirar-a-sua-empresa-a-crescer\/","url":"https:\/\/previews.elleven.digital\/acocearense\/5-palestras-do-ted-talks-para-inspirar-a-sua-empresa-a-crescer\/","name":"5 palestras do TED Talks para inspirar a sua empresa a crescer - Grupo A\u00e7o Cearense","isPartOf":{"@id":"https:\/\/previews.elleven.digital\/acocearense\/#website"},"primaryImageOfPage":{"@id":"https:\/\/previews.elleven.digital\/acocearense\/5-palestras-do-ted-talks-para-inspirar-a-sua-empresa-a-crescer\/#primaryimage"},"image":{"@id":"https:\/\/previews.elleven.digital\/acocearense\/5-palestras-do-ted-talks-para-inspirar-a-sua-empresa-a-crescer\/#primaryimage"},"thumbnailUrl":"https:\/\/previews.elleven.digital\/acocearense\/wp-content\/uploads\/2025\/05\/home-office-336373_1280-1090x720-1.jpg","datePublished":"2020-09-10T13:41:52+00:00","dateModified":"2025-05-07T13:42:15+00:00","author":{"@id":"https:\/\/previews.elleven.digital\/acocearense\/#\/schema\/person\/8e9165eb3c33e0860485c7c5fc06a701"},"breadcrumb":{"@id":"https:\/\/previews.elleven.digital\/acocearense\/5-palestras-do-ted-talks-para-inspirar-a-sua-empresa-a-crescer\/#breadcrumb"},"inLanguage":"pt-BR","potentialAction":[{"@type":"ReadAction","target":["https:\/\/previews.elleven.digital\/acocearense\/5-palestras-do-ted-talks-para-inspirar-a-sua-empresa-a-crescer\/"]}]},{"@type":"ImageObject","inLanguage":"pt-BR","@id":"https:\/\/previews.elleven.digital\/acocearense\/5-palestras-do-ted-talks-para-inspirar-a-sua-empresa-a-crescer\/#primaryimage","url":"https:\/\/previews.elleven.digital\/acocearense\/wp-content\/uploads\/2025\/05\/home-office-336373_1280-1090x720-1.jpg","contentUrl":"https:\/\/previews.elleven.digital\/acocearense\/wp-content\/uploads\/2025\/05\/home-office-336373_1280-1090x720-1.jpg","width":1090,"height":720},{"@type":"BreadcrumbList","@id":"https:\/\/previews.elleven.digital\/acocearense\/5-palestras-do-ted-talks-para-inspirar-a-sua-empresa-a-crescer\/#breadcrumb","itemListElement":[{"@type":"ListItem","position":1,"name":"In\u00edcio","item":"https:\/\/previews.elleven.digital\/acocearense\/"},{"@type":"ListItem","position":2,"name":"5 palestras do TED Talks para inspirar a sua empresa a crescer"}]},{"@type":"WebSite","@id":"https:\/\/previews.elleven.digital\/acocearense\/#website","url":"https:\/\/previews.elleven.digital\/acocearense\/","name":"A\u00e7o Cearense","description":"H\u00e1 mais de 45 anos no mercado brasileiro do a\u00e7o.","alternateName":"A\u00e7o Cearense","potentialAction":[{"@type":"SearchAction","target":{"@type":"EntryPoint","urlTemplate":"https:\/\/previews.elleven.digital\/acocearense\/?s={search_term_string}"},"query-input":{"@type":"PropertyValueSpecification","valueRequired":true,"valueName":"search_term_string"}}],"inLanguage":"pt-BR"},{"@type":"Person","@id":"https:\/\/previews.elleven.digital\/acocearense\/#\/schema\/person\/8e9165eb3c33e0860485c7c5fc06a701","name":"elleven","image":{"@type":"ImageObject","inLanguage":"pt-BR","@id":"https:\/\/previews.elleven.digital\/acocearense\/#\/schema\/person\/image\/","url":"https:\/\/secure.gravatar.com\/avatar\/2a6afb49d9ecfed5dbc6c9606ce318b8bd07c077835179bddfd5d8209c03cb29?s=96&d=mm&r=g","contentUrl":"https:\/\/secure.gravatar.com\/avatar\/2a6afb49d9ecfed5dbc6c9606ce318b8bd07c077835179bddfd5d8209c03cb29?s=96&d=mm&r=g","caption":"elleven"},"sameAs":["http:\/\/localhost\/acocearense"],"url":"https:\/\/previews.elleven.digital\/acocearense\/author\/elleven\/"}]}},"_links":{"self":[{"href":"https:\/\/previews.elleven.digital\/acocearense\/wp-json\/wp\/v2\/posts\/1314","targetHints":{"allow":["GET"]}}],"collection":[{"href":"https:\/\/previews.elleven.digital\/acocearense\/wp-json\/wp\/v2\/posts"}],"about":[{"href":"https:\/\/previews.elleven.digital\/acocearense\/wp-json\/wp\/v2\/types\/post"}],"author":[{"embeddable":true,"href":"https:\/\/previews.elleven.digital\/acocearense\/wp-json\/wp\/v2\/users\/1"}],"replies":[{"embeddable":true,"href":"https:\/\/previews.elleven.digital\/acocearense\/wp-json\/wp\/v2\/comments?post=1314"}],"version-history":[{"count":1,"href":"https:\/\/previews.elleven.digital\/acocearense\/wp-json\/wp\/v2\/posts\/1314\/revisions"}],"predecessor-version":[{"id":1315,"href":"https:\/\/previews.elleven.digital\/acocearense\/wp-json\/wp\/v2\/posts\/1314\/revisions\/1315"}],"wp:featuredmedia":[{"embeddable":true,"href":"https:\/\/previews.elleven.digital\/acocearense\/wp-json\/wp\/v2\/media\/1302"}],"wp:attachment":[{"href":"https:\/\/previews.elleven.digital\/acocearense\/wp-json\/wp\/v2\/media?parent=1314"}],"wp:term":[{"taxonomy":"category","embeddable":true,"href":"https:\/\/previews.elleven.digital\/acocearense\/wp-json\/wp\/v2\/categories?post=1314"},{"taxonomy":"post_tag","embeddable":true,"href":"https:\/\/previews.elleven.digital\/acocearense\/wp-json\/wp\/v2\/tags?post=1314"}],"curies":[{"name":"wp","href":"https:\/\/api.w.org\/{rel}","templated":true}]}}