{"id":1312,"date":"2020-08-10T10:41:17","date_gmt":"2020-08-10T13:41:17","guid":{"rendered":"https:\/\/previews.elleven.digital\/acocearense\/?p=1312"},"modified":"2025-05-07T10:41:49","modified_gmt":"2025-05-07T13:41:49","slug":"a-diversificacao-dos-seus-canais-de-vendas-pode-aumentar-o-seu-faturamento","status":"publish","type":"post","link":"https:\/\/previews.elleven.digital\/acocearense\/a-diversificacao-dos-seus-canais-de-vendas-pode-aumentar-o-seu-faturamento\/","title":{"rendered":"A diversifica\u00e7\u00e3o dos seus canais de vendas pode aumentar o seu faturamento"},"content":{"rendered":"<p>Cada vez mais familiarizado com a tecnologia, o consumidor j\u00e1 n\u00e3o se limita a um \u00fanico caminho para procurar produtos ou servi\u00e7os. Ele quer ter muitas op\u00e7\u00f5es apresentadas de maneira pr\u00e1tica e \u00e1gil.<\/p>\n<p>Sendo assim, as empresas devem utilizar-se de diversas alternativas de comunica\u00e7\u00e3o para chegar ao cliente e expandir suas vendas e o alcance de sua marca. Isto \u00e9, deve tornar-se multicanal.<\/p>\n<p>O multicanal manuseia v\u00e1rias ferramentas de vendas e divulga\u00e7\u00e3o ao mesmo tempo. O empres\u00e1rio pode atuar em meios de comunica\u00e7\u00e3o como<a href=\"https:\/\/previews.elleven.digital\/acocearense\/blog\/gestao\/entenda-como-fazer-um-bom-atendimento-pelas-redes-sociais\/?setlang=no\">\u00a0m\u00eddias sociais<\/a>\u00a0e e-commerce, al\u00e9m de criar estrat\u00e9gias em lojas f\u00edsicas na inten\u00e7\u00e3o de ampliar o espectro de clientes, considerando a diversidade contempor\u00e2nea.<\/p>\n<h2><b>Tipos de canais<\/b><\/h2>\n<p>Os canais utilizados para a<a href=\"https:\/\/previews.elleven.digital\/acocearense\/blog\/abrindo-o-negocio\/4-canais-de-atendimento-para-aproximar-sua-empresa-dos-clientes\/?setlang=no\">\u00a0rela\u00e7\u00e3o entre empresa e consumidor<\/a>\u00a0podem ser tradicionais ou digitais. Dentre os tradicionais, est\u00e3o:<\/p>\n<ul>\n<li><b>Lojas f\u00edsicas \u2013<\/b>\u00a0um dos mais tradicionais canais de venda do varejo, necessitam de estrat\u00e9gias de marketing espec\u00edficas para alcan\u00e7ar o p\u00fablico.<\/li>\n<li><b>Franquias \u2013<\/b>\u00a0quando uma empresa obt\u00e9m sucesso, ela repete as estrat\u00e9gias de venda e distribui\u00e7\u00e3o em novos locais, mantendo suas caracter\u00edsticas.<\/li>\n<li><b>Televendas \u2013<\/b>\u00a0cria-se uma central de atendimento telef\u00f4nica para estimular as vendas. O p\u00fablico-alvo \u00e9 composto por pessoas que n\u00e3o utilizam tecnologia mais avan\u00e7ada, como a internet.<\/li>\n<li><b>Rede de consultores \u2013<\/b>\u00a0oferece um tipo de venda personalizada e intimista.<\/li>\n<\/ul>\n<p>J\u00e1 os canais digitais relacionados a neg\u00f3cios atingem um p\u00fablico ainda mais amplo e geograficamente distante. S\u00e3o eles:<\/p>\n<ul>\n<li><b>F-commerce<\/b>\u00a0(Facebook Commerce) \u2013 a rede social \u00e9 \u00fatil na hora de reunir os consumidores de uma marca e tamb\u00e9m de medir seu perfil e suas necessidades.<\/li>\n<li><b>E-commerce<\/b>\u00a0(Eletronic Commerce) \u2013 funciona como uma loja virtual onde os produtos s\u00e3o apresentados e as vendas s\u00e3o realizadas on-line.<\/li>\n<li><b>M-commerce<\/b>\u00a0(Mobile Commerce) \u2013 s\u00e3o aplicativos para smartphones que servem como op\u00e7\u00e3o para conhecer e adquirir produtos e servi\u00e7os.<\/li>\n<li><b>E-marketplace<\/b>\u00a0(Shopping Center On-line) \u2013 trata-se de um canal que re\u00fane produtos de diferentes empresas.<\/li>\n<\/ul>\n<h2><b>Defini\u00e7\u00e3o de canais<\/b><\/h2>\n<p>A escolha dos canais varia de acordo com o<a href=\"https:\/\/previews.elleven.digital\/acocearense\/blog\/abrindo-o-negocio\/conheca-o-perfil-do-consumidor-de-seus-produtos-e-aumente-as-vendas\/?setlang=no\">\u00a0p\u00fablico-alvo<\/a>\u00a0e as demandas da empresa. \u00c9 indispens\u00e1vel estudar sobre produtos que podem ser oferecidos no meio virtual, de acordo com a probabilidade de vendas e alcance.<\/p>\n<p>Al\u00e9m disso, deve-se pensar em estoque, meios de distribui\u00e7\u00e3o e como trabalhar a comunica\u00e7\u00e3o do seu neg\u00f3cio.<\/p>\n<p>Se uma empresa quer marcar<a href=\"https:\/\/previews.elleven.digital\/acocearense\/blog\/gestao\/5-coisas-que-voce-precisa-saber-sobre-a-transformacao-digital-no-varejo\/?setlang=no\">\u00a0presen\u00e7a digital<\/a>, mas avalia que nem todos os seus produtos s\u00e3o adequados a esse tipo de com\u00e9rcio, pode disponibilizar apenas uma parte de seu cat\u00e1logo on-line e os demais produtos serem oferecidos apenas na loja f\u00edsica.<\/p>\n<p>Tamb\u00e9m considere a entrega dos produtos. Procure fazer parcerias com empresas que tenham pre\u00e7os competitivos e um servi\u00e7o eficiente, al\u00e9m de disponibilizar digitalmente apenas produtos que a entrega possa ser garantida.<\/p>\n<p>Evite que um canal concorra com o outro. Mesmo que a loja f\u00edsica e a loja virtual ofere\u00e7am mercadorias diferentes, elas devem estar entrosadas. Afinal, o cliente vai identificar a empresa pela marca e n\u00e3o pelo canal que escolheu.<\/p>\n<p><strong>Fonte:<\/strong><a href=\"https:\/\/www.sebrae.com.br\/sites\/PortalSebrae\/artigos\/dicas-e-estrategias-para-vendas-multicanais,0d944cd7eb34f410VgnVCM1000004c00210aRCRD\">\u00a0Sebrae<\/a><\/p>\n","protected":false},"excerpt":{"rendered":"<p>Cada vez mais familiarizado com a tecnologia, o consumidor j\u00e1 n\u00e3o se limita a um(&#8230;)<\/p>\n","protected":false},"author":1,"featured_media":1303,"comment_status":"open","ping_status":"open","sticky":false,"template":"","format":"standard","meta":{"_acf_changed":false,"inline_featured_image":false,"footnotes":""},"categories":[28,32],"tags":[],"class_list":["post-1312","post","type-post","status-publish","format-standard","has-post-thumbnail","hentry","category-gestao","category-vender-mais"],"acf":[],"yoast_head":"<!-- This site is optimized with the Yoast SEO plugin v25.9 - https:\/\/yoast.com\/wordpress\/plugins\/seo\/ -->\n<title>A diversifica\u00e7\u00e3o dos seus canais de vendas pode aumentar o seu faturamento - Grupo A\u00e7o Cearense<\/title>\n<meta name=\"robots\" content=\"index, follow, max-snippet:-1, max-image-preview:large, max-video-preview:-1\" \/>\n<link rel=\"canonical\" href=\"https:\/\/previews.elleven.digital\/acocearense\/a-diversificacao-dos-seus-canais-de-vendas-pode-aumentar-o-seu-faturamento\/\" \/>\n<meta property=\"og:locale\" content=\"pt_BR\" \/>\n<meta property=\"og:type\" content=\"article\" \/>\n<meta property=\"og:title\" content=\"A diversifica\u00e7\u00e3o dos seus canais de vendas pode aumentar o seu faturamento - Grupo A\u00e7o Cearense\" \/>\n<meta property=\"og:description\" content=\"Cada vez mais familiarizado com a tecnologia, o consumidor j\u00e1 n\u00e3o se limita a um(...)\" \/>\n<meta property=\"og:url\" content=\"https:\/\/previews.elleven.digital\/acocearense\/a-diversificacao-dos-seus-canais-de-vendas-pode-aumentar-o-seu-faturamento\/\" \/>\n<meta property=\"og:site_name\" content=\"Grupo A\u00e7o Cearense\" \/>\n<meta property=\"article:published_time\" content=\"2020-08-10T13:41:17+00:00\" \/>\n<meta property=\"article:modified_time\" content=\"2025-05-07T13:41:49+00:00\" \/>\n<meta property=\"og:image\" content=\"https:\/\/previews.elleven.digital\/acocearense\/wp-content\/uploads\/2025\/05\/canais-de-vendas-1090x720-1.jpg\" \/>\n\t<meta property=\"og:image:width\" content=\"1090\" \/>\n\t<meta property=\"og:image:height\" content=\"720\" \/>\n\t<meta property=\"og:image:type\" content=\"image\/jpeg\" \/>\n<meta name=\"author\" content=\"elleven\" \/>\n<meta name=\"twitter:card\" content=\"summary_large_image\" \/>\n<meta name=\"twitter:label1\" content=\"Escrito por\" \/>\n\t<meta name=\"twitter:data1\" content=\"elleven\" \/>\n\t<meta name=\"twitter:label2\" content=\"Est. tempo de leitura\" \/>\n\t<meta name=\"twitter:data2\" content=\"3 minutos\" \/>\n<script type=\"application\/ld+json\" class=\"yoast-schema-graph\">{\"@context\":\"https:\/\/schema.org\",\"@graph\":[{\"@type\":\"WebPage\",\"@id\":\"https:\/\/previews.elleven.digital\/acocearense\/a-diversificacao-dos-seus-canais-de-vendas-pode-aumentar-o-seu-faturamento\/\",\"url\":\"https:\/\/previews.elleven.digital\/acocearense\/a-diversificacao-dos-seus-canais-de-vendas-pode-aumentar-o-seu-faturamento\/\",\"name\":\"A diversifica\u00e7\u00e3o dos seus canais de vendas pode aumentar o seu faturamento - Grupo A\u00e7o Cearense\",\"isPartOf\":{\"@id\":\"https:\/\/previews.elleven.digital\/acocearense\/#website\"},\"primaryImageOfPage\":{\"@id\":\"https:\/\/previews.elleven.digital\/acocearense\/a-diversificacao-dos-seus-canais-de-vendas-pode-aumentar-o-seu-faturamento\/#primaryimage\"},\"image\":{\"@id\":\"https:\/\/previews.elleven.digital\/acocearense\/a-diversificacao-dos-seus-canais-de-vendas-pode-aumentar-o-seu-faturamento\/#primaryimage\"},\"thumbnailUrl\":\"https:\/\/previews.elleven.digital\/acocearense\/wp-content\/uploads\/2025\/05\/canais-de-vendas-1090x720-1.jpg\",\"datePublished\":\"2020-08-10T13:41:17+00:00\",\"dateModified\":\"2025-05-07T13:41:49+00:00\",\"author\":{\"@id\":\"https:\/\/previews.elleven.digital\/acocearense\/#\/schema\/person\/8e9165eb3c33e0860485c7c5fc06a701\"},\"breadcrumb\":{\"@id\":\"https:\/\/previews.elleven.digital\/acocearense\/a-diversificacao-dos-seus-canais-de-vendas-pode-aumentar-o-seu-faturamento\/#breadcrumb\"},\"inLanguage\":\"pt-BR\",\"potentialAction\":[{\"@type\":\"ReadAction\",\"target\":[\"https:\/\/previews.elleven.digital\/acocearense\/a-diversificacao-dos-seus-canais-de-vendas-pode-aumentar-o-seu-faturamento\/\"]}]},{\"@type\":\"ImageObject\",\"inLanguage\":\"pt-BR\",\"@id\":\"https:\/\/previews.elleven.digital\/acocearense\/a-diversificacao-dos-seus-canais-de-vendas-pode-aumentar-o-seu-faturamento\/#primaryimage\",\"url\":\"https:\/\/previews.elleven.digital\/acocearense\/wp-content\/uploads\/2025\/05\/canais-de-vendas-1090x720-1.jpg\",\"contentUrl\":\"https:\/\/previews.elleven.digital\/acocearense\/wp-content\/uploads\/2025\/05\/canais-de-vendas-1090x720-1.jpg\",\"width\":1090,\"height\":720},{\"@type\":\"BreadcrumbList\",\"@id\":\"https:\/\/previews.elleven.digital\/acocearense\/a-diversificacao-dos-seus-canais-de-vendas-pode-aumentar-o-seu-faturamento\/#breadcrumb\",\"itemListElement\":[{\"@type\":\"ListItem\",\"position\":1,\"name\":\"In\u00edcio\",\"item\":\"https:\/\/previews.elleven.digital\/acocearense\/\"},{\"@type\":\"ListItem\",\"position\":2,\"name\":\"A diversifica\u00e7\u00e3o dos seus canais de vendas pode aumentar o seu faturamento\"}]},{\"@type\":\"WebSite\",\"@id\":\"https:\/\/previews.elleven.digital\/acocearense\/#website\",\"url\":\"https:\/\/previews.elleven.digital\/acocearense\/\",\"name\":\"A\u00e7o Cearense\",\"description\":\"H\u00e1 mais de 45 anos no mercado brasileiro do a\u00e7o.\",\"alternateName\":\"A\u00e7o Cearense\",\"potentialAction\":[{\"@type\":\"SearchAction\",\"target\":{\"@type\":\"EntryPoint\",\"urlTemplate\":\"https:\/\/previews.elleven.digital\/acocearense\/?s={search_term_string}\"},\"query-input\":{\"@type\":\"PropertyValueSpecification\",\"valueRequired\":true,\"valueName\":\"search_term_string\"}}],\"inLanguage\":\"pt-BR\"},{\"@type\":\"Person\",\"@id\":\"https:\/\/previews.elleven.digital\/acocearense\/#\/schema\/person\/8e9165eb3c33e0860485c7c5fc06a701\",\"name\":\"elleven\",\"image\":{\"@type\":\"ImageObject\",\"inLanguage\":\"pt-BR\",\"@id\":\"https:\/\/previews.elleven.digital\/acocearense\/#\/schema\/person\/image\/\",\"url\":\"https:\/\/secure.gravatar.com\/avatar\/2a6afb49d9ecfed5dbc6c9606ce318b8bd07c077835179bddfd5d8209c03cb29?s=96&d=mm&r=g\",\"contentUrl\":\"https:\/\/secure.gravatar.com\/avatar\/2a6afb49d9ecfed5dbc6c9606ce318b8bd07c077835179bddfd5d8209c03cb29?s=96&d=mm&r=g\",\"caption\":\"elleven\"},\"sameAs\":[\"http:\/\/localhost\/acocearense\"],\"url\":\"https:\/\/previews.elleven.digital\/acocearense\/author\/elleven\/\"}]}<\/script>\n<!-- \/ Yoast SEO plugin. -->","yoast_head_json":{"title":"A diversifica\u00e7\u00e3o dos seus canais de vendas pode aumentar o seu faturamento - Grupo A\u00e7o Cearense","robots":{"index":"index","follow":"follow","max-snippet":"max-snippet:-1","max-image-preview":"max-image-preview:large","max-video-preview":"max-video-preview:-1"},"canonical":"https:\/\/previews.elleven.digital\/acocearense\/a-diversificacao-dos-seus-canais-de-vendas-pode-aumentar-o-seu-faturamento\/","og_locale":"pt_BR","og_type":"article","og_title":"A diversifica\u00e7\u00e3o dos seus canais de vendas pode aumentar o seu faturamento - Grupo A\u00e7o Cearense","og_description":"Cada vez mais familiarizado com a tecnologia, o consumidor j\u00e1 n\u00e3o se limita a um(...)","og_url":"https:\/\/previews.elleven.digital\/acocearense\/a-diversificacao-dos-seus-canais-de-vendas-pode-aumentar-o-seu-faturamento\/","og_site_name":"Grupo A\u00e7o Cearense","article_published_time":"2020-08-10T13:41:17+00:00","article_modified_time":"2025-05-07T13:41:49+00:00","og_image":[{"width":1090,"height":720,"url":"https:\/\/previews.elleven.digital\/acocearense\/wp-content\/uploads\/2025\/05\/canais-de-vendas-1090x720-1.jpg","type":"image\/jpeg"}],"author":"elleven","twitter_card":"summary_large_image","twitter_misc":{"Escrito por":"elleven","Est. tempo de leitura":"3 minutos"},"schema":{"@context":"https:\/\/schema.org","@graph":[{"@type":"WebPage","@id":"https:\/\/previews.elleven.digital\/acocearense\/a-diversificacao-dos-seus-canais-de-vendas-pode-aumentar-o-seu-faturamento\/","url":"https:\/\/previews.elleven.digital\/acocearense\/a-diversificacao-dos-seus-canais-de-vendas-pode-aumentar-o-seu-faturamento\/","name":"A diversifica\u00e7\u00e3o dos seus canais de vendas pode aumentar o seu faturamento - Grupo A\u00e7o Cearense","isPartOf":{"@id":"https:\/\/previews.elleven.digital\/acocearense\/#website"},"primaryImageOfPage":{"@id":"https:\/\/previews.elleven.digital\/acocearense\/a-diversificacao-dos-seus-canais-de-vendas-pode-aumentar-o-seu-faturamento\/#primaryimage"},"image":{"@id":"https:\/\/previews.elleven.digital\/acocearense\/a-diversificacao-dos-seus-canais-de-vendas-pode-aumentar-o-seu-faturamento\/#primaryimage"},"thumbnailUrl":"https:\/\/previews.elleven.digital\/acocearense\/wp-content\/uploads\/2025\/05\/canais-de-vendas-1090x720-1.jpg","datePublished":"2020-08-10T13:41:17+00:00","dateModified":"2025-05-07T13:41:49+00:00","author":{"@id":"https:\/\/previews.elleven.digital\/acocearense\/#\/schema\/person\/8e9165eb3c33e0860485c7c5fc06a701"},"breadcrumb":{"@id":"https:\/\/previews.elleven.digital\/acocearense\/a-diversificacao-dos-seus-canais-de-vendas-pode-aumentar-o-seu-faturamento\/#breadcrumb"},"inLanguage":"pt-BR","potentialAction":[{"@type":"ReadAction","target":["https:\/\/previews.elleven.digital\/acocearense\/a-diversificacao-dos-seus-canais-de-vendas-pode-aumentar-o-seu-faturamento\/"]}]},{"@type":"ImageObject","inLanguage":"pt-BR","@id":"https:\/\/previews.elleven.digital\/acocearense\/a-diversificacao-dos-seus-canais-de-vendas-pode-aumentar-o-seu-faturamento\/#primaryimage","url":"https:\/\/previews.elleven.digital\/acocearense\/wp-content\/uploads\/2025\/05\/canais-de-vendas-1090x720-1.jpg","contentUrl":"https:\/\/previews.elleven.digital\/acocearense\/wp-content\/uploads\/2025\/05\/canais-de-vendas-1090x720-1.jpg","width":1090,"height":720},{"@type":"BreadcrumbList","@id":"https:\/\/previews.elleven.digital\/acocearense\/a-diversificacao-dos-seus-canais-de-vendas-pode-aumentar-o-seu-faturamento\/#breadcrumb","itemListElement":[{"@type":"ListItem","position":1,"name":"In\u00edcio","item":"https:\/\/previews.elleven.digital\/acocearense\/"},{"@type":"ListItem","position":2,"name":"A diversifica\u00e7\u00e3o dos seus canais de vendas pode aumentar o seu faturamento"}]},{"@type":"WebSite","@id":"https:\/\/previews.elleven.digital\/acocearense\/#website","url":"https:\/\/previews.elleven.digital\/acocearense\/","name":"A\u00e7o Cearense","description":"H\u00e1 mais de 45 anos no mercado brasileiro do a\u00e7o.","alternateName":"A\u00e7o Cearense","potentialAction":[{"@type":"SearchAction","target":{"@type":"EntryPoint","urlTemplate":"https:\/\/previews.elleven.digital\/acocearense\/?s={search_term_string}"},"query-input":{"@type":"PropertyValueSpecification","valueRequired":true,"valueName":"search_term_string"}}],"inLanguage":"pt-BR"},{"@type":"Person","@id":"https:\/\/previews.elleven.digital\/acocearense\/#\/schema\/person\/8e9165eb3c33e0860485c7c5fc06a701","name":"elleven","image":{"@type":"ImageObject","inLanguage":"pt-BR","@id":"https:\/\/previews.elleven.digital\/acocearense\/#\/schema\/person\/image\/","url":"https:\/\/secure.gravatar.com\/avatar\/2a6afb49d9ecfed5dbc6c9606ce318b8bd07c077835179bddfd5d8209c03cb29?s=96&d=mm&r=g","contentUrl":"https:\/\/secure.gravatar.com\/avatar\/2a6afb49d9ecfed5dbc6c9606ce318b8bd07c077835179bddfd5d8209c03cb29?s=96&d=mm&r=g","caption":"elleven"},"sameAs":["http:\/\/localhost\/acocearense"],"url":"https:\/\/previews.elleven.digital\/acocearense\/author\/elleven\/"}]}},"_links":{"self":[{"href":"https:\/\/previews.elleven.digital\/acocearense\/wp-json\/wp\/v2\/posts\/1312","targetHints":{"allow":["GET"]}}],"collection":[{"href":"https:\/\/previews.elleven.digital\/acocearense\/wp-json\/wp\/v2\/posts"}],"about":[{"href":"https:\/\/previews.elleven.digital\/acocearense\/wp-json\/wp\/v2\/types\/post"}],"author":[{"embeddable":true,"href":"https:\/\/previews.elleven.digital\/acocearense\/wp-json\/wp\/v2\/users\/1"}],"replies":[{"embeddable":true,"href":"https:\/\/previews.elleven.digital\/acocearense\/wp-json\/wp\/v2\/comments?post=1312"}],"version-history":[{"count":1,"href":"https:\/\/previews.elleven.digital\/acocearense\/wp-json\/wp\/v2\/posts\/1312\/revisions"}],"predecessor-version":[{"id":1313,"href":"https:\/\/previews.elleven.digital\/acocearense\/wp-json\/wp\/v2\/posts\/1312\/revisions\/1313"}],"wp:featuredmedia":[{"embeddable":true,"href":"https:\/\/previews.elleven.digital\/acocearense\/wp-json\/wp\/v2\/media\/1303"}],"wp:attachment":[{"href":"https:\/\/previews.elleven.digital\/acocearense\/wp-json\/wp\/v2\/media?parent=1312"}],"wp:term":[{"taxonomy":"category","embeddable":true,"href":"https:\/\/previews.elleven.digital\/acocearense\/wp-json\/wp\/v2\/categories?post=1312"},{"taxonomy":"post_tag","embeddable":true,"href":"https:\/\/previews.elleven.digital\/acocearense\/wp-json\/wp\/v2\/tags?post=1312"}],"curies":[{"name":"wp","href":"https:\/\/api.w.org\/{rel}","templated":true}]}}