{"id":1296,"date":"2020-08-03T10:37:19","date_gmt":"2020-08-03T13:37:19","guid":{"rendered":"https:\/\/previews.elleven.digital\/acocearense\/?p=1296"},"modified":"2025-05-07T10:40:11","modified_gmt":"2025-05-07T13:40:11","slug":"metodologia-agil-avanca-como-tendencia-e-torna-se-um-diferencial-para-empresas","status":"publish","type":"post","link":"https:\/\/previews.elleven.digital\/acocearense\/metodologia-agil-avanca-como-tendencia-e-torna-se-um-diferencial-para-empresas\/","title":{"rendered":"Metodologia \u00e1gil avan\u00e7a como tend\u00eancia e torna-se um diferencial para empresas"},"content":{"rendered":"<p><em>Grupo A\u00e7o Cearense utiliza m\u00e9todos \u00e1geis em diversos setores das empresas para potencializar os resultados.<\/em><\/p>\n<p>Como melhorar os resultados e dar mais agilidade aos processos \u00e9 uma quest\u00e3o que todo neg\u00f3cio busca para superar os desafios. Quando o assunto \u00e9 gest\u00e3o e inova\u00e7\u00e3o, a\u00a0metodologia \u00e1gil\u00a0est\u00e1 no topo das tend\u00eancias. Essa abordagem tem o poder de revolucionar a forma de trabalhar e acelerar processos de forma eficiente e flex\u00edvel. O Grupo A\u00e7o Cearense vem conquistando \u00f3timos resultados depois de implantar a metodologia \u00e1gil no gerenciamento de projetos.<\/p>\n<p>A\u00a0\u00e1rea de Tecnologia do Grupo A\u00e7o Cearense\u00a0utiliza\u00a0essa metodologia, segundo Vin\u00edcius Amanaj\u00e1s, gerente de TI do Grupo, a ideia foi bem aceita\u00a0na equipe. \u201cO recurso melhora muito o desempenho das fun\u00e7\u00f5es. Voltamos o time de colaboradores para a entrega das tarefas com resultado. No decorrer dos anos, outras \u00e1reas, como o setor de planejamento e produ\u00e7\u00e3o, tamb\u00e9m foram utilizando essas ferramentas. Hoje estamos potencializando a metodologia no Grupo\u201d, explica.<\/p>\n<p>A principal diferen\u00e7a, segundo ele, est\u00e1 no fato de que as atividades parecem se tornar mais f\u00e1ceis, mesmo priorizando a rapidez na entrega. A metodologia \u00e1gil \u00e9 um conjunto de a\u00e7\u00f5es que pode ser implantada em qualquer \u00e1rea, visando o ganho de performance.<\/p>\n<p>Essas pr\u00e1ticas podem ser adaptadas para os setores, mas sempre com o objetivo de entregar o maior valor de produto ou servi\u00e7o num menor tempo, estimulando a inspe\u00e7\u00e3o cont\u00ednua e valorizando a intera\u00e7\u00e3o e a comunica\u00e7\u00e3o entre as pessoas que est\u00e3o executando os processos para que os ajustes sejam realizados antes do fim da tarefa.<\/p>\n<h2>Metodologia \u00c1gil na pr\u00e1tica<\/h2>\n<p>Conforme Vin\u00edcius, um exemplo utilizado na empresa foi realizar as solicita\u00e7\u00f5es da TI em ciclos de 15 dias. A cada quinzena \u00e9 feita uma an\u00e1lise cr\u00edtica do processo, na qual podem ser feitas adapta\u00e7\u00f5es e corre\u00e7\u00f5es.<\/p>\n<p>\u201cPassamos a utilizar a metodologia \u00e1gil para gest\u00e3o de projetos SAP. O SAP \u00e9 o principal sistema de gest\u00e3o da empresa. Antes trabalh\u00e1vamos com gest\u00e3o de projetos tradicionais, para os quais eram definidos longos prazos de entregas de alguma melhoria e todos os requisitos eram entregues at\u00e9 o final do projeto.<\/p>\n<p>Passamos ent\u00e3o a fazer gest\u00e3o \u00e1gil das demandas, dividindo as melhorias em prazos curtos, com ciclo menores de entrega e com maior intera\u00e7\u00e3o entre os envolvidos dos projetos, sendo assim proativos nas solu\u00e7\u00f5es de problemas. N\u00e3o aguardamos chegar o prazo final do projeto para saber se dar\u00e1 certo.<\/p>\n<p>Com um acompanhamento mais pr\u00f3ximo das entregas, j\u00e1 conseguimos diminuir os riscos de atrasos e passamos a ter entregas mais r\u00e1pidas\u201d, explica o gerente.<\/p>\n<h2>Para al\u00e9m do setor de TI<\/h2>\n<p>Outros setores tamb\u00e9m podem utilizar a metodologia \u00e1gil como forma de melhorar os resultados.\u00a0Segundo S\u00e9rgio Borges, gerente de planejamento integrado do\u00a0Grupo A\u00e7o Cearense, a metodologia tem sido usada em projetos como o de S&amp;OP (Planejamento Integrado de Vendas e Opera\u00e7\u00e3o).<\/p>\n<p>\u201cO escopo total do projeto foi dividido em etapas, chamados de \u201cSprint\u201d. Dessa forma, em vez de construir o processo inteiro e implementar todas as etapas de uma s\u00f3 vez, fomos primeiro estruturando e implementando por partes.<\/p>\n<p>Isso permitiu v\u00e1rios benef\u00edcios como uma defini\u00e7\u00e3o clara das prioridades das \u00e1reas envolvidas e um foco nas atividades de cada etapa, identificando pontos que necessitam de corre\u00e7\u00e3o ao longo do projeto. Por isso conseguimos ter uma vis\u00e3o clara e antecipada do que poderia impactar nas etapas futuras\u201d explicou S\u00e9rgio.<\/p>\n","protected":false},"excerpt":{"rendered":"<p>Grupo A\u00e7o Cearense utiliza m\u00e9todos \u00e1geis em diversos setores das empresas para potencializar os resultados.(&#8230;)<\/p>\n","protected":false},"author":1,"featured_media":1306,"comment_status":"open","ping_status":"open","sticky":false,"template":"","format":"standard","meta":{"_acf_changed":false,"inline_featured_image":false,"footnotes":""},"categories":[28],"tags":[],"class_list":["post-1296","post","type-post","status-publish","format-standard","has-post-thumbnail","hentry","category-gestao"],"acf":[],"yoast_head":"<!-- This site is optimized with the Yoast SEO plugin v25.9 - https:\/\/yoast.com\/wordpress\/plugins\/seo\/ -->\n<title>Metodologia \u00e1gil avan\u00e7a como tend\u00eancia e torna-se um diferencial para empresas - Grupo A\u00e7o Cearense<\/title>\n<meta name=\"robots\" content=\"index, follow, max-snippet:-1, max-image-preview:large, max-video-preview:-1\" \/>\n<link rel=\"canonical\" href=\"https:\/\/previews.elleven.digital\/acocearense\/metodologia-agil-avanca-como-tendencia-e-torna-se-um-diferencial-para-empresas\/\" \/>\n<meta property=\"og:locale\" content=\"pt_BR\" \/>\n<meta property=\"og:type\" content=\"article\" \/>\n<meta property=\"og:title\" content=\"Metodologia \u00e1gil avan\u00e7a como tend\u00eancia e torna-se um diferencial para empresas - Grupo A\u00e7o Cearense\" \/>\n<meta property=\"og:description\" content=\"Grupo A\u00e7o Cearense utiliza m\u00e9todos \u00e1geis em diversos setores das empresas para potencializar os resultados.(...)\" \/>\n<meta property=\"og:url\" content=\"https:\/\/previews.elleven.digital\/acocearense\/metodologia-agil-avanca-como-tendencia-e-torna-se-um-diferencial-para-empresas\/\" \/>\n<meta property=\"og:site_name\" content=\"Grupo A\u00e7o Cearense\" \/>\n<meta property=\"article:published_time\" content=\"2020-08-03T13:37:19+00:00\" \/>\n<meta property=\"article:modified_time\" content=\"2025-05-07T13:40:11+00:00\" \/>\n<meta property=\"og:image\" content=\"https:\/\/previews.elleven.digital\/acocearense\/wp-content\/uploads\/2025\/05\/metodologia-agil-gac-1090x720-1.png\" \/>\n\t<meta property=\"og:image:width\" content=\"1090\" \/>\n\t<meta property=\"og:image:height\" content=\"720\" \/>\n\t<meta property=\"og:image:type\" content=\"image\/png\" \/>\n<meta name=\"author\" content=\"elleven\" \/>\n<meta name=\"twitter:card\" content=\"summary_large_image\" \/>\n<meta name=\"twitter:label1\" content=\"Escrito por\" \/>\n\t<meta name=\"twitter:data1\" content=\"elleven\" \/>\n\t<meta name=\"twitter:label2\" content=\"Est. tempo de leitura\" \/>\n\t<meta name=\"twitter:data2\" content=\"4 minutos\" \/>\n<script type=\"application\/ld+json\" class=\"yoast-schema-graph\">{\"@context\":\"https:\/\/schema.org\",\"@graph\":[{\"@type\":\"WebPage\",\"@id\":\"https:\/\/previews.elleven.digital\/acocearense\/metodologia-agil-avanca-como-tendencia-e-torna-se-um-diferencial-para-empresas\/\",\"url\":\"https:\/\/previews.elleven.digital\/acocearense\/metodologia-agil-avanca-como-tendencia-e-torna-se-um-diferencial-para-empresas\/\",\"name\":\"Metodologia \u00e1gil avan\u00e7a como tend\u00eancia e torna-se um diferencial para empresas - Grupo A\u00e7o Cearense\",\"isPartOf\":{\"@id\":\"https:\/\/previews.elleven.digital\/acocearense\/#website\"},\"primaryImageOfPage\":{\"@id\":\"https:\/\/previews.elleven.digital\/acocearense\/metodologia-agil-avanca-como-tendencia-e-torna-se-um-diferencial-para-empresas\/#primaryimage\"},\"image\":{\"@id\":\"https:\/\/previews.elleven.digital\/acocearense\/metodologia-agil-avanca-como-tendencia-e-torna-se-um-diferencial-para-empresas\/#primaryimage\"},\"thumbnailUrl\":\"https:\/\/previews.elleven.digital\/acocearense\/wp-content\/uploads\/2025\/05\/metodologia-agil-gac-1090x720-1.png\",\"datePublished\":\"2020-08-03T13:37:19+00:00\",\"dateModified\":\"2025-05-07T13:40:11+00:00\",\"author\":{\"@id\":\"https:\/\/previews.elleven.digital\/acocearense\/#\/schema\/person\/8e9165eb3c33e0860485c7c5fc06a701\"},\"breadcrumb\":{\"@id\":\"https:\/\/previews.elleven.digital\/acocearense\/metodologia-agil-avanca-como-tendencia-e-torna-se-um-diferencial-para-empresas\/#breadcrumb\"},\"inLanguage\":\"pt-BR\",\"potentialAction\":[{\"@type\":\"ReadAction\",\"target\":[\"https:\/\/previews.elleven.digital\/acocearense\/metodologia-agil-avanca-como-tendencia-e-torna-se-um-diferencial-para-empresas\/\"]}]},{\"@type\":\"ImageObject\",\"inLanguage\":\"pt-BR\",\"@id\":\"https:\/\/previews.elleven.digital\/acocearense\/metodologia-agil-avanca-como-tendencia-e-torna-se-um-diferencial-para-empresas\/#primaryimage\",\"url\":\"https:\/\/previews.elleven.digital\/acocearense\/wp-content\/uploads\/2025\/05\/metodologia-agil-gac-1090x720-1.png\",\"contentUrl\":\"https:\/\/previews.elleven.digital\/acocearense\/wp-content\/uploads\/2025\/05\/metodologia-agil-gac-1090x720-1.png\",\"width\":1090,\"height\":720},{\"@type\":\"BreadcrumbList\",\"@id\":\"https:\/\/previews.elleven.digital\/acocearense\/metodologia-agil-avanca-como-tendencia-e-torna-se-um-diferencial-para-empresas\/#breadcrumb\",\"itemListElement\":[{\"@type\":\"ListItem\",\"position\":1,\"name\":\"In\u00edcio\",\"item\":\"https:\/\/previews.elleven.digital\/acocearense\/\"},{\"@type\":\"ListItem\",\"position\":2,\"name\":\"Metodologia \u00e1gil avan\u00e7a como tend\u00eancia e torna-se um diferencial para empresas\"}]},{\"@type\":\"WebSite\",\"@id\":\"https:\/\/previews.elleven.digital\/acocearense\/#website\",\"url\":\"https:\/\/previews.elleven.digital\/acocearense\/\",\"name\":\"A\u00e7o Cearense\",\"description\":\"H\u00e1 mais de 45 anos no mercado brasileiro do a\u00e7o.\",\"alternateName\":\"A\u00e7o Cearense\",\"potentialAction\":[{\"@type\":\"SearchAction\",\"target\":{\"@type\":\"EntryPoint\",\"urlTemplate\":\"https:\/\/previews.elleven.digital\/acocearense\/?s={search_term_string}\"},\"query-input\":{\"@type\":\"PropertyValueSpecification\",\"valueRequired\":true,\"valueName\":\"search_term_string\"}}],\"inLanguage\":\"pt-BR\"},{\"@type\":\"Person\",\"@id\":\"https:\/\/previews.elleven.digital\/acocearense\/#\/schema\/person\/8e9165eb3c33e0860485c7c5fc06a701\",\"name\":\"elleven\",\"image\":{\"@type\":\"ImageObject\",\"inLanguage\":\"pt-BR\",\"@id\":\"https:\/\/previews.elleven.digital\/acocearense\/#\/schema\/person\/image\/\",\"url\":\"https:\/\/secure.gravatar.com\/avatar\/2a6afb49d9ecfed5dbc6c9606ce318b8bd07c077835179bddfd5d8209c03cb29?s=96&d=mm&r=g\",\"contentUrl\":\"https:\/\/secure.gravatar.com\/avatar\/2a6afb49d9ecfed5dbc6c9606ce318b8bd07c077835179bddfd5d8209c03cb29?s=96&d=mm&r=g\",\"caption\":\"elleven\"},\"sameAs\":[\"http:\/\/localhost\/acocearense\"],\"url\":\"https:\/\/previews.elleven.digital\/acocearense\/author\/elleven\/\"}]}<\/script>\n<!-- \/ Yoast SEO plugin. -->","yoast_head_json":{"title":"Metodologia \u00e1gil avan\u00e7a como tend\u00eancia e torna-se um diferencial para empresas - Grupo A\u00e7o Cearense","robots":{"index":"index","follow":"follow","max-snippet":"max-snippet:-1","max-image-preview":"max-image-preview:large","max-video-preview":"max-video-preview:-1"},"canonical":"https:\/\/previews.elleven.digital\/acocearense\/metodologia-agil-avanca-como-tendencia-e-torna-se-um-diferencial-para-empresas\/","og_locale":"pt_BR","og_type":"article","og_title":"Metodologia \u00e1gil avan\u00e7a como tend\u00eancia e torna-se um diferencial para empresas - Grupo A\u00e7o Cearense","og_description":"Grupo A\u00e7o Cearense utiliza m\u00e9todos \u00e1geis em diversos setores das empresas para potencializar os resultados.(...)","og_url":"https:\/\/previews.elleven.digital\/acocearense\/metodologia-agil-avanca-como-tendencia-e-torna-se-um-diferencial-para-empresas\/","og_site_name":"Grupo A\u00e7o Cearense","article_published_time":"2020-08-03T13:37:19+00:00","article_modified_time":"2025-05-07T13:40:11+00:00","og_image":[{"width":1090,"height":720,"url":"https:\/\/previews.elleven.digital\/acocearense\/wp-content\/uploads\/2025\/05\/metodologia-agil-gac-1090x720-1.png","type":"image\/png"}],"author":"elleven","twitter_card":"summary_large_image","twitter_misc":{"Escrito por":"elleven","Est. tempo de leitura":"4 minutos"},"schema":{"@context":"https:\/\/schema.org","@graph":[{"@type":"WebPage","@id":"https:\/\/previews.elleven.digital\/acocearense\/metodologia-agil-avanca-como-tendencia-e-torna-se-um-diferencial-para-empresas\/","url":"https:\/\/previews.elleven.digital\/acocearense\/metodologia-agil-avanca-como-tendencia-e-torna-se-um-diferencial-para-empresas\/","name":"Metodologia \u00e1gil avan\u00e7a como tend\u00eancia e torna-se um diferencial para empresas - Grupo A\u00e7o Cearense","isPartOf":{"@id":"https:\/\/previews.elleven.digital\/acocearense\/#website"},"primaryImageOfPage":{"@id":"https:\/\/previews.elleven.digital\/acocearense\/metodologia-agil-avanca-como-tendencia-e-torna-se-um-diferencial-para-empresas\/#primaryimage"},"image":{"@id":"https:\/\/previews.elleven.digital\/acocearense\/metodologia-agil-avanca-como-tendencia-e-torna-se-um-diferencial-para-empresas\/#primaryimage"},"thumbnailUrl":"https:\/\/previews.elleven.digital\/acocearense\/wp-content\/uploads\/2025\/05\/metodologia-agil-gac-1090x720-1.png","datePublished":"2020-08-03T13:37:19+00:00","dateModified":"2025-05-07T13:40:11+00:00","author":{"@id":"https:\/\/previews.elleven.digital\/acocearense\/#\/schema\/person\/8e9165eb3c33e0860485c7c5fc06a701"},"breadcrumb":{"@id":"https:\/\/previews.elleven.digital\/acocearense\/metodologia-agil-avanca-como-tendencia-e-torna-se-um-diferencial-para-empresas\/#breadcrumb"},"inLanguage":"pt-BR","potentialAction":[{"@type":"ReadAction","target":["https:\/\/previews.elleven.digital\/acocearense\/metodologia-agil-avanca-como-tendencia-e-torna-se-um-diferencial-para-empresas\/"]}]},{"@type":"ImageObject","inLanguage":"pt-BR","@id":"https:\/\/previews.elleven.digital\/acocearense\/metodologia-agil-avanca-como-tendencia-e-torna-se-um-diferencial-para-empresas\/#primaryimage","url":"https:\/\/previews.elleven.digital\/acocearense\/wp-content\/uploads\/2025\/05\/metodologia-agil-gac-1090x720-1.png","contentUrl":"https:\/\/previews.elleven.digital\/acocearense\/wp-content\/uploads\/2025\/05\/metodologia-agil-gac-1090x720-1.png","width":1090,"height":720},{"@type":"BreadcrumbList","@id":"https:\/\/previews.elleven.digital\/acocearense\/metodologia-agil-avanca-como-tendencia-e-torna-se-um-diferencial-para-empresas\/#breadcrumb","itemListElement":[{"@type":"ListItem","position":1,"name":"In\u00edcio","item":"https:\/\/previews.elleven.digital\/acocearense\/"},{"@type":"ListItem","position":2,"name":"Metodologia \u00e1gil avan\u00e7a como tend\u00eancia e torna-se um diferencial para empresas"}]},{"@type":"WebSite","@id":"https:\/\/previews.elleven.digital\/acocearense\/#website","url":"https:\/\/previews.elleven.digital\/acocearense\/","name":"A\u00e7o Cearense","description":"H\u00e1 mais de 45 anos no mercado brasileiro do a\u00e7o.","alternateName":"A\u00e7o Cearense","potentialAction":[{"@type":"SearchAction","target":{"@type":"EntryPoint","urlTemplate":"https:\/\/previews.elleven.digital\/acocearense\/?s={search_term_string}"},"query-input":{"@type":"PropertyValueSpecification","valueRequired":true,"valueName":"search_term_string"}}],"inLanguage":"pt-BR"},{"@type":"Person","@id":"https:\/\/previews.elleven.digital\/acocearense\/#\/schema\/person\/8e9165eb3c33e0860485c7c5fc06a701","name":"elleven","image":{"@type":"ImageObject","inLanguage":"pt-BR","@id":"https:\/\/previews.elleven.digital\/acocearense\/#\/schema\/person\/image\/","url":"https:\/\/secure.gravatar.com\/avatar\/2a6afb49d9ecfed5dbc6c9606ce318b8bd07c077835179bddfd5d8209c03cb29?s=96&d=mm&r=g","contentUrl":"https:\/\/secure.gravatar.com\/avatar\/2a6afb49d9ecfed5dbc6c9606ce318b8bd07c077835179bddfd5d8209c03cb29?s=96&d=mm&r=g","caption":"elleven"},"sameAs":["http:\/\/localhost\/acocearense"],"url":"https:\/\/previews.elleven.digital\/acocearense\/author\/elleven\/"}]}},"_links":{"self":[{"href":"https:\/\/previews.elleven.digital\/acocearense\/wp-json\/wp\/v2\/posts\/1296","targetHints":{"allow":["GET"]}}],"collection":[{"href":"https:\/\/previews.elleven.digital\/acocearense\/wp-json\/wp\/v2\/posts"}],"about":[{"href":"https:\/\/previews.elleven.digital\/acocearense\/wp-json\/wp\/v2\/types\/post"}],"author":[{"embeddable":true,"href":"https:\/\/previews.elleven.digital\/acocearense\/wp-json\/wp\/v2\/users\/1"}],"replies":[{"embeddable":true,"href":"https:\/\/previews.elleven.digital\/acocearense\/wp-json\/wp\/v2\/comments?post=1296"}],"version-history":[{"count":1,"href":"https:\/\/previews.elleven.digital\/acocearense\/wp-json\/wp\/v2\/posts\/1296\/revisions"}],"predecessor-version":[{"id":1307,"href":"https:\/\/previews.elleven.digital\/acocearense\/wp-json\/wp\/v2\/posts\/1296\/revisions\/1307"}],"wp:featuredmedia":[{"embeddable":true,"href":"https:\/\/previews.elleven.digital\/acocearense\/wp-json\/wp\/v2\/media\/1306"}],"wp:attachment":[{"href":"https:\/\/previews.elleven.digital\/acocearense\/wp-json\/wp\/v2\/media?parent=1296"}],"wp:term":[{"taxonomy":"category","embeddable":true,"href":"https:\/\/previews.elleven.digital\/acocearense\/wp-json\/wp\/v2\/categories?post=1296"},{"taxonomy":"post_tag","embeddable":true,"href":"https:\/\/previews.elleven.digital\/acocearense\/wp-json\/wp\/v2\/tags?post=1296"}],"curies":[{"name":"wp","href":"https:\/\/api.w.org\/{rel}","templated":true}]}}