{"id":1294,"date":"2020-07-29T10:36:54","date_gmt":"2020-07-29T13:36:54","guid":{"rendered":"https:\/\/previews.elleven.digital\/acocearense\/?p=1294"},"modified":"2025-05-07T10:37:15","modified_gmt":"2025-05-07T13:37:15","slug":"retencao-de-clientes-na-crise-3-dicas-para-implementar-hoje-na-sua-empresa","status":"publish","type":"post","link":"https:\/\/previews.elleven.digital\/acocearense\/retencao-de-clientes-na-crise-3-dicas-para-implementar-hoje-na-sua-empresa\/","title":{"rendered":"Reten\u00e7\u00e3o de clientes na crise: 3 dicas para implementar hoje na sua empresa"},"content":{"rendered":"<p>Saber trabalhar a reten\u00e7\u00e3o de clientes \u00e9 o desejo de toda empresa, principalmente em\u00a0<a href=\"https:\/\/previews.elleven.digital\/acocearense\/blog\/gestao\/como-comecar-fazer-gestao-de-uma-crise-na-empresa\/\">momentos de crise\u00a0<\/a>e fragiliza\u00e7\u00e3o do mercado.<\/p>\n<p><a href=\"https:\/\/previews.elleven.digital\/acocearense\/blog\/gestao\/10-licoes-que-aprendemos-com-crise-do-coronavirus\/\">A pandemia mundial da Covid-19<\/a>, al\u00e9m de ser uma crise de sa\u00fade p\u00fablica, tem impactado direta e duramente as empresas.<\/p>\n<p>Em um cen\u00e1rio de incertezas econ\u00f4micas, as empresas precisaram se adaptar e responder rapidamente ao momento. Isso aconteceu tanto com as que viram suas vendas dando um salto pelo aumento da demanda, quanto com aquelas que, em sua maioria, est\u00e3o sofrendo pelas consequ\u00eancias do alastramento da doen\u00e7a.<\/p>\n<p>Muita coisa mudou, e a forma de se relacionar com os clientes tamb\u00e9m precisa evoluir. Por isso, continue a leitura para voc\u00ea ver o que pode ser feito!<\/p>\n<h2>1\u00aa Dica: Compreenda seu p\u00fablico<\/h2>\n<p>Sabe-se que em um per\u00edodo de crise, ambos os lados podem estar em dificuldades. Logo, procurar\u00a0<a href=\"https:\/\/previews.elleven.digital\/acocearense\/blog\/abrindo-o-negocio\/conheca-o-perfil-do-consumidor-de-seus-produtos-e-aumente-as-vendas\/\">compreender seu p\u00fablico-alvo\u00a0<\/a>\u00e9 a primeira maneira de conhecer as suas necessidades e atuar para supri-las. Neste caso, a empresa j\u00e1 sabe que o fator pre\u00e7o \u00e9 um dos principais motivos de queda nas negocia\u00e7\u00f5es. Deste modo, vale a pena criar uma estrat\u00e9gia para trazer ao mercado pre\u00e7os que se adequem \u00e0 atual situa\u00e7\u00e3o. Alguns exemplos neste caso podem ser:<\/p>\n<ul>\n<li>Redu\u00e7\u00e3o de gastos desnecess\u00e1rios;<\/li>\n<li>Cria\u00e7\u00e3o de nova linha de produtos ou servi\u00e7os alternativos com pre\u00e7o mais acess\u00edveis;<\/li>\n<li>Oferecer complementos pelo\u00a0<a href=\"https:\/\/previews.elleven.digital\/acocearense\/blog\/vender-mais\/aprenda-como-lucrar-mais-sem-aumentar-os-precos-dos-produtos\/\">menor pre\u00e7o<\/a>. Exemplo: entrega gr\u00e1tis, instala\u00e7\u00e3o por conta da empresa, entre outros.<\/li>\n<\/ul>\n<h2>2\u00aa Dica: Socialize-se<\/h2>\n<p>A internet tem sido um dos maiores canais de comunica\u00e7\u00e3o e negocia\u00e7\u00e3o entre clientes e empresas. Deste modo, se sua empresa ainda n\u00e3o faz parte deste mundo digital, voc\u00ea est\u00e1 perdendo uma grande fatia de mercado. Por outro lado, para as empresas que j\u00e1 est\u00e3o na internet, recomenda-se tamb\u00e9m manterem o foco nas estrat\u00e9gias de marketing digital por terem \u00f3timo custo benef\u00edcio. Nesta fase recomenda-se:<\/p>\n<ul>\n<li>Manter o site da empresa atualizado;<\/li>\n<li>Ter um blog corporativo para abordar assuntos relacionados ao nicho da empresa. Despertar o interesse dos leitores em conhecer e negociar com a empresa;<\/li>\n<li>Possuir perfis em\u00a0<a href=\"https:\/\/previews.elleven.digital\/acocearense\/blog\/abrindo-o-negocio\/gerenciamento-de-redes-sociais-por-que-e-importante-fazer\/\">redes sociais<\/a>, de modo a ampliar a\u00a0<a href=\"https:\/\/previews.elleven.digital\/acocearense\/blog\/gestao\/entenda-como-fazer-um-bom-atendimento-pelas-redes-sociais\/\">comunica\u00e7\u00e3o com os leitores e clientes,<\/a>\u00a0criando assim um conceito com a marca da empresa;<\/li>\n<li>Fazer uso de e-mail marketing com base em lista de contatos cadastrados em newsletter do website e blog da empresa, entre outros.<\/li>\n<\/ul>\n<h2>3\u00aa Dica: Melhore a gest\u00e3o<\/h2>\n<p>H\u00e1 um ditado que diz que n\u00e3o se pode obter uma gest\u00e3o do que n\u00e3o se pode mensurar. Esta afirma\u00e7\u00e3o reflete no fato de que muitas empresas est\u00e3o perdidas em seus mercados, e em tempos de crise suas bases n\u00e3o est\u00e3o s\u00f3lidas o suficiente para superarem os desafios.<\/p>\n<p>Uma boa gest\u00e3o inicia com um bom processo de planejamento estrat\u00e9gico. Enfim, se n\u00e3o definirmos um caminho claro, logo nossa empresa e todos nossos parceiros e colaboradores estar\u00e3o perdidos.<\/p>\n<p>Deste modo, torna-se essencial conhecer a fundo todos os aspectos que envolvem otimiza\u00e7\u00e3o de processos baseado nos seguintes questionamentos:<\/p>\n<ul>\n<li>Minha empresa possui o\u00a0<a href=\"https:\/\/certificacaoiso.com.br\/atendimento-ao-cliente-de-quem-e-responsabilidade\/\">atendimento adequado aos clientes<\/a>?<\/li>\n<li>Qual a necessidade de nossos consumidores e qual problema devemos ajud\u00e1-los a solucionar?<\/li>\n<li>Que tipo de estrat\u00e9gias nossos\u00a0<a href=\"https:\/\/previews.elleven.digital\/acocearense\/blog\/gestao\/como-se-diferenciar-da-concorrencia\/?setlang=no\">concorrentes<\/a>\u00a0est\u00e3o utilizando para conquistar novos clientes?<\/li>\n<li>Como podemos descobrir as oportunidades em nosso nicho e qual o momento correto para os investimentos<\/li>\n<li>Possu\u00edmos uma equipe\u00a0<a href=\"https:\/\/previews.elleven.digital\/acocearense\/blog\/gestao\/motivacao-dos-funcionarios-5-dicas-que-realmente-funcionam\/?setlang=no\">engajada<\/a>\u00a0e comprometida?<\/li>\n<\/ul>\n<p>Com estes e outros questionamentos em mente, h\u00e1 a necessidade de posicionar a gest\u00e3o da empresa adequadamente de modo a criar estrat\u00e9gias eficientes para promover a atra\u00e7\u00e3o e reten\u00e7\u00e3o de clientes. Uma excelente dica nesta fase \u00e9 pedir ajuda! Procure consultorias espec\u00edficas, e que tenham \u00e0 disposi\u00e7\u00e3o profissionais qualificados para auxiliar a empresa em seu crescimento e ganho de destaque no mercado.<\/p>\n<p><strong>Fontes:<\/strong>\u00a0<a href=\"https:\/\/rockcontent.com\/blog\/retencao-de-clientes-em-momentos-de-crise\/\">Rockcontent<\/a>\u00a0e\u00a0<a href=\"https:\/\/certificacaoiso.com.br\/atracao-e-retencao-de-clientes-em-tempos-de-crise-como-fazer\/\">Templum<\/a><\/p>\n","protected":false},"excerpt":{"rendered":"<p>Saber trabalhar a reten\u00e7\u00e3o de clientes \u00e9 o desejo de toda empresa, principalmente em\u00a0momentos de(&#8230;)<\/p>\n","protected":false},"author":1,"featured_media":1263,"comment_status":"open","ping_status":"open","sticky":false,"template":"","format":"standard","meta":{"_acf_changed":false,"inline_featured_image":false,"footnotes":""},"categories":[28],"tags":[],"class_list":["post-1294","post","type-post","status-publish","format-standard","has-post-thumbnail","hentry","category-gestao"],"acf":[],"yoast_head":"<!-- This site is optimized with the Yoast SEO plugin v25.9 - https:\/\/yoast.com\/wordpress\/plugins\/seo\/ -->\n<title>Reten\u00e7\u00e3o de clientes na crise: 3 dicas para implementar hoje na sua empresa - Grupo A\u00e7o Cearense<\/title>\n<meta name=\"robots\" content=\"index, follow, max-snippet:-1, max-image-preview:large, max-video-preview:-1\" \/>\n<link rel=\"canonical\" href=\"https:\/\/previews.elleven.digital\/acocearense\/retencao-de-clientes-na-crise-3-dicas-para-implementar-hoje-na-sua-empresa\/\" \/>\n<meta property=\"og:locale\" content=\"pt_BR\" \/>\n<meta property=\"og:type\" content=\"article\" \/>\n<meta property=\"og:title\" content=\"Reten\u00e7\u00e3o de clientes na crise: 3 dicas para implementar hoje na sua empresa - Grupo A\u00e7o Cearense\" \/>\n<meta property=\"og:description\" content=\"Saber trabalhar a reten\u00e7\u00e3o de clientes \u00e9 o desejo de toda empresa, principalmente em\u00a0momentos de(...)\" \/>\n<meta property=\"og:url\" content=\"https:\/\/previews.elleven.digital\/acocearense\/retencao-de-clientes-na-crise-3-dicas-para-implementar-hoje-na-sua-empresa\/\" \/>\n<meta property=\"og:site_name\" content=\"Grupo A\u00e7o Cearense\" \/>\n<meta property=\"article:published_time\" content=\"2020-07-29T13:36:54+00:00\" \/>\n<meta property=\"article:modified_time\" content=\"2025-05-07T13:37:15+00:00\" \/>\n<meta property=\"og:image\" content=\"https:\/\/previews.elleven.digital\/acocearense\/wp-content\/uploads\/2025\/05\/post-gac-1090x720-1.png\" \/>\n\t<meta property=\"og:image:width\" content=\"1090\" \/>\n\t<meta property=\"og:image:height\" content=\"720\" \/>\n\t<meta property=\"og:image:type\" content=\"image\/png\" \/>\n<meta name=\"author\" content=\"elleven\" \/>\n<meta name=\"twitter:card\" content=\"summary_large_image\" \/>\n<meta name=\"twitter:label1\" content=\"Escrito por\" \/>\n\t<meta name=\"twitter:data1\" content=\"elleven\" \/>\n\t<meta name=\"twitter:label2\" content=\"Est. tempo de leitura\" \/>\n\t<meta name=\"twitter:data2\" content=\"4 minutos\" \/>\n<script type=\"application\/ld+json\" class=\"yoast-schema-graph\">{\"@context\":\"https:\/\/schema.org\",\"@graph\":[{\"@type\":\"WebPage\",\"@id\":\"https:\/\/previews.elleven.digital\/acocearense\/retencao-de-clientes-na-crise-3-dicas-para-implementar-hoje-na-sua-empresa\/\",\"url\":\"https:\/\/previews.elleven.digital\/acocearense\/retencao-de-clientes-na-crise-3-dicas-para-implementar-hoje-na-sua-empresa\/\",\"name\":\"Reten\u00e7\u00e3o de clientes na crise: 3 dicas para implementar hoje na sua empresa - Grupo A\u00e7o Cearense\",\"isPartOf\":{\"@id\":\"https:\/\/previews.elleven.digital\/acocearense\/#website\"},\"primaryImageOfPage\":{\"@id\":\"https:\/\/previews.elleven.digital\/acocearense\/retencao-de-clientes-na-crise-3-dicas-para-implementar-hoje-na-sua-empresa\/#primaryimage\"},\"image\":{\"@id\":\"https:\/\/previews.elleven.digital\/acocearense\/retencao-de-clientes-na-crise-3-dicas-para-implementar-hoje-na-sua-empresa\/#primaryimage\"},\"thumbnailUrl\":\"https:\/\/previews.elleven.digital\/acocearense\/wp-content\/uploads\/2025\/05\/post-gac-1090x720-1.png\",\"datePublished\":\"2020-07-29T13:36:54+00:00\",\"dateModified\":\"2025-05-07T13:37:15+00:00\",\"author\":{\"@id\":\"https:\/\/previews.elleven.digital\/acocearense\/#\/schema\/person\/8e9165eb3c33e0860485c7c5fc06a701\"},\"breadcrumb\":{\"@id\":\"https:\/\/previews.elleven.digital\/acocearense\/retencao-de-clientes-na-crise-3-dicas-para-implementar-hoje-na-sua-empresa\/#breadcrumb\"},\"inLanguage\":\"pt-BR\",\"potentialAction\":[{\"@type\":\"ReadAction\",\"target\":[\"https:\/\/previews.elleven.digital\/acocearense\/retencao-de-clientes-na-crise-3-dicas-para-implementar-hoje-na-sua-empresa\/\"]}]},{\"@type\":\"ImageObject\",\"inLanguage\":\"pt-BR\",\"@id\":\"https:\/\/previews.elleven.digital\/acocearense\/retencao-de-clientes-na-crise-3-dicas-para-implementar-hoje-na-sua-empresa\/#primaryimage\",\"url\":\"https:\/\/previews.elleven.digital\/acocearense\/wp-content\/uploads\/2025\/05\/post-gac-1090x720-1.png\",\"contentUrl\":\"https:\/\/previews.elleven.digital\/acocearense\/wp-content\/uploads\/2025\/05\/post-gac-1090x720-1.png\",\"width\":1090,\"height\":720},{\"@type\":\"BreadcrumbList\",\"@id\":\"https:\/\/previews.elleven.digital\/acocearense\/retencao-de-clientes-na-crise-3-dicas-para-implementar-hoje-na-sua-empresa\/#breadcrumb\",\"itemListElement\":[{\"@type\":\"ListItem\",\"position\":1,\"name\":\"In\u00edcio\",\"item\":\"https:\/\/previews.elleven.digital\/acocearense\/\"},{\"@type\":\"ListItem\",\"position\":2,\"name\":\"Reten\u00e7\u00e3o de clientes na crise: 3 dicas para implementar hoje na sua empresa\"}]},{\"@type\":\"WebSite\",\"@id\":\"https:\/\/previews.elleven.digital\/acocearense\/#website\",\"url\":\"https:\/\/previews.elleven.digital\/acocearense\/\",\"name\":\"A\u00e7o Cearense\",\"description\":\"H\u00e1 mais de 45 anos no mercado brasileiro do a\u00e7o.\",\"alternateName\":\"A\u00e7o Cearense\",\"potentialAction\":[{\"@type\":\"SearchAction\",\"target\":{\"@type\":\"EntryPoint\",\"urlTemplate\":\"https:\/\/previews.elleven.digital\/acocearense\/?s={search_term_string}\"},\"query-input\":{\"@type\":\"PropertyValueSpecification\",\"valueRequired\":true,\"valueName\":\"search_term_string\"}}],\"inLanguage\":\"pt-BR\"},{\"@type\":\"Person\",\"@id\":\"https:\/\/previews.elleven.digital\/acocearense\/#\/schema\/person\/8e9165eb3c33e0860485c7c5fc06a701\",\"name\":\"elleven\",\"image\":{\"@type\":\"ImageObject\",\"inLanguage\":\"pt-BR\",\"@id\":\"https:\/\/previews.elleven.digital\/acocearense\/#\/schema\/person\/image\/\",\"url\":\"https:\/\/secure.gravatar.com\/avatar\/2a6afb49d9ecfed5dbc6c9606ce318b8bd07c077835179bddfd5d8209c03cb29?s=96&d=mm&r=g\",\"contentUrl\":\"https:\/\/secure.gravatar.com\/avatar\/2a6afb49d9ecfed5dbc6c9606ce318b8bd07c077835179bddfd5d8209c03cb29?s=96&d=mm&r=g\",\"caption\":\"elleven\"},\"sameAs\":[\"http:\/\/localhost\/acocearense\"],\"url\":\"https:\/\/previews.elleven.digital\/acocearense\/author\/elleven\/\"}]}<\/script>\n<!-- \/ Yoast SEO plugin. -->","yoast_head_json":{"title":"Reten\u00e7\u00e3o de clientes na crise: 3 dicas para implementar hoje na sua empresa - Grupo A\u00e7o Cearense","robots":{"index":"index","follow":"follow","max-snippet":"max-snippet:-1","max-image-preview":"max-image-preview:large","max-video-preview":"max-video-preview:-1"},"canonical":"https:\/\/previews.elleven.digital\/acocearense\/retencao-de-clientes-na-crise-3-dicas-para-implementar-hoje-na-sua-empresa\/","og_locale":"pt_BR","og_type":"article","og_title":"Reten\u00e7\u00e3o de clientes na crise: 3 dicas para implementar hoje na sua empresa - Grupo A\u00e7o Cearense","og_description":"Saber trabalhar a reten\u00e7\u00e3o de clientes \u00e9 o desejo de toda empresa, principalmente em\u00a0momentos de(...)","og_url":"https:\/\/previews.elleven.digital\/acocearense\/retencao-de-clientes-na-crise-3-dicas-para-implementar-hoje-na-sua-empresa\/","og_site_name":"Grupo A\u00e7o Cearense","article_published_time":"2020-07-29T13:36:54+00:00","article_modified_time":"2025-05-07T13:37:15+00:00","og_image":[{"width":1090,"height":720,"url":"https:\/\/previews.elleven.digital\/acocearense\/wp-content\/uploads\/2025\/05\/post-gac-1090x720-1.png","type":"image\/png"}],"author":"elleven","twitter_card":"summary_large_image","twitter_misc":{"Escrito por":"elleven","Est. tempo de leitura":"4 minutos"},"schema":{"@context":"https:\/\/schema.org","@graph":[{"@type":"WebPage","@id":"https:\/\/previews.elleven.digital\/acocearense\/retencao-de-clientes-na-crise-3-dicas-para-implementar-hoje-na-sua-empresa\/","url":"https:\/\/previews.elleven.digital\/acocearense\/retencao-de-clientes-na-crise-3-dicas-para-implementar-hoje-na-sua-empresa\/","name":"Reten\u00e7\u00e3o de clientes na crise: 3 dicas para implementar hoje na sua empresa - Grupo A\u00e7o Cearense","isPartOf":{"@id":"https:\/\/previews.elleven.digital\/acocearense\/#website"},"primaryImageOfPage":{"@id":"https:\/\/previews.elleven.digital\/acocearense\/retencao-de-clientes-na-crise-3-dicas-para-implementar-hoje-na-sua-empresa\/#primaryimage"},"image":{"@id":"https:\/\/previews.elleven.digital\/acocearense\/retencao-de-clientes-na-crise-3-dicas-para-implementar-hoje-na-sua-empresa\/#primaryimage"},"thumbnailUrl":"https:\/\/previews.elleven.digital\/acocearense\/wp-content\/uploads\/2025\/05\/post-gac-1090x720-1.png","datePublished":"2020-07-29T13:36:54+00:00","dateModified":"2025-05-07T13:37:15+00:00","author":{"@id":"https:\/\/previews.elleven.digital\/acocearense\/#\/schema\/person\/8e9165eb3c33e0860485c7c5fc06a701"},"breadcrumb":{"@id":"https:\/\/previews.elleven.digital\/acocearense\/retencao-de-clientes-na-crise-3-dicas-para-implementar-hoje-na-sua-empresa\/#breadcrumb"},"inLanguage":"pt-BR","potentialAction":[{"@type":"ReadAction","target":["https:\/\/previews.elleven.digital\/acocearense\/retencao-de-clientes-na-crise-3-dicas-para-implementar-hoje-na-sua-empresa\/"]}]},{"@type":"ImageObject","inLanguage":"pt-BR","@id":"https:\/\/previews.elleven.digital\/acocearense\/retencao-de-clientes-na-crise-3-dicas-para-implementar-hoje-na-sua-empresa\/#primaryimage","url":"https:\/\/previews.elleven.digital\/acocearense\/wp-content\/uploads\/2025\/05\/post-gac-1090x720-1.png","contentUrl":"https:\/\/previews.elleven.digital\/acocearense\/wp-content\/uploads\/2025\/05\/post-gac-1090x720-1.png","width":1090,"height":720},{"@type":"BreadcrumbList","@id":"https:\/\/previews.elleven.digital\/acocearense\/retencao-de-clientes-na-crise-3-dicas-para-implementar-hoje-na-sua-empresa\/#breadcrumb","itemListElement":[{"@type":"ListItem","position":1,"name":"In\u00edcio","item":"https:\/\/previews.elleven.digital\/acocearense\/"},{"@type":"ListItem","position":2,"name":"Reten\u00e7\u00e3o de clientes na crise: 3 dicas para implementar hoje na sua empresa"}]},{"@type":"WebSite","@id":"https:\/\/previews.elleven.digital\/acocearense\/#website","url":"https:\/\/previews.elleven.digital\/acocearense\/","name":"A\u00e7o Cearense","description":"H\u00e1 mais de 45 anos no mercado brasileiro do a\u00e7o.","alternateName":"A\u00e7o Cearense","potentialAction":[{"@type":"SearchAction","target":{"@type":"EntryPoint","urlTemplate":"https:\/\/previews.elleven.digital\/acocearense\/?s={search_term_string}"},"query-input":{"@type":"PropertyValueSpecification","valueRequired":true,"valueName":"search_term_string"}}],"inLanguage":"pt-BR"},{"@type":"Person","@id":"https:\/\/previews.elleven.digital\/acocearense\/#\/schema\/person\/8e9165eb3c33e0860485c7c5fc06a701","name":"elleven","image":{"@type":"ImageObject","inLanguage":"pt-BR","@id":"https:\/\/previews.elleven.digital\/acocearense\/#\/schema\/person\/image\/","url":"https:\/\/secure.gravatar.com\/avatar\/2a6afb49d9ecfed5dbc6c9606ce318b8bd07c077835179bddfd5d8209c03cb29?s=96&d=mm&r=g","contentUrl":"https:\/\/secure.gravatar.com\/avatar\/2a6afb49d9ecfed5dbc6c9606ce318b8bd07c077835179bddfd5d8209c03cb29?s=96&d=mm&r=g","caption":"elleven"},"sameAs":["http:\/\/localhost\/acocearense"],"url":"https:\/\/previews.elleven.digital\/acocearense\/author\/elleven\/"}]}},"_links":{"self":[{"href":"https:\/\/previews.elleven.digital\/acocearense\/wp-json\/wp\/v2\/posts\/1294","targetHints":{"allow":["GET"]}}],"collection":[{"href":"https:\/\/previews.elleven.digital\/acocearense\/wp-json\/wp\/v2\/posts"}],"about":[{"href":"https:\/\/previews.elleven.digital\/acocearense\/wp-json\/wp\/v2\/types\/post"}],"author":[{"embeddable":true,"href":"https:\/\/previews.elleven.digital\/acocearense\/wp-json\/wp\/v2\/users\/1"}],"replies":[{"embeddable":true,"href":"https:\/\/previews.elleven.digital\/acocearense\/wp-json\/wp\/v2\/comments?post=1294"}],"version-history":[{"count":1,"href":"https:\/\/previews.elleven.digital\/acocearense\/wp-json\/wp\/v2\/posts\/1294\/revisions"}],"predecessor-version":[{"id":1295,"href":"https:\/\/previews.elleven.digital\/acocearense\/wp-json\/wp\/v2\/posts\/1294\/revisions\/1295"}],"wp:featuredmedia":[{"embeddable":true,"href":"https:\/\/previews.elleven.digital\/acocearense\/wp-json\/wp\/v2\/media\/1263"}],"wp:attachment":[{"href":"https:\/\/previews.elleven.digital\/acocearense\/wp-json\/wp\/v2\/media?parent=1294"}],"wp:term":[{"taxonomy":"category","embeddable":true,"href":"https:\/\/previews.elleven.digital\/acocearense\/wp-json\/wp\/v2\/categories?post=1294"},{"taxonomy":"post_tag","embeddable":true,"href":"https:\/\/previews.elleven.digital\/acocearense\/wp-json\/wp\/v2\/tags?post=1294"}],"curies":[{"name":"wp","href":"https:\/\/api.w.org\/{rel}","templated":true}]}}