{"id":1292,"date":"2020-07-29T10:36:17","date_gmt":"2020-07-29T13:36:17","guid":{"rendered":"https:\/\/previews.elleven.digital\/acocearense\/?p=1292"},"modified":"2025-05-07T10:36:43","modified_gmt":"2025-05-07T13:36:43","slug":"principais-impactos-da-crise-na-construcao-civil","status":"publish","type":"post","link":"https:\/\/previews.elleven.digital\/acocearense\/principais-impactos-da-crise-na-construcao-civil\/","title":{"rendered":"Principais impactos da crise na Constru\u00e7\u00e3o Civil"},"content":{"rendered":"<p>A\u00a0<strong>redu\u00e7\u00e3o da demanda<\/strong>\u00a0e a\u00a0<strong>paralisa\u00e7\u00e3o das atividades<\/strong>\u00a0s\u00e3o os principais fatores que contribuem para os efeitos negativos da crise do novo coronav\u00edrus nos neg\u00f3cios, \u00e9 o que aponta a pesquisa do Instituto Brasileiro de Economia (Ibre\/FGV).<\/p>\n<p>No entanto, um dos segmentos essenciais que\u00a0<strong>n\u00e3o interrompeu por completo as opera\u00e7\u00f5es<\/strong>\u00a0foi o da\u00a0<a href=\"https:\/\/previews.elleven.digital\/acocearense\/blog\/abrindo-o-negocio\/quais-sao-as-vantagens-e-aplicacoes-do-aco-na-construcao-civil\/?setlang=no\">constru\u00e7\u00e3o civil<\/a>. Com aproximadamente 2 milh\u00f5es de trabalhadores com carteira assinada, o setor teve somente\u00a0<strong>interrup\u00e7\u00f5es pontuais em algumas de suas atividades.<\/strong><\/p>\n<p>A\u00a0<a href=\"https:\/\/previews.elleven.digital\/acocearense\/blog\/gestao\/10-licoes-que-aprendemos-com-crise-do-coronavirus\">pandemia<\/a>\u00a0freou o ritmo acelerado que o setor vinha apresentando no in\u00edcio de 2020 e fez com que as empresas do ramo passem por adapta\u00e7\u00f5es.<\/p>\n<h2>Quais os impactos sentidos at\u00e9 agora na Constru\u00e7\u00e3o Civil?<\/h2>\n<p>Toda a cadeia produtiva foi impactada e os primeiros indicadores setoriais dispon\u00edveis j\u00e1 mostram\u00a0<strong>quedas importantes na venda<\/strong>\u00a0de cimento e cer\u00e2micas de revestimento, no lan\u00e7amento de apartamentos, na contrata\u00e7\u00e3o de financiamentos e tantos outros,\u00a0<strong>mesmo com os canteiros de obras e as lojas de\u00a0<a href=\"https:\/\/previews.elleven.digital\/acocearense\/blog\/abrindo-o-negocio\/conheca-os-5-principais-materiais-para-construcao-civil\/?setlang=no\">materiais de constru\u00e7\u00e3o<\/a>\u00a0operando na maior parte do pa\u00eds.<\/strong><\/p>\n<p><em>A velocidade dos acontecimentos dificulta uma plena compreens\u00e3o dos seus impactos, mas h\u00e1 ind\u00edcios de que influenciar\u00e3o os novos produtos e os processos construtivos<\/em>.<\/p>\n<p>O home office foi eficiente e\u00a0<strong>impactar\u00e1 na necessidade de edif\u00edcios de escrit\u00f3rio e intensificar\u00e1 a demanda por espa\u00e7os dedicados ao trabalho nas resid\u00eancias.<\/strong><\/p>\n<p><strong>No ensino da engenharia, por sua vez, os impactos j\u00e1 podem ser considerados certos e transformadores.\u00a0<\/strong>O distanciamento social consolidou o ensino a dist\u00e2ncia e escancarou a necessidade de\u00a0<strong>aprimoramento das ferramentas computacionais<\/strong>\u00a0usadas nas institui\u00e7\u00f5es educadoras. A simples virtualiza\u00e7\u00e3o da sala de aula n\u00e3o se mostrou suficiente para a transmiss\u00e3o das necess\u00e1rias compet\u00eancias aos novos profissionais do setor, para isso ainda \u00e9 preciso o desenvolvimento de novas did\u00e1ticas e m\u00e9todos de ensino que repassem os conhecimentos na pr\u00e1tica.<\/p>\n<p>Diante de tudo isso, podemos constatar que\u00a0<strong>a\u00a0<a href=\"https:\/\/previews.elleven.digital\/acocearense\/blog\/gestao\/como-comecar-fazer-gestao-de-uma-crise-na-empresa\/\">crise<\/a>\u00a0do coronav\u00edrus j\u00e1 impactou e seguir\u00e1 impactando vidas, neg\u00f3cios e a economia ao redor do mundo<\/strong>. Mas, assim como outras pandemias, este per\u00edodo negativo vai passar.<\/p>\n<p><strong>Fontes:<\/strong>\u00a0G1, Rep\u00f3rter Brasil e Estad\u00e3o.<\/p>\n","protected":false},"excerpt":{"rendered":"<p>A\u00a0redu\u00e7\u00e3o da demanda\u00a0e a\u00a0paralisa\u00e7\u00e3o das atividades\u00a0s\u00e3o os principais fatores que contribuem para os efeitos negativos(&#8230;)<\/p>\n","protected":false},"author":1,"featured_media":0,"comment_status":"open","ping_status":"open","sticky":false,"template":"","format":"standard","meta":{"_acf_changed":false,"inline_featured_image":false,"footnotes":""},"categories":[28],"tags":[],"class_list":["post-1292","post","type-post","status-publish","format-standard","hentry","category-gestao"],"acf":[],"yoast_head":"<!-- This site is optimized with the Yoast SEO plugin v25.9 - https:\/\/yoast.com\/wordpress\/plugins\/seo\/ -->\n<title>Principais impactos da crise na Constru\u00e7\u00e3o Civil - Grupo A\u00e7o Cearense<\/title>\n<meta name=\"robots\" content=\"index, follow, max-snippet:-1, max-image-preview:large, max-video-preview:-1\" \/>\n<link rel=\"canonical\" href=\"https:\/\/previews.elleven.digital\/acocearense\/principais-impactos-da-crise-na-construcao-civil\/\" \/>\n<meta property=\"og:locale\" content=\"pt_BR\" \/>\n<meta property=\"og:type\" content=\"article\" \/>\n<meta property=\"og:title\" content=\"Principais impactos da crise na Constru\u00e7\u00e3o Civil - Grupo A\u00e7o Cearense\" \/>\n<meta property=\"og:description\" content=\"A\u00a0redu\u00e7\u00e3o da demanda\u00a0e a\u00a0paralisa\u00e7\u00e3o das atividades\u00a0s\u00e3o os principais fatores que contribuem para os efeitos negativos(...)\" \/>\n<meta property=\"og:url\" content=\"https:\/\/previews.elleven.digital\/acocearense\/principais-impactos-da-crise-na-construcao-civil\/\" \/>\n<meta property=\"og:site_name\" content=\"Grupo A\u00e7o Cearense\" \/>\n<meta property=\"article:published_time\" content=\"2020-07-29T13:36:17+00:00\" \/>\n<meta property=\"article:modified_time\" content=\"2025-05-07T13:36:43+00:00\" \/>\n<meta property=\"og:image\" content=\"https:\/\/previews.elleven.digital\/acocearense\/wp-content\/uploads\/2025\/03\/open-graph.png\" \/>\n\t<meta property=\"og:image:width\" content=\"1200\" \/>\n\t<meta property=\"og:image:height\" content=\"675\" \/>\n\t<meta property=\"og:image:type\" content=\"image\/png\" \/>\n<meta name=\"author\" content=\"elleven\" \/>\n<meta name=\"twitter:card\" content=\"summary_large_image\" \/>\n<meta name=\"twitter:label1\" content=\"Escrito por\" \/>\n\t<meta name=\"twitter:data1\" content=\"elleven\" \/>\n\t<meta name=\"twitter:label2\" content=\"Est. tempo de leitura\" \/>\n\t<meta name=\"twitter:data2\" content=\"2 minutos\" \/>\n<script type=\"application\/ld+json\" class=\"yoast-schema-graph\">{\"@context\":\"https:\/\/schema.org\",\"@graph\":[{\"@type\":\"WebPage\",\"@id\":\"https:\/\/previews.elleven.digital\/acocearense\/principais-impactos-da-crise-na-construcao-civil\/\",\"url\":\"https:\/\/previews.elleven.digital\/acocearense\/principais-impactos-da-crise-na-construcao-civil\/\",\"name\":\"Principais impactos da crise na Constru\u00e7\u00e3o Civil - Grupo A\u00e7o Cearense\",\"isPartOf\":{\"@id\":\"https:\/\/previews.elleven.digital\/acocearense\/#website\"},\"datePublished\":\"2020-07-29T13:36:17+00:00\",\"dateModified\":\"2025-05-07T13:36:43+00:00\",\"author\":{\"@id\":\"https:\/\/previews.elleven.digital\/acocearense\/#\/schema\/person\/8e9165eb3c33e0860485c7c5fc06a701\"},\"breadcrumb\":{\"@id\":\"https:\/\/previews.elleven.digital\/acocearense\/principais-impactos-da-crise-na-construcao-civil\/#breadcrumb\"},\"inLanguage\":\"pt-BR\",\"potentialAction\":[{\"@type\":\"ReadAction\",\"target\":[\"https:\/\/previews.elleven.digital\/acocearense\/principais-impactos-da-crise-na-construcao-civil\/\"]}]},{\"@type\":\"BreadcrumbList\",\"@id\":\"https:\/\/previews.elleven.digital\/acocearense\/principais-impactos-da-crise-na-construcao-civil\/#breadcrumb\",\"itemListElement\":[{\"@type\":\"ListItem\",\"position\":1,\"name\":\"In\u00edcio\",\"item\":\"https:\/\/previews.elleven.digital\/acocearense\/\"},{\"@type\":\"ListItem\",\"position\":2,\"name\":\"Principais impactos da crise na Constru\u00e7\u00e3o Civil\"}]},{\"@type\":\"WebSite\",\"@id\":\"https:\/\/previews.elleven.digital\/acocearense\/#website\",\"url\":\"https:\/\/previews.elleven.digital\/acocearense\/\",\"name\":\"A\u00e7o Cearense\",\"description\":\"H\u00e1 mais de 45 anos no mercado brasileiro do a\u00e7o.\",\"alternateName\":\"A\u00e7o Cearense\",\"potentialAction\":[{\"@type\":\"SearchAction\",\"target\":{\"@type\":\"EntryPoint\",\"urlTemplate\":\"https:\/\/previews.elleven.digital\/acocearense\/?s={search_term_string}\"},\"query-input\":{\"@type\":\"PropertyValueSpecification\",\"valueRequired\":true,\"valueName\":\"search_term_string\"}}],\"inLanguage\":\"pt-BR\"},{\"@type\":\"Person\",\"@id\":\"https:\/\/previews.elleven.digital\/acocearense\/#\/schema\/person\/8e9165eb3c33e0860485c7c5fc06a701\",\"name\":\"elleven\",\"image\":{\"@type\":\"ImageObject\",\"inLanguage\":\"pt-BR\",\"@id\":\"https:\/\/previews.elleven.digital\/acocearense\/#\/schema\/person\/image\/\",\"url\":\"https:\/\/secure.gravatar.com\/avatar\/2a6afb49d9ecfed5dbc6c9606ce318b8bd07c077835179bddfd5d8209c03cb29?s=96&d=mm&r=g\",\"contentUrl\":\"https:\/\/secure.gravatar.com\/avatar\/2a6afb49d9ecfed5dbc6c9606ce318b8bd07c077835179bddfd5d8209c03cb29?s=96&d=mm&r=g\",\"caption\":\"elleven\"},\"sameAs\":[\"http:\/\/localhost\/acocearense\"],\"url\":\"https:\/\/previews.elleven.digital\/acocearense\/author\/elleven\/\"}]}<\/script>\n<!-- \/ Yoast SEO plugin. -->","yoast_head_json":{"title":"Principais impactos da crise na Constru\u00e7\u00e3o Civil - Grupo A\u00e7o Cearense","robots":{"index":"index","follow":"follow","max-snippet":"max-snippet:-1","max-image-preview":"max-image-preview:large","max-video-preview":"max-video-preview:-1"},"canonical":"https:\/\/previews.elleven.digital\/acocearense\/principais-impactos-da-crise-na-construcao-civil\/","og_locale":"pt_BR","og_type":"article","og_title":"Principais impactos da crise na Constru\u00e7\u00e3o Civil - Grupo A\u00e7o Cearense","og_description":"A\u00a0redu\u00e7\u00e3o da demanda\u00a0e a\u00a0paralisa\u00e7\u00e3o das atividades\u00a0s\u00e3o os principais fatores que contribuem para os efeitos negativos(...)","og_url":"https:\/\/previews.elleven.digital\/acocearense\/principais-impactos-da-crise-na-construcao-civil\/","og_site_name":"Grupo A\u00e7o Cearense","article_published_time":"2020-07-29T13:36:17+00:00","article_modified_time":"2025-05-07T13:36:43+00:00","og_image":[{"width":1200,"height":675,"url":"https:\/\/previews.elleven.digital\/acocearense\/wp-content\/uploads\/2025\/03\/open-graph.png","type":"image\/png"}],"author":"elleven","twitter_card":"summary_large_image","twitter_misc":{"Escrito por":"elleven","Est. tempo de leitura":"2 minutos"},"schema":{"@context":"https:\/\/schema.org","@graph":[{"@type":"WebPage","@id":"https:\/\/previews.elleven.digital\/acocearense\/principais-impactos-da-crise-na-construcao-civil\/","url":"https:\/\/previews.elleven.digital\/acocearense\/principais-impactos-da-crise-na-construcao-civil\/","name":"Principais impactos da crise na Constru\u00e7\u00e3o Civil - Grupo A\u00e7o Cearense","isPartOf":{"@id":"https:\/\/previews.elleven.digital\/acocearense\/#website"},"datePublished":"2020-07-29T13:36:17+00:00","dateModified":"2025-05-07T13:36:43+00:00","author":{"@id":"https:\/\/previews.elleven.digital\/acocearense\/#\/schema\/person\/8e9165eb3c33e0860485c7c5fc06a701"},"breadcrumb":{"@id":"https:\/\/previews.elleven.digital\/acocearense\/principais-impactos-da-crise-na-construcao-civil\/#breadcrumb"},"inLanguage":"pt-BR","potentialAction":[{"@type":"ReadAction","target":["https:\/\/previews.elleven.digital\/acocearense\/principais-impactos-da-crise-na-construcao-civil\/"]}]},{"@type":"BreadcrumbList","@id":"https:\/\/previews.elleven.digital\/acocearense\/principais-impactos-da-crise-na-construcao-civil\/#breadcrumb","itemListElement":[{"@type":"ListItem","position":1,"name":"In\u00edcio","item":"https:\/\/previews.elleven.digital\/acocearense\/"},{"@type":"ListItem","position":2,"name":"Principais impactos da crise na Constru\u00e7\u00e3o Civil"}]},{"@type":"WebSite","@id":"https:\/\/previews.elleven.digital\/acocearense\/#website","url":"https:\/\/previews.elleven.digital\/acocearense\/","name":"A\u00e7o Cearense","description":"H\u00e1 mais de 45 anos no mercado brasileiro do a\u00e7o.","alternateName":"A\u00e7o Cearense","potentialAction":[{"@type":"SearchAction","target":{"@type":"EntryPoint","urlTemplate":"https:\/\/previews.elleven.digital\/acocearense\/?s={search_term_string}"},"query-input":{"@type":"PropertyValueSpecification","valueRequired":true,"valueName":"search_term_string"}}],"inLanguage":"pt-BR"},{"@type":"Person","@id":"https:\/\/previews.elleven.digital\/acocearense\/#\/schema\/person\/8e9165eb3c33e0860485c7c5fc06a701","name":"elleven","image":{"@type":"ImageObject","inLanguage":"pt-BR","@id":"https:\/\/previews.elleven.digital\/acocearense\/#\/schema\/person\/image\/","url":"https:\/\/secure.gravatar.com\/avatar\/2a6afb49d9ecfed5dbc6c9606ce318b8bd07c077835179bddfd5d8209c03cb29?s=96&d=mm&r=g","contentUrl":"https:\/\/secure.gravatar.com\/avatar\/2a6afb49d9ecfed5dbc6c9606ce318b8bd07c077835179bddfd5d8209c03cb29?s=96&d=mm&r=g","caption":"elleven"},"sameAs":["http:\/\/localhost\/acocearense"],"url":"https:\/\/previews.elleven.digital\/acocearense\/author\/elleven\/"}]}},"_links":{"self":[{"href":"https:\/\/previews.elleven.digital\/acocearense\/wp-json\/wp\/v2\/posts\/1292","targetHints":{"allow":["GET"]}}],"collection":[{"href":"https:\/\/previews.elleven.digital\/acocearense\/wp-json\/wp\/v2\/posts"}],"about":[{"href":"https:\/\/previews.elleven.digital\/acocearense\/wp-json\/wp\/v2\/types\/post"}],"author":[{"embeddable":true,"href":"https:\/\/previews.elleven.digital\/acocearense\/wp-json\/wp\/v2\/users\/1"}],"replies":[{"embeddable":true,"href":"https:\/\/previews.elleven.digital\/acocearense\/wp-json\/wp\/v2\/comments?post=1292"}],"version-history":[{"count":1,"href":"https:\/\/previews.elleven.digital\/acocearense\/wp-json\/wp\/v2\/posts\/1292\/revisions"}],"predecessor-version":[{"id":1293,"href":"https:\/\/previews.elleven.digital\/acocearense\/wp-json\/wp\/v2\/posts\/1292\/revisions\/1293"}],"wp:attachment":[{"href":"https:\/\/previews.elleven.digital\/acocearense\/wp-json\/wp\/v2\/media?parent=1292"}],"wp:term":[{"taxonomy":"category","embeddable":true,"href":"https:\/\/previews.elleven.digital\/acocearense\/wp-json\/wp\/v2\/categories?post=1292"},{"taxonomy":"post_tag","embeddable":true,"href":"https:\/\/previews.elleven.digital\/acocearense\/wp-json\/wp\/v2\/tags?post=1292"}],"curies":[{"name":"wp","href":"https:\/\/api.w.org\/{rel}","templated":true}]}}