{"id":1290,"date":"2020-07-23T10:35:29","date_gmt":"2020-07-23T13:35:29","guid":{"rendered":"https:\/\/previews.elleven.digital\/acocearense\/?p=1290"},"modified":"2025-05-07T10:36:08","modified_gmt":"2025-05-07T13:36:08","slug":"aculturamento-digital-em-tempos-de-pandemia","status":"publish","type":"post","link":"https:\/\/previews.elleven.digital\/acocearense\/aculturamento-digital-em-tempos-de-pandemia\/","title":{"rendered":"Aculturamento digital em tempos de pandemia"},"content":{"rendered":"<p>Em tempo de crise, a criatividade \u00e9 desafiada a driblar as dificuldades e o uso da tecnologia para acelera\u00e7\u00e3o da economia se faz urgente. A pandemia de Covid-19 j\u00e1 nos mostra grandes mudan\u00e7as nesse processo. As pessoas est\u00e3o mais receptivas \u00e0s ferramentas tecnol\u00f3gicas, seja para fazer compras em e-commerce ou pedidos em delivery, seja para telemedicina ou trabalho em regime de home office, al\u00e9m do entretenimento com lives, e capacita\u00e7\u00e3o a partir de reuni\u00f5es e aulas virtuais.<\/p>\n<p>As empresas tamb\u00e9m tiveram que se adaptar ao novo momento. O uso da tecnologia, que antes parecia muitas vezes distanciar pessoas, colabora para uma aproxima\u00e7\u00e3o, tornando poss\u00edvel a realiza\u00e7\u00e3o de muitas tarefas e diferentes neg\u00f3cios. O virtual passou a ser real. As empresas que j\u00e1 vinham utilizando a tecnologia a seu favor, mudando processos e se conectando, tiveram uma vantagem no mercado, pois sentiram menor dificuldade em se adaptar ao novo momento. A acelera\u00e7\u00e3o tecnol\u00f3gica mostra-se ent\u00e3o como um diferencial competitivo.<\/p>\n<p>No\u00a0<strong>Grupo A\u00e7o Cearense<\/strong>\u00a0aproveitamos este momento para olhar as oportunidades. Nessa onda de transforma\u00e7\u00e3o, v\u00e1rias iniciativas foram realizadas para estimular os projetos digitais. A jornada na empresa teve um fator importante em 2018, com um evento chamado Digital Day, que trouxe reflex\u00f5es aos gestores de todas as empresas do Grupo, dando foco na transforma\u00e7\u00e3o digital. A partir da\u00ed, houve investimentos e projetos que foram importantes no enfrentamento da crise, com uma infraestrutura que j\u00e1 estava pronta para suportar o home office, por exemplo. Destacamos tamb\u00e9m o uso da telemedicina para dar suporte e seguran\u00e7a a todos que estavam em suas casas e nas ind\u00fastrias, reuni\u00f5es virtuais, canais de atendimentos, al\u00e9m da comunica\u00e7\u00e3o com nossos clientes, fundamental tamb\u00e9m para dar continuidade \u00e0s vendas e vital para garantir empregos e acelera\u00e7\u00e3o nos neg\u00f3cios.<\/p>\n<p>Novos projetos est\u00e3o em estudo envolvendo pessoas e tecnologia usando metodologia \u00e1gil para trazer ganhos e ajudar no aculturamento digital. Dentro desta jornada, vamos utilizar rob\u00f4s e intelig\u00eancias artificiais, tudo que possa solucionar problemas e simplificar processos. O poder de entrega da tecnologia s\u00f3 avan\u00e7a e em m\u00e9dio prazo teremos internet mais veloz com a chegada do 5G, e com isso a chegada de novos h\u00e1bitos, que certamente deixar\u00e3o o mundo ainda mais acelerado.<\/p>\n<p><strong>Vin\u00edcius Amanaj\u00e1s\u00a0\u00a0<\/strong>\u00a0<em>Gerente de TI do Grupo A\u00e7o Cearense<\/em><\/p>\n","protected":false},"excerpt":{"rendered":"<p>Em tempo de crise, a criatividade \u00e9 desafiada a driblar as dificuldades e o uso(&#8230;)<\/p>\n","protected":false},"author":1,"featured_media":1265,"comment_status":"open","ping_status":"open","sticky":false,"template":"","format":"standard","meta":{"_acf_changed":false,"inline_featured_image":false,"footnotes":""},"categories":[28],"tags":[],"class_list":["post-1290","post","type-post","status-publish","format-standard","has-post-thumbnail","hentry","category-gestao"],"acf":[],"yoast_head":"<!-- This site is optimized with the Yoast SEO plugin v25.9 - https:\/\/yoast.com\/wordpress\/plugins\/seo\/ -->\n<title>Aculturamento digital em tempos de pandemia - Grupo A\u00e7o Cearense<\/title>\n<meta name=\"robots\" content=\"index, follow, max-snippet:-1, max-image-preview:large, max-video-preview:-1\" \/>\n<link rel=\"canonical\" href=\"https:\/\/previews.elleven.digital\/acocearense\/aculturamento-digital-em-tempos-de-pandemia\/\" \/>\n<meta property=\"og:locale\" content=\"pt_BR\" \/>\n<meta property=\"og:type\" content=\"article\" \/>\n<meta property=\"og:title\" content=\"Aculturamento digital em tempos de pandemia - Grupo A\u00e7o Cearense\" \/>\n<meta property=\"og:description\" content=\"Em tempo de crise, a criatividade \u00e9 desafiada a driblar as dificuldades e o uso(...)\" \/>\n<meta property=\"og:url\" content=\"https:\/\/previews.elleven.digital\/acocearense\/aculturamento-digital-em-tempos-de-pandemia\/\" \/>\n<meta property=\"og:site_name\" content=\"Grupo A\u00e7o Cearense\" \/>\n<meta property=\"article:published_time\" content=\"2020-07-23T13:35:29+00:00\" \/>\n<meta property=\"article:modified_time\" content=\"2025-05-07T13:36:08+00:00\" \/>\n<meta property=\"og:image\" content=\"https:\/\/previews.elleven.digital\/acocearense\/wp-content\/uploads\/2025\/05\/WhatsApp-Image-2020-07-23-at-17.14.41.jpeg\" \/>\n\t<meta property=\"og:image:width\" content=\"980\" \/>\n\t<meta property=\"og:image:height\" content=\"612\" \/>\n\t<meta property=\"og:image:type\" content=\"image\/jpeg\" \/>\n<meta name=\"author\" content=\"elleven\" \/>\n<meta name=\"twitter:card\" content=\"summary_large_image\" \/>\n<meta name=\"twitter:label1\" content=\"Escrito por\" \/>\n\t<meta name=\"twitter:data1\" content=\"elleven\" \/>\n\t<meta name=\"twitter:label2\" content=\"Est. tempo de leitura\" \/>\n\t<meta name=\"twitter:data2\" content=\"3 minutos\" \/>\n<script type=\"application\/ld+json\" class=\"yoast-schema-graph\">{\"@context\":\"https:\/\/schema.org\",\"@graph\":[{\"@type\":\"WebPage\",\"@id\":\"https:\/\/previews.elleven.digital\/acocearense\/aculturamento-digital-em-tempos-de-pandemia\/\",\"url\":\"https:\/\/previews.elleven.digital\/acocearense\/aculturamento-digital-em-tempos-de-pandemia\/\",\"name\":\"Aculturamento digital em tempos de pandemia - Grupo A\u00e7o Cearense\",\"isPartOf\":{\"@id\":\"https:\/\/previews.elleven.digital\/acocearense\/#website\"},\"primaryImageOfPage\":{\"@id\":\"https:\/\/previews.elleven.digital\/acocearense\/aculturamento-digital-em-tempos-de-pandemia\/#primaryimage\"},\"image\":{\"@id\":\"https:\/\/previews.elleven.digital\/acocearense\/aculturamento-digital-em-tempos-de-pandemia\/#primaryimage\"},\"thumbnailUrl\":\"https:\/\/previews.elleven.digital\/acocearense\/wp-content\/uploads\/2025\/05\/WhatsApp-Image-2020-07-23-at-17.14.41.jpeg\",\"datePublished\":\"2020-07-23T13:35:29+00:00\",\"dateModified\":\"2025-05-07T13:36:08+00:00\",\"author\":{\"@id\":\"https:\/\/previews.elleven.digital\/acocearense\/#\/schema\/person\/8e9165eb3c33e0860485c7c5fc06a701\"},\"breadcrumb\":{\"@id\":\"https:\/\/previews.elleven.digital\/acocearense\/aculturamento-digital-em-tempos-de-pandemia\/#breadcrumb\"},\"inLanguage\":\"pt-BR\",\"potentialAction\":[{\"@type\":\"ReadAction\",\"target\":[\"https:\/\/previews.elleven.digital\/acocearense\/aculturamento-digital-em-tempos-de-pandemia\/\"]}]},{\"@type\":\"ImageObject\",\"inLanguage\":\"pt-BR\",\"@id\":\"https:\/\/previews.elleven.digital\/acocearense\/aculturamento-digital-em-tempos-de-pandemia\/#primaryimage\",\"url\":\"https:\/\/previews.elleven.digital\/acocearense\/wp-content\/uploads\/2025\/05\/WhatsApp-Image-2020-07-23-at-17.14.41.jpeg\",\"contentUrl\":\"https:\/\/previews.elleven.digital\/acocearense\/wp-content\/uploads\/2025\/05\/WhatsApp-Image-2020-07-23-at-17.14.41.jpeg\",\"width\":980,\"height\":612},{\"@type\":\"BreadcrumbList\",\"@id\":\"https:\/\/previews.elleven.digital\/acocearense\/aculturamento-digital-em-tempos-de-pandemia\/#breadcrumb\",\"itemListElement\":[{\"@type\":\"ListItem\",\"position\":1,\"name\":\"In\u00edcio\",\"item\":\"https:\/\/previews.elleven.digital\/acocearense\/\"},{\"@type\":\"ListItem\",\"position\":2,\"name\":\"Aculturamento digital em tempos de pandemia\"}]},{\"@type\":\"WebSite\",\"@id\":\"https:\/\/previews.elleven.digital\/acocearense\/#website\",\"url\":\"https:\/\/previews.elleven.digital\/acocearense\/\",\"name\":\"A\u00e7o Cearense\",\"description\":\"H\u00e1 mais de 45 anos no mercado brasileiro do a\u00e7o.\",\"alternateName\":\"A\u00e7o Cearense\",\"potentialAction\":[{\"@type\":\"SearchAction\",\"target\":{\"@type\":\"EntryPoint\",\"urlTemplate\":\"https:\/\/previews.elleven.digital\/acocearense\/?s={search_term_string}\"},\"query-input\":{\"@type\":\"PropertyValueSpecification\",\"valueRequired\":true,\"valueName\":\"search_term_string\"}}],\"inLanguage\":\"pt-BR\"},{\"@type\":\"Person\",\"@id\":\"https:\/\/previews.elleven.digital\/acocearense\/#\/schema\/person\/8e9165eb3c33e0860485c7c5fc06a701\",\"name\":\"elleven\",\"image\":{\"@type\":\"ImageObject\",\"inLanguage\":\"pt-BR\",\"@id\":\"https:\/\/previews.elleven.digital\/acocearense\/#\/schema\/person\/image\/\",\"url\":\"https:\/\/secure.gravatar.com\/avatar\/2a6afb49d9ecfed5dbc6c9606ce318b8bd07c077835179bddfd5d8209c03cb29?s=96&d=mm&r=g\",\"contentUrl\":\"https:\/\/secure.gravatar.com\/avatar\/2a6afb49d9ecfed5dbc6c9606ce318b8bd07c077835179bddfd5d8209c03cb29?s=96&d=mm&r=g\",\"caption\":\"elleven\"},\"sameAs\":[\"http:\/\/localhost\/acocearense\"],\"url\":\"https:\/\/previews.elleven.digital\/acocearense\/author\/elleven\/\"}]}<\/script>\n<!-- \/ Yoast SEO plugin. -->","yoast_head_json":{"title":"Aculturamento digital em tempos de pandemia - Grupo A\u00e7o Cearense","robots":{"index":"index","follow":"follow","max-snippet":"max-snippet:-1","max-image-preview":"max-image-preview:large","max-video-preview":"max-video-preview:-1"},"canonical":"https:\/\/previews.elleven.digital\/acocearense\/aculturamento-digital-em-tempos-de-pandemia\/","og_locale":"pt_BR","og_type":"article","og_title":"Aculturamento digital em tempos de pandemia - Grupo A\u00e7o Cearense","og_description":"Em tempo de crise, a criatividade \u00e9 desafiada a driblar as dificuldades e o uso(...)","og_url":"https:\/\/previews.elleven.digital\/acocearense\/aculturamento-digital-em-tempos-de-pandemia\/","og_site_name":"Grupo A\u00e7o Cearense","article_published_time":"2020-07-23T13:35:29+00:00","article_modified_time":"2025-05-07T13:36:08+00:00","og_image":[{"width":980,"height":612,"url":"https:\/\/previews.elleven.digital\/acocearense\/wp-content\/uploads\/2025\/05\/WhatsApp-Image-2020-07-23-at-17.14.41.jpeg","type":"image\/jpeg"}],"author":"elleven","twitter_card":"summary_large_image","twitter_misc":{"Escrito por":"elleven","Est. tempo de leitura":"3 minutos"},"schema":{"@context":"https:\/\/schema.org","@graph":[{"@type":"WebPage","@id":"https:\/\/previews.elleven.digital\/acocearense\/aculturamento-digital-em-tempos-de-pandemia\/","url":"https:\/\/previews.elleven.digital\/acocearense\/aculturamento-digital-em-tempos-de-pandemia\/","name":"Aculturamento digital em tempos de pandemia - Grupo A\u00e7o Cearense","isPartOf":{"@id":"https:\/\/previews.elleven.digital\/acocearense\/#website"},"primaryImageOfPage":{"@id":"https:\/\/previews.elleven.digital\/acocearense\/aculturamento-digital-em-tempos-de-pandemia\/#primaryimage"},"image":{"@id":"https:\/\/previews.elleven.digital\/acocearense\/aculturamento-digital-em-tempos-de-pandemia\/#primaryimage"},"thumbnailUrl":"https:\/\/previews.elleven.digital\/acocearense\/wp-content\/uploads\/2025\/05\/WhatsApp-Image-2020-07-23-at-17.14.41.jpeg","datePublished":"2020-07-23T13:35:29+00:00","dateModified":"2025-05-07T13:36:08+00:00","author":{"@id":"https:\/\/previews.elleven.digital\/acocearense\/#\/schema\/person\/8e9165eb3c33e0860485c7c5fc06a701"},"breadcrumb":{"@id":"https:\/\/previews.elleven.digital\/acocearense\/aculturamento-digital-em-tempos-de-pandemia\/#breadcrumb"},"inLanguage":"pt-BR","potentialAction":[{"@type":"ReadAction","target":["https:\/\/previews.elleven.digital\/acocearense\/aculturamento-digital-em-tempos-de-pandemia\/"]}]},{"@type":"ImageObject","inLanguage":"pt-BR","@id":"https:\/\/previews.elleven.digital\/acocearense\/aculturamento-digital-em-tempos-de-pandemia\/#primaryimage","url":"https:\/\/previews.elleven.digital\/acocearense\/wp-content\/uploads\/2025\/05\/WhatsApp-Image-2020-07-23-at-17.14.41.jpeg","contentUrl":"https:\/\/previews.elleven.digital\/acocearense\/wp-content\/uploads\/2025\/05\/WhatsApp-Image-2020-07-23-at-17.14.41.jpeg","width":980,"height":612},{"@type":"BreadcrumbList","@id":"https:\/\/previews.elleven.digital\/acocearense\/aculturamento-digital-em-tempos-de-pandemia\/#breadcrumb","itemListElement":[{"@type":"ListItem","position":1,"name":"In\u00edcio","item":"https:\/\/previews.elleven.digital\/acocearense\/"},{"@type":"ListItem","position":2,"name":"Aculturamento digital em tempos de pandemia"}]},{"@type":"WebSite","@id":"https:\/\/previews.elleven.digital\/acocearense\/#website","url":"https:\/\/previews.elleven.digital\/acocearense\/","name":"A\u00e7o Cearense","description":"H\u00e1 mais de 45 anos no mercado brasileiro do a\u00e7o.","alternateName":"A\u00e7o Cearense","potentialAction":[{"@type":"SearchAction","target":{"@type":"EntryPoint","urlTemplate":"https:\/\/previews.elleven.digital\/acocearense\/?s={search_term_string}"},"query-input":{"@type":"PropertyValueSpecification","valueRequired":true,"valueName":"search_term_string"}}],"inLanguage":"pt-BR"},{"@type":"Person","@id":"https:\/\/previews.elleven.digital\/acocearense\/#\/schema\/person\/8e9165eb3c33e0860485c7c5fc06a701","name":"elleven","image":{"@type":"ImageObject","inLanguage":"pt-BR","@id":"https:\/\/previews.elleven.digital\/acocearense\/#\/schema\/person\/image\/","url":"https:\/\/secure.gravatar.com\/avatar\/2a6afb49d9ecfed5dbc6c9606ce318b8bd07c077835179bddfd5d8209c03cb29?s=96&d=mm&r=g","contentUrl":"https:\/\/secure.gravatar.com\/avatar\/2a6afb49d9ecfed5dbc6c9606ce318b8bd07c077835179bddfd5d8209c03cb29?s=96&d=mm&r=g","caption":"elleven"},"sameAs":["http:\/\/localhost\/acocearense"],"url":"https:\/\/previews.elleven.digital\/acocearense\/author\/elleven\/"}]}},"_links":{"self":[{"href":"https:\/\/previews.elleven.digital\/acocearense\/wp-json\/wp\/v2\/posts\/1290","targetHints":{"allow":["GET"]}}],"collection":[{"href":"https:\/\/previews.elleven.digital\/acocearense\/wp-json\/wp\/v2\/posts"}],"about":[{"href":"https:\/\/previews.elleven.digital\/acocearense\/wp-json\/wp\/v2\/types\/post"}],"author":[{"embeddable":true,"href":"https:\/\/previews.elleven.digital\/acocearense\/wp-json\/wp\/v2\/users\/1"}],"replies":[{"embeddable":true,"href":"https:\/\/previews.elleven.digital\/acocearense\/wp-json\/wp\/v2\/comments?post=1290"}],"version-history":[{"count":1,"href":"https:\/\/previews.elleven.digital\/acocearense\/wp-json\/wp\/v2\/posts\/1290\/revisions"}],"predecessor-version":[{"id":1291,"href":"https:\/\/previews.elleven.digital\/acocearense\/wp-json\/wp\/v2\/posts\/1290\/revisions\/1291"}],"wp:featuredmedia":[{"embeddable":true,"href":"https:\/\/previews.elleven.digital\/acocearense\/wp-json\/wp\/v2\/media\/1265"}],"wp:attachment":[{"href":"https:\/\/previews.elleven.digital\/acocearense\/wp-json\/wp\/v2\/media?parent=1290"}],"wp:term":[{"taxonomy":"category","embeddable":true,"href":"https:\/\/previews.elleven.digital\/acocearense\/wp-json\/wp\/v2\/categories?post=1290"},{"taxonomy":"post_tag","embeddable":true,"href":"https:\/\/previews.elleven.digital\/acocearense\/wp-json\/wp\/v2\/tags?post=1290"}],"curies":[{"name":"wp","href":"https:\/\/api.w.org\/{rel}","templated":true}]}}