{"id":1288,"date":"2020-07-16T10:34:20","date_gmt":"2020-07-16T13:34:20","guid":{"rendered":"https:\/\/previews.elleven.digital\/acocearense\/?p=1288"},"modified":"2025-05-07T10:34:53","modified_gmt":"2025-05-07T13:34:53","slug":"10-licoes-que-aprendemos-com-a-crise-do-coronavirus","status":"publish","type":"post","link":"https:\/\/previews.elleven.digital\/acocearense\/10-licoes-que-aprendemos-com-a-crise-do-coronavirus\/","title":{"rendered":"10 li\u00e7\u00f5es que aprendemos com a crise do coronav\u00edrus"},"content":{"rendered":"<p>Uma das\u00a0<strong>boas pr\u00e1ticas de gest\u00e3o de crise<\/strong>, como discutimos no e-book, \u00e9 avaliar as\u00a0<strong>Li\u00e7\u00f5es aprendidas<\/strong>. Fizemos esse exerc\u00edcio aqui no GAC e resolvemos compartilhar com voc\u00eas:<\/p>\n<ul>\n<li>Mais do que nunca, colocar as pessoas em primeiro lugar \u00e9 a principal medida.<\/li>\n<li>A m\u00e1xima \u201cna d\u00favida, consulte os valores da empresa\u201d fez ainda mais sentido em todo esse processo.<\/li>\n<li>Principalmente no in\u00edcio da crise surgem in\u00fameras quest\u00f5es e pontos para avaliar e resolver. \u00c9 importante estabelecer prioridades e o que deve ser o foco de cada etapa. Para isso, avalie a complexidade das a\u00e7\u00f5es, o impacto para o neg\u00f3cio (financeiro e operacional), para as pessoas e para o ambiente externo.<\/li>\n<li>\u00c9 importante se basear em informa\u00e7\u00f5es t\u00e9cnicas, periodicamente atualizadas e avaliadas por um time interdisciplinar de especialistas.<\/li>\n<li>Por falar em time interdisciplinar de especialistas, a cria\u00e7\u00e3o de um Comit\u00ea de Crise com uma metodologia \u00e1gil e resolutiva proporciona mais agilidade e efetividade na tomada de decis\u00f5es.<\/li>\n<li>Ter uma\u00a0<strong><a href=\"https:\/\/previews.elleven.digital\/acocearense\/blog\/gestao\/qual-a-importancia-da-comunicacao-nas-empresas-entenda\/\">comunica\u00e7\u00e3o<\/a><\/strong>\u00a0transparente, \u00e1gil e atuante com seus principais p\u00fablicos \u00e9 fundamental, al\u00e9m de estimular,\u00a0<strong><a href=\"https:\/\/previews.elleven.digital\/acocearense\/blog\/gestao\/descubra-4-dicas-incriveis-para-motivar-a-equipe-de-trabalho\/\">motivar<\/a><\/strong>\u00a0e tranquilizar o time.<\/li>\n<li>Simular cen\u00e1rios \u00e9 uma importante ferramenta para antecipar riscos, danos e impactos da crise.<\/li>\n<li>Al\u00e9m de envolver as\u00a0<strong><a href=\"https:\/\/previews.elleven.digital\/acocearense\/blog\/gestao\/conheca-os-estilos-de-lideranca-e-seus-impactos-na-sua-empresa\/\">lideran\u00e7as<\/a>,<\/strong>\u00a0\u00e9 importante dar visibilidade a alta gest\u00e3o para que os colaboradores se sintam guiados e amparados no momento de crise.<\/li>\n<li>Criar pol\u00edticas claras, transparentes, integradas e amplamente divulgadas facilita o engajamento e ades\u00e3o \u00e0s pr\u00e1ticas estabelecidas.<\/li>\n<li>Documente as decis\u00f5es tomadas no processo e analise periodicamente seus resultados, metas e objetivos. Essa pr\u00e1tica ajuda a monitorar o desempenho e avaliar a assertividade das decis\u00f5es tomadas.<\/li>\n<\/ul>\n","protected":false},"excerpt":{"rendered":"<p>Uma das\u00a0boas pr\u00e1ticas de gest\u00e3o de crise, como discutimos no e-book, \u00e9 avaliar as\u00a0Li\u00e7\u00f5es aprendidas.(&#8230;)<\/p>\n","protected":false},"author":1,"featured_media":1266,"comment_status":"open","ping_status":"open","sticky":false,"template":"","format":"standard","meta":{"_acf_changed":false,"inline_featured_image":false,"footnotes":""},"categories":[28],"tags":[],"class_list":["post-1288","post","type-post","status-publish","format-standard","has-post-thumbnail","hentry","category-gestao"],"acf":[],"yoast_head":"<!-- This site is optimized with the Yoast SEO plugin v25.9 - https:\/\/yoast.com\/wordpress\/plugins\/seo\/ -->\n<title>10 li\u00e7\u00f5es que aprendemos com a crise do coronav\u00edrus - Grupo A\u00e7o Cearense<\/title>\n<meta name=\"robots\" content=\"index, follow, max-snippet:-1, max-image-preview:large, max-video-preview:-1\" \/>\n<link rel=\"canonical\" href=\"https:\/\/previews.elleven.digital\/acocearense\/10-licoes-que-aprendemos-com-a-crise-do-coronavirus\/\" \/>\n<meta property=\"og:locale\" content=\"pt_BR\" \/>\n<meta property=\"og:type\" content=\"article\" \/>\n<meta property=\"og:title\" content=\"10 li\u00e7\u00f5es que aprendemos com a crise do coronav\u00edrus - Grupo A\u00e7o Cearense\" \/>\n<meta property=\"og:description\" content=\"Uma das\u00a0boas pr\u00e1ticas de gest\u00e3o de crise, como discutimos no e-book, \u00e9 avaliar as\u00a0Li\u00e7\u00f5es aprendidas.(...)\" \/>\n<meta property=\"og:url\" content=\"https:\/\/previews.elleven.digital\/acocearense\/10-licoes-que-aprendemos-com-a-crise-do-coronavirus\/\" \/>\n<meta property=\"og:site_name\" content=\"Grupo A\u00e7o Cearense\" \/>\n<meta property=\"article:published_time\" content=\"2020-07-16T13:34:20+00:00\" \/>\n<meta property=\"article:modified_time\" content=\"2025-05-07T13:34:53+00:00\" \/>\n<meta property=\"og:image\" content=\"https:\/\/previews.elleven.digital\/acocearense\/wp-content\/uploads\/2025\/05\/44444.png\" \/>\n\t<meta property=\"og:image:width\" content=\"800\" \/>\n\t<meta property=\"og:image:height\" content=\"600\" \/>\n\t<meta property=\"og:image:type\" content=\"image\/png\" \/>\n<meta name=\"author\" content=\"elleven\" \/>\n<meta name=\"twitter:card\" content=\"summary_large_image\" \/>\n<meta name=\"twitter:label1\" content=\"Escrito por\" \/>\n\t<meta name=\"twitter:data1\" content=\"elleven\" \/>\n\t<meta name=\"twitter:label2\" content=\"Est. tempo de leitura\" \/>\n\t<meta name=\"twitter:data2\" content=\"2 minutos\" \/>\n<script type=\"application\/ld+json\" class=\"yoast-schema-graph\">{\"@context\":\"https:\/\/schema.org\",\"@graph\":[{\"@type\":\"WebPage\",\"@id\":\"https:\/\/previews.elleven.digital\/acocearense\/10-licoes-que-aprendemos-com-a-crise-do-coronavirus\/\",\"url\":\"https:\/\/previews.elleven.digital\/acocearense\/10-licoes-que-aprendemos-com-a-crise-do-coronavirus\/\",\"name\":\"10 li\u00e7\u00f5es que aprendemos com a crise do coronav\u00edrus - Grupo A\u00e7o Cearense\",\"isPartOf\":{\"@id\":\"https:\/\/previews.elleven.digital\/acocearense\/#website\"},\"primaryImageOfPage\":{\"@id\":\"https:\/\/previews.elleven.digital\/acocearense\/10-licoes-que-aprendemos-com-a-crise-do-coronavirus\/#primaryimage\"},\"image\":{\"@id\":\"https:\/\/previews.elleven.digital\/acocearense\/10-licoes-que-aprendemos-com-a-crise-do-coronavirus\/#primaryimage\"},\"thumbnailUrl\":\"https:\/\/previews.elleven.digital\/acocearense\/wp-content\/uploads\/2025\/05\/44444.png\",\"datePublished\":\"2020-07-16T13:34:20+00:00\",\"dateModified\":\"2025-05-07T13:34:53+00:00\",\"author\":{\"@id\":\"https:\/\/previews.elleven.digital\/acocearense\/#\/schema\/person\/8e9165eb3c33e0860485c7c5fc06a701\"},\"breadcrumb\":{\"@id\":\"https:\/\/previews.elleven.digital\/acocearense\/10-licoes-que-aprendemos-com-a-crise-do-coronavirus\/#breadcrumb\"},\"inLanguage\":\"pt-BR\",\"potentialAction\":[{\"@type\":\"ReadAction\",\"target\":[\"https:\/\/previews.elleven.digital\/acocearense\/10-licoes-que-aprendemos-com-a-crise-do-coronavirus\/\"]}]},{\"@type\":\"ImageObject\",\"inLanguage\":\"pt-BR\",\"@id\":\"https:\/\/previews.elleven.digital\/acocearense\/10-licoes-que-aprendemos-com-a-crise-do-coronavirus\/#primaryimage\",\"url\":\"https:\/\/previews.elleven.digital\/acocearense\/wp-content\/uploads\/2025\/05\/44444.png\",\"contentUrl\":\"https:\/\/previews.elleven.digital\/acocearense\/wp-content\/uploads\/2025\/05\/44444.png\",\"width\":800,\"height\":600},{\"@type\":\"BreadcrumbList\",\"@id\":\"https:\/\/previews.elleven.digital\/acocearense\/10-licoes-que-aprendemos-com-a-crise-do-coronavirus\/#breadcrumb\",\"itemListElement\":[{\"@type\":\"ListItem\",\"position\":1,\"name\":\"In\u00edcio\",\"item\":\"https:\/\/previews.elleven.digital\/acocearense\/\"},{\"@type\":\"ListItem\",\"position\":2,\"name\":\"10 li\u00e7\u00f5es que aprendemos com a crise do coronav\u00edrus\"}]},{\"@type\":\"WebSite\",\"@id\":\"https:\/\/previews.elleven.digital\/acocearense\/#website\",\"url\":\"https:\/\/previews.elleven.digital\/acocearense\/\",\"name\":\"A\u00e7o Cearense\",\"description\":\"H\u00e1 mais de 45 anos no mercado brasileiro do a\u00e7o.\",\"alternateName\":\"A\u00e7o Cearense\",\"potentialAction\":[{\"@type\":\"SearchAction\",\"target\":{\"@type\":\"EntryPoint\",\"urlTemplate\":\"https:\/\/previews.elleven.digital\/acocearense\/?s={search_term_string}\"},\"query-input\":{\"@type\":\"PropertyValueSpecification\",\"valueRequired\":true,\"valueName\":\"search_term_string\"}}],\"inLanguage\":\"pt-BR\"},{\"@type\":\"Person\",\"@id\":\"https:\/\/previews.elleven.digital\/acocearense\/#\/schema\/person\/8e9165eb3c33e0860485c7c5fc06a701\",\"name\":\"elleven\",\"image\":{\"@type\":\"ImageObject\",\"inLanguage\":\"pt-BR\",\"@id\":\"https:\/\/previews.elleven.digital\/acocearense\/#\/schema\/person\/image\/\",\"url\":\"https:\/\/secure.gravatar.com\/avatar\/2a6afb49d9ecfed5dbc6c9606ce318b8bd07c077835179bddfd5d8209c03cb29?s=96&d=mm&r=g\",\"contentUrl\":\"https:\/\/secure.gravatar.com\/avatar\/2a6afb49d9ecfed5dbc6c9606ce318b8bd07c077835179bddfd5d8209c03cb29?s=96&d=mm&r=g\",\"caption\":\"elleven\"},\"sameAs\":[\"http:\/\/localhost\/acocearense\"],\"url\":\"https:\/\/previews.elleven.digital\/acocearense\/author\/elleven\/\"}]}<\/script>\n<!-- \/ Yoast SEO plugin. -->","yoast_head_json":{"title":"10 li\u00e7\u00f5es que aprendemos com a crise do coronav\u00edrus - Grupo A\u00e7o Cearense","robots":{"index":"index","follow":"follow","max-snippet":"max-snippet:-1","max-image-preview":"max-image-preview:large","max-video-preview":"max-video-preview:-1"},"canonical":"https:\/\/previews.elleven.digital\/acocearense\/10-licoes-que-aprendemos-com-a-crise-do-coronavirus\/","og_locale":"pt_BR","og_type":"article","og_title":"10 li\u00e7\u00f5es que aprendemos com a crise do coronav\u00edrus - Grupo A\u00e7o Cearense","og_description":"Uma das\u00a0boas pr\u00e1ticas de gest\u00e3o de crise, como discutimos no e-book, \u00e9 avaliar as\u00a0Li\u00e7\u00f5es aprendidas.(...)","og_url":"https:\/\/previews.elleven.digital\/acocearense\/10-licoes-que-aprendemos-com-a-crise-do-coronavirus\/","og_site_name":"Grupo A\u00e7o Cearense","article_published_time":"2020-07-16T13:34:20+00:00","article_modified_time":"2025-05-07T13:34:53+00:00","og_image":[{"width":800,"height":600,"url":"https:\/\/previews.elleven.digital\/acocearense\/wp-content\/uploads\/2025\/05\/44444.png","type":"image\/png"}],"author":"elleven","twitter_card":"summary_large_image","twitter_misc":{"Escrito por":"elleven","Est. tempo de leitura":"2 minutos"},"schema":{"@context":"https:\/\/schema.org","@graph":[{"@type":"WebPage","@id":"https:\/\/previews.elleven.digital\/acocearense\/10-licoes-que-aprendemos-com-a-crise-do-coronavirus\/","url":"https:\/\/previews.elleven.digital\/acocearense\/10-licoes-que-aprendemos-com-a-crise-do-coronavirus\/","name":"10 li\u00e7\u00f5es que aprendemos com a crise do coronav\u00edrus - Grupo A\u00e7o Cearense","isPartOf":{"@id":"https:\/\/previews.elleven.digital\/acocearense\/#website"},"primaryImageOfPage":{"@id":"https:\/\/previews.elleven.digital\/acocearense\/10-licoes-que-aprendemos-com-a-crise-do-coronavirus\/#primaryimage"},"image":{"@id":"https:\/\/previews.elleven.digital\/acocearense\/10-licoes-que-aprendemos-com-a-crise-do-coronavirus\/#primaryimage"},"thumbnailUrl":"https:\/\/previews.elleven.digital\/acocearense\/wp-content\/uploads\/2025\/05\/44444.png","datePublished":"2020-07-16T13:34:20+00:00","dateModified":"2025-05-07T13:34:53+00:00","author":{"@id":"https:\/\/previews.elleven.digital\/acocearense\/#\/schema\/person\/8e9165eb3c33e0860485c7c5fc06a701"},"breadcrumb":{"@id":"https:\/\/previews.elleven.digital\/acocearense\/10-licoes-que-aprendemos-com-a-crise-do-coronavirus\/#breadcrumb"},"inLanguage":"pt-BR","potentialAction":[{"@type":"ReadAction","target":["https:\/\/previews.elleven.digital\/acocearense\/10-licoes-que-aprendemos-com-a-crise-do-coronavirus\/"]}]},{"@type":"ImageObject","inLanguage":"pt-BR","@id":"https:\/\/previews.elleven.digital\/acocearense\/10-licoes-que-aprendemos-com-a-crise-do-coronavirus\/#primaryimage","url":"https:\/\/previews.elleven.digital\/acocearense\/wp-content\/uploads\/2025\/05\/44444.png","contentUrl":"https:\/\/previews.elleven.digital\/acocearense\/wp-content\/uploads\/2025\/05\/44444.png","width":800,"height":600},{"@type":"BreadcrumbList","@id":"https:\/\/previews.elleven.digital\/acocearense\/10-licoes-que-aprendemos-com-a-crise-do-coronavirus\/#breadcrumb","itemListElement":[{"@type":"ListItem","position":1,"name":"In\u00edcio","item":"https:\/\/previews.elleven.digital\/acocearense\/"},{"@type":"ListItem","position":2,"name":"10 li\u00e7\u00f5es que aprendemos com a crise do coronav\u00edrus"}]},{"@type":"WebSite","@id":"https:\/\/previews.elleven.digital\/acocearense\/#website","url":"https:\/\/previews.elleven.digital\/acocearense\/","name":"A\u00e7o Cearense","description":"H\u00e1 mais de 45 anos no mercado brasileiro do a\u00e7o.","alternateName":"A\u00e7o Cearense","potentialAction":[{"@type":"SearchAction","target":{"@type":"EntryPoint","urlTemplate":"https:\/\/previews.elleven.digital\/acocearense\/?s={search_term_string}"},"query-input":{"@type":"PropertyValueSpecification","valueRequired":true,"valueName":"search_term_string"}}],"inLanguage":"pt-BR"},{"@type":"Person","@id":"https:\/\/previews.elleven.digital\/acocearense\/#\/schema\/person\/8e9165eb3c33e0860485c7c5fc06a701","name":"elleven","image":{"@type":"ImageObject","inLanguage":"pt-BR","@id":"https:\/\/previews.elleven.digital\/acocearense\/#\/schema\/person\/image\/","url":"https:\/\/secure.gravatar.com\/avatar\/2a6afb49d9ecfed5dbc6c9606ce318b8bd07c077835179bddfd5d8209c03cb29?s=96&d=mm&r=g","contentUrl":"https:\/\/secure.gravatar.com\/avatar\/2a6afb49d9ecfed5dbc6c9606ce318b8bd07c077835179bddfd5d8209c03cb29?s=96&d=mm&r=g","caption":"elleven"},"sameAs":["http:\/\/localhost\/acocearense"],"url":"https:\/\/previews.elleven.digital\/acocearense\/author\/elleven\/"}]}},"_links":{"self":[{"href":"https:\/\/previews.elleven.digital\/acocearense\/wp-json\/wp\/v2\/posts\/1288","targetHints":{"allow":["GET"]}}],"collection":[{"href":"https:\/\/previews.elleven.digital\/acocearense\/wp-json\/wp\/v2\/posts"}],"about":[{"href":"https:\/\/previews.elleven.digital\/acocearense\/wp-json\/wp\/v2\/types\/post"}],"author":[{"embeddable":true,"href":"https:\/\/previews.elleven.digital\/acocearense\/wp-json\/wp\/v2\/users\/1"}],"replies":[{"embeddable":true,"href":"https:\/\/previews.elleven.digital\/acocearense\/wp-json\/wp\/v2\/comments?post=1288"}],"version-history":[{"count":1,"href":"https:\/\/previews.elleven.digital\/acocearense\/wp-json\/wp\/v2\/posts\/1288\/revisions"}],"predecessor-version":[{"id":1289,"href":"https:\/\/previews.elleven.digital\/acocearense\/wp-json\/wp\/v2\/posts\/1288\/revisions\/1289"}],"wp:featuredmedia":[{"embeddable":true,"href":"https:\/\/previews.elleven.digital\/acocearense\/wp-json\/wp\/v2\/media\/1266"}],"wp:attachment":[{"href":"https:\/\/previews.elleven.digital\/acocearense\/wp-json\/wp\/v2\/media?parent=1288"}],"wp:term":[{"taxonomy":"category","embeddable":true,"href":"https:\/\/previews.elleven.digital\/acocearense\/wp-json\/wp\/v2\/categories?post=1288"},{"taxonomy":"post_tag","embeddable":true,"href":"https:\/\/previews.elleven.digital\/acocearense\/wp-json\/wp\/v2\/tags?post=1288"}],"curies":[{"name":"wp","href":"https:\/\/api.w.org\/{rel}","templated":true}]}}