{"id":1280,"date":"2020-05-13T10:31:45","date_gmt":"2020-05-13T13:31:45","guid":{"rendered":"https:\/\/previews.elleven.digital\/acocearense\/?p=1280"},"modified":"2025-05-07T10:32:11","modified_gmt":"2025-05-07T13:32:11","slug":"proposito-pessoas-e-inovacao","status":"publish","type":"post","link":"https:\/\/previews.elleven.digital\/acocearense\/proposito-pessoas-e-inovacao\/","title":{"rendered":"Prop\u00f3sito, pessoas e inova\u00e7\u00e3o"},"content":{"rendered":"<p>O momento atual nos colocou de forma abrupta frente a desafios nunca antes vistos. Governos, empresas e pessoas deparam-se com a necessidade quase di\u00e1ria de reinventar suas rotinas e de pensar novas formas de trabalho, cuidado e gest\u00e3o. Em cen\u00e1rios como este, no qual o curso das coisas muda rapidamente, urge inovar.<\/p>\n<p>S\u00e3o v\u00e1rios os conceitos de inova\u00e7\u00e3o, por\u00e9m, resumidamente, podemos dizer que inova\u00e7\u00e3o \u00e9 simplesmente resolver problemas. Existem, sim, as inova\u00e7\u00f5es disruptivas, mas a maioria das inova\u00e7\u00f5es do nosso dia a dia s\u00e3o aquelas que melhoram o que j\u00e1 est\u00e1 feito.<\/p>\n<p>Os desafios aparecem e conseguimos respond\u00ea-los se encaramos todos os dias como o \u201cDia um\u201d, se olhamos para nossos objetivos conectados com nosso prop\u00f3sito e se temos uma mente aberta e inovadora.<\/p>\n<p>Do ponto de vista dos neg\u00f3cios, n\u00e3o podemos esquecer que as empresas s\u00e3o formadas por pessoas e que s\u00e3o elas que constroem a cultura organizacional, que criam e consolidam o modo de fazer as coisas. \u00c9 esta cultura que vai direcionar quais ferramentas de gest\u00e3o usar em cada caso.<\/p>\n<p>Se as pessoas n\u00e3o tiverem uma cabe\u00e7a inovadora, como existir\u00e1 uma empresa inovadora? E como faz\u00ea-las pensar com inova\u00e7\u00e3o? Est\u00e1 a\u00ed a import\u00e2ncia do l\u00edder para fomentar este perfil nas equipes, entendendo aqui o l\u00edder como algu\u00e9m de mentalidade inovadora, que estimula o processo criativo e que aceita a inova\u00e7\u00e3o.<\/p>\n<p>A empresa por sua vez precisa se questionar: admitimos o risco de inovar? Compreendemos e permitimos os poss\u00edveis erros neste processo? Criamos as condi\u00e7\u00f5es para inovar? Outro ponto fundamental \u00e9 cultivar a diversidade na organiza\u00e7\u00e3o. Pensar diferente provoca inova\u00e7\u00e3o, fomenta a boa discuss\u00e3o dos problemas. J\u00e1 a uniformidade fada o neg\u00f3cio ao insucesso. Da\u00ed ser t\u00e3o desafiante montar equipes com colaboradores que n\u00e3o repitam o \u201csempre foi feito assim\u201d, mas que saibam fazer as perguntas, que estejam empolgados em discutir solu\u00e7\u00f5es e n\u00e3o discursar problemas, em buscar simplicidade para fazer as coisas mais r\u00e1pidas e assim conseguirem mais brevemente corrigir eventuais erros.<\/p>\n<p>Se queremos ter um ambiente inovativo, precisamos cuidar das pessoas, liderar pelo exemplo, promover as condi\u00e7\u00f5es de est\u00edmulo \u00e0 inova\u00e7\u00e3o, mas com a responsabilidade de colocar a empresa onde ela precisa estar, com o compromisso tamb\u00e9m de dar resultado. Sem esquecer do seu prop\u00f3sito, buscar o equil\u00edbrio para saber o que se quer, com a idea\u00e7\u00e3o e a criatividade necess\u00e1rias para realizar algo palp\u00e1vel e bom para a empresa e tamb\u00e9m para quem d\u00e1 vida a ela.<\/p>\n<p><strong>Ian Corr\u00eaa\u00a0<\/strong><\/p>\n<p><em>Vice-presidente de Opera\u00e7\u00f5es do Grupo A\u00e7o Cearense<\/em><\/p>\n","protected":false},"excerpt":{"rendered":"<p>O momento atual nos colocou de forma abrupta frente a desafios nunca antes vistos. Governos,(&#8230;)<\/p>\n","protected":false},"author":1,"featured_media":1268,"comment_status":"open","ping_status":"open","sticky":false,"template":"","format":"standard","meta":{"_acf_changed":false,"inline_featured_image":false,"footnotes":""},"categories":[28],"tags":[],"class_list":["post-1280","post","type-post","status-publish","format-standard","has-post-thumbnail","hentry","category-gestao"],"acf":[],"yoast_head":"<!-- This site is optimized with the Yoast SEO plugin v25.9 - https:\/\/yoast.com\/wordpress\/plugins\/seo\/ -->\n<title>Prop\u00f3sito, pessoas e inova\u00e7\u00e3o - Grupo A\u00e7o Cearense<\/title>\n<meta name=\"robots\" content=\"index, follow, max-snippet:-1, max-image-preview:large, max-video-preview:-1\" \/>\n<link rel=\"canonical\" href=\"https:\/\/previews.elleven.digital\/acocearense\/proposito-pessoas-e-inovacao\/\" \/>\n<meta property=\"og:locale\" content=\"pt_BR\" \/>\n<meta property=\"og:type\" content=\"article\" \/>\n<meta property=\"og:title\" content=\"Prop\u00f3sito, pessoas e inova\u00e7\u00e3o - Grupo A\u00e7o Cearense\" \/>\n<meta property=\"og:description\" content=\"O momento atual nos colocou de forma abrupta frente a desafios nunca antes vistos. Governos,(...)\" \/>\n<meta property=\"og:url\" content=\"https:\/\/previews.elleven.digital\/acocearense\/proposito-pessoas-e-inovacao\/\" \/>\n<meta property=\"og:site_name\" content=\"Grupo A\u00e7o Cearense\" \/>\n<meta property=\"article:published_time\" content=\"2020-05-13T13:31:45+00:00\" \/>\n<meta property=\"article:modified_time\" content=\"2025-05-07T13:32:11+00:00\" \/>\n<meta property=\"og:image\" content=\"https:\/\/previews.elleven.digital\/acocearense\/wp-content\/uploads\/2025\/05\/WhatsApp-Image-2020-05-14-at-14.41.17-1090x720-1.jpeg\" \/>\n\t<meta property=\"og:image:width\" content=\"1090\" \/>\n\t<meta property=\"og:image:height\" content=\"720\" \/>\n\t<meta property=\"og:image:type\" content=\"image\/jpeg\" \/>\n<meta name=\"author\" content=\"elleven\" \/>\n<meta name=\"twitter:card\" content=\"summary_large_image\" \/>\n<meta name=\"twitter:label1\" content=\"Escrito por\" \/>\n\t<meta name=\"twitter:data1\" content=\"elleven\" \/>\n\t<meta name=\"twitter:label2\" content=\"Est. tempo de leitura\" \/>\n\t<meta name=\"twitter:data2\" content=\"3 minutos\" \/>\n<script type=\"application\/ld+json\" class=\"yoast-schema-graph\">{\"@context\":\"https:\/\/schema.org\",\"@graph\":[{\"@type\":\"WebPage\",\"@id\":\"https:\/\/previews.elleven.digital\/acocearense\/proposito-pessoas-e-inovacao\/\",\"url\":\"https:\/\/previews.elleven.digital\/acocearense\/proposito-pessoas-e-inovacao\/\",\"name\":\"Prop\u00f3sito, pessoas e inova\u00e7\u00e3o - Grupo A\u00e7o Cearense\",\"isPartOf\":{\"@id\":\"https:\/\/previews.elleven.digital\/acocearense\/#website\"},\"primaryImageOfPage\":{\"@id\":\"https:\/\/previews.elleven.digital\/acocearense\/proposito-pessoas-e-inovacao\/#primaryimage\"},\"image\":{\"@id\":\"https:\/\/previews.elleven.digital\/acocearense\/proposito-pessoas-e-inovacao\/#primaryimage\"},\"thumbnailUrl\":\"https:\/\/previews.elleven.digital\/acocearense\/wp-content\/uploads\/2025\/05\/WhatsApp-Image-2020-05-14-at-14.41.17-1090x720-1.jpeg\",\"datePublished\":\"2020-05-13T13:31:45+00:00\",\"dateModified\":\"2025-05-07T13:32:11+00:00\",\"author\":{\"@id\":\"https:\/\/previews.elleven.digital\/acocearense\/#\/schema\/person\/8e9165eb3c33e0860485c7c5fc06a701\"},\"breadcrumb\":{\"@id\":\"https:\/\/previews.elleven.digital\/acocearense\/proposito-pessoas-e-inovacao\/#breadcrumb\"},\"inLanguage\":\"pt-BR\",\"potentialAction\":[{\"@type\":\"ReadAction\",\"target\":[\"https:\/\/previews.elleven.digital\/acocearense\/proposito-pessoas-e-inovacao\/\"]}]},{\"@type\":\"ImageObject\",\"inLanguage\":\"pt-BR\",\"@id\":\"https:\/\/previews.elleven.digital\/acocearense\/proposito-pessoas-e-inovacao\/#primaryimage\",\"url\":\"https:\/\/previews.elleven.digital\/acocearense\/wp-content\/uploads\/2025\/05\/WhatsApp-Image-2020-05-14-at-14.41.17-1090x720-1.jpeg\",\"contentUrl\":\"https:\/\/previews.elleven.digital\/acocearense\/wp-content\/uploads\/2025\/05\/WhatsApp-Image-2020-05-14-at-14.41.17-1090x720-1.jpeg\",\"width\":1090,\"height\":720},{\"@type\":\"BreadcrumbList\",\"@id\":\"https:\/\/previews.elleven.digital\/acocearense\/proposito-pessoas-e-inovacao\/#breadcrumb\",\"itemListElement\":[{\"@type\":\"ListItem\",\"position\":1,\"name\":\"In\u00edcio\",\"item\":\"https:\/\/previews.elleven.digital\/acocearense\/\"},{\"@type\":\"ListItem\",\"position\":2,\"name\":\"Prop\u00f3sito, pessoas e inova\u00e7\u00e3o\"}]},{\"@type\":\"WebSite\",\"@id\":\"https:\/\/previews.elleven.digital\/acocearense\/#website\",\"url\":\"https:\/\/previews.elleven.digital\/acocearense\/\",\"name\":\"A\u00e7o Cearense\",\"description\":\"H\u00e1 mais de 45 anos no mercado brasileiro do a\u00e7o.\",\"alternateName\":\"A\u00e7o Cearense\",\"potentialAction\":[{\"@type\":\"SearchAction\",\"target\":{\"@type\":\"EntryPoint\",\"urlTemplate\":\"https:\/\/previews.elleven.digital\/acocearense\/?s={search_term_string}\"},\"query-input\":{\"@type\":\"PropertyValueSpecification\",\"valueRequired\":true,\"valueName\":\"search_term_string\"}}],\"inLanguage\":\"pt-BR\"},{\"@type\":\"Person\",\"@id\":\"https:\/\/previews.elleven.digital\/acocearense\/#\/schema\/person\/8e9165eb3c33e0860485c7c5fc06a701\",\"name\":\"elleven\",\"image\":{\"@type\":\"ImageObject\",\"inLanguage\":\"pt-BR\",\"@id\":\"https:\/\/previews.elleven.digital\/acocearense\/#\/schema\/person\/image\/\",\"url\":\"https:\/\/secure.gravatar.com\/avatar\/2a6afb49d9ecfed5dbc6c9606ce318b8bd07c077835179bddfd5d8209c03cb29?s=96&d=mm&r=g\",\"contentUrl\":\"https:\/\/secure.gravatar.com\/avatar\/2a6afb49d9ecfed5dbc6c9606ce318b8bd07c077835179bddfd5d8209c03cb29?s=96&d=mm&r=g\",\"caption\":\"elleven\"},\"sameAs\":[\"http:\/\/localhost\/acocearense\"],\"url\":\"https:\/\/previews.elleven.digital\/acocearense\/author\/elleven\/\"}]}<\/script>\n<!-- \/ Yoast SEO plugin. -->","yoast_head_json":{"title":"Prop\u00f3sito, pessoas e inova\u00e7\u00e3o - Grupo A\u00e7o Cearense","robots":{"index":"index","follow":"follow","max-snippet":"max-snippet:-1","max-image-preview":"max-image-preview:large","max-video-preview":"max-video-preview:-1"},"canonical":"https:\/\/previews.elleven.digital\/acocearense\/proposito-pessoas-e-inovacao\/","og_locale":"pt_BR","og_type":"article","og_title":"Prop\u00f3sito, pessoas e inova\u00e7\u00e3o - Grupo A\u00e7o Cearense","og_description":"O momento atual nos colocou de forma abrupta frente a desafios nunca antes vistos. Governos,(...)","og_url":"https:\/\/previews.elleven.digital\/acocearense\/proposito-pessoas-e-inovacao\/","og_site_name":"Grupo A\u00e7o Cearense","article_published_time":"2020-05-13T13:31:45+00:00","article_modified_time":"2025-05-07T13:32:11+00:00","og_image":[{"width":1090,"height":720,"url":"https:\/\/previews.elleven.digital\/acocearense\/wp-content\/uploads\/2025\/05\/WhatsApp-Image-2020-05-14-at-14.41.17-1090x720-1.jpeg","type":"image\/jpeg"}],"author":"elleven","twitter_card":"summary_large_image","twitter_misc":{"Escrito por":"elleven","Est. tempo de leitura":"3 minutos"},"schema":{"@context":"https:\/\/schema.org","@graph":[{"@type":"WebPage","@id":"https:\/\/previews.elleven.digital\/acocearense\/proposito-pessoas-e-inovacao\/","url":"https:\/\/previews.elleven.digital\/acocearense\/proposito-pessoas-e-inovacao\/","name":"Prop\u00f3sito, pessoas e inova\u00e7\u00e3o - Grupo A\u00e7o Cearense","isPartOf":{"@id":"https:\/\/previews.elleven.digital\/acocearense\/#website"},"primaryImageOfPage":{"@id":"https:\/\/previews.elleven.digital\/acocearense\/proposito-pessoas-e-inovacao\/#primaryimage"},"image":{"@id":"https:\/\/previews.elleven.digital\/acocearense\/proposito-pessoas-e-inovacao\/#primaryimage"},"thumbnailUrl":"https:\/\/previews.elleven.digital\/acocearense\/wp-content\/uploads\/2025\/05\/WhatsApp-Image-2020-05-14-at-14.41.17-1090x720-1.jpeg","datePublished":"2020-05-13T13:31:45+00:00","dateModified":"2025-05-07T13:32:11+00:00","author":{"@id":"https:\/\/previews.elleven.digital\/acocearense\/#\/schema\/person\/8e9165eb3c33e0860485c7c5fc06a701"},"breadcrumb":{"@id":"https:\/\/previews.elleven.digital\/acocearense\/proposito-pessoas-e-inovacao\/#breadcrumb"},"inLanguage":"pt-BR","potentialAction":[{"@type":"ReadAction","target":["https:\/\/previews.elleven.digital\/acocearense\/proposito-pessoas-e-inovacao\/"]}]},{"@type":"ImageObject","inLanguage":"pt-BR","@id":"https:\/\/previews.elleven.digital\/acocearense\/proposito-pessoas-e-inovacao\/#primaryimage","url":"https:\/\/previews.elleven.digital\/acocearense\/wp-content\/uploads\/2025\/05\/WhatsApp-Image-2020-05-14-at-14.41.17-1090x720-1.jpeg","contentUrl":"https:\/\/previews.elleven.digital\/acocearense\/wp-content\/uploads\/2025\/05\/WhatsApp-Image-2020-05-14-at-14.41.17-1090x720-1.jpeg","width":1090,"height":720},{"@type":"BreadcrumbList","@id":"https:\/\/previews.elleven.digital\/acocearense\/proposito-pessoas-e-inovacao\/#breadcrumb","itemListElement":[{"@type":"ListItem","position":1,"name":"In\u00edcio","item":"https:\/\/previews.elleven.digital\/acocearense\/"},{"@type":"ListItem","position":2,"name":"Prop\u00f3sito, pessoas e inova\u00e7\u00e3o"}]},{"@type":"WebSite","@id":"https:\/\/previews.elleven.digital\/acocearense\/#website","url":"https:\/\/previews.elleven.digital\/acocearense\/","name":"A\u00e7o Cearense","description":"H\u00e1 mais de 45 anos no mercado brasileiro do a\u00e7o.","alternateName":"A\u00e7o Cearense","potentialAction":[{"@type":"SearchAction","target":{"@type":"EntryPoint","urlTemplate":"https:\/\/previews.elleven.digital\/acocearense\/?s={search_term_string}"},"query-input":{"@type":"PropertyValueSpecification","valueRequired":true,"valueName":"search_term_string"}}],"inLanguage":"pt-BR"},{"@type":"Person","@id":"https:\/\/previews.elleven.digital\/acocearense\/#\/schema\/person\/8e9165eb3c33e0860485c7c5fc06a701","name":"elleven","image":{"@type":"ImageObject","inLanguage":"pt-BR","@id":"https:\/\/previews.elleven.digital\/acocearense\/#\/schema\/person\/image\/","url":"https:\/\/secure.gravatar.com\/avatar\/2a6afb49d9ecfed5dbc6c9606ce318b8bd07c077835179bddfd5d8209c03cb29?s=96&d=mm&r=g","contentUrl":"https:\/\/secure.gravatar.com\/avatar\/2a6afb49d9ecfed5dbc6c9606ce318b8bd07c077835179bddfd5d8209c03cb29?s=96&d=mm&r=g","caption":"elleven"},"sameAs":["http:\/\/localhost\/acocearense"],"url":"https:\/\/previews.elleven.digital\/acocearense\/author\/elleven\/"}]}},"_links":{"self":[{"href":"https:\/\/previews.elleven.digital\/acocearense\/wp-json\/wp\/v2\/posts\/1280","targetHints":{"allow":["GET"]}}],"collection":[{"href":"https:\/\/previews.elleven.digital\/acocearense\/wp-json\/wp\/v2\/posts"}],"about":[{"href":"https:\/\/previews.elleven.digital\/acocearense\/wp-json\/wp\/v2\/types\/post"}],"author":[{"embeddable":true,"href":"https:\/\/previews.elleven.digital\/acocearense\/wp-json\/wp\/v2\/users\/1"}],"replies":[{"embeddable":true,"href":"https:\/\/previews.elleven.digital\/acocearense\/wp-json\/wp\/v2\/comments?post=1280"}],"version-history":[{"count":1,"href":"https:\/\/previews.elleven.digital\/acocearense\/wp-json\/wp\/v2\/posts\/1280\/revisions"}],"predecessor-version":[{"id":1284,"href":"https:\/\/previews.elleven.digital\/acocearense\/wp-json\/wp\/v2\/posts\/1280\/revisions\/1284"}],"wp:featuredmedia":[{"embeddable":true,"href":"https:\/\/previews.elleven.digital\/acocearense\/wp-json\/wp\/v2\/media\/1268"}],"wp:attachment":[{"href":"https:\/\/previews.elleven.digital\/acocearense\/wp-json\/wp\/v2\/media?parent=1280"}],"wp:term":[{"taxonomy":"category","embeddable":true,"href":"https:\/\/previews.elleven.digital\/acocearense\/wp-json\/wp\/v2\/categories?post=1280"},{"taxonomy":"post_tag","embeddable":true,"href":"https:\/\/previews.elleven.digital\/acocearense\/wp-json\/wp\/v2\/tags?post=1280"}],"curies":[{"name":"wp","href":"https:\/\/api.w.org\/{rel}","templated":true}]}}