{"id":1260,"date":"2020-02-27T10:25:03","date_gmt":"2020-02-27T13:25:03","guid":{"rendered":"https:\/\/previews.elleven.digital\/acocearense\/?p=1260"},"modified":"2025-05-07T10:25:28","modified_gmt":"2025-05-07T13:25:28","slug":"o-que-voce-precisa-saber-sobre-o-seguro-de-cargas","status":"publish","type":"post","link":"https:\/\/previews.elleven.digital\/acocearense\/o-que-voce-precisa-saber-sobre-o-seguro-de-cargas\/","title":{"rendered":"O que voc\u00ea precisa saber sobre o seguro de cargas"},"content":{"rendered":"<p>O mercado cresceu bastante, n\u00e3o \u00e9 mesmo? Basta observar o aumento do\u00a0transporte de produtos\u00a0para atestar isso. Uma medida consciente nesse caso \u00e9 garantir um bom seguro de cargas.<\/p>\n<p>Neste artigo, voc\u00ea encontrar\u00e1 uma boa oportunidade para aprimorar sua gest\u00e3o log\u00edstica e ganhar mais confian\u00e7a para controlar o aumento\u00a0de\u00a0<a href=\"https:\/\/previews.elleven.digital\/acocearense\/blog\/abrindo-o-negocio\/aprenda-aqui-como-fazer-um-previsao-de-demanda\/\" target=\"_blank\" rel=\"noopener\">demanda dos clientes<\/a>\u00a0e da empresa.<\/p>\n<p>Descubra agora o que \u00e9, como funciona e por que\u00a0contratar um bom seguro de cargas. Conhe\u00e7a as principais modalidades e aprenda os pontos mais importantes sobre o assunto!<\/p>\n<h2>Como funciona o seguro de cargas?<\/h2>\n<p>Um seguro de cargas pode ser contratado em diversas modalidades. Cada op\u00e7\u00e3o varia em cobertura, prote\u00e7\u00e3o e tipos de cargas diferentes. O\u00a0<a href=\"http:\/\/www.planalto.gov.br\/ccivil_03\/decreto\/1950-1969\/D61867.htm\" target=\"_blank\" rel=\"noopener\">Decreto 61.867<\/a>\u00a0define que tanto o propriet\u00e1rio da carga como o transportador devem ter um seguro de bens e de responsabilidade sobre o transporte, respectivamente.<\/p>\n<p>O pagamento da indeniza\u00e7\u00e3o ocorre em at\u00e9 30 dias, sendo o per\u00edodo contado a partir da entrega da documenta\u00e7\u00e3o prevista em ap\u00f3lice \u00e0 seguradora. A prote\u00e7\u00e3o funciona apenas para os produtos transportados e \u00e9 diferente do seguro para caminh\u00f5es.<\/p>\n<p>Segundo o\u00a0<a href=\"https:\/\/www.fecomercio.com.br\/upload\/file\/2017\/09\/25\/pb442_dupla_tela.pdf\" target=\"_blank\" rel=\"noopener\">Fecomercio<\/a>, foram registrados quase 100 mil roubos de carga no pa\u00eds entre 2012 e 2017. Esses dados refor\u00e7am a import\u00e2ncia da contrata\u00e7\u00e3o de seguros para garantir o transporte dos seus produtos.<\/p>\n<p>\u00c9 muito importante que o gestor entenda sobre as modalidades de seguro para realizar uma contrata\u00e7\u00e3o correta. No pr\u00f3ximo t\u00f3pico, saberemos mais sobre isso.<\/p>\n<h2>O que \u00e9 o seguro de cargas?<\/h2>\n<p>O seguro de cargas \u00e9 um servi\u00e7o que tem planos obrigat\u00f3rios e facultativos para proteger bens e mercadorias em transporte rodovi\u00e1rio, ferrovi\u00e1rio, a\u00e9reo e hidrovi\u00e1rio. Esse transporte pode ser feito\u00a0por frota particular, transportadores aut\u00f4nomos ou\u00a0empresas especializadas.<\/p>\n<p>No seguro nacional, a ap\u00f3lice pode ser contratada em modo avulso\u00a0ou em modo aberto, com v\u00e1rios deslocamentos em diferentes modalidades de transporte. J\u00e1 o seguro internacional cobre as opera\u00e7\u00f5es de com\u00e9rcio exterior.<\/p>\n<p>O seguro de transporte nacional \u00e9 obrigat\u00f3rio, oferecendo cobertura\u00a0em todo o territ\u00f3rio brasileiro. Acompanhe agora algumas das principais modalidades de contrata\u00e7\u00e3o de seguros.<\/p>\n<h3>RCT-VI<\/h3>\n<p>Abrevia\u00e7\u00e3o de\u00a0Seguro de Responsabilidade Civil do Transportador Rodovi\u00e1rio em Viagem Internacional. Esse modelo engloba o territ\u00f3rio internacional e resguarda a carga desde o in\u00edcio do trajeto at\u00e9 o t\u00e9rmino em outro pa\u00eds.<\/p>\n<h3>RCTR-C<\/h3>\n<p>Abrevia\u00e7\u00e3o de Responsabilidade Civil do Transportador Rodovi\u00e1rio de Carga. Essa modalidade \u00e9 obrigat\u00f3ria para\u00a0todas as transportadoras cadastradas no RNTRC \u2014 Registro Nacional de Transportadores Rodovi\u00e1rios de Carga. O objetivo \u00e9 proteger contra\u00a0danos aos produtos\u00a0em casos de acidentes.<\/p>\n<h3>RCF-DC<\/h3>\n<p>Abrevia\u00e7\u00e3o de Responsabilidade Civil Facultativa do Transportador Rodovi\u00e1rio por Desaparecimento de Carga. Essa op\u00e7\u00e3o, como o pr\u00f3prio nome diz, \u00e9 optativa e est\u00e1 relacionada \u00e0 responsabilidade do contratante.<\/p>\n<h2>Qual a import\u00e2ncia de contratar um seguro para sua carga?<\/h2>\n<p>Em primeiro lugar, sua empresa deve estar de acordo com a legisla\u00e7\u00e3o para eliminar problemas jur\u00eddicos. Dessa forma, todas as modalidades obrigat\u00f3rias devem ser contratadas. Depois, ressaltamos a garantia,\u00a0a confiabilidade e a integridade dos produtos transportados para os\u00a0<a href=\"https:\/\/previews.elleven.digital\/acocearense\/blog\/gestao\/como-gerar-valor-para-o-cliente-aprenda-as-principais-dicas\/\" target=\"_blank\" rel=\"noopener\">clientes<\/a>.<\/p>\n<p>Chegamos ao final do nosso artigo. Nele foi poss\u00edvel entender melhor o funcionamento de um seguro de cargas, al\u00e9m das suas diferentes modalidades e do porqu\u00ea de\u00a0sua contrata\u00e7\u00e3o. A\u00a0<a href=\"https:\/\/previews.elleven.digital\/acocearense\/blog\/abrindo-o-negocio\/afinal-como-fazer-um-planejamento-logistico-eficiente\/\" target=\"_blank\" rel=\"noopener\">seguran\u00e7a na log\u00edstica<\/a>\u00a0\u00e9 um importante aspecto a ser melhorado com esse conhecimento.<\/p>\n<p>Entendeu bem a import\u00e2ncia do seguro de cargas? N\u00e3o interrompa seu conhecimento e mantenha-se atualizado! Basta assinar\u00a0nossa newsletter!<\/p>\n","protected":false},"excerpt":{"rendered":"<p>O mercado cresceu bastante, n\u00e3o \u00e9 mesmo? Basta observar o aumento do\u00a0transporte de produtos\u00a0para atestar(&#8230;)<\/p>\n","protected":false},"author":1,"featured_media":1233,"comment_status":"open","ping_status":"open","sticky":false,"template":"","format":"standard","meta":{"_acf_changed":false,"inline_featured_image":false,"footnotes":""},"categories":[30],"tags":[],"class_list":["post-1260","post","type-post","status-publish","format-standard","has-post-thumbnail","hentry","category-logistica"],"acf":[],"yoast_head":"<!-- This site is optimized with the Yoast SEO plugin v25.9 - https:\/\/yoast.com\/wordpress\/plugins\/seo\/ -->\n<title>O que voc\u00ea precisa saber sobre o seguro de cargas - Grupo A\u00e7o Cearense<\/title>\n<meta name=\"robots\" content=\"index, follow, max-snippet:-1, max-image-preview:large, max-video-preview:-1\" \/>\n<link rel=\"canonical\" href=\"https:\/\/previews.elleven.digital\/acocearense\/o-que-voce-precisa-saber-sobre-o-seguro-de-cargas\/\" \/>\n<meta property=\"og:locale\" content=\"pt_BR\" \/>\n<meta property=\"og:type\" content=\"article\" \/>\n<meta property=\"og:title\" content=\"O que voc\u00ea precisa saber sobre o seguro de cargas - Grupo A\u00e7o Cearense\" \/>\n<meta property=\"og:description\" content=\"O mercado cresceu bastante, n\u00e3o \u00e9 mesmo? Basta observar o aumento do\u00a0transporte de produtos\u00a0para atestar(...)\" \/>\n<meta property=\"og:url\" content=\"https:\/\/previews.elleven.digital\/acocearense\/o-que-voce-precisa-saber-sobre-o-seguro-de-cargas\/\" \/>\n<meta property=\"og:site_name\" content=\"Grupo A\u00e7o Cearense\" \/>\n<meta property=\"article:published_time\" content=\"2020-02-27T13:25:03+00:00\" \/>\n<meta property=\"article:modified_time\" content=\"2025-05-07T13:25:28+00:00\" \/>\n<meta property=\"og:image\" content=\"https:\/\/previews.elleven.digital\/acocearense\/wp-content\/uploads\/2025\/05\/309500-o-que-voce-precisa-saber-sobre-o-seguro-de-cargas-1090x720-1.jpg\" \/>\n\t<meta property=\"og:image:width\" content=\"1090\" \/>\n\t<meta property=\"og:image:height\" content=\"720\" \/>\n\t<meta property=\"og:image:type\" content=\"image\/jpeg\" \/>\n<meta name=\"author\" content=\"elleven\" \/>\n<meta name=\"twitter:card\" content=\"summary_large_image\" \/>\n<meta name=\"twitter:label1\" content=\"Escrito por\" \/>\n\t<meta name=\"twitter:data1\" content=\"elleven\" \/>\n\t<meta name=\"twitter:label2\" content=\"Est. tempo de leitura\" \/>\n\t<meta name=\"twitter:data2\" content=\"4 minutos\" \/>\n<script type=\"application\/ld+json\" class=\"yoast-schema-graph\">{\"@context\":\"https:\/\/schema.org\",\"@graph\":[{\"@type\":\"WebPage\",\"@id\":\"https:\/\/previews.elleven.digital\/acocearense\/o-que-voce-precisa-saber-sobre-o-seguro-de-cargas\/\",\"url\":\"https:\/\/previews.elleven.digital\/acocearense\/o-que-voce-precisa-saber-sobre-o-seguro-de-cargas\/\",\"name\":\"O que voc\u00ea precisa saber sobre o seguro de cargas - Grupo A\u00e7o Cearense\",\"isPartOf\":{\"@id\":\"https:\/\/previews.elleven.digital\/acocearense\/#website\"},\"primaryImageOfPage\":{\"@id\":\"https:\/\/previews.elleven.digital\/acocearense\/o-que-voce-precisa-saber-sobre-o-seguro-de-cargas\/#primaryimage\"},\"image\":{\"@id\":\"https:\/\/previews.elleven.digital\/acocearense\/o-que-voce-precisa-saber-sobre-o-seguro-de-cargas\/#primaryimage\"},\"thumbnailUrl\":\"https:\/\/previews.elleven.digital\/acocearense\/wp-content\/uploads\/2025\/05\/309500-o-que-voce-precisa-saber-sobre-o-seguro-de-cargas-1090x720-1.jpg\",\"datePublished\":\"2020-02-27T13:25:03+00:00\",\"dateModified\":\"2025-05-07T13:25:28+00:00\",\"author\":{\"@id\":\"https:\/\/previews.elleven.digital\/acocearense\/#\/schema\/person\/8e9165eb3c33e0860485c7c5fc06a701\"},\"breadcrumb\":{\"@id\":\"https:\/\/previews.elleven.digital\/acocearense\/o-que-voce-precisa-saber-sobre-o-seguro-de-cargas\/#breadcrumb\"},\"inLanguage\":\"pt-BR\",\"potentialAction\":[{\"@type\":\"ReadAction\",\"target\":[\"https:\/\/previews.elleven.digital\/acocearense\/o-que-voce-precisa-saber-sobre-o-seguro-de-cargas\/\"]}]},{\"@type\":\"ImageObject\",\"inLanguage\":\"pt-BR\",\"@id\":\"https:\/\/previews.elleven.digital\/acocearense\/o-que-voce-precisa-saber-sobre-o-seguro-de-cargas\/#primaryimage\",\"url\":\"https:\/\/previews.elleven.digital\/acocearense\/wp-content\/uploads\/2025\/05\/309500-o-que-voce-precisa-saber-sobre-o-seguro-de-cargas-1090x720-1.jpg\",\"contentUrl\":\"https:\/\/previews.elleven.digital\/acocearense\/wp-content\/uploads\/2025\/05\/309500-o-que-voce-precisa-saber-sobre-o-seguro-de-cargas-1090x720-1.jpg\",\"width\":1090,\"height\":720},{\"@type\":\"BreadcrumbList\",\"@id\":\"https:\/\/previews.elleven.digital\/acocearense\/o-que-voce-precisa-saber-sobre-o-seguro-de-cargas\/#breadcrumb\",\"itemListElement\":[{\"@type\":\"ListItem\",\"position\":1,\"name\":\"In\u00edcio\",\"item\":\"https:\/\/previews.elleven.digital\/acocearense\/\"},{\"@type\":\"ListItem\",\"position\":2,\"name\":\"O que voc\u00ea precisa saber sobre o seguro de cargas\"}]},{\"@type\":\"WebSite\",\"@id\":\"https:\/\/previews.elleven.digital\/acocearense\/#website\",\"url\":\"https:\/\/previews.elleven.digital\/acocearense\/\",\"name\":\"A\u00e7o Cearense\",\"description\":\"H\u00e1 mais de 45 anos no mercado brasileiro do a\u00e7o.\",\"alternateName\":\"A\u00e7o Cearense\",\"potentialAction\":[{\"@type\":\"SearchAction\",\"target\":{\"@type\":\"EntryPoint\",\"urlTemplate\":\"https:\/\/previews.elleven.digital\/acocearense\/?s={search_term_string}\"},\"query-input\":{\"@type\":\"PropertyValueSpecification\",\"valueRequired\":true,\"valueName\":\"search_term_string\"}}],\"inLanguage\":\"pt-BR\"},{\"@type\":\"Person\",\"@id\":\"https:\/\/previews.elleven.digital\/acocearense\/#\/schema\/person\/8e9165eb3c33e0860485c7c5fc06a701\",\"name\":\"elleven\",\"image\":{\"@type\":\"ImageObject\",\"inLanguage\":\"pt-BR\",\"@id\":\"https:\/\/previews.elleven.digital\/acocearense\/#\/schema\/person\/image\/\",\"url\":\"https:\/\/secure.gravatar.com\/avatar\/2a6afb49d9ecfed5dbc6c9606ce318b8bd07c077835179bddfd5d8209c03cb29?s=96&d=mm&r=g\",\"contentUrl\":\"https:\/\/secure.gravatar.com\/avatar\/2a6afb49d9ecfed5dbc6c9606ce318b8bd07c077835179bddfd5d8209c03cb29?s=96&d=mm&r=g\",\"caption\":\"elleven\"},\"sameAs\":[\"http:\/\/localhost\/acocearense\"],\"url\":\"https:\/\/previews.elleven.digital\/acocearense\/author\/elleven\/\"}]}<\/script>\n<!-- \/ Yoast SEO plugin. -->","yoast_head_json":{"title":"O que voc\u00ea precisa saber sobre o seguro de cargas - Grupo A\u00e7o Cearense","robots":{"index":"index","follow":"follow","max-snippet":"max-snippet:-1","max-image-preview":"max-image-preview:large","max-video-preview":"max-video-preview:-1"},"canonical":"https:\/\/previews.elleven.digital\/acocearense\/o-que-voce-precisa-saber-sobre-o-seguro-de-cargas\/","og_locale":"pt_BR","og_type":"article","og_title":"O que voc\u00ea precisa saber sobre o seguro de cargas - Grupo A\u00e7o Cearense","og_description":"O mercado cresceu bastante, n\u00e3o \u00e9 mesmo? Basta observar o aumento do\u00a0transporte de produtos\u00a0para atestar(...)","og_url":"https:\/\/previews.elleven.digital\/acocearense\/o-que-voce-precisa-saber-sobre-o-seguro-de-cargas\/","og_site_name":"Grupo A\u00e7o Cearense","article_published_time":"2020-02-27T13:25:03+00:00","article_modified_time":"2025-05-07T13:25:28+00:00","og_image":[{"width":1090,"height":720,"url":"https:\/\/previews.elleven.digital\/acocearense\/wp-content\/uploads\/2025\/05\/309500-o-que-voce-precisa-saber-sobre-o-seguro-de-cargas-1090x720-1.jpg","type":"image\/jpeg"}],"author":"elleven","twitter_card":"summary_large_image","twitter_misc":{"Escrito por":"elleven","Est. tempo de leitura":"4 minutos"},"schema":{"@context":"https:\/\/schema.org","@graph":[{"@type":"WebPage","@id":"https:\/\/previews.elleven.digital\/acocearense\/o-que-voce-precisa-saber-sobre-o-seguro-de-cargas\/","url":"https:\/\/previews.elleven.digital\/acocearense\/o-que-voce-precisa-saber-sobre-o-seguro-de-cargas\/","name":"O que voc\u00ea precisa saber sobre o seguro de cargas - Grupo A\u00e7o Cearense","isPartOf":{"@id":"https:\/\/previews.elleven.digital\/acocearense\/#website"},"primaryImageOfPage":{"@id":"https:\/\/previews.elleven.digital\/acocearense\/o-que-voce-precisa-saber-sobre-o-seguro-de-cargas\/#primaryimage"},"image":{"@id":"https:\/\/previews.elleven.digital\/acocearense\/o-que-voce-precisa-saber-sobre-o-seguro-de-cargas\/#primaryimage"},"thumbnailUrl":"https:\/\/previews.elleven.digital\/acocearense\/wp-content\/uploads\/2025\/05\/309500-o-que-voce-precisa-saber-sobre-o-seguro-de-cargas-1090x720-1.jpg","datePublished":"2020-02-27T13:25:03+00:00","dateModified":"2025-05-07T13:25:28+00:00","author":{"@id":"https:\/\/previews.elleven.digital\/acocearense\/#\/schema\/person\/8e9165eb3c33e0860485c7c5fc06a701"},"breadcrumb":{"@id":"https:\/\/previews.elleven.digital\/acocearense\/o-que-voce-precisa-saber-sobre-o-seguro-de-cargas\/#breadcrumb"},"inLanguage":"pt-BR","potentialAction":[{"@type":"ReadAction","target":["https:\/\/previews.elleven.digital\/acocearense\/o-que-voce-precisa-saber-sobre-o-seguro-de-cargas\/"]}]},{"@type":"ImageObject","inLanguage":"pt-BR","@id":"https:\/\/previews.elleven.digital\/acocearense\/o-que-voce-precisa-saber-sobre-o-seguro-de-cargas\/#primaryimage","url":"https:\/\/previews.elleven.digital\/acocearense\/wp-content\/uploads\/2025\/05\/309500-o-que-voce-precisa-saber-sobre-o-seguro-de-cargas-1090x720-1.jpg","contentUrl":"https:\/\/previews.elleven.digital\/acocearense\/wp-content\/uploads\/2025\/05\/309500-o-que-voce-precisa-saber-sobre-o-seguro-de-cargas-1090x720-1.jpg","width":1090,"height":720},{"@type":"BreadcrumbList","@id":"https:\/\/previews.elleven.digital\/acocearense\/o-que-voce-precisa-saber-sobre-o-seguro-de-cargas\/#breadcrumb","itemListElement":[{"@type":"ListItem","position":1,"name":"In\u00edcio","item":"https:\/\/previews.elleven.digital\/acocearense\/"},{"@type":"ListItem","position":2,"name":"O que voc\u00ea precisa saber sobre o seguro de cargas"}]},{"@type":"WebSite","@id":"https:\/\/previews.elleven.digital\/acocearense\/#website","url":"https:\/\/previews.elleven.digital\/acocearense\/","name":"A\u00e7o Cearense","description":"H\u00e1 mais de 45 anos no mercado brasileiro do a\u00e7o.","alternateName":"A\u00e7o Cearense","potentialAction":[{"@type":"SearchAction","target":{"@type":"EntryPoint","urlTemplate":"https:\/\/previews.elleven.digital\/acocearense\/?s={search_term_string}"},"query-input":{"@type":"PropertyValueSpecification","valueRequired":true,"valueName":"search_term_string"}}],"inLanguage":"pt-BR"},{"@type":"Person","@id":"https:\/\/previews.elleven.digital\/acocearense\/#\/schema\/person\/8e9165eb3c33e0860485c7c5fc06a701","name":"elleven","image":{"@type":"ImageObject","inLanguage":"pt-BR","@id":"https:\/\/previews.elleven.digital\/acocearense\/#\/schema\/person\/image\/","url":"https:\/\/secure.gravatar.com\/avatar\/2a6afb49d9ecfed5dbc6c9606ce318b8bd07c077835179bddfd5d8209c03cb29?s=96&d=mm&r=g","contentUrl":"https:\/\/secure.gravatar.com\/avatar\/2a6afb49d9ecfed5dbc6c9606ce318b8bd07c077835179bddfd5d8209c03cb29?s=96&d=mm&r=g","caption":"elleven"},"sameAs":["http:\/\/localhost\/acocearense"],"url":"https:\/\/previews.elleven.digital\/acocearense\/author\/elleven\/"}]}},"_links":{"self":[{"href":"https:\/\/previews.elleven.digital\/acocearense\/wp-json\/wp\/v2\/posts\/1260","targetHints":{"allow":["GET"]}}],"collection":[{"href":"https:\/\/previews.elleven.digital\/acocearense\/wp-json\/wp\/v2\/posts"}],"about":[{"href":"https:\/\/previews.elleven.digital\/acocearense\/wp-json\/wp\/v2\/types\/post"}],"author":[{"embeddable":true,"href":"https:\/\/previews.elleven.digital\/acocearense\/wp-json\/wp\/v2\/users\/1"}],"replies":[{"embeddable":true,"href":"https:\/\/previews.elleven.digital\/acocearense\/wp-json\/wp\/v2\/comments?post=1260"}],"version-history":[{"count":1,"href":"https:\/\/previews.elleven.digital\/acocearense\/wp-json\/wp\/v2\/posts\/1260\/revisions"}],"predecessor-version":[{"id":1261,"href":"https:\/\/previews.elleven.digital\/acocearense\/wp-json\/wp\/v2\/posts\/1260\/revisions\/1261"}],"wp:featuredmedia":[{"embeddable":true,"href":"https:\/\/previews.elleven.digital\/acocearense\/wp-json\/wp\/v2\/media\/1233"}],"wp:attachment":[{"href":"https:\/\/previews.elleven.digital\/acocearense\/wp-json\/wp\/v2\/media?parent=1260"}],"wp:term":[{"taxonomy":"category","embeddable":true,"href":"https:\/\/previews.elleven.digital\/acocearense\/wp-json\/wp\/v2\/categories?post=1260"},{"taxonomy":"post_tag","embeddable":true,"href":"https:\/\/previews.elleven.digital\/acocearense\/wp-json\/wp\/v2\/tags?post=1260"}],"curies":[{"name":"wp","href":"https:\/\/api.w.org\/{rel}","templated":true}]}}