{"id":1258,"date":"2019-12-10T10:24:38","date_gmt":"2019-12-10T13:24:38","guid":{"rendered":"https:\/\/previews.elleven.digital\/acocearense\/?p=1258"},"modified":"2025-05-07T10:24:57","modified_gmt":"2025-05-07T13:24:57","slug":"gerenciamento-de-redes-sociais-por-que-e-importante-fazer","status":"publish","type":"post","link":"https:\/\/previews.elleven.digital\/acocearense\/gerenciamento-de-redes-sociais-por-que-e-importante-fazer\/","title":{"rendered":"Gerenciamento de redes sociais: por que \u00e9 importante fazer?"},"content":{"rendered":"<p>Temos mais de 140 milh\u00f5es de usu\u00e1rios ativos nas m\u00eddias sociais, segundo um\u00a0<a href=\"https:\/\/rockcontent.com\/blog\/redes-sociais-mais-usadas-no-brasil\/\">estudo<\/a>\u00a0divulgado no primeiro semestre de 2019. Diante de tamanha popularidade, \u00e9 natural que as empresas tamb\u00e9m estejam nesses canais para chamarem a aten\u00e7\u00e3o do p\u00fablico. Mas n\u00e3o pense que o gerenciamento de redes sociais deve se resumir \u00e0 publica\u00e7\u00e3o de conte\u00fados no perfil da marca. Essas plataformas t\u00eam muito potencial a ser explorado.<\/p>\n<p>Assim como nas m\u00eddias tradicionais (TV, r\u00e1dio, jornais etc.), voc\u00ea precisa lidar com a alta\u00a0<a href=\"https:\/\/previews.elleven.digital\/acocearense\/blog\/gestao\/como-se-diferenciar-da-concorrencia\/\">concorr\u00eancia<\/a>. Ali\u00e1s, isso pode ocorrer de forma at\u00e9 mais intensa no mundo virtual. Por essa raz\u00e3o, \u00e9 necess\u00e1rio elaborar um plano estrat\u00e9gico para que a sua marca consiga usar as redes com maior efici\u00eancia e, consequentemente, melhorar os resultados do neg\u00f3cio.<\/p>\n<p>Quer saber como fazer um bom gerenciamento de\u00a0<a href=\"https:\/\/previews.elleven.digital\/acocearense\/blog\/gestao\/entenda-como-fazer-um-bom-atendimento-pelas-redes-sociais\/\">redes sociais<\/a>? Continue a leitura e aprenda!<\/p>\n<h2>Defina boas estrat\u00e9gias<\/h2>\n<p>Como dissemos, a concorr\u00eancia no meio digital \u00e9 alta. Portanto, o primeiro passo para quem quer se destacar \u00e9 criar um planejamento estrat\u00e9gico, que vai servir como um norte para direcionar o neg\u00f3cio ao caminho mais adequado com o cliente. O ideal \u00e9 que ele responda a perguntas como:<\/p>\n<ul>\n<li>Com que frequ\u00eancia se comunicar com o p\u00fablico?<\/li>\n<li>Qual a linguagem a ser utilizada?<\/li>\n<li>Quais assuntos abordar?<\/li>\n<li>Como mensurar os resultados desses esfor\u00e7os?<\/li>\n<\/ul>\n<h2>Produza conte\u00fado relevante<\/h2>\n<p>H\u00e1 conte\u00fados que funcionam mais em algumas redes do que em outras. Por exemplo, uma ideia interessante \u00e9 usar o YouTube e o Instagram para mostrar o dia a dia da sua empresa, pois s\u00e3o redes mais visuais. J\u00e1 o Facebook pode ser a plataforma ideal para divulga\u00e7\u00e3o de links do seu blog e an\u00fancios dos seus produtos e servi\u00e7os.<\/p>\n<p>Ou seja, \u00e9 preciso saber que tipo de conte\u00fado \u00e9 mais relevante e adequado para cada rede e para os consumidores. Vamos supor que voc\u00ea quer atingir profissionais de pequenas e m\u00e9dias empresas. Nesse caso, \u00e9 um erro divulgar conte\u00fados voltados para as grandes corpora\u00e7\u00f5es. Logo,\u00a0<a href=\"https:\/\/previews.elleven.digital\/acocearense\/blog\/abrindo-o-negocio\/conheca-o-perfil-do-consumidor-de-seus-produtos-e-aumente-as-vendas\/\">conhe\u00e7a o seu p\u00fablico<\/a>\u00a0e saiba como conquist\u00e1-lo em cada rede social.<\/p>\n<h2>Tenha consist\u00eancia<\/h2>\n<p>O gerenciamento de redes sociais \u00e9 uma atividade que deve ser executada por profissionais que realmente entendam do assunto e que se dediquem a ela. Afinal de contas, o trabalho \u00e9 \u00e1rduo e exige consist\u00eancia.<\/p>\n<p>Isso quer dizer que se voc\u00ea postar algo hoje e s\u00f3 voltar a atualizar o perfil daqui a duas semanas, dificilmente conseguir\u00e1 algum resultado. A frequ\u00eancia de publica\u00e7\u00e3o \u00e9 fundamental para fixar a marca na mente do seu p\u00fablico e estabelecer um bom relacionamento com ele.<\/p>\n<h2>Agende suas publica\u00e7\u00f5es<\/h2>\n<p>Para n\u00e3o perder nenhum post e economizar tempo, aproveite as ferramentas de planejamento de m\u00eddia social que programam as postagens com anteced\u00eancia para voc\u00ea. Isso se torna ainda mais v\u00e1lido se sua conta for maior e tiver um alto n\u00famero de engajamento. Por\u00e9m, lembre-se de verific\u00e1-la com frequ\u00eancia ao longo do dia para responder a qualquer intera\u00e7\u00e3o do seu p\u00fablico.<\/p>\n<p>Ou seja, para conseguir um bom gerenciamento de redes sociais, nada melhor do que priorizar a qualidade das publica\u00e7\u00f5es e delegar essa fun\u00e7\u00e3o a profissionais capacitados. E para verificar se os esfor\u00e7os est\u00e3o funcionando, n\u00e3o deixe de contar com ferramentas que mensurem os resultados.<\/p>\n<p>E a\u00ed, gostou do nosso post e quer receber nossas atualiza\u00e7\u00f5es de conte\u00fado? Assine a nossa newsletter!<\/p>\n","protected":false},"excerpt":{"rendered":"<p>Temos mais de 140 milh\u00f5es de usu\u00e1rios ativos nas m\u00eddias sociais, segundo um\u00a0estudo\u00a0divulgado no primeiro(&#8230;)<\/p>\n","protected":false},"author":1,"featured_media":1234,"comment_status":"open","ping_status":"open","sticky":false,"template":"","format":"standard","meta":{"_acf_changed":false,"inline_featured_image":false,"footnotes":""},"categories":[27],"tags":[],"class_list":["post-1258","post","type-post","status-publish","format-standard","has-post-thumbnail","hentry","category-abrindo-o-negocio"],"acf":[],"yoast_head":"<!-- This site is optimized with the Yoast SEO plugin v25.9 - https:\/\/yoast.com\/wordpress\/plugins\/seo\/ -->\n<title>Gerenciamento de redes sociais: por que \u00e9 importante fazer? - Grupo A\u00e7o Cearense<\/title>\n<meta name=\"robots\" content=\"index, follow, max-snippet:-1, max-image-preview:large, max-video-preview:-1\" \/>\n<link rel=\"canonical\" href=\"https:\/\/previews.elleven.digital\/acocearense\/gerenciamento-de-redes-sociais-por-que-e-importante-fazer\/\" \/>\n<meta property=\"og:locale\" content=\"pt_BR\" \/>\n<meta property=\"og:type\" content=\"article\" \/>\n<meta property=\"og:title\" content=\"Gerenciamento de redes sociais: por que \u00e9 importante fazer? - Grupo A\u00e7o Cearense\" \/>\n<meta property=\"og:description\" content=\"Temos mais de 140 milh\u00f5es de usu\u00e1rios ativos nas m\u00eddias sociais, segundo um\u00a0estudo\u00a0divulgado no primeiro(...)\" \/>\n<meta property=\"og:url\" content=\"https:\/\/previews.elleven.digital\/acocearense\/gerenciamento-de-redes-sociais-por-que-e-importante-fazer\/\" \/>\n<meta property=\"og:site_name\" content=\"Grupo A\u00e7o Cearense\" \/>\n<meta property=\"article:published_time\" content=\"2019-12-10T13:24:38+00:00\" \/>\n<meta property=\"article:modified_time\" content=\"2025-05-07T13:24:57+00:00\" \/>\n<meta property=\"og:image\" content=\"https:\/\/previews.elleven.digital\/acocearense\/wp-content\/uploads\/2025\/05\/314169-gerenciamento-de-redes-sociais-por-que-e-importante-fazer-1090x720-1.jpg\" \/>\n\t<meta property=\"og:image:width\" content=\"1090\" \/>\n\t<meta property=\"og:image:height\" content=\"720\" \/>\n\t<meta property=\"og:image:type\" content=\"image\/jpeg\" \/>\n<meta name=\"author\" content=\"elleven\" \/>\n<meta name=\"twitter:card\" content=\"summary_large_image\" \/>\n<meta name=\"twitter:label1\" content=\"Escrito por\" \/>\n\t<meta name=\"twitter:data1\" content=\"elleven\" \/>\n\t<meta name=\"twitter:label2\" content=\"Est. tempo de leitura\" \/>\n\t<meta name=\"twitter:data2\" content=\"3 minutos\" \/>\n<script type=\"application\/ld+json\" class=\"yoast-schema-graph\">{\"@context\":\"https:\/\/schema.org\",\"@graph\":[{\"@type\":\"WebPage\",\"@id\":\"https:\/\/previews.elleven.digital\/acocearense\/gerenciamento-de-redes-sociais-por-que-e-importante-fazer\/\",\"url\":\"https:\/\/previews.elleven.digital\/acocearense\/gerenciamento-de-redes-sociais-por-que-e-importante-fazer\/\",\"name\":\"Gerenciamento de redes sociais: por que \u00e9 importante fazer? - Grupo A\u00e7o Cearense\",\"isPartOf\":{\"@id\":\"https:\/\/previews.elleven.digital\/acocearense\/#website\"},\"primaryImageOfPage\":{\"@id\":\"https:\/\/previews.elleven.digital\/acocearense\/gerenciamento-de-redes-sociais-por-que-e-importante-fazer\/#primaryimage\"},\"image\":{\"@id\":\"https:\/\/previews.elleven.digital\/acocearense\/gerenciamento-de-redes-sociais-por-que-e-importante-fazer\/#primaryimage\"},\"thumbnailUrl\":\"https:\/\/previews.elleven.digital\/acocearense\/wp-content\/uploads\/2025\/05\/314169-gerenciamento-de-redes-sociais-por-que-e-importante-fazer-1090x720-1.jpg\",\"datePublished\":\"2019-12-10T13:24:38+00:00\",\"dateModified\":\"2025-05-07T13:24:57+00:00\",\"author\":{\"@id\":\"https:\/\/previews.elleven.digital\/acocearense\/#\/schema\/person\/8e9165eb3c33e0860485c7c5fc06a701\"},\"breadcrumb\":{\"@id\":\"https:\/\/previews.elleven.digital\/acocearense\/gerenciamento-de-redes-sociais-por-que-e-importante-fazer\/#breadcrumb\"},\"inLanguage\":\"pt-BR\",\"potentialAction\":[{\"@type\":\"ReadAction\",\"target\":[\"https:\/\/previews.elleven.digital\/acocearense\/gerenciamento-de-redes-sociais-por-que-e-importante-fazer\/\"]}]},{\"@type\":\"ImageObject\",\"inLanguage\":\"pt-BR\",\"@id\":\"https:\/\/previews.elleven.digital\/acocearense\/gerenciamento-de-redes-sociais-por-que-e-importante-fazer\/#primaryimage\",\"url\":\"https:\/\/previews.elleven.digital\/acocearense\/wp-content\/uploads\/2025\/05\/314169-gerenciamento-de-redes-sociais-por-que-e-importante-fazer-1090x720-1.jpg\",\"contentUrl\":\"https:\/\/previews.elleven.digital\/acocearense\/wp-content\/uploads\/2025\/05\/314169-gerenciamento-de-redes-sociais-por-que-e-importante-fazer-1090x720-1.jpg\",\"width\":1090,\"height\":720},{\"@type\":\"BreadcrumbList\",\"@id\":\"https:\/\/previews.elleven.digital\/acocearense\/gerenciamento-de-redes-sociais-por-que-e-importante-fazer\/#breadcrumb\",\"itemListElement\":[{\"@type\":\"ListItem\",\"position\":1,\"name\":\"In\u00edcio\",\"item\":\"https:\/\/previews.elleven.digital\/acocearense\/\"},{\"@type\":\"ListItem\",\"position\":2,\"name\":\"Gerenciamento de redes sociais: por que \u00e9 importante fazer?\"}]},{\"@type\":\"WebSite\",\"@id\":\"https:\/\/previews.elleven.digital\/acocearense\/#website\",\"url\":\"https:\/\/previews.elleven.digital\/acocearense\/\",\"name\":\"A\u00e7o Cearense\",\"description\":\"H\u00e1 mais de 45 anos no mercado brasileiro do a\u00e7o.\",\"alternateName\":\"A\u00e7o Cearense\",\"potentialAction\":[{\"@type\":\"SearchAction\",\"target\":{\"@type\":\"EntryPoint\",\"urlTemplate\":\"https:\/\/previews.elleven.digital\/acocearense\/?s={search_term_string}\"},\"query-input\":{\"@type\":\"PropertyValueSpecification\",\"valueRequired\":true,\"valueName\":\"search_term_string\"}}],\"inLanguage\":\"pt-BR\"},{\"@type\":\"Person\",\"@id\":\"https:\/\/previews.elleven.digital\/acocearense\/#\/schema\/person\/8e9165eb3c33e0860485c7c5fc06a701\",\"name\":\"elleven\",\"image\":{\"@type\":\"ImageObject\",\"inLanguage\":\"pt-BR\",\"@id\":\"https:\/\/previews.elleven.digital\/acocearense\/#\/schema\/person\/image\/\",\"url\":\"https:\/\/secure.gravatar.com\/avatar\/2a6afb49d9ecfed5dbc6c9606ce318b8bd07c077835179bddfd5d8209c03cb29?s=96&d=mm&r=g\",\"contentUrl\":\"https:\/\/secure.gravatar.com\/avatar\/2a6afb49d9ecfed5dbc6c9606ce318b8bd07c077835179bddfd5d8209c03cb29?s=96&d=mm&r=g\",\"caption\":\"elleven\"},\"sameAs\":[\"http:\/\/localhost\/acocearense\"],\"url\":\"https:\/\/previews.elleven.digital\/acocearense\/author\/elleven\/\"}]}<\/script>\n<!-- \/ Yoast SEO plugin. -->","yoast_head_json":{"title":"Gerenciamento de redes sociais: por que \u00e9 importante fazer? - Grupo A\u00e7o Cearense","robots":{"index":"index","follow":"follow","max-snippet":"max-snippet:-1","max-image-preview":"max-image-preview:large","max-video-preview":"max-video-preview:-1"},"canonical":"https:\/\/previews.elleven.digital\/acocearense\/gerenciamento-de-redes-sociais-por-que-e-importante-fazer\/","og_locale":"pt_BR","og_type":"article","og_title":"Gerenciamento de redes sociais: por que \u00e9 importante fazer? - Grupo A\u00e7o Cearense","og_description":"Temos mais de 140 milh\u00f5es de usu\u00e1rios ativos nas m\u00eddias sociais, segundo um\u00a0estudo\u00a0divulgado no primeiro(...)","og_url":"https:\/\/previews.elleven.digital\/acocearense\/gerenciamento-de-redes-sociais-por-que-e-importante-fazer\/","og_site_name":"Grupo A\u00e7o Cearense","article_published_time":"2019-12-10T13:24:38+00:00","article_modified_time":"2025-05-07T13:24:57+00:00","og_image":[{"width":1090,"height":720,"url":"https:\/\/previews.elleven.digital\/acocearense\/wp-content\/uploads\/2025\/05\/314169-gerenciamento-de-redes-sociais-por-que-e-importante-fazer-1090x720-1.jpg","type":"image\/jpeg"}],"author":"elleven","twitter_card":"summary_large_image","twitter_misc":{"Escrito por":"elleven","Est. tempo de leitura":"3 minutos"},"schema":{"@context":"https:\/\/schema.org","@graph":[{"@type":"WebPage","@id":"https:\/\/previews.elleven.digital\/acocearense\/gerenciamento-de-redes-sociais-por-que-e-importante-fazer\/","url":"https:\/\/previews.elleven.digital\/acocearense\/gerenciamento-de-redes-sociais-por-que-e-importante-fazer\/","name":"Gerenciamento de redes sociais: por que \u00e9 importante fazer? - Grupo A\u00e7o Cearense","isPartOf":{"@id":"https:\/\/previews.elleven.digital\/acocearense\/#website"},"primaryImageOfPage":{"@id":"https:\/\/previews.elleven.digital\/acocearense\/gerenciamento-de-redes-sociais-por-que-e-importante-fazer\/#primaryimage"},"image":{"@id":"https:\/\/previews.elleven.digital\/acocearense\/gerenciamento-de-redes-sociais-por-que-e-importante-fazer\/#primaryimage"},"thumbnailUrl":"https:\/\/previews.elleven.digital\/acocearense\/wp-content\/uploads\/2025\/05\/314169-gerenciamento-de-redes-sociais-por-que-e-importante-fazer-1090x720-1.jpg","datePublished":"2019-12-10T13:24:38+00:00","dateModified":"2025-05-07T13:24:57+00:00","author":{"@id":"https:\/\/previews.elleven.digital\/acocearense\/#\/schema\/person\/8e9165eb3c33e0860485c7c5fc06a701"},"breadcrumb":{"@id":"https:\/\/previews.elleven.digital\/acocearense\/gerenciamento-de-redes-sociais-por-que-e-importante-fazer\/#breadcrumb"},"inLanguage":"pt-BR","potentialAction":[{"@type":"ReadAction","target":["https:\/\/previews.elleven.digital\/acocearense\/gerenciamento-de-redes-sociais-por-que-e-importante-fazer\/"]}]},{"@type":"ImageObject","inLanguage":"pt-BR","@id":"https:\/\/previews.elleven.digital\/acocearense\/gerenciamento-de-redes-sociais-por-que-e-importante-fazer\/#primaryimage","url":"https:\/\/previews.elleven.digital\/acocearense\/wp-content\/uploads\/2025\/05\/314169-gerenciamento-de-redes-sociais-por-que-e-importante-fazer-1090x720-1.jpg","contentUrl":"https:\/\/previews.elleven.digital\/acocearense\/wp-content\/uploads\/2025\/05\/314169-gerenciamento-de-redes-sociais-por-que-e-importante-fazer-1090x720-1.jpg","width":1090,"height":720},{"@type":"BreadcrumbList","@id":"https:\/\/previews.elleven.digital\/acocearense\/gerenciamento-de-redes-sociais-por-que-e-importante-fazer\/#breadcrumb","itemListElement":[{"@type":"ListItem","position":1,"name":"In\u00edcio","item":"https:\/\/previews.elleven.digital\/acocearense\/"},{"@type":"ListItem","position":2,"name":"Gerenciamento de redes sociais: por que \u00e9 importante fazer?"}]},{"@type":"WebSite","@id":"https:\/\/previews.elleven.digital\/acocearense\/#website","url":"https:\/\/previews.elleven.digital\/acocearense\/","name":"A\u00e7o Cearense","description":"H\u00e1 mais de 45 anos no mercado brasileiro do a\u00e7o.","alternateName":"A\u00e7o Cearense","potentialAction":[{"@type":"SearchAction","target":{"@type":"EntryPoint","urlTemplate":"https:\/\/previews.elleven.digital\/acocearense\/?s={search_term_string}"},"query-input":{"@type":"PropertyValueSpecification","valueRequired":true,"valueName":"search_term_string"}}],"inLanguage":"pt-BR"},{"@type":"Person","@id":"https:\/\/previews.elleven.digital\/acocearense\/#\/schema\/person\/8e9165eb3c33e0860485c7c5fc06a701","name":"elleven","image":{"@type":"ImageObject","inLanguage":"pt-BR","@id":"https:\/\/previews.elleven.digital\/acocearense\/#\/schema\/person\/image\/","url":"https:\/\/secure.gravatar.com\/avatar\/2a6afb49d9ecfed5dbc6c9606ce318b8bd07c077835179bddfd5d8209c03cb29?s=96&d=mm&r=g","contentUrl":"https:\/\/secure.gravatar.com\/avatar\/2a6afb49d9ecfed5dbc6c9606ce318b8bd07c077835179bddfd5d8209c03cb29?s=96&d=mm&r=g","caption":"elleven"},"sameAs":["http:\/\/localhost\/acocearense"],"url":"https:\/\/previews.elleven.digital\/acocearense\/author\/elleven\/"}]}},"_links":{"self":[{"href":"https:\/\/previews.elleven.digital\/acocearense\/wp-json\/wp\/v2\/posts\/1258","targetHints":{"allow":["GET"]}}],"collection":[{"href":"https:\/\/previews.elleven.digital\/acocearense\/wp-json\/wp\/v2\/posts"}],"about":[{"href":"https:\/\/previews.elleven.digital\/acocearense\/wp-json\/wp\/v2\/types\/post"}],"author":[{"embeddable":true,"href":"https:\/\/previews.elleven.digital\/acocearense\/wp-json\/wp\/v2\/users\/1"}],"replies":[{"embeddable":true,"href":"https:\/\/previews.elleven.digital\/acocearense\/wp-json\/wp\/v2\/comments?post=1258"}],"version-history":[{"count":1,"href":"https:\/\/previews.elleven.digital\/acocearense\/wp-json\/wp\/v2\/posts\/1258\/revisions"}],"predecessor-version":[{"id":1259,"href":"https:\/\/previews.elleven.digital\/acocearense\/wp-json\/wp\/v2\/posts\/1258\/revisions\/1259"}],"wp:featuredmedia":[{"embeddable":true,"href":"https:\/\/previews.elleven.digital\/acocearense\/wp-json\/wp\/v2\/media\/1234"}],"wp:attachment":[{"href":"https:\/\/previews.elleven.digital\/acocearense\/wp-json\/wp\/v2\/media?parent=1258"}],"wp:term":[{"taxonomy":"category","embeddable":true,"href":"https:\/\/previews.elleven.digital\/acocearense\/wp-json\/wp\/v2\/categories?post=1258"},{"taxonomy":"post_tag","embeddable":true,"href":"https:\/\/previews.elleven.digital\/acocearense\/wp-json\/wp\/v2\/tags?post=1258"}],"curies":[{"name":"wp","href":"https:\/\/api.w.org\/{rel}","templated":true}]}}