{"id":1252,"date":"2019-11-13T10:23:31","date_gmt":"2019-11-13T13:23:31","guid":{"rendered":"https:\/\/previews.elleven.digital\/acocearense\/?p=1252"},"modified":"2025-05-07T10:23:48","modified_gmt":"2025-05-07T13:23:48","slug":"conheca-o-perfil-do-consumidor-de-seus-produtos-e-aumente-as-vendas","status":"publish","type":"post","link":"https:\/\/previews.elleven.digital\/acocearense\/conheca-o-perfil-do-consumidor-de-seus-produtos-e-aumente-as-vendas\/","title":{"rendered":"Conhe\u00e7a o perfil do consumidor de seus produtos e aumente as vendas"},"content":{"rendered":"<p>Para criar estrat\u00e9gias mais eficientes para a sua empresa, \u00e9 essencial conhecer o perfil do consumidor que voc\u00ea quer atrair. Quando se tem caracter\u00edsticas bem-alinhadas, \u00e9 poss\u00edvel direcionar melhor as suas a\u00e7\u00f5es, de modo a otimizar os seus recursos e obter os resultados projetados.<\/p>\n<p>Embora essa seja uma premissa b\u00e1sica no mundo dos neg\u00f3cios, muitos empreendedores ainda a negligenciam e acabam tendo dificuldades para aumentar a sua cartela de clientes e, consequentemente, de vendas. O resultado disso \u00e9 um preju\u00edzo financeiro enorme que, a longo prazo pode, lev\u00e1-los \u00e0 fal\u00eancia.<\/p>\n<p>Quer elevar as suas chances de sucesso no mercado? Confira, a seguir, quais s\u00e3o os benef\u00edcios de entender melhor o perfil do seu p\u00fablico consumidor!<\/p>\n<h2>Como o perfil do consumidor \u00e9 constru\u00eddo?<\/h2>\n<p>S\u00e3o v\u00e1rios os fatores que impulsionam a decis\u00e3o de compra do consumidor. Na maioria das vezes, esse processo n\u00e3o \u00e9 racional, o que torna a capta\u00e7\u00e3o de clientes algo ainda mais desafiador. Apesar de existirem algumas curvas, geralmente, o p\u00fablico-alvo de uma empresa segue linhas que v\u00e3o de encontro \u00e0 solu\u00e7\u00e3o oferecida.<\/p>\n<p>Tais linhas comp\u00f5em o comportamento de consumo e apontam o perfil no qual o empreendedor deve se concentrar. Para interligar essas retas, \u00e9 preciso compreender os fatores que influenciam mais ou menos na decis\u00e3o de compra. S\u00e3o eles:<\/p>\n<ul>\n<li>sociais;<\/li>\n<li>culturais;<\/li>\n<li>psicol\u00f3gicos;<\/li>\n<li>pessoais.<\/li>\n<\/ul>\n<p>A partir da an\u00e1lise dessas categorias, pode-se levantar dados corretos para construir a sua persona.<\/p>\n<h2>Quais s\u00e3o os impactos positivos de se conhecer o perfil do consumidor?<\/h2>\n<p>Empenhar-se em identificar o\u00a0<a href=\"https:\/\/previews.elleven.digital\/acocearense\/blog\/gestao\/qual-a-importancia-e-como-fazer-o-cadastro-de-clientes\/?setlang=no\"><u>perfil do seu consumidor<\/u><\/a>\u00a0s\u00f3 traz benef\u00edcios para o seu neg\u00f3cio. Veja, a seguir, como a sua atividade pode ser impactada.<\/p>\n<h3>Permite a segmenta\u00e7\u00e3o das a\u00e7\u00f5es de marketing<\/h3>\n<p>Ao saber com clareza sobre o comportamento do seu consumidor, a empresa pode produzir campanhas de marketing segmentadas, com gatilhos espec\u00edficos para chamar a aten\u00e7\u00e3o do seu p\u00fablico e estimular a compra.<\/p>\n<h3>Ajuda a identificar as oportunidades de vendas<\/h3>\n<p>Quanto mais informa\u00e7\u00f5es voc\u00ea tiver em m\u00e3os, mais facilidade ter\u00e1 para identificar oportunidades de vendas. Por exemplo, o reconhecimento de uma car\u00eancia pode ser \u00fatil para a promo\u00e7\u00e3o de um produto espec\u00edfico.<\/p>\n<h3>Contribui para a oferta de produtos mais assertivos<\/h3>\n<p>Ofertar muitos produtos n\u00e3o \u00e9 sin\u00f4nimo de lucratividade, haja vista que os itens ofertados podem n\u00e3o ser de interesse dos seus consumidores. Nesse sentido, ao entender quais s\u00e3o as suas\u00a0<a href=\"https:\/\/previews.elleven.digital\/acocearense\/blog\/abrindo-o-negocio\/aprenda-aqui-como-fazer-um-previsao-de-demanda\/\"><u>demandas<\/u><\/a>, o neg\u00f3cio pode oferecer itens que realmente atendam \u00e0s suas necessidades e, assim,\u00a0<a href=\"https:\/\/previews.elleven.digital\/acocearense\/blog\/vender-mais\/conheca-os-piores-erros-que-atrapalham-as-vendas-na-loja\/\"><u>converter mais vendas<\/u><\/a>.<\/p>\n<h3>Aumenta a fideliza\u00e7\u00e3o de clientes<\/h3>\n<p>Uma vez que sente que as suas necessidades est\u00e3o sendo atendidas e a empresa, de fato, se preocupa em satisfaz\u00ea-lo, a tend\u00eancia \u00e9 que o cliente valorize cada vez mais a sua marca, tornando-se fiel a ela.<\/p>\n<h2>Como conhecer o perfil do seu consumidor?<\/h2>\n<p>Na atualidade, h\u00e1 diversas ferramentas que podem ser utilizadas para obter as informa\u00e7\u00f5es necess\u00e1rias a respeito do comportamento e da prefer\u00eancias do seu p\u00fablico-alvo. Saiba quais s\u00e3o os m\u00e9todos mais utilizados.<\/p>\n<h3>Pesquisa de mercado<\/h3>\n<p>Considerado o m\u00e9todo mais comum, trata-se de uma conversa direta com o seu p\u00fablico-alvo, em que voc\u00ea pode perguntar como eles conheceram a sua marca, com qual frequ\u00eancia consomem os seus produtos, o que o levou a optar pela sua empresa, etc. As respostas desses questionamentos ajudam a direcionar as suas a\u00e7\u00f5es.<\/p>\n<h3>Minera\u00e7\u00e3o de dados<\/h3>\n<p>Tudo o que fazemos na\u00a0<a href=\"https:\/\/previews.elleven.digital\/acocearense\/blog\/gestao\/5-coisas-que-voce-precisa-saber-sobre-a-transformacao-digital-no-varejo\/?setlang=no\"><u>internet<\/u><\/a>\u00a0deixa rastros e informa\u00e7\u00f5es preciosas. Por meio da minera\u00e7\u00e3o de dados, voc\u00ea pode usar a intelig\u00eancia artificial para descobrir men\u00e7\u00f5es e a\u00e7\u00f5es do p\u00fablico em rela\u00e7\u00e3o \u00e0 sua empresa e aos seus produtos, descobrindo se a sua imagem est\u00e1 positiva ou negativa no mercado.<\/p>\n<h3>Landing page<\/h3>\n<p>Essa alternativa consiste na disponibiliza\u00e7\u00e3o de p\u00e1ginas com um formul\u00e1rio no seu site ou blog, em que voc\u00ea pode perguntar o que quiser ao seu usu\u00e1rio. Contudo, para isso, deve oferecer um conte\u00fado interessante para convenc\u00ea-lo a responder o seu questionamento.<\/p>\n<p>Como voc\u00ea viu, conhecer o perfil do consumidor \u00e9 um importante diferencial competitivo, visto que ajuda a sua empresa a adotar a\u00e7\u00f5es e solu\u00e7\u00f5es adequadas ao seu cliente, aumentando a convers\u00e3o de vendas.<\/p>\n<p>Quer melhorar os resultados do seu neg\u00f3cio?\u00a0<a href=\"https:\/\/previews.elleven.digital\/acocearense\/blog\/gestao\/conheca-perfis-de-clientes-e-saiba-como-lidar-com-eles\/\"><u>Conhe\u00e7a perfis de clientes e saiba como lidar com eles<\/u><\/a>!<\/p>\n","protected":false},"excerpt":{"rendered":"<p>Para criar estrat\u00e9gias mais eficientes para a sua empresa, \u00e9 essencial conhecer o perfil do(&#8230;)<\/p>\n","protected":false},"author":1,"featured_media":1237,"comment_status":"open","ping_status":"open","sticky":false,"template":"","format":"standard","meta":{"_acf_changed":false,"inline_featured_image":false,"footnotes":""},"categories":[27],"tags":[],"class_list":["post-1252","post","type-post","status-publish","format-standard","has-post-thumbnail","hentry","category-abrindo-o-negocio"],"acf":[],"yoast_head":"<!-- This site is optimized with the Yoast SEO plugin v25.9 - https:\/\/yoast.com\/wordpress\/plugins\/seo\/ -->\n<title>Conhe\u00e7a o perfil do consumidor de seus produtos e aumente as vendas - Grupo A\u00e7o Cearense<\/title>\n<meta name=\"robots\" content=\"index, follow, max-snippet:-1, max-image-preview:large, max-video-preview:-1\" \/>\n<link rel=\"canonical\" href=\"https:\/\/previews.elleven.digital\/acocearense\/conheca-o-perfil-do-consumidor-de-seus-produtos-e-aumente-as-vendas\/\" \/>\n<meta property=\"og:locale\" content=\"pt_BR\" \/>\n<meta property=\"og:type\" content=\"article\" \/>\n<meta property=\"og:title\" content=\"Conhe\u00e7a o perfil do consumidor de seus produtos e aumente as vendas - Grupo A\u00e7o Cearense\" \/>\n<meta property=\"og:description\" content=\"Para criar estrat\u00e9gias mais eficientes para a sua empresa, \u00e9 essencial conhecer o perfil do(...)\" \/>\n<meta property=\"og:url\" content=\"https:\/\/previews.elleven.digital\/acocearense\/conheca-o-perfil-do-consumidor-de-seus-produtos-e-aumente-as-vendas\/\" \/>\n<meta property=\"og:site_name\" content=\"Grupo A\u00e7o Cearense\" \/>\n<meta property=\"article:published_time\" content=\"2019-11-13T13:23:31+00:00\" \/>\n<meta property=\"article:modified_time\" content=\"2025-05-07T13:23:48+00:00\" \/>\n<meta property=\"og:image\" content=\"https:\/\/previews.elleven.digital\/acocearense\/wp-content\/uploads\/2025\/05\/311944-conheca-o-perfil-do-consumidor-de-seus-produtos-e-aumente-as-vendas-1090x720-1.jpg\" \/>\n\t<meta property=\"og:image:width\" content=\"1090\" \/>\n\t<meta property=\"og:image:height\" content=\"720\" \/>\n\t<meta property=\"og:image:type\" content=\"image\/jpeg\" \/>\n<meta name=\"author\" content=\"elleven\" \/>\n<meta name=\"twitter:card\" content=\"summary_large_image\" \/>\n<meta name=\"twitter:label1\" content=\"Escrito por\" \/>\n\t<meta name=\"twitter:data1\" content=\"elleven\" \/>\n\t<meta name=\"twitter:label2\" content=\"Est. tempo de leitura\" \/>\n\t<meta name=\"twitter:data2\" content=\"4 minutos\" \/>\n<script type=\"application\/ld+json\" class=\"yoast-schema-graph\">{\"@context\":\"https:\/\/schema.org\",\"@graph\":[{\"@type\":\"WebPage\",\"@id\":\"https:\/\/previews.elleven.digital\/acocearense\/conheca-o-perfil-do-consumidor-de-seus-produtos-e-aumente-as-vendas\/\",\"url\":\"https:\/\/previews.elleven.digital\/acocearense\/conheca-o-perfil-do-consumidor-de-seus-produtos-e-aumente-as-vendas\/\",\"name\":\"Conhe\u00e7a o perfil do consumidor de seus produtos e aumente as vendas - Grupo A\u00e7o Cearense\",\"isPartOf\":{\"@id\":\"https:\/\/previews.elleven.digital\/acocearense\/#website\"},\"primaryImageOfPage\":{\"@id\":\"https:\/\/previews.elleven.digital\/acocearense\/conheca-o-perfil-do-consumidor-de-seus-produtos-e-aumente-as-vendas\/#primaryimage\"},\"image\":{\"@id\":\"https:\/\/previews.elleven.digital\/acocearense\/conheca-o-perfil-do-consumidor-de-seus-produtos-e-aumente-as-vendas\/#primaryimage\"},\"thumbnailUrl\":\"https:\/\/previews.elleven.digital\/acocearense\/wp-content\/uploads\/2025\/05\/311944-conheca-o-perfil-do-consumidor-de-seus-produtos-e-aumente-as-vendas-1090x720-1.jpg\",\"datePublished\":\"2019-11-13T13:23:31+00:00\",\"dateModified\":\"2025-05-07T13:23:48+00:00\",\"author\":{\"@id\":\"https:\/\/previews.elleven.digital\/acocearense\/#\/schema\/person\/8e9165eb3c33e0860485c7c5fc06a701\"},\"breadcrumb\":{\"@id\":\"https:\/\/previews.elleven.digital\/acocearense\/conheca-o-perfil-do-consumidor-de-seus-produtos-e-aumente-as-vendas\/#breadcrumb\"},\"inLanguage\":\"pt-BR\",\"potentialAction\":[{\"@type\":\"ReadAction\",\"target\":[\"https:\/\/previews.elleven.digital\/acocearense\/conheca-o-perfil-do-consumidor-de-seus-produtos-e-aumente-as-vendas\/\"]}]},{\"@type\":\"ImageObject\",\"inLanguage\":\"pt-BR\",\"@id\":\"https:\/\/previews.elleven.digital\/acocearense\/conheca-o-perfil-do-consumidor-de-seus-produtos-e-aumente-as-vendas\/#primaryimage\",\"url\":\"https:\/\/previews.elleven.digital\/acocearense\/wp-content\/uploads\/2025\/05\/311944-conheca-o-perfil-do-consumidor-de-seus-produtos-e-aumente-as-vendas-1090x720-1.jpg\",\"contentUrl\":\"https:\/\/previews.elleven.digital\/acocearense\/wp-content\/uploads\/2025\/05\/311944-conheca-o-perfil-do-consumidor-de-seus-produtos-e-aumente-as-vendas-1090x720-1.jpg\",\"width\":1090,\"height\":720},{\"@type\":\"BreadcrumbList\",\"@id\":\"https:\/\/previews.elleven.digital\/acocearense\/conheca-o-perfil-do-consumidor-de-seus-produtos-e-aumente-as-vendas\/#breadcrumb\",\"itemListElement\":[{\"@type\":\"ListItem\",\"position\":1,\"name\":\"In\u00edcio\",\"item\":\"https:\/\/previews.elleven.digital\/acocearense\/\"},{\"@type\":\"ListItem\",\"position\":2,\"name\":\"Conhe\u00e7a o perfil do consumidor de seus produtos e aumente as vendas\"}]},{\"@type\":\"WebSite\",\"@id\":\"https:\/\/previews.elleven.digital\/acocearense\/#website\",\"url\":\"https:\/\/previews.elleven.digital\/acocearense\/\",\"name\":\"A\u00e7o Cearense\",\"description\":\"H\u00e1 mais de 45 anos no mercado brasileiro do a\u00e7o.\",\"alternateName\":\"A\u00e7o Cearense\",\"potentialAction\":[{\"@type\":\"SearchAction\",\"target\":{\"@type\":\"EntryPoint\",\"urlTemplate\":\"https:\/\/previews.elleven.digital\/acocearense\/?s={search_term_string}\"},\"query-input\":{\"@type\":\"PropertyValueSpecification\",\"valueRequired\":true,\"valueName\":\"search_term_string\"}}],\"inLanguage\":\"pt-BR\"},{\"@type\":\"Person\",\"@id\":\"https:\/\/previews.elleven.digital\/acocearense\/#\/schema\/person\/8e9165eb3c33e0860485c7c5fc06a701\",\"name\":\"elleven\",\"image\":{\"@type\":\"ImageObject\",\"inLanguage\":\"pt-BR\",\"@id\":\"https:\/\/previews.elleven.digital\/acocearense\/#\/schema\/person\/image\/\",\"url\":\"https:\/\/secure.gravatar.com\/avatar\/2a6afb49d9ecfed5dbc6c9606ce318b8bd07c077835179bddfd5d8209c03cb29?s=96&d=mm&r=g\",\"contentUrl\":\"https:\/\/secure.gravatar.com\/avatar\/2a6afb49d9ecfed5dbc6c9606ce318b8bd07c077835179bddfd5d8209c03cb29?s=96&d=mm&r=g\",\"caption\":\"elleven\"},\"sameAs\":[\"http:\/\/localhost\/acocearense\"],\"url\":\"https:\/\/previews.elleven.digital\/acocearense\/author\/elleven\/\"}]}<\/script>\n<!-- \/ Yoast SEO plugin. -->","yoast_head_json":{"title":"Conhe\u00e7a o perfil do consumidor de seus produtos e aumente as vendas - Grupo A\u00e7o Cearense","robots":{"index":"index","follow":"follow","max-snippet":"max-snippet:-1","max-image-preview":"max-image-preview:large","max-video-preview":"max-video-preview:-1"},"canonical":"https:\/\/previews.elleven.digital\/acocearense\/conheca-o-perfil-do-consumidor-de-seus-produtos-e-aumente-as-vendas\/","og_locale":"pt_BR","og_type":"article","og_title":"Conhe\u00e7a o perfil do consumidor de seus produtos e aumente as vendas - Grupo A\u00e7o Cearense","og_description":"Para criar estrat\u00e9gias mais eficientes para a sua empresa, \u00e9 essencial conhecer o perfil do(...)","og_url":"https:\/\/previews.elleven.digital\/acocearense\/conheca-o-perfil-do-consumidor-de-seus-produtos-e-aumente-as-vendas\/","og_site_name":"Grupo A\u00e7o Cearense","article_published_time":"2019-11-13T13:23:31+00:00","article_modified_time":"2025-05-07T13:23:48+00:00","og_image":[{"width":1090,"height":720,"url":"https:\/\/previews.elleven.digital\/acocearense\/wp-content\/uploads\/2025\/05\/311944-conheca-o-perfil-do-consumidor-de-seus-produtos-e-aumente-as-vendas-1090x720-1.jpg","type":"image\/jpeg"}],"author":"elleven","twitter_card":"summary_large_image","twitter_misc":{"Escrito por":"elleven","Est. tempo de leitura":"4 minutos"},"schema":{"@context":"https:\/\/schema.org","@graph":[{"@type":"WebPage","@id":"https:\/\/previews.elleven.digital\/acocearense\/conheca-o-perfil-do-consumidor-de-seus-produtos-e-aumente-as-vendas\/","url":"https:\/\/previews.elleven.digital\/acocearense\/conheca-o-perfil-do-consumidor-de-seus-produtos-e-aumente-as-vendas\/","name":"Conhe\u00e7a o perfil do consumidor de seus produtos e aumente as vendas - Grupo A\u00e7o Cearense","isPartOf":{"@id":"https:\/\/previews.elleven.digital\/acocearense\/#website"},"primaryImageOfPage":{"@id":"https:\/\/previews.elleven.digital\/acocearense\/conheca-o-perfil-do-consumidor-de-seus-produtos-e-aumente-as-vendas\/#primaryimage"},"image":{"@id":"https:\/\/previews.elleven.digital\/acocearense\/conheca-o-perfil-do-consumidor-de-seus-produtos-e-aumente-as-vendas\/#primaryimage"},"thumbnailUrl":"https:\/\/previews.elleven.digital\/acocearense\/wp-content\/uploads\/2025\/05\/311944-conheca-o-perfil-do-consumidor-de-seus-produtos-e-aumente-as-vendas-1090x720-1.jpg","datePublished":"2019-11-13T13:23:31+00:00","dateModified":"2025-05-07T13:23:48+00:00","author":{"@id":"https:\/\/previews.elleven.digital\/acocearense\/#\/schema\/person\/8e9165eb3c33e0860485c7c5fc06a701"},"breadcrumb":{"@id":"https:\/\/previews.elleven.digital\/acocearense\/conheca-o-perfil-do-consumidor-de-seus-produtos-e-aumente-as-vendas\/#breadcrumb"},"inLanguage":"pt-BR","potentialAction":[{"@type":"ReadAction","target":["https:\/\/previews.elleven.digital\/acocearense\/conheca-o-perfil-do-consumidor-de-seus-produtos-e-aumente-as-vendas\/"]}]},{"@type":"ImageObject","inLanguage":"pt-BR","@id":"https:\/\/previews.elleven.digital\/acocearense\/conheca-o-perfil-do-consumidor-de-seus-produtos-e-aumente-as-vendas\/#primaryimage","url":"https:\/\/previews.elleven.digital\/acocearense\/wp-content\/uploads\/2025\/05\/311944-conheca-o-perfil-do-consumidor-de-seus-produtos-e-aumente-as-vendas-1090x720-1.jpg","contentUrl":"https:\/\/previews.elleven.digital\/acocearense\/wp-content\/uploads\/2025\/05\/311944-conheca-o-perfil-do-consumidor-de-seus-produtos-e-aumente-as-vendas-1090x720-1.jpg","width":1090,"height":720},{"@type":"BreadcrumbList","@id":"https:\/\/previews.elleven.digital\/acocearense\/conheca-o-perfil-do-consumidor-de-seus-produtos-e-aumente-as-vendas\/#breadcrumb","itemListElement":[{"@type":"ListItem","position":1,"name":"In\u00edcio","item":"https:\/\/previews.elleven.digital\/acocearense\/"},{"@type":"ListItem","position":2,"name":"Conhe\u00e7a o perfil do consumidor de seus produtos e aumente as vendas"}]},{"@type":"WebSite","@id":"https:\/\/previews.elleven.digital\/acocearense\/#website","url":"https:\/\/previews.elleven.digital\/acocearense\/","name":"A\u00e7o Cearense","description":"H\u00e1 mais de 45 anos no mercado brasileiro do a\u00e7o.","alternateName":"A\u00e7o Cearense","potentialAction":[{"@type":"SearchAction","target":{"@type":"EntryPoint","urlTemplate":"https:\/\/previews.elleven.digital\/acocearense\/?s={search_term_string}"},"query-input":{"@type":"PropertyValueSpecification","valueRequired":true,"valueName":"search_term_string"}}],"inLanguage":"pt-BR"},{"@type":"Person","@id":"https:\/\/previews.elleven.digital\/acocearense\/#\/schema\/person\/8e9165eb3c33e0860485c7c5fc06a701","name":"elleven","image":{"@type":"ImageObject","inLanguage":"pt-BR","@id":"https:\/\/previews.elleven.digital\/acocearense\/#\/schema\/person\/image\/","url":"https:\/\/secure.gravatar.com\/avatar\/2a6afb49d9ecfed5dbc6c9606ce318b8bd07c077835179bddfd5d8209c03cb29?s=96&d=mm&r=g","contentUrl":"https:\/\/secure.gravatar.com\/avatar\/2a6afb49d9ecfed5dbc6c9606ce318b8bd07c077835179bddfd5d8209c03cb29?s=96&d=mm&r=g","caption":"elleven"},"sameAs":["http:\/\/localhost\/acocearense"],"url":"https:\/\/previews.elleven.digital\/acocearense\/author\/elleven\/"}]}},"_links":{"self":[{"href":"https:\/\/previews.elleven.digital\/acocearense\/wp-json\/wp\/v2\/posts\/1252","targetHints":{"allow":["GET"]}}],"collection":[{"href":"https:\/\/previews.elleven.digital\/acocearense\/wp-json\/wp\/v2\/posts"}],"about":[{"href":"https:\/\/previews.elleven.digital\/acocearense\/wp-json\/wp\/v2\/types\/post"}],"author":[{"embeddable":true,"href":"https:\/\/previews.elleven.digital\/acocearense\/wp-json\/wp\/v2\/users\/1"}],"replies":[{"embeddable":true,"href":"https:\/\/previews.elleven.digital\/acocearense\/wp-json\/wp\/v2\/comments?post=1252"}],"version-history":[{"count":1,"href":"https:\/\/previews.elleven.digital\/acocearense\/wp-json\/wp\/v2\/posts\/1252\/revisions"}],"predecessor-version":[{"id":1253,"href":"https:\/\/previews.elleven.digital\/acocearense\/wp-json\/wp\/v2\/posts\/1252\/revisions\/1253"}],"wp:featuredmedia":[{"embeddable":true,"href":"https:\/\/previews.elleven.digital\/acocearense\/wp-json\/wp\/v2\/media\/1237"}],"wp:attachment":[{"href":"https:\/\/previews.elleven.digital\/acocearense\/wp-json\/wp\/v2\/media?parent=1252"}],"wp:term":[{"taxonomy":"category","embeddable":true,"href":"https:\/\/previews.elleven.digital\/acocearense\/wp-json\/wp\/v2\/categories?post=1252"},{"taxonomy":"post_tag","embeddable":true,"href":"https:\/\/previews.elleven.digital\/acocearense\/wp-json\/wp\/v2\/tags?post=1252"}],"curies":[{"name":"wp","href":"https:\/\/api.w.org\/{rel}","templated":true}]}}