{"id":1248,"date":"2019-09-12T10:22:34","date_gmt":"2019-09-12T13:22:34","guid":{"rendered":"https:\/\/previews.elleven.digital\/acocearense\/?p=1248"},"modified":"2025-05-07T10:22:59","modified_gmt":"2025-05-07T13:22:59","slug":"qual-a-importancia-da-comunicacao-nas-empresas-entenda","status":"publish","type":"post","link":"https:\/\/previews.elleven.digital\/acocearense\/qual-a-importancia-da-comunicacao-nas-empresas-entenda\/","title":{"rendered":"Qual a import\u00e2ncia da comunica\u00e7\u00e3o nas empresas? Entenda!"},"content":{"rendered":"<p>Atualmente, muito se fala sobre comunica\u00e7\u00e3o. H\u00e1 uma s\u00e9rie de estudos e tecnologias dedicados a melhorar o di\u00e1logo que ocorre dentro das organiza\u00e7\u00f5es, tornando-o mais fluido, preciso e consistente. Nesse contexto, qual a import\u00e2ncia da comunica\u00e7\u00e3o nas empresas?<\/p>\n<p>Sem qualquer d\u00favida, um dos elementos mais importantes para o sucesso dos neg\u00f3cios \u00e9 o di\u00e1logo que ocorre no ambiente interno. Isso contribui para o alinhamento e execu\u00e7\u00e3o das\u00a0<a href=\"https:\/\/previews.elleven.digital\/acocearense\/blog\/gestao\/como-se-diferenciar-da-concorrencia\/?setlang=no\" target=\"_blank\" rel=\"noopener noreferrer\">estrat\u00e9gias<\/a>, bem como para a redu\u00e7\u00e3o dos problemas, para citar apenas dois exemplos.<\/p>\n<p>Nos t\u00f3picos seguintes, vamos nos aprofundar no assunto e apresentaremos reflex\u00f5es sobre a import\u00e2ncia da comunica\u00e7\u00e3o nas empresas. Portanto, continue sua leitura com aten\u00e7\u00e3o.<\/p>\n<h2>Permite o alinhamento para elaborar e executar estrat\u00e9gias<\/h2>\n<p>Todo mercado tem recursos escassos. H\u00e1\u00a0uma quantidade limitada de clientes, fornecedores e dinheiro em circula\u00e7\u00e3o, tornando-se necess\u00e1rio competir por eles. Mas ningu\u00e9m age de qualquer forma, pois se utilizam objetivos, estrat\u00e9gias e t\u00e1ticas bem delimitadas para alcan\u00e7ar o sucesso.<\/p>\n<p>No entanto, para executar a estrat\u00e9gia, a comunica\u00e7\u00e3o \u00e9 um elemento-chave. \u00c9 preciso comunicar a todos os funcion\u00e1rios o que ser\u00e1 feito, por qual motivo e como. Sem di\u00e1logo, uma estrat\u00e9gia n\u00e3o seria executada, ou estaria condenada ao fracasso desde o princ\u00edpio.<\/p>\n<h2>Reduz o n\u00famero de erros, conflitos e acidentes internos<\/h2>\n<p>Todos os anos, h\u00e1 uma grande quantidade de acidentes no ambiente de trabalho, alguns realmente tr\u00e1gicos. Com maior frequ\u00eancia, existem erros operacionais (que custam caro e demandam retrabalho) e\u00a0<a href=\"https:\/\/previews.elleven.digital\/acocearense\/blog\/gestao\/gestao-de-conflitos\/?setlang=no\" target=\"_blank\" rel=\"noopener noreferrer\">conflitos interpessoais<\/a>, como fofocas e, at\u00e9, brigas f\u00edsicas.<\/p>\n<p>A correta comunica\u00e7\u00e3o evita esses problemas, pois mant\u00e9m os profissionais alinhados e reduz o n\u00famero de atritos interpessoais. Tamb\u00e9m potencializa a observ\u00e2ncia das normas de seguran\u00e7a e padr\u00f5es de conduta, resultando em mais harmonia e seguran\u00e7a.<\/p>\n<h2>Aumenta a satisfa\u00e7\u00e3o dos clientes finais<\/h2>\n<p>Todos os anos, uma grande quantidade de clientes migra para a concorr\u00eancia. O maior motivo n\u00e3o \u00e9 a qualidade ou o pre\u00e7o dos produtos, mas a insatisfa\u00e7\u00e3o com o atendimento. Funcion\u00e1rios que n\u00e3o se comunicam bem oferecem uma experi\u00eancia prec\u00e1ria.<\/p>\n<p>Nesse sentido, a pr\u00f3pria satisfa\u00e7\u00e3o do cliente depende da comunica\u00e7\u00e3o que ocorre dentro da empresa. Se o di\u00e1logo \u00e9 prejudicado, o atendimento se torna mais demorado, menos polido e impreciso. O contr\u00e1rio tamb\u00e9m \u00e9 v\u00e1lido. Logo, a correta comunica\u00e7\u00e3o resulta em satisfa\u00e7\u00e3o.<\/p>\n<h2>Gera alto retornos sobre investimento<\/h2>\n<p>Toda empresa conta com recursos financeiros limitados; logo, \u00e9 preciso investir de forma estrat\u00e9gica e colocar dinheiro onde gerar mais retorno. A comunica\u00e7\u00e3o \u00e9 um bom exemplo disso, e ela oferece retorno financeiro de tr\u00eas principais formas:<\/p>\n<ol>\n<li>aumentando o n\u00famero de neg\u00f3cios fechados;<\/li>\n<li><a href=\"https:\/\/previews.elleven.digital\/acocearense\/blog\/abrindo-o-negocio\/como-a-gestao-estrategica-de-pessoas-pode-ajudar-a-reduzir-custos\/?setlang=no\" target=\"_blank\" rel=\"noopener noreferrer\">reduzindo os custos<\/a>\u00a0com erros, acidentes e problemas;<\/li>\n<li>otimizando a produtividade do dia a dia.<\/li>\n<\/ol>\n<p>Veja que a comunica\u00e7\u00e3o \u00e9 importante por v\u00e1rios motivos, inclusive financeiros. Empresas que n\u00e3o se comunicam tendem a falhar com maior frequ\u00eancia e perder boas oportunidades.<\/p>\n<p>Portanto, \u00e9 preciso concentrar esfor\u00e7os na<a href=\"https:\/\/previews.elleven.digital\/acocearense\/blog\/gestao\/conheca-4-aplicativos-de-celular-para-melhorar-a-comunicacao-da-sua-equipe\/?setlang=no\" target=\"_blank\" rel=\"noopener noreferrer\">\u00a0melhoria da comunica\u00e7\u00e3o<\/a>. Esse processo pode at\u00e9 ter um in\u00edcio, mas n\u00e3o tem um fim \u2014 \u00e9 preciso melhorar sempre e eliminar \u201cgargalos\u201d. Para melhorar o di\u00e1logo, atue em dois sentidos: primeiro, conscientize os l\u00edderes da import\u00e2ncia do assunto. Depois, integre novos canais que gerem fluidez e acerto no di\u00e1logo.<\/p>\n<p>Agora que est\u00e1 por dentro do tema e sabe a import\u00e2ncia da comunica\u00e7\u00e3o nas empresas, aproveite para continuar aprendendo conosco. Siga nossas redes sociais \u2014 estamos no\u00a0<a href=\"https:\/\/www.facebook.com\/grupoacocearense\/\">Facebook<\/a>\u00a0e\u00a0<a href=\"https:\/\/www.linkedin.com\/company-beta\/24776982\/admin\/overview\/\">LinkedIn<\/a>. Vamos l\u00e1!<\/p>\n<div class=\"article-footer clearfix\">\n<div class=\"clearfix top-footer\">\n<div class=\"post-tags pull-left\"><\/div>\n<\/div>\n<\/div>\n","protected":false},"excerpt":{"rendered":"<p>Atualmente, muito se fala sobre comunica\u00e7\u00e3o. H\u00e1 uma s\u00e9rie de estudos e tecnologias dedicados a(&#8230;)<\/p>\n","protected":false},"author":1,"featured_media":1239,"comment_status":"open","ping_status":"open","sticky":false,"template":"","format":"standard","meta":{"_acf_changed":false,"inline_featured_image":false,"footnotes":""},"categories":[28],"tags":[],"class_list":["post-1248","post","type-post","status-publish","format-standard","has-post-thumbnail","hentry","category-gestao"],"acf":[],"yoast_head":"<!-- This site is optimized with the Yoast SEO plugin v25.9 - https:\/\/yoast.com\/wordpress\/plugins\/seo\/ -->\n<title>Qual a import\u00e2ncia da comunica\u00e7\u00e3o nas empresas? Entenda! - Grupo A\u00e7o Cearense<\/title>\n<meta name=\"robots\" content=\"index, follow, max-snippet:-1, max-image-preview:large, max-video-preview:-1\" \/>\n<link rel=\"canonical\" href=\"https:\/\/previews.elleven.digital\/acocearense\/qual-a-importancia-da-comunicacao-nas-empresas-entenda\/\" \/>\n<meta property=\"og:locale\" content=\"pt_BR\" \/>\n<meta property=\"og:type\" content=\"article\" \/>\n<meta property=\"og:title\" content=\"Qual a import\u00e2ncia da comunica\u00e7\u00e3o nas empresas? Entenda! - Grupo A\u00e7o Cearense\" \/>\n<meta property=\"og:description\" content=\"Atualmente, muito se fala sobre comunica\u00e7\u00e3o. H\u00e1 uma s\u00e9rie de estudos e tecnologias dedicados a(...)\" \/>\n<meta property=\"og:url\" content=\"https:\/\/previews.elleven.digital\/acocearense\/qual-a-importancia-da-comunicacao-nas-empresas-entenda\/\" \/>\n<meta property=\"og:site_name\" content=\"Grupo A\u00e7o Cearense\" \/>\n<meta property=\"article:published_time\" content=\"2019-09-12T13:22:34+00:00\" \/>\n<meta property=\"article:modified_time\" content=\"2025-05-07T13:22:59+00:00\" \/>\n<meta property=\"og:image\" content=\"https:\/\/previews.elleven.digital\/acocearense\/wp-content\/uploads\/2025\/05\/305930-qual-a-importancia-da-comunicacao-nas-empresas-entenda-1090x720-1.jpg\" \/>\n\t<meta property=\"og:image:width\" content=\"1090\" \/>\n\t<meta property=\"og:image:height\" content=\"720\" \/>\n\t<meta property=\"og:image:type\" content=\"image\/jpeg\" \/>\n<meta name=\"author\" content=\"elleven\" \/>\n<meta name=\"twitter:card\" content=\"summary_large_image\" \/>\n<meta name=\"twitter:label1\" content=\"Escrito por\" \/>\n\t<meta name=\"twitter:data1\" content=\"elleven\" \/>\n\t<meta name=\"twitter:label2\" content=\"Est. tempo de leitura\" \/>\n\t<meta name=\"twitter:data2\" content=\"3 minutos\" \/>\n<script type=\"application\/ld+json\" class=\"yoast-schema-graph\">{\"@context\":\"https:\/\/schema.org\",\"@graph\":[{\"@type\":\"WebPage\",\"@id\":\"https:\/\/previews.elleven.digital\/acocearense\/qual-a-importancia-da-comunicacao-nas-empresas-entenda\/\",\"url\":\"https:\/\/previews.elleven.digital\/acocearense\/qual-a-importancia-da-comunicacao-nas-empresas-entenda\/\",\"name\":\"Qual a import\u00e2ncia da comunica\u00e7\u00e3o nas empresas? Entenda! - Grupo A\u00e7o Cearense\",\"isPartOf\":{\"@id\":\"https:\/\/previews.elleven.digital\/acocearense\/#website\"},\"primaryImageOfPage\":{\"@id\":\"https:\/\/previews.elleven.digital\/acocearense\/qual-a-importancia-da-comunicacao-nas-empresas-entenda\/#primaryimage\"},\"image\":{\"@id\":\"https:\/\/previews.elleven.digital\/acocearense\/qual-a-importancia-da-comunicacao-nas-empresas-entenda\/#primaryimage\"},\"thumbnailUrl\":\"https:\/\/previews.elleven.digital\/acocearense\/wp-content\/uploads\/2025\/05\/305930-qual-a-importancia-da-comunicacao-nas-empresas-entenda-1090x720-1.jpg\",\"datePublished\":\"2019-09-12T13:22:34+00:00\",\"dateModified\":\"2025-05-07T13:22:59+00:00\",\"author\":{\"@id\":\"https:\/\/previews.elleven.digital\/acocearense\/#\/schema\/person\/8e9165eb3c33e0860485c7c5fc06a701\"},\"breadcrumb\":{\"@id\":\"https:\/\/previews.elleven.digital\/acocearense\/qual-a-importancia-da-comunicacao-nas-empresas-entenda\/#breadcrumb\"},\"inLanguage\":\"pt-BR\",\"potentialAction\":[{\"@type\":\"ReadAction\",\"target\":[\"https:\/\/previews.elleven.digital\/acocearense\/qual-a-importancia-da-comunicacao-nas-empresas-entenda\/\"]}]},{\"@type\":\"ImageObject\",\"inLanguage\":\"pt-BR\",\"@id\":\"https:\/\/previews.elleven.digital\/acocearense\/qual-a-importancia-da-comunicacao-nas-empresas-entenda\/#primaryimage\",\"url\":\"https:\/\/previews.elleven.digital\/acocearense\/wp-content\/uploads\/2025\/05\/305930-qual-a-importancia-da-comunicacao-nas-empresas-entenda-1090x720-1.jpg\",\"contentUrl\":\"https:\/\/previews.elleven.digital\/acocearense\/wp-content\/uploads\/2025\/05\/305930-qual-a-importancia-da-comunicacao-nas-empresas-entenda-1090x720-1.jpg\",\"width\":1090,\"height\":720},{\"@type\":\"BreadcrumbList\",\"@id\":\"https:\/\/previews.elleven.digital\/acocearense\/qual-a-importancia-da-comunicacao-nas-empresas-entenda\/#breadcrumb\",\"itemListElement\":[{\"@type\":\"ListItem\",\"position\":1,\"name\":\"In\u00edcio\",\"item\":\"https:\/\/previews.elleven.digital\/acocearense\/\"},{\"@type\":\"ListItem\",\"position\":2,\"name\":\"Qual a import\u00e2ncia da comunica\u00e7\u00e3o nas empresas? Entenda!\"}]},{\"@type\":\"WebSite\",\"@id\":\"https:\/\/previews.elleven.digital\/acocearense\/#website\",\"url\":\"https:\/\/previews.elleven.digital\/acocearense\/\",\"name\":\"A\u00e7o Cearense\",\"description\":\"H\u00e1 mais de 45 anos no mercado brasileiro do a\u00e7o.\",\"alternateName\":\"A\u00e7o Cearense\",\"potentialAction\":[{\"@type\":\"SearchAction\",\"target\":{\"@type\":\"EntryPoint\",\"urlTemplate\":\"https:\/\/previews.elleven.digital\/acocearense\/?s={search_term_string}\"},\"query-input\":{\"@type\":\"PropertyValueSpecification\",\"valueRequired\":true,\"valueName\":\"search_term_string\"}}],\"inLanguage\":\"pt-BR\"},{\"@type\":\"Person\",\"@id\":\"https:\/\/previews.elleven.digital\/acocearense\/#\/schema\/person\/8e9165eb3c33e0860485c7c5fc06a701\",\"name\":\"elleven\",\"image\":{\"@type\":\"ImageObject\",\"inLanguage\":\"pt-BR\",\"@id\":\"https:\/\/previews.elleven.digital\/acocearense\/#\/schema\/person\/image\/\",\"url\":\"https:\/\/secure.gravatar.com\/avatar\/2a6afb49d9ecfed5dbc6c9606ce318b8bd07c077835179bddfd5d8209c03cb29?s=96&d=mm&r=g\",\"contentUrl\":\"https:\/\/secure.gravatar.com\/avatar\/2a6afb49d9ecfed5dbc6c9606ce318b8bd07c077835179bddfd5d8209c03cb29?s=96&d=mm&r=g\",\"caption\":\"elleven\"},\"sameAs\":[\"http:\/\/localhost\/acocearense\"],\"url\":\"https:\/\/previews.elleven.digital\/acocearense\/author\/elleven\/\"}]}<\/script>\n<!-- \/ Yoast SEO plugin. -->","yoast_head_json":{"title":"Qual a import\u00e2ncia da comunica\u00e7\u00e3o nas empresas? Entenda! - Grupo A\u00e7o Cearense","robots":{"index":"index","follow":"follow","max-snippet":"max-snippet:-1","max-image-preview":"max-image-preview:large","max-video-preview":"max-video-preview:-1"},"canonical":"https:\/\/previews.elleven.digital\/acocearense\/qual-a-importancia-da-comunicacao-nas-empresas-entenda\/","og_locale":"pt_BR","og_type":"article","og_title":"Qual a import\u00e2ncia da comunica\u00e7\u00e3o nas empresas? Entenda! - Grupo A\u00e7o Cearense","og_description":"Atualmente, muito se fala sobre comunica\u00e7\u00e3o. H\u00e1 uma s\u00e9rie de estudos e tecnologias dedicados a(...)","og_url":"https:\/\/previews.elleven.digital\/acocearense\/qual-a-importancia-da-comunicacao-nas-empresas-entenda\/","og_site_name":"Grupo A\u00e7o Cearense","article_published_time":"2019-09-12T13:22:34+00:00","article_modified_time":"2025-05-07T13:22:59+00:00","og_image":[{"width":1090,"height":720,"url":"https:\/\/previews.elleven.digital\/acocearense\/wp-content\/uploads\/2025\/05\/305930-qual-a-importancia-da-comunicacao-nas-empresas-entenda-1090x720-1.jpg","type":"image\/jpeg"}],"author":"elleven","twitter_card":"summary_large_image","twitter_misc":{"Escrito por":"elleven","Est. tempo de leitura":"3 minutos"},"schema":{"@context":"https:\/\/schema.org","@graph":[{"@type":"WebPage","@id":"https:\/\/previews.elleven.digital\/acocearense\/qual-a-importancia-da-comunicacao-nas-empresas-entenda\/","url":"https:\/\/previews.elleven.digital\/acocearense\/qual-a-importancia-da-comunicacao-nas-empresas-entenda\/","name":"Qual a import\u00e2ncia da comunica\u00e7\u00e3o nas empresas? Entenda! - Grupo A\u00e7o Cearense","isPartOf":{"@id":"https:\/\/previews.elleven.digital\/acocearense\/#website"},"primaryImageOfPage":{"@id":"https:\/\/previews.elleven.digital\/acocearense\/qual-a-importancia-da-comunicacao-nas-empresas-entenda\/#primaryimage"},"image":{"@id":"https:\/\/previews.elleven.digital\/acocearense\/qual-a-importancia-da-comunicacao-nas-empresas-entenda\/#primaryimage"},"thumbnailUrl":"https:\/\/previews.elleven.digital\/acocearense\/wp-content\/uploads\/2025\/05\/305930-qual-a-importancia-da-comunicacao-nas-empresas-entenda-1090x720-1.jpg","datePublished":"2019-09-12T13:22:34+00:00","dateModified":"2025-05-07T13:22:59+00:00","author":{"@id":"https:\/\/previews.elleven.digital\/acocearense\/#\/schema\/person\/8e9165eb3c33e0860485c7c5fc06a701"},"breadcrumb":{"@id":"https:\/\/previews.elleven.digital\/acocearense\/qual-a-importancia-da-comunicacao-nas-empresas-entenda\/#breadcrumb"},"inLanguage":"pt-BR","potentialAction":[{"@type":"ReadAction","target":["https:\/\/previews.elleven.digital\/acocearense\/qual-a-importancia-da-comunicacao-nas-empresas-entenda\/"]}]},{"@type":"ImageObject","inLanguage":"pt-BR","@id":"https:\/\/previews.elleven.digital\/acocearense\/qual-a-importancia-da-comunicacao-nas-empresas-entenda\/#primaryimage","url":"https:\/\/previews.elleven.digital\/acocearense\/wp-content\/uploads\/2025\/05\/305930-qual-a-importancia-da-comunicacao-nas-empresas-entenda-1090x720-1.jpg","contentUrl":"https:\/\/previews.elleven.digital\/acocearense\/wp-content\/uploads\/2025\/05\/305930-qual-a-importancia-da-comunicacao-nas-empresas-entenda-1090x720-1.jpg","width":1090,"height":720},{"@type":"BreadcrumbList","@id":"https:\/\/previews.elleven.digital\/acocearense\/qual-a-importancia-da-comunicacao-nas-empresas-entenda\/#breadcrumb","itemListElement":[{"@type":"ListItem","position":1,"name":"In\u00edcio","item":"https:\/\/previews.elleven.digital\/acocearense\/"},{"@type":"ListItem","position":2,"name":"Qual a import\u00e2ncia da comunica\u00e7\u00e3o nas empresas? Entenda!"}]},{"@type":"WebSite","@id":"https:\/\/previews.elleven.digital\/acocearense\/#website","url":"https:\/\/previews.elleven.digital\/acocearense\/","name":"A\u00e7o Cearense","description":"H\u00e1 mais de 45 anos no mercado brasileiro do a\u00e7o.","alternateName":"A\u00e7o Cearense","potentialAction":[{"@type":"SearchAction","target":{"@type":"EntryPoint","urlTemplate":"https:\/\/previews.elleven.digital\/acocearense\/?s={search_term_string}"},"query-input":{"@type":"PropertyValueSpecification","valueRequired":true,"valueName":"search_term_string"}}],"inLanguage":"pt-BR"},{"@type":"Person","@id":"https:\/\/previews.elleven.digital\/acocearense\/#\/schema\/person\/8e9165eb3c33e0860485c7c5fc06a701","name":"elleven","image":{"@type":"ImageObject","inLanguage":"pt-BR","@id":"https:\/\/previews.elleven.digital\/acocearense\/#\/schema\/person\/image\/","url":"https:\/\/secure.gravatar.com\/avatar\/2a6afb49d9ecfed5dbc6c9606ce318b8bd07c077835179bddfd5d8209c03cb29?s=96&d=mm&r=g","contentUrl":"https:\/\/secure.gravatar.com\/avatar\/2a6afb49d9ecfed5dbc6c9606ce318b8bd07c077835179bddfd5d8209c03cb29?s=96&d=mm&r=g","caption":"elleven"},"sameAs":["http:\/\/localhost\/acocearense"],"url":"https:\/\/previews.elleven.digital\/acocearense\/author\/elleven\/"}]}},"_links":{"self":[{"href":"https:\/\/previews.elleven.digital\/acocearense\/wp-json\/wp\/v2\/posts\/1248","targetHints":{"allow":["GET"]}}],"collection":[{"href":"https:\/\/previews.elleven.digital\/acocearense\/wp-json\/wp\/v2\/posts"}],"about":[{"href":"https:\/\/previews.elleven.digital\/acocearense\/wp-json\/wp\/v2\/types\/post"}],"author":[{"embeddable":true,"href":"https:\/\/previews.elleven.digital\/acocearense\/wp-json\/wp\/v2\/users\/1"}],"replies":[{"embeddable":true,"href":"https:\/\/previews.elleven.digital\/acocearense\/wp-json\/wp\/v2\/comments?post=1248"}],"version-history":[{"count":1,"href":"https:\/\/previews.elleven.digital\/acocearense\/wp-json\/wp\/v2\/posts\/1248\/revisions"}],"predecessor-version":[{"id":1249,"href":"https:\/\/previews.elleven.digital\/acocearense\/wp-json\/wp\/v2\/posts\/1248\/revisions\/1249"}],"wp:featuredmedia":[{"embeddable":true,"href":"https:\/\/previews.elleven.digital\/acocearense\/wp-json\/wp\/v2\/media\/1239"}],"wp:attachment":[{"href":"https:\/\/previews.elleven.digital\/acocearense\/wp-json\/wp\/v2\/media?parent=1248"}],"wp:term":[{"taxonomy":"category","embeddable":true,"href":"https:\/\/previews.elleven.digital\/acocearense\/wp-json\/wp\/v2\/categories?post=1248"},{"taxonomy":"post_tag","embeddable":true,"href":"https:\/\/previews.elleven.digital\/acocearense\/wp-json\/wp\/v2\/tags?post=1248"}],"curies":[{"name":"wp","href":"https:\/\/api.w.org\/{rel}","templated":true}]}}