{"id":1225,"date":"2019-08-01T10:15:56","date_gmt":"2019-08-01T13:15:56","guid":{"rendered":"https:\/\/previews.elleven.digital\/acocearense\/?p=1225"},"modified":"2025-05-07T10:16:37","modified_gmt":"2025-05-07T13:16:37","slug":"aprenda-aqui-como-fazer-um-previsao-de-demanda","status":"publish","type":"post","link":"https:\/\/previews.elleven.digital\/acocearense\/aprenda-aqui-como-fazer-um-previsao-de-demanda\/","title":{"rendered":"Aprenda aqui como fazer um previs\u00e3o de demanda!"},"content":{"rendered":"<p>Tomar decis\u00f5es apoiada em dados e n\u00e3o em achismos \u00e9 completamente inevit\u00e1vel para uma gest\u00e3o eficiente de qualquer empresa. Logo, a previs\u00e3o de demanda \u00e9 uma metodologia bastante eficaz.<\/p>\n<p>Sua utiliza\u00e7\u00e3o auxilia as empresas na administra\u00e7\u00e3o eficiente dos seus estoques, como tamb\u00e9m na proje\u00e7\u00e3o financeira e no estudo de viabilidade para uma poss\u00edvel amplia\u00e7\u00e3o do neg\u00f3cio.<\/p>\n<p>Quer saber mais a respeito dessa metodologia e como realiz\u00e1-la em sua empresa? Ent\u00e3o, continue com a leitura!<\/p>\n<h2>O que \u00e9 previs\u00e3o de demanda?<\/h2>\n<p>\u00c9 o procedimento que tem como objetivo projetar a necessidade por um produto. Ao fazer a previs\u00e3o, deve-se levar em conta os indicadores econ\u00f4micos, o relat\u00f3rio de vendas e as inten\u00e7\u00f5es da empresa ao analisar se as vendas tiveram um aumento ou n\u00e3o durante determinado per\u00edodo.<\/p>\n<p>Confira alguns pontos que podem ser avaliados de forma bastante segura com o uso dessa metodologia:<\/p>\n<ul>\n<li>necessidade de contrata\u00e7\u00e3o de mais colaboradores para atender a nova demanda;<\/li>\n<li>investimento em a\u00e7\u00f5es de marketing e em insumos;<\/li>\n<li>fluxo de caixa.<\/li>\n<\/ul>\n<p>O uso dessa ferramenta poder\u00e1 ser utilizada com diferentes objetivos:<\/p>\n<ul>\n<li>com intuito de analisar a demanda de um produto espec\u00edfico;<\/li>\n<li>a partir de uma parcela de mercado.<\/li>\n<\/ul>\n<h2>Como fazer uma correta previs\u00e3o de demanda?<\/h2>\n<p>N\u00e3o importa o porte do seu neg\u00f3cio, manter o controle sobre o estoque \u00e9 uma quest\u00e3o vital para seu empreendimento. J\u00e1 pensou em deixar de atender um cliente por falta de algum produto? Essa situa\u00e7\u00e3o pode comprometer a imagem do seu neg\u00f3cio, levando voc\u00ea n\u00e3o s\u00f3 a perder clientes, como tamb\u00e9m ver seu faturamento cair. A seguir, entenda o que fazer para evitar que isso aconte\u00e7a.<\/p>\n<h3>Definir os objetivos<\/h3>\n<p>N\u00e3o \u00e9 poss\u00edvel fazer a an\u00e1lise da previs\u00e3o sem ter, de forma clara, os objetivos do seu neg\u00f3cio. Lembrando que\u00a0as metas t\u00eam que ser poss\u00edveis e realiz\u00e1veis. No entanto, a defini\u00e7\u00e3o deve\u00a0ser para os cen\u00e1rios de curto, m\u00e9dio e longo prazo, tendo por base\u00a0seu consumo global e fragmentado do produto, do servi\u00e7o ou\u00a0toda sua produ\u00e7\u00e3o.<\/p>\n<h3>Definir o horizonte de tempo<\/h3>\n<p>Baseado nos objetivos, deve ser estabelecida a extens\u00e3o do tempo para qual a demanda ser\u00e1 prevista. Exemplo: determinar que ser\u00e1 por um per\u00edodo de 2 anos.<\/p>\n<h3>Modelo de previs\u00e3o a ser adotado<\/h3>\n<p>Ap\u00f3s a defini\u00e7\u00e3o do objetivo, \u00e9 chegada a hora de selecionar qual o modelo a ser adotado, que pode ser o m\u00e9todo de pesquisas ou os m\u00e9todos estat\u00edsticos.<\/p>\n<h3>Coleta de dados<\/h3>\n<p>A coleta de dados pode ser prim\u00e1ria ou secund\u00e1ria. Os dados prim\u00e1rios s\u00e3o as informa\u00e7\u00f5es que n\u00e3o foram coletados antes e os secund\u00e1rios s\u00e3o aqueles que j\u00e1 foram coletados e que se encontram dispon\u00edveis.<\/p>\n<h3>Estimativa dos resultados<\/h3>\n<p>Depois da coleta de dados, segue-se a estimativa da demanda por um determinado per\u00edodo. Geralmente aparecem na forma de equa\u00e7\u00f5es matem\u00e1ticas e o resultado \u00e9 interpretado e apresentado de maneira mais simples para permitir que os colaboradores as utilizem com facilidade.<\/p>\n<h2>Quais os benef\u00edcios da previs\u00e3o de demanda?<\/h2>\n<p>Entre os benef\u00edcios, podemos destacar:<\/p>\n<ul>\n<li>melhor planejamento e previs\u00f5es futuras do financeiro da empresa;<\/li>\n<li>planejamento das a\u00e7\u00f5es de marketing;<\/li>\n<li>redu\u00e7\u00e3o dos custos de produ\u00e7\u00e3o ou operacionais;<\/li>\n<li>melhora da gest\u00e3o de armazenamento e\u00a0<a href=\"https:\/\/previews.elleven.digital\/acocearense\/blog\/gestao-de-estoque\/curva-abc-solucao-para-os-problemas-de-seu-estoque\/?setlang=no\">controle de estoque<\/a>.<\/li>\n<\/ul>\n<h2>Qual a import\u00e2ncia da previs\u00e3o de demanda?<\/h2>\n<p>A import\u00e2ncia se deve \u00e0 necessidade de saber quais ser\u00e3o, por estimativa,\u00a0<a href=\"https:\/\/previews.elleven.digital\/acocearense\/blog\/gestao\/dicas-essenciais-para-definir-metas-de-vendas-na-sua-empresa\/?setlang=no\">suas vendas<\/a>. Isso possibilita a gest\u00e3o mais eficiente do controle de estoque e da produ\u00e7\u00e3o. Um eventual exagero na aquisi\u00e7\u00e3o de insumos gera preju\u00edzos \u00e0 empresa, como tamb\u00e9m o mau controle do estoque representa um capital parado que poderia ser investido em outras \u00e1reas.<\/p>\n<p>Portanto, a previs\u00e3o de demanda propicia \u00e0s organiza\u00e7\u00f5es informa\u00e7\u00f5es valiosas sobre os mercados em que operam, como tamb\u00e9m sobre os mercados-alvos. Possibilita ainda uma\u00a0<a href=\"https:\/\/previews.elleven.digital\/acocearense\/blog\/gestao\/planilha-ou-software-qual-ferramenta-usar-na-gestao-do-negocio\/?setlang=no\">gest\u00e3o<\/a>\u00a0mais eficiente do estoque e do capital empregado.<\/p>\n<p>Enfim, espero que este texto\u00a0seja \u00fatil para voc\u00ea! D\u00ea\u00a0sua opini\u00e3o e conte\u00a0para n\u00f3s como lida com essa quest\u00e3o na sua empresa.<\/p>\n<div class=\"article-footer clearfix\">\n<div class=\"clearfix top-footer\">\n<div class=\"post-tags pull-left\"><\/div>\n<\/div>\n<\/div>\n","protected":false},"excerpt":{"rendered":"<p>Tomar decis\u00f5es apoiada em dados e n\u00e3o em achismos \u00e9 completamente inevit\u00e1vel para uma gest\u00e3o(&#8230;)<\/p>\n","protected":false},"author":1,"featured_media":1203,"comment_status":"open","ping_status":"open","sticky":false,"template":"","format":"standard","meta":{"_acf_changed":false,"inline_featured_image":false,"footnotes":""},"categories":[27],"tags":[],"class_list":["post-1225","post","type-post","status-publish","format-standard","has-post-thumbnail","hentry","category-abrindo-o-negocio"],"acf":[],"yoast_head":"<!-- This site is optimized with the Yoast SEO plugin v25.9 - https:\/\/yoast.com\/wordpress\/plugins\/seo\/ -->\n<title>Aprenda aqui como fazer um previs\u00e3o de demanda! - Grupo A\u00e7o Cearense<\/title>\n<meta name=\"robots\" content=\"index, follow, max-snippet:-1, max-image-preview:large, max-video-preview:-1\" \/>\n<link rel=\"canonical\" href=\"https:\/\/previews.elleven.digital\/acocearense\/aprenda-aqui-como-fazer-um-previsao-de-demanda\/\" \/>\n<meta property=\"og:locale\" content=\"pt_BR\" \/>\n<meta property=\"og:type\" content=\"article\" \/>\n<meta property=\"og:title\" content=\"Aprenda aqui como fazer um previs\u00e3o de demanda! - Grupo A\u00e7o Cearense\" \/>\n<meta property=\"og:description\" content=\"Tomar decis\u00f5es apoiada em dados e n\u00e3o em achismos \u00e9 completamente inevit\u00e1vel para uma gest\u00e3o(...)\" \/>\n<meta property=\"og:url\" content=\"https:\/\/previews.elleven.digital\/acocearense\/aprenda-aqui-como-fazer-um-previsao-de-demanda\/\" \/>\n<meta property=\"og:site_name\" content=\"Grupo A\u00e7o Cearense\" \/>\n<meta property=\"article:published_time\" content=\"2019-08-01T13:15:56+00:00\" \/>\n<meta property=\"article:modified_time\" content=\"2025-05-07T13:16:37+00:00\" \/>\n<meta property=\"og:image\" content=\"https:\/\/previews.elleven.digital\/acocearense\/wp-content\/uploads\/2025\/05\/300915-aprenda-aqui-como-fazer-um-previsao-de-demanda-1090x720-1.jpg\" \/>\n\t<meta property=\"og:image:width\" content=\"1090\" \/>\n\t<meta property=\"og:image:height\" content=\"720\" \/>\n\t<meta property=\"og:image:type\" content=\"image\/jpeg\" \/>\n<meta name=\"author\" content=\"elleven\" \/>\n<meta name=\"twitter:card\" content=\"summary_large_image\" \/>\n<meta name=\"twitter:label1\" content=\"Escrito por\" \/>\n\t<meta name=\"twitter:data1\" content=\"elleven\" \/>\n\t<meta name=\"twitter:label2\" content=\"Est. tempo de leitura\" \/>\n\t<meta name=\"twitter:data2\" content=\"4 minutos\" \/>\n<script type=\"application\/ld+json\" class=\"yoast-schema-graph\">{\"@context\":\"https:\/\/schema.org\",\"@graph\":[{\"@type\":\"WebPage\",\"@id\":\"https:\/\/previews.elleven.digital\/acocearense\/aprenda-aqui-como-fazer-um-previsao-de-demanda\/\",\"url\":\"https:\/\/previews.elleven.digital\/acocearense\/aprenda-aqui-como-fazer-um-previsao-de-demanda\/\",\"name\":\"Aprenda aqui como fazer um previs\u00e3o de demanda! - Grupo A\u00e7o Cearense\",\"isPartOf\":{\"@id\":\"https:\/\/previews.elleven.digital\/acocearense\/#website\"},\"primaryImageOfPage\":{\"@id\":\"https:\/\/previews.elleven.digital\/acocearense\/aprenda-aqui-como-fazer-um-previsao-de-demanda\/#primaryimage\"},\"image\":{\"@id\":\"https:\/\/previews.elleven.digital\/acocearense\/aprenda-aqui-como-fazer-um-previsao-de-demanda\/#primaryimage\"},\"thumbnailUrl\":\"https:\/\/previews.elleven.digital\/acocearense\/wp-content\/uploads\/2025\/05\/300915-aprenda-aqui-como-fazer-um-previsao-de-demanda-1090x720-1.jpg\",\"datePublished\":\"2019-08-01T13:15:56+00:00\",\"dateModified\":\"2025-05-07T13:16:37+00:00\",\"author\":{\"@id\":\"https:\/\/previews.elleven.digital\/acocearense\/#\/schema\/person\/8e9165eb3c33e0860485c7c5fc06a701\"},\"breadcrumb\":{\"@id\":\"https:\/\/previews.elleven.digital\/acocearense\/aprenda-aqui-como-fazer-um-previsao-de-demanda\/#breadcrumb\"},\"inLanguage\":\"pt-BR\",\"potentialAction\":[{\"@type\":\"ReadAction\",\"target\":[\"https:\/\/previews.elleven.digital\/acocearense\/aprenda-aqui-como-fazer-um-previsao-de-demanda\/\"]}]},{\"@type\":\"ImageObject\",\"inLanguage\":\"pt-BR\",\"@id\":\"https:\/\/previews.elleven.digital\/acocearense\/aprenda-aqui-como-fazer-um-previsao-de-demanda\/#primaryimage\",\"url\":\"https:\/\/previews.elleven.digital\/acocearense\/wp-content\/uploads\/2025\/05\/300915-aprenda-aqui-como-fazer-um-previsao-de-demanda-1090x720-1.jpg\",\"contentUrl\":\"https:\/\/previews.elleven.digital\/acocearense\/wp-content\/uploads\/2025\/05\/300915-aprenda-aqui-como-fazer-um-previsao-de-demanda-1090x720-1.jpg\",\"width\":1090,\"height\":720},{\"@type\":\"BreadcrumbList\",\"@id\":\"https:\/\/previews.elleven.digital\/acocearense\/aprenda-aqui-como-fazer-um-previsao-de-demanda\/#breadcrumb\",\"itemListElement\":[{\"@type\":\"ListItem\",\"position\":1,\"name\":\"In\u00edcio\",\"item\":\"https:\/\/previews.elleven.digital\/acocearense\/\"},{\"@type\":\"ListItem\",\"position\":2,\"name\":\"Aprenda aqui como fazer um previs\u00e3o de demanda!\"}]},{\"@type\":\"WebSite\",\"@id\":\"https:\/\/previews.elleven.digital\/acocearense\/#website\",\"url\":\"https:\/\/previews.elleven.digital\/acocearense\/\",\"name\":\"A\u00e7o Cearense\",\"description\":\"H\u00e1 mais de 45 anos no mercado brasileiro do a\u00e7o.\",\"alternateName\":\"A\u00e7o Cearense\",\"potentialAction\":[{\"@type\":\"SearchAction\",\"target\":{\"@type\":\"EntryPoint\",\"urlTemplate\":\"https:\/\/previews.elleven.digital\/acocearense\/?s={search_term_string}\"},\"query-input\":{\"@type\":\"PropertyValueSpecification\",\"valueRequired\":true,\"valueName\":\"search_term_string\"}}],\"inLanguage\":\"pt-BR\"},{\"@type\":\"Person\",\"@id\":\"https:\/\/previews.elleven.digital\/acocearense\/#\/schema\/person\/8e9165eb3c33e0860485c7c5fc06a701\",\"name\":\"elleven\",\"image\":{\"@type\":\"ImageObject\",\"inLanguage\":\"pt-BR\",\"@id\":\"https:\/\/previews.elleven.digital\/acocearense\/#\/schema\/person\/image\/\",\"url\":\"https:\/\/secure.gravatar.com\/avatar\/2a6afb49d9ecfed5dbc6c9606ce318b8bd07c077835179bddfd5d8209c03cb29?s=96&d=mm&r=g\",\"contentUrl\":\"https:\/\/secure.gravatar.com\/avatar\/2a6afb49d9ecfed5dbc6c9606ce318b8bd07c077835179bddfd5d8209c03cb29?s=96&d=mm&r=g\",\"caption\":\"elleven\"},\"sameAs\":[\"http:\/\/localhost\/acocearense\"],\"url\":\"https:\/\/previews.elleven.digital\/acocearense\/author\/elleven\/\"}]}<\/script>\n<!-- \/ Yoast SEO plugin. -->","yoast_head_json":{"title":"Aprenda aqui como fazer um previs\u00e3o de demanda! - Grupo A\u00e7o Cearense","robots":{"index":"index","follow":"follow","max-snippet":"max-snippet:-1","max-image-preview":"max-image-preview:large","max-video-preview":"max-video-preview:-1"},"canonical":"https:\/\/previews.elleven.digital\/acocearense\/aprenda-aqui-como-fazer-um-previsao-de-demanda\/","og_locale":"pt_BR","og_type":"article","og_title":"Aprenda aqui como fazer um previs\u00e3o de demanda! - Grupo A\u00e7o Cearense","og_description":"Tomar decis\u00f5es apoiada em dados e n\u00e3o em achismos \u00e9 completamente inevit\u00e1vel para uma gest\u00e3o(...)","og_url":"https:\/\/previews.elleven.digital\/acocearense\/aprenda-aqui-como-fazer-um-previsao-de-demanda\/","og_site_name":"Grupo A\u00e7o Cearense","article_published_time":"2019-08-01T13:15:56+00:00","article_modified_time":"2025-05-07T13:16:37+00:00","og_image":[{"width":1090,"height":720,"url":"https:\/\/previews.elleven.digital\/acocearense\/wp-content\/uploads\/2025\/05\/300915-aprenda-aqui-como-fazer-um-previsao-de-demanda-1090x720-1.jpg","type":"image\/jpeg"}],"author":"elleven","twitter_card":"summary_large_image","twitter_misc":{"Escrito por":"elleven","Est. tempo de leitura":"4 minutos"},"schema":{"@context":"https:\/\/schema.org","@graph":[{"@type":"WebPage","@id":"https:\/\/previews.elleven.digital\/acocearense\/aprenda-aqui-como-fazer-um-previsao-de-demanda\/","url":"https:\/\/previews.elleven.digital\/acocearense\/aprenda-aqui-como-fazer-um-previsao-de-demanda\/","name":"Aprenda aqui como fazer um previs\u00e3o de demanda! - Grupo A\u00e7o Cearense","isPartOf":{"@id":"https:\/\/previews.elleven.digital\/acocearense\/#website"},"primaryImageOfPage":{"@id":"https:\/\/previews.elleven.digital\/acocearense\/aprenda-aqui-como-fazer-um-previsao-de-demanda\/#primaryimage"},"image":{"@id":"https:\/\/previews.elleven.digital\/acocearense\/aprenda-aqui-como-fazer-um-previsao-de-demanda\/#primaryimage"},"thumbnailUrl":"https:\/\/previews.elleven.digital\/acocearense\/wp-content\/uploads\/2025\/05\/300915-aprenda-aqui-como-fazer-um-previsao-de-demanda-1090x720-1.jpg","datePublished":"2019-08-01T13:15:56+00:00","dateModified":"2025-05-07T13:16:37+00:00","author":{"@id":"https:\/\/previews.elleven.digital\/acocearense\/#\/schema\/person\/8e9165eb3c33e0860485c7c5fc06a701"},"breadcrumb":{"@id":"https:\/\/previews.elleven.digital\/acocearense\/aprenda-aqui-como-fazer-um-previsao-de-demanda\/#breadcrumb"},"inLanguage":"pt-BR","potentialAction":[{"@type":"ReadAction","target":["https:\/\/previews.elleven.digital\/acocearense\/aprenda-aqui-como-fazer-um-previsao-de-demanda\/"]}]},{"@type":"ImageObject","inLanguage":"pt-BR","@id":"https:\/\/previews.elleven.digital\/acocearense\/aprenda-aqui-como-fazer-um-previsao-de-demanda\/#primaryimage","url":"https:\/\/previews.elleven.digital\/acocearense\/wp-content\/uploads\/2025\/05\/300915-aprenda-aqui-como-fazer-um-previsao-de-demanda-1090x720-1.jpg","contentUrl":"https:\/\/previews.elleven.digital\/acocearense\/wp-content\/uploads\/2025\/05\/300915-aprenda-aqui-como-fazer-um-previsao-de-demanda-1090x720-1.jpg","width":1090,"height":720},{"@type":"BreadcrumbList","@id":"https:\/\/previews.elleven.digital\/acocearense\/aprenda-aqui-como-fazer-um-previsao-de-demanda\/#breadcrumb","itemListElement":[{"@type":"ListItem","position":1,"name":"In\u00edcio","item":"https:\/\/previews.elleven.digital\/acocearense\/"},{"@type":"ListItem","position":2,"name":"Aprenda aqui como fazer um previs\u00e3o de demanda!"}]},{"@type":"WebSite","@id":"https:\/\/previews.elleven.digital\/acocearense\/#website","url":"https:\/\/previews.elleven.digital\/acocearense\/","name":"A\u00e7o Cearense","description":"H\u00e1 mais de 45 anos no mercado brasileiro do a\u00e7o.","alternateName":"A\u00e7o Cearense","potentialAction":[{"@type":"SearchAction","target":{"@type":"EntryPoint","urlTemplate":"https:\/\/previews.elleven.digital\/acocearense\/?s={search_term_string}"},"query-input":{"@type":"PropertyValueSpecification","valueRequired":true,"valueName":"search_term_string"}}],"inLanguage":"pt-BR"},{"@type":"Person","@id":"https:\/\/previews.elleven.digital\/acocearense\/#\/schema\/person\/8e9165eb3c33e0860485c7c5fc06a701","name":"elleven","image":{"@type":"ImageObject","inLanguage":"pt-BR","@id":"https:\/\/previews.elleven.digital\/acocearense\/#\/schema\/person\/image\/","url":"https:\/\/secure.gravatar.com\/avatar\/2a6afb49d9ecfed5dbc6c9606ce318b8bd07c077835179bddfd5d8209c03cb29?s=96&d=mm&r=g","contentUrl":"https:\/\/secure.gravatar.com\/avatar\/2a6afb49d9ecfed5dbc6c9606ce318b8bd07c077835179bddfd5d8209c03cb29?s=96&d=mm&r=g","caption":"elleven"},"sameAs":["http:\/\/localhost\/acocearense"],"url":"https:\/\/previews.elleven.digital\/acocearense\/author\/elleven\/"}]}},"_links":{"self":[{"href":"https:\/\/previews.elleven.digital\/acocearense\/wp-json\/wp\/v2\/posts\/1225","targetHints":{"allow":["GET"]}}],"collection":[{"href":"https:\/\/previews.elleven.digital\/acocearense\/wp-json\/wp\/v2\/posts"}],"about":[{"href":"https:\/\/previews.elleven.digital\/acocearense\/wp-json\/wp\/v2\/types\/post"}],"author":[{"embeddable":true,"href":"https:\/\/previews.elleven.digital\/acocearense\/wp-json\/wp\/v2\/users\/1"}],"replies":[{"embeddable":true,"href":"https:\/\/previews.elleven.digital\/acocearense\/wp-json\/wp\/v2\/comments?post=1225"}],"version-history":[{"count":1,"href":"https:\/\/previews.elleven.digital\/acocearense\/wp-json\/wp\/v2\/posts\/1225\/revisions"}],"predecessor-version":[{"id":1226,"href":"https:\/\/previews.elleven.digital\/acocearense\/wp-json\/wp\/v2\/posts\/1225\/revisions\/1226"}],"wp:featuredmedia":[{"embeddable":true,"href":"https:\/\/previews.elleven.digital\/acocearense\/wp-json\/wp\/v2\/media\/1203"}],"wp:attachment":[{"href":"https:\/\/previews.elleven.digital\/acocearense\/wp-json\/wp\/v2\/media?parent=1225"}],"wp:term":[{"taxonomy":"category","embeddable":true,"href":"https:\/\/previews.elleven.digital\/acocearense\/wp-json\/wp\/v2\/categories?post=1225"},{"taxonomy":"post_tag","embeddable":true,"href":"https:\/\/previews.elleven.digital\/acocearense\/wp-json\/wp\/v2\/tags?post=1225"}],"curies":[{"name":"wp","href":"https:\/\/api.w.org\/{rel}","templated":true}]}}