{"id":1200,"date":"2019-06-06T10:11:23","date_gmt":"2019-06-06T13:11:23","guid":{"rendered":"https:\/\/previews.elleven.digital\/acocearense\/?p=1200"},"modified":"2025-05-07T10:12:39","modified_gmt":"2025-05-07T13:12:39","slug":"entenda-como-definir-criterios-para-a-promocao-de-funcionarios","status":"publish","type":"post","link":"https:\/\/previews.elleven.digital\/acocearense\/entenda-como-definir-criterios-para-a-promocao-de-funcionarios\/","title":{"rendered":"Entenda como definir crit\u00e9rios para a promo\u00e7\u00e3o de funcion\u00e1rios"},"content":{"rendered":"<p>A promo\u00e7\u00e3o de funcion\u00e1rios oferece uma s\u00e9rie de benef\u00edcios \u00e0 empresa, como o aumento do engajamento, a reten\u00e7\u00e3o de profissionais talentosos e o desenvolvimento de\u00a0<a href=\"https:\/\/previews.elleven.digital\/acocearense\/blog\/gestao\/tipos-de-lideres-quais-sao-e-por-que-sua-empresa-precisa-de-um\/?setlang=no\">l\u00edderes<\/a>\u00a0sintonizados com os valores do empreendimento. Por\u00e9m, \u00e9 preciso ter crit\u00e9rios s\u00f3lidos para promover algu\u00e9m.<\/p>\n<p>Crit\u00e9rios como proximidade com a lideran\u00e7a ou o grau de parentesco n\u00e3o s\u00e3o boas op\u00e7\u00f5es. Promover a ascens\u00e3o de um profissional com base nesses crit\u00e9rios pode desestimular o time, fomentar conversas paralelas e\u00a0<a href=\"https:\/\/previews.elleven.digital\/acocearense\/blog\/gestao\/gestao-de-conflitos\/?setlang=no\">conflitos<\/a>, al\u00e9m de reduzir a qualidade do clima de trabalho.<\/p>\n<p>Nos pr\u00f3ximos t\u00f3picos, vamos destacar os principais crit\u00e9rios para promo\u00e7\u00e3o de funcion\u00e1rios e como eles podem ser usados na sua empresa. Continue a leitura!<\/p>\n<h2>Entrega dos resultados esperados<\/h2>\n<p>O crit\u00e9rio mais utilizado \u00e9 a entrega de resultados. A quest\u00e3o \u00e9 muito simples: quanto o profissional tem contribu\u00eddo para a performance do seu setor e da empresa? Os melhores colaboradores costumam entregar resultados acima da m\u00e9dia. Logo, se destacam.<\/p>\n<p>H\u00e1 muitas maneiras de monitorar o n\u00edvel de entrega do profissional. Por exemplo, ao mensurar seus\u00a0<a href=\"https:\/\/previews.elleven.digital\/acocearense\/blog\/abrindo-o-negocio\/saiba-a-importancia-dos-indicadores-de-qualidade-para-seu-negocio\/?setlang=no\">indicadores<\/a>\u00a0de desempenho ou avaliar as metas que atingiu nos \u00faltimos meses. Se o profissional n\u00e3o est\u00e1 gerando resultados, fica dif\u00edcil recompens\u00e1-lo com uma promo\u00e7\u00e3o.<\/p>\n<h2>Alinhamento com os valores da empresa<\/h2>\n<p>Alguns profissionais s\u00e3o extremamente inteligentes e cheios de energia, por isso, produzem acima da m\u00e9dia. Mas isso \u00e9 insuficiente. \u00c9 preciso considerar outro fator: o alinhamento com os valores da empresa. Se n\u00e3o h\u00e1 alinhamento, a promo\u00e7\u00e3o pode ser uma p\u00e9ssima escolha.<\/p>\n<p>Nesse sentido, sempre busque um valor importante: a\u00a0<a href=\"https:\/\/www.ibccoaching.com.br\/portal\/artigos\/integridade-como-reconhecer-nas-pessoas\/\">integridade<\/a>. Colaboradores desonestos, ainda que produtivos, geralmente s\u00e3o um problema enorme. Eles reduzem o senso de equipe, induzem seus colegas de maneira negativa e, at\u00e9 mesmo, prejudicam a organiza\u00e7\u00e3o intencionalmente.<\/p>\n<h2>Aptid\u00e3o para o pr\u00f3ximo n\u00edvel<\/h2>\n<p>Alguns profissionais s\u00e3o \u00f3timos nas suas atuais fun\u00e7\u00f5es, entregam resultados e est\u00e3o sempre alinhados aos valores da empresa. Mas, quando promovidos, v\u00e3o de mal a pior. H\u00e1 muitas explica\u00e7\u00f5es para isso, como a falta de compet\u00eancia ou o deslumbramento com o poder.<\/p>\n<p>Por esse motivo, \u00e9 crucial pensar na aptid\u00e3o. Se um oper\u00e1rio ser\u00e1 promovido para o cargo de supervisor, por exemplo, ele precisa contar com habilidades b\u00e1sicas de lideran\u00e7a. Se voc\u00ea promover algu\u00e9m n\u00e3o apto, \u00e9 prov\u00e1vel que perca o talento e tenha que refazer o trabalho.<\/p>\n<h2>Vontade de crescer na empresa<\/h2>\n<p>Por fim, tamb\u00e9m \u00e9 preciso considerar algo comumente esquecido: o interesse do profissional. Alguns empregados est\u00e3o satisfeitos com suas atuais rotinas e n\u00e3o consideram necess\u00e1rio um cargo diferente ou um sal\u00e1rio maior. Nesse caso, o\u00a0<a href=\"https:\/\/epocanegocios.globo.com\/Empresa\/noticia\/2015\/11\/o-status-quo-nao-e-mais-uma-opcao.html\"><em>status quo<\/em><\/a>\u00a0deve ser preservado.<\/p>\n<p>Por\u00e9m, outros colaboradores nutrem uma forte \u00e2nsia por crescer. Eles desejam ocupar cargos mais elevados e sentar \u00e0 mesa com a diretoria. H\u00e1 muitas formas de saber se o talento quer ou n\u00e3o crescer dentro da empresa, o modo mais f\u00e1cil \u00e9 convid\u00e1-lo para uma conversa franca.<\/p>\n<p>Enfim, esses quatro crit\u00e9rios devem nortear a promo\u00e7\u00e3o de funcion\u00e1rios. \u00c9 preciso avaliar o n\u00edvel de entrega, o alinhamento com os valores da empresa, a aptid\u00e3o para o pr\u00f3ximo n\u00edvel e a vontade de crescer do pr\u00f3prio colaborador. Assim, voc\u00ea poder\u00e1 fazer a melhor escolha.<\/p>\n<p>Gostou do nosso artigo e entendeu como definir crit\u00e9rios de promo\u00e7\u00e3o de funcion\u00e1rios na sua loja de ferro e a\u00e7o? Aproveite para deixar um coment\u00e1rio neste post. Conte-nos suas d\u00favidas ou experi\u00eancias com o assunto. Vamos l\u00e1!<\/p>\n","protected":false},"excerpt":{"rendered":"<p>A promo\u00e7\u00e3o de funcion\u00e1rios oferece uma s\u00e9rie de benef\u00edcios \u00e0 empresa, como o aumento do(&#8230;)<\/p>\n","protected":false},"author":1,"featured_media":1210,"comment_status":"open","ping_status":"open","sticky":false,"template":"","format":"standard","meta":{"_acf_changed":false,"inline_featured_image":false,"footnotes":""},"categories":[28],"tags":[],"class_list":["post-1200","post","type-post","status-publish","format-standard","has-post-thumbnail","hentry","category-gestao"],"acf":[],"yoast_head":"<!-- This site is optimized with the Yoast SEO plugin v25.9 - https:\/\/yoast.com\/wordpress\/plugins\/seo\/ -->\n<title>Entenda como definir crit\u00e9rios para a promo\u00e7\u00e3o de funcion\u00e1rios - Grupo A\u00e7o Cearense<\/title>\n<meta name=\"robots\" content=\"index, follow, max-snippet:-1, max-image-preview:large, max-video-preview:-1\" \/>\n<link rel=\"canonical\" href=\"https:\/\/previews.elleven.digital\/acocearense\/entenda-como-definir-criterios-para-a-promocao-de-funcionarios\/\" \/>\n<meta property=\"og:locale\" content=\"pt_BR\" \/>\n<meta property=\"og:type\" content=\"article\" \/>\n<meta property=\"og:title\" content=\"Entenda como definir crit\u00e9rios para a promo\u00e7\u00e3o de funcion\u00e1rios - Grupo A\u00e7o Cearense\" \/>\n<meta property=\"og:description\" content=\"A promo\u00e7\u00e3o de funcion\u00e1rios oferece uma s\u00e9rie de benef\u00edcios \u00e0 empresa, como o aumento do(...)\" \/>\n<meta property=\"og:url\" content=\"https:\/\/previews.elleven.digital\/acocearense\/entenda-como-definir-criterios-para-a-promocao-de-funcionarios\/\" \/>\n<meta property=\"og:site_name\" content=\"Grupo A\u00e7o Cearense\" \/>\n<meta property=\"article:published_time\" content=\"2019-06-06T13:11:23+00:00\" \/>\n<meta property=\"article:modified_time\" content=\"2025-05-07T13:12:39+00:00\" \/>\n<meta property=\"og:image\" content=\"https:\/\/previews.elleven.digital\/acocearense\/wp-content\/uploads\/2025\/05\/291740-entenda-como-definir-criterios-para-a-promocao-de-funcionarios-1090x720-1.jpg\" \/>\n\t<meta property=\"og:image:width\" content=\"1090\" \/>\n\t<meta property=\"og:image:height\" content=\"720\" \/>\n\t<meta property=\"og:image:type\" content=\"image\/jpeg\" \/>\n<meta name=\"author\" content=\"elleven\" \/>\n<meta name=\"twitter:card\" content=\"summary_large_image\" \/>\n<meta name=\"twitter:label1\" content=\"Escrito por\" \/>\n\t<meta name=\"twitter:data1\" content=\"elleven\" \/>\n\t<meta name=\"twitter:label2\" content=\"Est. tempo de leitura\" \/>\n\t<meta name=\"twitter:data2\" content=\"4 minutos\" \/>\n<script type=\"application\/ld+json\" class=\"yoast-schema-graph\">{\"@context\":\"https:\/\/schema.org\",\"@graph\":[{\"@type\":\"WebPage\",\"@id\":\"https:\/\/previews.elleven.digital\/acocearense\/entenda-como-definir-criterios-para-a-promocao-de-funcionarios\/\",\"url\":\"https:\/\/previews.elleven.digital\/acocearense\/entenda-como-definir-criterios-para-a-promocao-de-funcionarios\/\",\"name\":\"Entenda como definir crit\u00e9rios para a promo\u00e7\u00e3o de funcion\u00e1rios - Grupo A\u00e7o Cearense\",\"isPartOf\":{\"@id\":\"https:\/\/previews.elleven.digital\/acocearense\/#website\"},\"primaryImageOfPage\":{\"@id\":\"https:\/\/previews.elleven.digital\/acocearense\/entenda-como-definir-criterios-para-a-promocao-de-funcionarios\/#primaryimage\"},\"image\":{\"@id\":\"https:\/\/previews.elleven.digital\/acocearense\/entenda-como-definir-criterios-para-a-promocao-de-funcionarios\/#primaryimage\"},\"thumbnailUrl\":\"https:\/\/previews.elleven.digital\/acocearense\/wp-content\/uploads\/2025\/05\/291740-entenda-como-definir-criterios-para-a-promocao-de-funcionarios-1090x720-1.jpg\",\"datePublished\":\"2019-06-06T13:11:23+00:00\",\"dateModified\":\"2025-05-07T13:12:39+00:00\",\"author\":{\"@id\":\"https:\/\/previews.elleven.digital\/acocearense\/#\/schema\/person\/8e9165eb3c33e0860485c7c5fc06a701\"},\"breadcrumb\":{\"@id\":\"https:\/\/previews.elleven.digital\/acocearense\/entenda-como-definir-criterios-para-a-promocao-de-funcionarios\/#breadcrumb\"},\"inLanguage\":\"pt-BR\",\"potentialAction\":[{\"@type\":\"ReadAction\",\"target\":[\"https:\/\/previews.elleven.digital\/acocearense\/entenda-como-definir-criterios-para-a-promocao-de-funcionarios\/\"]}]},{\"@type\":\"ImageObject\",\"inLanguage\":\"pt-BR\",\"@id\":\"https:\/\/previews.elleven.digital\/acocearense\/entenda-como-definir-criterios-para-a-promocao-de-funcionarios\/#primaryimage\",\"url\":\"https:\/\/previews.elleven.digital\/acocearense\/wp-content\/uploads\/2025\/05\/291740-entenda-como-definir-criterios-para-a-promocao-de-funcionarios-1090x720-1.jpg\",\"contentUrl\":\"https:\/\/previews.elleven.digital\/acocearense\/wp-content\/uploads\/2025\/05\/291740-entenda-como-definir-criterios-para-a-promocao-de-funcionarios-1090x720-1.jpg\",\"width\":1090,\"height\":720},{\"@type\":\"BreadcrumbList\",\"@id\":\"https:\/\/previews.elleven.digital\/acocearense\/entenda-como-definir-criterios-para-a-promocao-de-funcionarios\/#breadcrumb\",\"itemListElement\":[{\"@type\":\"ListItem\",\"position\":1,\"name\":\"In\u00edcio\",\"item\":\"https:\/\/previews.elleven.digital\/acocearense\/\"},{\"@type\":\"ListItem\",\"position\":2,\"name\":\"Entenda como definir crit\u00e9rios para a promo\u00e7\u00e3o de funcion\u00e1rios\"}]},{\"@type\":\"WebSite\",\"@id\":\"https:\/\/previews.elleven.digital\/acocearense\/#website\",\"url\":\"https:\/\/previews.elleven.digital\/acocearense\/\",\"name\":\"A\u00e7o Cearense\",\"description\":\"H\u00e1 mais de 45 anos no mercado brasileiro do a\u00e7o.\",\"alternateName\":\"A\u00e7o Cearense\",\"potentialAction\":[{\"@type\":\"SearchAction\",\"target\":{\"@type\":\"EntryPoint\",\"urlTemplate\":\"https:\/\/previews.elleven.digital\/acocearense\/?s={search_term_string}\"},\"query-input\":{\"@type\":\"PropertyValueSpecification\",\"valueRequired\":true,\"valueName\":\"search_term_string\"}}],\"inLanguage\":\"pt-BR\"},{\"@type\":\"Person\",\"@id\":\"https:\/\/previews.elleven.digital\/acocearense\/#\/schema\/person\/8e9165eb3c33e0860485c7c5fc06a701\",\"name\":\"elleven\",\"image\":{\"@type\":\"ImageObject\",\"inLanguage\":\"pt-BR\",\"@id\":\"https:\/\/previews.elleven.digital\/acocearense\/#\/schema\/person\/image\/\",\"url\":\"https:\/\/secure.gravatar.com\/avatar\/2a6afb49d9ecfed5dbc6c9606ce318b8bd07c077835179bddfd5d8209c03cb29?s=96&d=mm&r=g\",\"contentUrl\":\"https:\/\/secure.gravatar.com\/avatar\/2a6afb49d9ecfed5dbc6c9606ce318b8bd07c077835179bddfd5d8209c03cb29?s=96&d=mm&r=g\",\"caption\":\"elleven\"},\"sameAs\":[\"http:\/\/localhost\/acocearense\"],\"url\":\"https:\/\/previews.elleven.digital\/acocearense\/author\/elleven\/\"}]}<\/script>\n<!-- \/ Yoast SEO plugin. -->","yoast_head_json":{"title":"Entenda como definir crit\u00e9rios para a promo\u00e7\u00e3o de funcion\u00e1rios - Grupo A\u00e7o Cearense","robots":{"index":"index","follow":"follow","max-snippet":"max-snippet:-1","max-image-preview":"max-image-preview:large","max-video-preview":"max-video-preview:-1"},"canonical":"https:\/\/previews.elleven.digital\/acocearense\/entenda-como-definir-criterios-para-a-promocao-de-funcionarios\/","og_locale":"pt_BR","og_type":"article","og_title":"Entenda como definir crit\u00e9rios para a promo\u00e7\u00e3o de funcion\u00e1rios - Grupo A\u00e7o Cearense","og_description":"A promo\u00e7\u00e3o de funcion\u00e1rios oferece uma s\u00e9rie de benef\u00edcios \u00e0 empresa, como o aumento do(...)","og_url":"https:\/\/previews.elleven.digital\/acocearense\/entenda-como-definir-criterios-para-a-promocao-de-funcionarios\/","og_site_name":"Grupo A\u00e7o Cearense","article_published_time":"2019-06-06T13:11:23+00:00","article_modified_time":"2025-05-07T13:12:39+00:00","og_image":[{"width":1090,"height":720,"url":"https:\/\/previews.elleven.digital\/acocearense\/wp-content\/uploads\/2025\/05\/291740-entenda-como-definir-criterios-para-a-promocao-de-funcionarios-1090x720-1.jpg","type":"image\/jpeg"}],"author":"elleven","twitter_card":"summary_large_image","twitter_misc":{"Escrito por":"elleven","Est. tempo de leitura":"4 minutos"},"schema":{"@context":"https:\/\/schema.org","@graph":[{"@type":"WebPage","@id":"https:\/\/previews.elleven.digital\/acocearense\/entenda-como-definir-criterios-para-a-promocao-de-funcionarios\/","url":"https:\/\/previews.elleven.digital\/acocearense\/entenda-como-definir-criterios-para-a-promocao-de-funcionarios\/","name":"Entenda como definir crit\u00e9rios para a promo\u00e7\u00e3o de funcion\u00e1rios - Grupo A\u00e7o Cearense","isPartOf":{"@id":"https:\/\/previews.elleven.digital\/acocearense\/#website"},"primaryImageOfPage":{"@id":"https:\/\/previews.elleven.digital\/acocearense\/entenda-como-definir-criterios-para-a-promocao-de-funcionarios\/#primaryimage"},"image":{"@id":"https:\/\/previews.elleven.digital\/acocearense\/entenda-como-definir-criterios-para-a-promocao-de-funcionarios\/#primaryimage"},"thumbnailUrl":"https:\/\/previews.elleven.digital\/acocearense\/wp-content\/uploads\/2025\/05\/291740-entenda-como-definir-criterios-para-a-promocao-de-funcionarios-1090x720-1.jpg","datePublished":"2019-06-06T13:11:23+00:00","dateModified":"2025-05-07T13:12:39+00:00","author":{"@id":"https:\/\/previews.elleven.digital\/acocearense\/#\/schema\/person\/8e9165eb3c33e0860485c7c5fc06a701"},"breadcrumb":{"@id":"https:\/\/previews.elleven.digital\/acocearense\/entenda-como-definir-criterios-para-a-promocao-de-funcionarios\/#breadcrumb"},"inLanguage":"pt-BR","potentialAction":[{"@type":"ReadAction","target":["https:\/\/previews.elleven.digital\/acocearense\/entenda-como-definir-criterios-para-a-promocao-de-funcionarios\/"]}]},{"@type":"ImageObject","inLanguage":"pt-BR","@id":"https:\/\/previews.elleven.digital\/acocearense\/entenda-como-definir-criterios-para-a-promocao-de-funcionarios\/#primaryimage","url":"https:\/\/previews.elleven.digital\/acocearense\/wp-content\/uploads\/2025\/05\/291740-entenda-como-definir-criterios-para-a-promocao-de-funcionarios-1090x720-1.jpg","contentUrl":"https:\/\/previews.elleven.digital\/acocearense\/wp-content\/uploads\/2025\/05\/291740-entenda-como-definir-criterios-para-a-promocao-de-funcionarios-1090x720-1.jpg","width":1090,"height":720},{"@type":"BreadcrumbList","@id":"https:\/\/previews.elleven.digital\/acocearense\/entenda-como-definir-criterios-para-a-promocao-de-funcionarios\/#breadcrumb","itemListElement":[{"@type":"ListItem","position":1,"name":"In\u00edcio","item":"https:\/\/previews.elleven.digital\/acocearense\/"},{"@type":"ListItem","position":2,"name":"Entenda como definir crit\u00e9rios para a promo\u00e7\u00e3o de funcion\u00e1rios"}]},{"@type":"WebSite","@id":"https:\/\/previews.elleven.digital\/acocearense\/#website","url":"https:\/\/previews.elleven.digital\/acocearense\/","name":"A\u00e7o Cearense","description":"H\u00e1 mais de 45 anos no mercado brasileiro do a\u00e7o.","alternateName":"A\u00e7o Cearense","potentialAction":[{"@type":"SearchAction","target":{"@type":"EntryPoint","urlTemplate":"https:\/\/previews.elleven.digital\/acocearense\/?s={search_term_string}"},"query-input":{"@type":"PropertyValueSpecification","valueRequired":true,"valueName":"search_term_string"}}],"inLanguage":"pt-BR"},{"@type":"Person","@id":"https:\/\/previews.elleven.digital\/acocearense\/#\/schema\/person\/8e9165eb3c33e0860485c7c5fc06a701","name":"elleven","image":{"@type":"ImageObject","inLanguage":"pt-BR","@id":"https:\/\/previews.elleven.digital\/acocearense\/#\/schema\/person\/image\/","url":"https:\/\/secure.gravatar.com\/avatar\/2a6afb49d9ecfed5dbc6c9606ce318b8bd07c077835179bddfd5d8209c03cb29?s=96&d=mm&r=g","contentUrl":"https:\/\/secure.gravatar.com\/avatar\/2a6afb49d9ecfed5dbc6c9606ce318b8bd07c077835179bddfd5d8209c03cb29?s=96&d=mm&r=g","caption":"elleven"},"sameAs":["http:\/\/localhost\/acocearense"],"url":"https:\/\/previews.elleven.digital\/acocearense\/author\/elleven\/"}]}},"_links":{"self":[{"href":"https:\/\/previews.elleven.digital\/acocearense\/wp-json\/wp\/v2\/posts\/1200","targetHints":{"allow":["GET"]}}],"collection":[{"href":"https:\/\/previews.elleven.digital\/acocearense\/wp-json\/wp\/v2\/posts"}],"about":[{"href":"https:\/\/previews.elleven.digital\/acocearense\/wp-json\/wp\/v2\/types\/post"}],"author":[{"embeddable":true,"href":"https:\/\/previews.elleven.digital\/acocearense\/wp-json\/wp\/v2\/users\/1"}],"replies":[{"embeddable":true,"href":"https:\/\/previews.elleven.digital\/acocearense\/wp-json\/wp\/v2\/comments?post=1200"}],"version-history":[{"count":1,"href":"https:\/\/previews.elleven.digital\/acocearense\/wp-json\/wp\/v2\/posts\/1200\/revisions"}],"predecessor-version":[{"id":1211,"href":"https:\/\/previews.elleven.digital\/acocearense\/wp-json\/wp\/v2\/posts\/1200\/revisions\/1211"}],"wp:featuredmedia":[{"embeddable":true,"href":"https:\/\/previews.elleven.digital\/acocearense\/wp-json\/wp\/v2\/media\/1210"}],"wp:attachment":[{"href":"https:\/\/previews.elleven.digital\/acocearense\/wp-json\/wp\/v2\/media?parent=1200"}],"wp:term":[{"taxonomy":"category","embeddable":true,"href":"https:\/\/previews.elleven.digital\/acocearense\/wp-json\/wp\/v2\/categories?post=1200"},{"taxonomy":"post_tag","embeddable":true,"href":"https:\/\/previews.elleven.digital\/acocearense\/wp-json\/wp\/v2\/tags?post=1200"}],"curies":[{"name":"wp","href":"https:\/\/api.w.org\/{rel}","templated":true}]}}