{"id":1193,"date":"2019-05-21T10:08:02","date_gmt":"2019-05-21T13:08:02","guid":{"rendered":"https:\/\/previews.elleven.digital\/acocearense\/?p=1193"},"modified":"2025-05-07T10:08:30","modified_gmt":"2025-05-07T13:08:30","slug":"cultura-organizacional-consolidar-ou-mudar","status":"publish","type":"post","link":"https:\/\/previews.elleven.digital\/acocearense\/cultura-organizacional-consolidar-ou-mudar\/","title":{"rendered":"Cultura organizacional: consolidar ou mudar?"},"content":{"rendered":"<p>O tema Cultura nas Organiza\u00e7\u00f5es tem sido recorrente em diversos f\u00f3runs, seja quando se fala em engajar colaboradores, aumentar o desempenho das equipes, estabelecer empresas multinacionais ou melhorar a comunica\u00e7\u00e3o entre as pessoas. Geralmente aparece como sendo um tema subjetivo, com aspectos escondidos, dif\u00edcil de compreender. Ent\u00e3o o que realmente pode ser gerenciado nesse tema? Como a cultura influencia a vida das organiza\u00e7\u00f5es? \u00c9 preciso se adaptar ou \u00e9 poss\u00edvel mudar a cultura existente?<\/p>\n<p>Estudiosos reconhecidos nas pesquisas sobre cultura organizacional, como Edgar Schein, a definem como o padr\u00e3o de premissas b\u00e1sicas que um determinado grupo desenvolveu no processo de aprender a resolver seus problemas e que funcionaram suficientemente bem e, por isso, deve ser ensinado a novos membros do grupo como a maneira correta de perceber, pensar e sentir, em rela\u00e7\u00e3o a esses problemas. Tamb\u00e9m \u00e9 bem elucidativa a analogia, em que a cultura organizacional funciona como uma lente que estrutura as percep\u00e7\u00f5es das pessoas acerca da realidade que elas partilham.<\/p>\n<p>A preocupa\u00e7\u00e3o com a cultura organizacional aparece quando a organiza\u00e7\u00e3o deseja ou precisa gerar vantagem competitiva por meio de uma estrat\u00e9gia para gerar valor ao cliente, n\u00e3o somente com produtos e servi\u00e7os diferenciados da concorr\u00eancia, mas com uma capacita\u00e7\u00e3o custosa de imitar, exclusiva e valiosa, intrinsicamente relacionada \u00e0 hist\u00f3ria da organiza\u00e7\u00e3o.<\/p>\n<p>O primeiro passo seria diagnosticar qual o perfil cultural da organiza\u00e7\u00e3o \u2013 existem v\u00e1rios modelos e ferramentas de diagn\u00f3stico. Geralmente, o resultado n\u00e3o traz um perfil \u00fanico e fixo, mas com v\u00e1rios aspectos que podem ser analisados e trabalhados. Alguns aspectos s\u00e3o f\u00e1ceis de serem observados como o ambiente f\u00edsico, a forma de comunica\u00e7\u00e3o, os eventos comemorativos, as hist\u00f3rias contadas e repetidas. Outros aspectos correspondem a influ\u00eancia da lideran\u00e7a, principalmente fundadores, que definem estrat\u00e9gias, metas, m\u00e9todos para alcan\u00e7ar os objetivos, valores e cren\u00e7as que exprimem como a organiza\u00e7\u00e3o alcan\u00e7ou o sucesso. A cultura se manifesta nas percep\u00e7\u00f5es, pensamentos e sentimentos inconscientes que s\u00e3o fonte do comportamento humano, logo tamb\u00e9m \u00e9 papel da lideran\u00e7a influenciar e gerir esses aspectos.<\/p>\n<p>A an\u00e1lise e interpreta\u00e7\u00e3o do perfil cultural tamb\u00e9m deve passar por medir o quanto a cultura \u00e9 clara para as pessoas, pois existe o risco de interpretar algo somente com base nos sentimentos e rea\u00e7\u00f5es do observador, sendo que as pessoas n\u00e3o t\u00eam a clareza dos aspectos que as influencia, o que torna a cultura mais ou menos forte. A busca por uma cultura clara, forte, bem definida e disseminada \u00e9 antecessora ao processo de defini\u00e7\u00e3o dos pontos que precisam ser mudados ou gerenciados.<\/p>\n<p>Participei de uma pesquisa, onde o resultado do diagn\u00f3stico mostrava que a cultura n\u00e3o era clara para as pessoas. Unidades de neg\u00f3cios da mesma empresa percebiam que o sucesso alcan\u00e7ado era motivado por aspectos que deveriam ser mantidos e refor\u00e7ados, enquanto outras unidades percebiam que os mesmos aspectos precisavam ser mudados. A atua\u00e7\u00e3o da alta administra\u00e7\u00e3o foi de fundamental import\u00e2ncia na condu\u00e7\u00e3o de um processo de unifica\u00e7\u00e3o e comunica\u00e7\u00e3o para a consolida\u00e7\u00e3o da cultura corporativa.<\/p>\n<p>As organiza\u00e7\u00f5es investem na formula\u00e7\u00e3o de suas estrat\u00e9gias de v\u00e1rias formas, em diversos modelos, mas h\u00e1 estudos que mostram que a execu\u00e7\u00e3o da estrat\u00e9gia falha, e no que se refere \u00e0 cultura, isso ocorre devido \u00e0s organiza\u00e7\u00f5es n\u00e3o terem culturas alinhadas \u00e0 estrat\u00e9gia formulada, seja cultura de desempenho, de inova\u00e7\u00e3o, de agilidade, conforme a necessidade para o apoio \u00e0 sua execu\u00e7\u00e3o e gest\u00e3o.<\/p>\n<p>Caracter\u00edsticas espec\u00edficas da cultura como o perfil da lideran\u00e7a e o modelo de gest\u00e3o s\u00e3o aspectos que constroem o resultado das empresas, logo entendendo o perfil de cultura existente, \u00e9 poss\u00edvel alinh\u00e1-lo aos objetivos organizacionais. Sendo realmente necess\u00e1rio alterar algum desses elementos, recomenda-se o desenho de um plano de mudan\u00e7a organizacional, passando por um processo de engajamento com membros da organiza\u00e7\u00e3o em v\u00e1rios n\u00edveis, com foco nos aspectos culturais que precisam ser gerenciados, alterados, fortalecidos ou n\u00e3o, com o objetivo de executar a estrat\u00e9gia corporativa com maior efic\u00e1cia.<\/p>\n<p>&nbsp;<\/p>\n<p><em>Por\u00a0<strong>Cinthia Cavalcanti<\/strong>\u00a0(Diretora de Desenvolvimento Organizacional e TI do Grupo A\u00e7o Cearense e Mestre em Administra\u00e7\u00e3o de Empresas pela UNIFOR, com \u00eanfase em pesquisas de temas relacionados a Cultura Organizacional e Estrat\u00e9gia Empresarial)<\/em><\/p>\n","protected":false},"excerpt":{"rendered":"<p>O tema Cultura nas Organiza\u00e7\u00f5es tem sido recorrente em diversos f\u00f3runs, seja quando se fala(&#8230;)<\/p>\n","protected":false},"author":1,"featured_media":1168,"comment_status":"open","ping_status":"open","sticky":false,"template":"","format":"standard","meta":{"_acf_changed":false,"inline_featured_image":false,"footnotes":""},"categories":[28],"tags":[],"class_list":["post-1193","post","type-post","status-publish","format-standard","has-post-thumbnail","hentry","category-gestao"],"acf":[],"yoast_head":"<!-- This site is optimized with the Yoast SEO plugin v25.9 - https:\/\/yoast.com\/wordpress\/plugins\/seo\/ -->\n<title>Cultura organizacional: consolidar ou mudar? - Grupo A\u00e7o Cearense<\/title>\n<meta name=\"robots\" content=\"index, follow, max-snippet:-1, max-image-preview:large, max-video-preview:-1\" \/>\n<link rel=\"canonical\" href=\"https:\/\/previews.elleven.digital\/acocearense\/cultura-organizacional-consolidar-ou-mudar\/\" \/>\n<meta property=\"og:locale\" content=\"pt_BR\" \/>\n<meta property=\"og:type\" content=\"article\" \/>\n<meta property=\"og:title\" content=\"Cultura organizacional: consolidar ou mudar? - Grupo A\u00e7o Cearense\" \/>\n<meta property=\"og:description\" content=\"O tema Cultura nas Organiza\u00e7\u00f5es tem sido recorrente em diversos f\u00f3runs, seja quando se fala(...)\" \/>\n<meta property=\"og:url\" content=\"https:\/\/previews.elleven.digital\/acocearense\/cultura-organizacional-consolidar-ou-mudar\/\" \/>\n<meta property=\"og:site_name\" content=\"Grupo A\u00e7o Cearense\" \/>\n<meta property=\"article:published_time\" content=\"2019-05-21T13:08:02+00:00\" \/>\n<meta property=\"article:modified_time\" content=\"2025-05-07T13:08:30+00:00\" \/>\n<meta property=\"og:image\" content=\"https:\/\/previews.elleven.digital\/acocearense\/wp-content\/uploads\/2025\/05\/Design-sem-nome-26.png\" \/>\n\t<meta property=\"og:image:width\" content=\"750\" \/>\n\t<meta property=\"og:image:height\" content=\"468\" \/>\n\t<meta property=\"og:image:type\" content=\"image\/png\" \/>\n<meta name=\"author\" content=\"elleven\" \/>\n<meta name=\"twitter:card\" content=\"summary_large_image\" \/>\n<meta name=\"twitter:label1\" content=\"Escrito por\" \/>\n\t<meta name=\"twitter:data1\" content=\"elleven\" \/>\n\t<meta name=\"twitter:label2\" content=\"Est. tempo de leitura\" \/>\n\t<meta name=\"twitter:data2\" content=\"4 minutos\" \/>\n<script type=\"application\/ld+json\" class=\"yoast-schema-graph\">{\"@context\":\"https:\/\/schema.org\",\"@graph\":[{\"@type\":\"WebPage\",\"@id\":\"https:\/\/previews.elleven.digital\/acocearense\/cultura-organizacional-consolidar-ou-mudar\/\",\"url\":\"https:\/\/previews.elleven.digital\/acocearense\/cultura-organizacional-consolidar-ou-mudar\/\",\"name\":\"Cultura organizacional: consolidar ou mudar? - Grupo A\u00e7o Cearense\",\"isPartOf\":{\"@id\":\"https:\/\/previews.elleven.digital\/acocearense\/#website\"},\"primaryImageOfPage\":{\"@id\":\"https:\/\/previews.elleven.digital\/acocearense\/cultura-organizacional-consolidar-ou-mudar\/#primaryimage\"},\"image\":{\"@id\":\"https:\/\/previews.elleven.digital\/acocearense\/cultura-organizacional-consolidar-ou-mudar\/#primaryimage\"},\"thumbnailUrl\":\"https:\/\/previews.elleven.digital\/acocearense\/wp-content\/uploads\/2025\/05\/Design-sem-nome-26.png\",\"datePublished\":\"2019-05-21T13:08:02+00:00\",\"dateModified\":\"2025-05-07T13:08:30+00:00\",\"author\":{\"@id\":\"https:\/\/previews.elleven.digital\/acocearense\/#\/schema\/person\/8e9165eb3c33e0860485c7c5fc06a701\"},\"breadcrumb\":{\"@id\":\"https:\/\/previews.elleven.digital\/acocearense\/cultura-organizacional-consolidar-ou-mudar\/#breadcrumb\"},\"inLanguage\":\"pt-BR\",\"potentialAction\":[{\"@type\":\"ReadAction\",\"target\":[\"https:\/\/previews.elleven.digital\/acocearense\/cultura-organizacional-consolidar-ou-mudar\/\"]}]},{\"@type\":\"ImageObject\",\"inLanguage\":\"pt-BR\",\"@id\":\"https:\/\/previews.elleven.digital\/acocearense\/cultura-organizacional-consolidar-ou-mudar\/#primaryimage\",\"url\":\"https:\/\/previews.elleven.digital\/acocearense\/wp-content\/uploads\/2025\/05\/Design-sem-nome-26.png\",\"contentUrl\":\"https:\/\/previews.elleven.digital\/acocearense\/wp-content\/uploads\/2025\/05\/Design-sem-nome-26.png\",\"width\":750,\"height\":468},{\"@type\":\"BreadcrumbList\",\"@id\":\"https:\/\/previews.elleven.digital\/acocearense\/cultura-organizacional-consolidar-ou-mudar\/#breadcrumb\",\"itemListElement\":[{\"@type\":\"ListItem\",\"position\":1,\"name\":\"In\u00edcio\",\"item\":\"https:\/\/previews.elleven.digital\/acocearense\/\"},{\"@type\":\"ListItem\",\"position\":2,\"name\":\"Cultura organizacional: consolidar ou mudar?\"}]},{\"@type\":\"WebSite\",\"@id\":\"https:\/\/previews.elleven.digital\/acocearense\/#website\",\"url\":\"https:\/\/previews.elleven.digital\/acocearense\/\",\"name\":\"A\u00e7o Cearense\",\"description\":\"H\u00e1 mais de 45 anos no mercado brasileiro do a\u00e7o.\",\"alternateName\":\"A\u00e7o Cearense\",\"potentialAction\":[{\"@type\":\"SearchAction\",\"target\":{\"@type\":\"EntryPoint\",\"urlTemplate\":\"https:\/\/previews.elleven.digital\/acocearense\/?s={search_term_string}\"},\"query-input\":{\"@type\":\"PropertyValueSpecification\",\"valueRequired\":true,\"valueName\":\"search_term_string\"}}],\"inLanguage\":\"pt-BR\"},{\"@type\":\"Person\",\"@id\":\"https:\/\/previews.elleven.digital\/acocearense\/#\/schema\/person\/8e9165eb3c33e0860485c7c5fc06a701\",\"name\":\"elleven\",\"image\":{\"@type\":\"ImageObject\",\"inLanguage\":\"pt-BR\",\"@id\":\"https:\/\/previews.elleven.digital\/acocearense\/#\/schema\/person\/image\/\",\"url\":\"https:\/\/secure.gravatar.com\/avatar\/2a6afb49d9ecfed5dbc6c9606ce318b8bd07c077835179bddfd5d8209c03cb29?s=96&d=mm&r=g\",\"contentUrl\":\"https:\/\/secure.gravatar.com\/avatar\/2a6afb49d9ecfed5dbc6c9606ce318b8bd07c077835179bddfd5d8209c03cb29?s=96&d=mm&r=g\",\"caption\":\"elleven\"},\"sameAs\":[\"http:\/\/localhost\/acocearense\"],\"url\":\"https:\/\/previews.elleven.digital\/acocearense\/author\/elleven\/\"}]}<\/script>\n<!-- \/ Yoast SEO plugin. -->","yoast_head_json":{"title":"Cultura organizacional: consolidar ou mudar? - Grupo A\u00e7o Cearense","robots":{"index":"index","follow":"follow","max-snippet":"max-snippet:-1","max-image-preview":"max-image-preview:large","max-video-preview":"max-video-preview:-1"},"canonical":"https:\/\/previews.elleven.digital\/acocearense\/cultura-organizacional-consolidar-ou-mudar\/","og_locale":"pt_BR","og_type":"article","og_title":"Cultura organizacional: consolidar ou mudar? - Grupo A\u00e7o Cearense","og_description":"O tema Cultura nas Organiza\u00e7\u00f5es tem sido recorrente em diversos f\u00f3runs, seja quando se fala(...)","og_url":"https:\/\/previews.elleven.digital\/acocearense\/cultura-organizacional-consolidar-ou-mudar\/","og_site_name":"Grupo A\u00e7o Cearense","article_published_time":"2019-05-21T13:08:02+00:00","article_modified_time":"2025-05-07T13:08:30+00:00","og_image":[{"width":750,"height":468,"url":"https:\/\/previews.elleven.digital\/acocearense\/wp-content\/uploads\/2025\/05\/Design-sem-nome-26.png","type":"image\/png"}],"author":"elleven","twitter_card":"summary_large_image","twitter_misc":{"Escrito por":"elleven","Est. tempo de leitura":"4 minutos"},"schema":{"@context":"https:\/\/schema.org","@graph":[{"@type":"WebPage","@id":"https:\/\/previews.elleven.digital\/acocearense\/cultura-organizacional-consolidar-ou-mudar\/","url":"https:\/\/previews.elleven.digital\/acocearense\/cultura-organizacional-consolidar-ou-mudar\/","name":"Cultura organizacional: consolidar ou mudar? - Grupo A\u00e7o Cearense","isPartOf":{"@id":"https:\/\/previews.elleven.digital\/acocearense\/#website"},"primaryImageOfPage":{"@id":"https:\/\/previews.elleven.digital\/acocearense\/cultura-organizacional-consolidar-ou-mudar\/#primaryimage"},"image":{"@id":"https:\/\/previews.elleven.digital\/acocearense\/cultura-organizacional-consolidar-ou-mudar\/#primaryimage"},"thumbnailUrl":"https:\/\/previews.elleven.digital\/acocearense\/wp-content\/uploads\/2025\/05\/Design-sem-nome-26.png","datePublished":"2019-05-21T13:08:02+00:00","dateModified":"2025-05-07T13:08:30+00:00","author":{"@id":"https:\/\/previews.elleven.digital\/acocearense\/#\/schema\/person\/8e9165eb3c33e0860485c7c5fc06a701"},"breadcrumb":{"@id":"https:\/\/previews.elleven.digital\/acocearense\/cultura-organizacional-consolidar-ou-mudar\/#breadcrumb"},"inLanguage":"pt-BR","potentialAction":[{"@type":"ReadAction","target":["https:\/\/previews.elleven.digital\/acocearense\/cultura-organizacional-consolidar-ou-mudar\/"]}]},{"@type":"ImageObject","inLanguage":"pt-BR","@id":"https:\/\/previews.elleven.digital\/acocearense\/cultura-organizacional-consolidar-ou-mudar\/#primaryimage","url":"https:\/\/previews.elleven.digital\/acocearense\/wp-content\/uploads\/2025\/05\/Design-sem-nome-26.png","contentUrl":"https:\/\/previews.elleven.digital\/acocearense\/wp-content\/uploads\/2025\/05\/Design-sem-nome-26.png","width":750,"height":468},{"@type":"BreadcrumbList","@id":"https:\/\/previews.elleven.digital\/acocearense\/cultura-organizacional-consolidar-ou-mudar\/#breadcrumb","itemListElement":[{"@type":"ListItem","position":1,"name":"In\u00edcio","item":"https:\/\/previews.elleven.digital\/acocearense\/"},{"@type":"ListItem","position":2,"name":"Cultura organizacional: consolidar ou mudar?"}]},{"@type":"WebSite","@id":"https:\/\/previews.elleven.digital\/acocearense\/#website","url":"https:\/\/previews.elleven.digital\/acocearense\/","name":"A\u00e7o Cearense","description":"H\u00e1 mais de 45 anos no mercado brasileiro do a\u00e7o.","alternateName":"A\u00e7o Cearense","potentialAction":[{"@type":"SearchAction","target":{"@type":"EntryPoint","urlTemplate":"https:\/\/previews.elleven.digital\/acocearense\/?s={search_term_string}"},"query-input":{"@type":"PropertyValueSpecification","valueRequired":true,"valueName":"search_term_string"}}],"inLanguage":"pt-BR"},{"@type":"Person","@id":"https:\/\/previews.elleven.digital\/acocearense\/#\/schema\/person\/8e9165eb3c33e0860485c7c5fc06a701","name":"elleven","image":{"@type":"ImageObject","inLanguage":"pt-BR","@id":"https:\/\/previews.elleven.digital\/acocearense\/#\/schema\/person\/image\/","url":"https:\/\/secure.gravatar.com\/avatar\/2a6afb49d9ecfed5dbc6c9606ce318b8bd07c077835179bddfd5d8209c03cb29?s=96&d=mm&r=g","contentUrl":"https:\/\/secure.gravatar.com\/avatar\/2a6afb49d9ecfed5dbc6c9606ce318b8bd07c077835179bddfd5d8209c03cb29?s=96&d=mm&r=g","caption":"elleven"},"sameAs":["http:\/\/localhost\/acocearense"],"url":"https:\/\/previews.elleven.digital\/acocearense\/author\/elleven\/"}]}},"_links":{"self":[{"href":"https:\/\/previews.elleven.digital\/acocearense\/wp-json\/wp\/v2\/posts\/1193","targetHints":{"allow":["GET"]}}],"collection":[{"href":"https:\/\/previews.elleven.digital\/acocearense\/wp-json\/wp\/v2\/posts"}],"about":[{"href":"https:\/\/previews.elleven.digital\/acocearense\/wp-json\/wp\/v2\/types\/post"}],"author":[{"embeddable":true,"href":"https:\/\/previews.elleven.digital\/acocearense\/wp-json\/wp\/v2\/users\/1"}],"replies":[{"embeddable":true,"href":"https:\/\/previews.elleven.digital\/acocearense\/wp-json\/wp\/v2\/comments?post=1193"}],"version-history":[{"count":2,"href":"https:\/\/previews.elleven.digital\/acocearense\/wp-json\/wp\/v2\/posts\/1193\/revisions"}],"predecessor-version":[{"id":1195,"href":"https:\/\/previews.elleven.digital\/acocearense\/wp-json\/wp\/v2\/posts\/1193\/revisions\/1195"}],"wp:featuredmedia":[{"embeddable":true,"href":"https:\/\/previews.elleven.digital\/acocearense\/wp-json\/wp\/v2\/media\/1168"}],"wp:attachment":[{"href":"https:\/\/previews.elleven.digital\/acocearense\/wp-json\/wp\/v2\/media?parent=1193"}],"wp:term":[{"taxonomy":"category","embeddable":true,"href":"https:\/\/previews.elleven.digital\/acocearense\/wp-json\/wp\/v2\/categories?post=1193"},{"taxonomy":"post_tag","embeddable":true,"href":"https:\/\/previews.elleven.digital\/acocearense\/wp-json\/wp\/v2\/tags?post=1193"}],"curies":[{"name":"wp","href":"https:\/\/api.w.org\/{rel}","templated":true}]}}