{"id":1189,"date":"2019-05-09T10:07:12","date_gmt":"2019-05-09T13:07:12","guid":{"rendered":"https:\/\/previews.elleven.digital\/acocearense\/?p=1189"},"modified":"2025-05-07T10:07:30","modified_gmt":"2025-05-07T13:07:30","slug":"4-dicas-essenciais-para-definir-metas-de-vendas-na-sua-empresa","status":"publish","type":"post","link":"https:\/\/previews.elleven.digital\/acocearense\/4-dicas-essenciais-para-definir-metas-de-vendas-na-sua-empresa\/","title":{"rendered":"4 dicas essenciais para definir metas de vendas na sua empresa"},"content":{"rendered":"<div>\n<p>A defini\u00e7\u00e3o de\u00a0metas de vendas \u00e9 um passo crucial para qualquer empresa, pois s\u00e3o elas que guiam a atua\u00e7\u00e3o da equipe comercial. A ideia \u00e9 criar um objetivo espec\u00edfico a ser alcan\u00e7ado, que ajude os colaboradores a focarem em atividades e a\u00e7\u00f5es que far\u00e3o a diferen\u00e7a. Al\u00e9m disso, essas metas auxiliam tamb\u00e9m na defini\u00e7\u00e3o de pap\u00e9is e responsabilidades entre os funcion\u00e1rios, trazendo maior organiza\u00e7\u00e3o para o time como um todo.<\/p>\n<p>A grande quest\u00e3o aqui \u00e9: como definir metas de vendas apropriadas para sua empresa? Que sejam ousadas, por\u00e9m alcan\u00e7\u00e1veis. Essa \u00e9 a d\u00favida de muitos gestores. Para te ajudar, elaboramos o texto de hoje com algumas dicas de como definir suas metas. Acompanhe!<\/p>\n<h2>1. Analisar o mercado<\/h2>\n<p>Um dos primeiros passos na defini\u00e7\u00e3o de metas de vendas \u00e9 a an\u00e1lise do\u00a0<a href=\"https:\/\/previews.elleven.digital\/acocearense\/blog\/vender-mais\/5-boas-praticas-para-tornar-a-sua-empresa-competitiva-no-mercado\/\" target=\"_blank\" rel=\"noopener noreferrer\">mercado<\/a>\u00a0no qual a empresa est\u00e1 inserida. S\u00f3 assim \u00e9 poss\u00edvel ser realista e sensato ao estabelecer metas, j\u00e1 que as vendas s\u00e3o diretamente influenciadas pelo que acontece no com\u00e9rcio. Para isso, h\u00e1 algumas quest\u00f5es mais importantes que devem ser levantadas:<\/p>\n<ul>\n<li>percentual de crescimento do segmento de mercado;<\/li>\n<li>previs\u00e3o de expans\u00e3o do mercado para o ano seguinte;<\/li>\n<li>condi\u00e7\u00f5es atuais de oferta e demanda;<\/li>\n<li>percentual de mercado que a sua empresa det\u00e9m no momento;<\/li>\n<li>situa\u00e7\u00e3o dos concorrentes.<\/li>\n<\/ul>\n<p>Essas informa\u00e7\u00f5es podem ser coletadas a partir de jornais, revistas, associa\u00e7\u00f5es e pesquisa pr\u00f3pria.<\/p>\n<h2>2. Mensurar a capacidade de produ\u00e7\u00e3o e entrega<\/h2>\n<p>Outro passo muito importante desse processo \u00e9 a mensura\u00e7\u00e3o da capacidade de produ\u00e7\u00e3o e entrega da empresa. A organiza\u00e7\u00e3o s\u00f3 ser\u00e1 capaz de\u00a0<a href=\"https:\/\/previews.elleven.digital\/acocearense\/blog\/vender-mais\/6-dicas-para-treinar-vendedores-e-conquistar-clientes\/\" target=\"_blank\" rel=\"noopener noreferrer\">vender<\/a>\u00a0uma quantidade determinada de produtos ou servi\u00e7os se a compet\u00eancia produtiva e de entrega acompanharem esses n\u00fameros. Por isso \u00e9 t\u00e3o importante avaliar esse quesito para defini\u00e7\u00e3o de metas.<\/p>\n<p>Essa an\u00e1lise deve primeiramente ser feita com base no n\u00famero de funcion\u00e1rios atuais e o quanto eles conseguem produzir. E n\u00e3o adianta querer matar os colaboradores de tanto trabalhar. A mensura\u00e7\u00e3o deve ser realista.<\/p>\n<p>A partir da\u00ed, \u00e9 poss\u00edvel identificar se h\u00e1 a necessidade de contrata\u00e7\u00e3o de m\u00e3o de obra para alcan\u00e7ar as vendas desejadas, entre outros aspectos.<\/p>\n<h2>3. Utilizar indicadores de performance chave (KPI)<\/h2>\n<p>Os\u00a0<a href=\"https:\/\/previews.elleven.digital\/acocearense\/blog\/abrindo-o-negocio\/saiba-a-importancia-dos-indicadores-de-qualidade-para-seu-negocio\/\" target=\"_blank\" rel=\"noopener noreferrer\">indicadores<\/a>\u00a0de performance chave (Key Performance Indicator, em ingl\u00eas) s\u00e3o m\u00e9tricas utilizadas para acompanhar o desempenho do seu neg\u00f3cio, que podem ser usados para a an\u00e1lise do time de vendas e das vendas como um todo na empresa. A pr\u00f3pria institui\u00e7\u00e3o define os KPIs que quer mensurar, de acordo com as informa\u00e7\u00f5es que deseja obter.<\/p>\n<p>Os principais KPIs de vendas s\u00e3o:<\/p>\n<ul>\n<li>n\u00famero de leads gerados (potenciais clientes);<\/li>\n<li>n\u00famero de leads qualificados;<\/li>\n<li>taxa de convers\u00e3o (potenciais clientes que de fato viram consumidores);<\/li>\n<li>ticket m\u00e9dio dos clientes;<\/li>\n<li>custo de aquisi\u00e7\u00e3o por cliente;<\/li>\n<li>n\u00famero de neg\u00f3cios fechados;<\/li>\n<li>ciclo de venda.<\/li>\n<\/ul>\n<p>Os KPIs permitem que o gestor conhe\u00e7a a situa\u00e7\u00e3o atual de vendas do neg\u00f3cio, identifique as t\u00e9cnicas que geram melhores resultados e quais precisam de mudan\u00e7as.<\/p>\n<h2>4. Mapear os fatores externos de influ\u00eancia<\/h2>\n<p>Todo bom gestor sabe que existem diversos fatores externos que podem influenciar as vendas de um neg\u00f3cio. Os principais devem ser mapeados, a fim de que a empresa se prepare para eventuais obst\u00e1culos. Eles s\u00e3o:<\/p>\n<ul>\n<li>Sazonalidade: an\u00e1lise de grandes eventos, feriados e como a empresa se comporta em cada per\u00edodo;<\/li>\n<li>Entrada de concorrentes: possibilidade do surgimento de novas empresas no ramo de mercado;<\/li>\n<li>Momentos de crise ou bonan\u00e7a: tend\u00eancias atuais e futuras da economia.<\/li>\n<\/ul>\n<p>Por fim, vale lembrar que a defini\u00e7\u00e3o de metas de vendas \u00e9 um processo fluido e cont\u00ednuo. Isso significa que elas precisam ser revisitadas periodicamente, e podem ser alteradas sempre que necess\u00e1rio. Afinal, o mercado e a economia tamb\u00e9m est\u00e3o em constante mudan\u00e7a.<\/p>\n<\/div>\n<div>E a\u00ed, gostou do texto? Quer mais dicas para melhorar o desempenho do seu neg\u00f3cio? Ent\u00e3o continue no blog e\u00a0<a href=\"https:\/\/previews.elleven.digital\/acocearense\/blog\/abrindo-o-negocio\/entenda-como-fazer-um-bom-atendimento-pelas-redes-sociais\/\" target=\"_blank\" rel=\"noopener noreferrer\">leia nosso texto<\/a>\u00a0sobre atendimento em redes sociais!<\/div>\n","protected":false},"excerpt":{"rendered":"<p>A defini\u00e7\u00e3o de\u00a0metas de vendas \u00e9 um passo crucial para qualquer empresa, pois s\u00e3o elas(&#8230;)<\/p>\n","protected":false},"author":1,"featured_media":1170,"comment_status":"open","ping_status":"open","sticky":false,"template":"","format":"standard","meta":{"_acf_changed":false,"inline_featured_image":false,"footnotes":""},"categories":[28],"tags":[],"class_list":["post-1189","post","type-post","status-publish","format-standard","has-post-thumbnail","hentry","category-gestao"],"acf":[],"yoast_head":"<!-- This site is optimized with the Yoast SEO plugin v25.9 - https:\/\/yoast.com\/wordpress\/plugins\/seo\/ -->\n<title>4 dicas essenciais para definir metas de vendas na sua empresa - Grupo A\u00e7o Cearense<\/title>\n<meta name=\"robots\" content=\"index, follow, max-snippet:-1, max-image-preview:large, max-video-preview:-1\" \/>\n<link rel=\"canonical\" href=\"https:\/\/previews.elleven.digital\/acocearense\/4-dicas-essenciais-para-definir-metas-de-vendas-na-sua-empresa\/\" \/>\n<meta property=\"og:locale\" content=\"pt_BR\" \/>\n<meta property=\"og:type\" content=\"article\" \/>\n<meta property=\"og:title\" content=\"4 dicas essenciais para definir metas de vendas na sua empresa - Grupo A\u00e7o Cearense\" \/>\n<meta property=\"og:description\" content=\"A defini\u00e7\u00e3o de\u00a0metas de vendas \u00e9 um passo crucial para qualquer empresa, pois s\u00e3o elas(...)\" \/>\n<meta property=\"og:url\" content=\"https:\/\/previews.elleven.digital\/acocearense\/4-dicas-essenciais-para-definir-metas-de-vendas-na-sua-empresa\/\" \/>\n<meta property=\"og:site_name\" content=\"Grupo A\u00e7o Cearense\" \/>\n<meta property=\"article:published_time\" content=\"2019-05-09T13:07:12+00:00\" \/>\n<meta property=\"article:modified_time\" content=\"2025-05-07T13:07:30+00:00\" \/>\n<meta property=\"og:image\" content=\"https:\/\/previews.elleven.digital\/acocearense\/wp-content\/uploads\/2025\/05\/290507-4-dicas-essenciais-para-definir-metas-de-vendas-na-sua-empresa-1090x720-1.jpg\" \/>\n\t<meta property=\"og:image:width\" content=\"1090\" \/>\n\t<meta property=\"og:image:height\" content=\"720\" \/>\n\t<meta property=\"og:image:type\" content=\"image\/jpeg\" \/>\n<meta name=\"author\" content=\"elleven\" \/>\n<meta name=\"twitter:card\" content=\"summary_large_image\" \/>\n<meta name=\"twitter:label1\" content=\"Escrito por\" \/>\n\t<meta name=\"twitter:data1\" content=\"elleven\" \/>\n\t<meta name=\"twitter:label2\" content=\"Est. tempo de leitura\" \/>\n\t<meta name=\"twitter:data2\" content=\"4 minutos\" \/>\n<script type=\"application\/ld+json\" class=\"yoast-schema-graph\">{\"@context\":\"https:\/\/schema.org\",\"@graph\":[{\"@type\":\"WebPage\",\"@id\":\"https:\/\/previews.elleven.digital\/acocearense\/4-dicas-essenciais-para-definir-metas-de-vendas-na-sua-empresa\/\",\"url\":\"https:\/\/previews.elleven.digital\/acocearense\/4-dicas-essenciais-para-definir-metas-de-vendas-na-sua-empresa\/\",\"name\":\"4 dicas essenciais para definir metas de vendas na sua empresa - Grupo A\u00e7o Cearense\",\"isPartOf\":{\"@id\":\"https:\/\/previews.elleven.digital\/acocearense\/#website\"},\"primaryImageOfPage\":{\"@id\":\"https:\/\/previews.elleven.digital\/acocearense\/4-dicas-essenciais-para-definir-metas-de-vendas-na-sua-empresa\/#primaryimage\"},\"image\":{\"@id\":\"https:\/\/previews.elleven.digital\/acocearense\/4-dicas-essenciais-para-definir-metas-de-vendas-na-sua-empresa\/#primaryimage\"},\"thumbnailUrl\":\"https:\/\/previews.elleven.digital\/acocearense\/wp-content\/uploads\/2025\/05\/290507-4-dicas-essenciais-para-definir-metas-de-vendas-na-sua-empresa-1090x720-1.jpg\",\"datePublished\":\"2019-05-09T13:07:12+00:00\",\"dateModified\":\"2025-05-07T13:07:30+00:00\",\"author\":{\"@id\":\"https:\/\/previews.elleven.digital\/acocearense\/#\/schema\/person\/8e9165eb3c33e0860485c7c5fc06a701\"},\"breadcrumb\":{\"@id\":\"https:\/\/previews.elleven.digital\/acocearense\/4-dicas-essenciais-para-definir-metas-de-vendas-na-sua-empresa\/#breadcrumb\"},\"inLanguage\":\"pt-BR\",\"potentialAction\":[{\"@type\":\"ReadAction\",\"target\":[\"https:\/\/previews.elleven.digital\/acocearense\/4-dicas-essenciais-para-definir-metas-de-vendas-na-sua-empresa\/\"]}]},{\"@type\":\"ImageObject\",\"inLanguage\":\"pt-BR\",\"@id\":\"https:\/\/previews.elleven.digital\/acocearense\/4-dicas-essenciais-para-definir-metas-de-vendas-na-sua-empresa\/#primaryimage\",\"url\":\"https:\/\/previews.elleven.digital\/acocearense\/wp-content\/uploads\/2025\/05\/290507-4-dicas-essenciais-para-definir-metas-de-vendas-na-sua-empresa-1090x720-1.jpg\",\"contentUrl\":\"https:\/\/previews.elleven.digital\/acocearense\/wp-content\/uploads\/2025\/05\/290507-4-dicas-essenciais-para-definir-metas-de-vendas-na-sua-empresa-1090x720-1.jpg\",\"width\":1090,\"height\":720},{\"@type\":\"BreadcrumbList\",\"@id\":\"https:\/\/previews.elleven.digital\/acocearense\/4-dicas-essenciais-para-definir-metas-de-vendas-na-sua-empresa\/#breadcrumb\",\"itemListElement\":[{\"@type\":\"ListItem\",\"position\":1,\"name\":\"In\u00edcio\",\"item\":\"https:\/\/previews.elleven.digital\/acocearense\/\"},{\"@type\":\"ListItem\",\"position\":2,\"name\":\"4 dicas essenciais para definir metas de vendas na sua empresa\"}]},{\"@type\":\"WebSite\",\"@id\":\"https:\/\/previews.elleven.digital\/acocearense\/#website\",\"url\":\"https:\/\/previews.elleven.digital\/acocearense\/\",\"name\":\"A\u00e7o Cearense\",\"description\":\"H\u00e1 mais de 45 anos no mercado brasileiro do a\u00e7o.\",\"alternateName\":\"A\u00e7o Cearense\",\"potentialAction\":[{\"@type\":\"SearchAction\",\"target\":{\"@type\":\"EntryPoint\",\"urlTemplate\":\"https:\/\/previews.elleven.digital\/acocearense\/?s={search_term_string}\"},\"query-input\":{\"@type\":\"PropertyValueSpecification\",\"valueRequired\":true,\"valueName\":\"search_term_string\"}}],\"inLanguage\":\"pt-BR\"},{\"@type\":\"Person\",\"@id\":\"https:\/\/previews.elleven.digital\/acocearense\/#\/schema\/person\/8e9165eb3c33e0860485c7c5fc06a701\",\"name\":\"elleven\",\"image\":{\"@type\":\"ImageObject\",\"inLanguage\":\"pt-BR\",\"@id\":\"https:\/\/previews.elleven.digital\/acocearense\/#\/schema\/person\/image\/\",\"url\":\"https:\/\/secure.gravatar.com\/avatar\/2a6afb49d9ecfed5dbc6c9606ce318b8bd07c077835179bddfd5d8209c03cb29?s=96&d=mm&r=g\",\"contentUrl\":\"https:\/\/secure.gravatar.com\/avatar\/2a6afb49d9ecfed5dbc6c9606ce318b8bd07c077835179bddfd5d8209c03cb29?s=96&d=mm&r=g\",\"caption\":\"elleven\"},\"sameAs\":[\"http:\/\/localhost\/acocearense\"],\"url\":\"https:\/\/previews.elleven.digital\/acocearense\/author\/elleven\/\"}]}<\/script>\n<!-- \/ Yoast SEO plugin. -->","yoast_head_json":{"title":"4 dicas essenciais para definir metas de vendas na sua empresa - Grupo A\u00e7o Cearense","robots":{"index":"index","follow":"follow","max-snippet":"max-snippet:-1","max-image-preview":"max-image-preview:large","max-video-preview":"max-video-preview:-1"},"canonical":"https:\/\/previews.elleven.digital\/acocearense\/4-dicas-essenciais-para-definir-metas-de-vendas-na-sua-empresa\/","og_locale":"pt_BR","og_type":"article","og_title":"4 dicas essenciais para definir metas de vendas na sua empresa - Grupo A\u00e7o Cearense","og_description":"A defini\u00e7\u00e3o de\u00a0metas de vendas \u00e9 um passo crucial para qualquer empresa, pois s\u00e3o elas(...)","og_url":"https:\/\/previews.elleven.digital\/acocearense\/4-dicas-essenciais-para-definir-metas-de-vendas-na-sua-empresa\/","og_site_name":"Grupo A\u00e7o Cearense","article_published_time":"2019-05-09T13:07:12+00:00","article_modified_time":"2025-05-07T13:07:30+00:00","og_image":[{"width":1090,"height":720,"url":"https:\/\/previews.elleven.digital\/acocearense\/wp-content\/uploads\/2025\/05\/290507-4-dicas-essenciais-para-definir-metas-de-vendas-na-sua-empresa-1090x720-1.jpg","type":"image\/jpeg"}],"author":"elleven","twitter_card":"summary_large_image","twitter_misc":{"Escrito por":"elleven","Est. tempo de leitura":"4 minutos"},"schema":{"@context":"https:\/\/schema.org","@graph":[{"@type":"WebPage","@id":"https:\/\/previews.elleven.digital\/acocearense\/4-dicas-essenciais-para-definir-metas-de-vendas-na-sua-empresa\/","url":"https:\/\/previews.elleven.digital\/acocearense\/4-dicas-essenciais-para-definir-metas-de-vendas-na-sua-empresa\/","name":"4 dicas essenciais para definir metas de vendas na sua empresa - Grupo A\u00e7o Cearense","isPartOf":{"@id":"https:\/\/previews.elleven.digital\/acocearense\/#website"},"primaryImageOfPage":{"@id":"https:\/\/previews.elleven.digital\/acocearense\/4-dicas-essenciais-para-definir-metas-de-vendas-na-sua-empresa\/#primaryimage"},"image":{"@id":"https:\/\/previews.elleven.digital\/acocearense\/4-dicas-essenciais-para-definir-metas-de-vendas-na-sua-empresa\/#primaryimage"},"thumbnailUrl":"https:\/\/previews.elleven.digital\/acocearense\/wp-content\/uploads\/2025\/05\/290507-4-dicas-essenciais-para-definir-metas-de-vendas-na-sua-empresa-1090x720-1.jpg","datePublished":"2019-05-09T13:07:12+00:00","dateModified":"2025-05-07T13:07:30+00:00","author":{"@id":"https:\/\/previews.elleven.digital\/acocearense\/#\/schema\/person\/8e9165eb3c33e0860485c7c5fc06a701"},"breadcrumb":{"@id":"https:\/\/previews.elleven.digital\/acocearense\/4-dicas-essenciais-para-definir-metas-de-vendas-na-sua-empresa\/#breadcrumb"},"inLanguage":"pt-BR","potentialAction":[{"@type":"ReadAction","target":["https:\/\/previews.elleven.digital\/acocearense\/4-dicas-essenciais-para-definir-metas-de-vendas-na-sua-empresa\/"]}]},{"@type":"ImageObject","inLanguage":"pt-BR","@id":"https:\/\/previews.elleven.digital\/acocearense\/4-dicas-essenciais-para-definir-metas-de-vendas-na-sua-empresa\/#primaryimage","url":"https:\/\/previews.elleven.digital\/acocearense\/wp-content\/uploads\/2025\/05\/290507-4-dicas-essenciais-para-definir-metas-de-vendas-na-sua-empresa-1090x720-1.jpg","contentUrl":"https:\/\/previews.elleven.digital\/acocearense\/wp-content\/uploads\/2025\/05\/290507-4-dicas-essenciais-para-definir-metas-de-vendas-na-sua-empresa-1090x720-1.jpg","width":1090,"height":720},{"@type":"BreadcrumbList","@id":"https:\/\/previews.elleven.digital\/acocearense\/4-dicas-essenciais-para-definir-metas-de-vendas-na-sua-empresa\/#breadcrumb","itemListElement":[{"@type":"ListItem","position":1,"name":"In\u00edcio","item":"https:\/\/previews.elleven.digital\/acocearense\/"},{"@type":"ListItem","position":2,"name":"4 dicas essenciais para definir metas de vendas na sua empresa"}]},{"@type":"WebSite","@id":"https:\/\/previews.elleven.digital\/acocearense\/#website","url":"https:\/\/previews.elleven.digital\/acocearense\/","name":"A\u00e7o Cearense","description":"H\u00e1 mais de 45 anos no mercado brasileiro do a\u00e7o.","alternateName":"A\u00e7o Cearense","potentialAction":[{"@type":"SearchAction","target":{"@type":"EntryPoint","urlTemplate":"https:\/\/previews.elleven.digital\/acocearense\/?s={search_term_string}"},"query-input":{"@type":"PropertyValueSpecification","valueRequired":true,"valueName":"search_term_string"}}],"inLanguage":"pt-BR"},{"@type":"Person","@id":"https:\/\/previews.elleven.digital\/acocearense\/#\/schema\/person\/8e9165eb3c33e0860485c7c5fc06a701","name":"elleven","image":{"@type":"ImageObject","inLanguage":"pt-BR","@id":"https:\/\/previews.elleven.digital\/acocearense\/#\/schema\/person\/image\/","url":"https:\/\/secure.gravatar.com\/avatar\/2a6afb49d9ecfed5dbc6c9606ce318b8bd07c077835179bddfd5d8209c03cb29?s=96&d=mm&r=g","contentUrl":"https:\/\/secure.gravatar.com\/avatar\/2a6afb49d9ecfed5dbc6c9606ce318b8bd07c077835179bddfd5d8209c03cb29?s=96&d=mm&r=g","caption":"elleven"},"sameAs":["http:\/\/localhost\/acocearense"],"url":"https:\/\/previews.elleven.digital\/acocearense\/author\/elleven\/"}]}},"_links":{"self":[{"href":"https:\/\/previews.elleven.digital\/acocearense\/wp-json\/wp\/v2\/posts\/1189","targetHints":{"allow":["GET"]}}],"collection":[{"href":"https:\/\/previews.elleven.digital\/acocearense\/wp-json\/wp\/v2\/posts"}],"about":[{"href":"https:\/\/previews.elleven.digital\/acocearense\/wp-json\/wp\/v2\/types\/post"}],"author":[{"embeddable":true,"href":"https:\/\/previews.elleven.digital\/acocearense\/wp-json\/wp\/v2\/users\/1"}],"replies":[{"embeddable":true,"href":"https:\/\/previews.elleven.digital\/acocearense\/wp-json\/wp\/v2\/comments?post=1189"}],"version-history":[{"count":1,"href":"https:\/\/previews.elleven.digital\/acocearense\/wp-json\/wp\/v2\/posts\/1189\/revisions"}],"predecessor-version":[{"id":1190,"href":"https:\/\/previews.elleven.digital\/acocearense\/wp-json\/wp\/v2\/posts\/1189\/revisions\/1190"}],"wp:featuredmedia":[{"embeddable":true,"href":"https:\/\/previews.elleven.digital\/acocearense\/wp-json\/wp\/v2\/media\/1170"}],"wp:attachment":[{"href":"https:\/\/previews.elleven.digital\/acocearense\/wp-json\/wp\/v2\/media?parent=1189"}],"wp:term":[{"taxonomy":"category","embeddable":true,"href":"https:\/\/previews.elleven.digital\/acocearense\/wp-json\/wp\/v2\/categories?post=1189"},{"taxonomy":"post_tag","embeddable":true,"href":"https:\/\/previews.elleven.digital\/acocearense\/wp-json\/wp\/v2\/tags?post=1189"}],"curies":[{"name":"wp","href":"https:\/\/api.w.org\/{rel}","templated":true}]}}