{"id":1187,"date":"2019-05-02T10:06:45","date_gmt":"2019-05-02T13:06:45","guid":{"rendered":"https:\/\/previews.elleven.digital\/acocearense\/?p=1187"},"modified":"2025-05-07T10:07:04","modified_gmt":"2025-05-07T13:07:04","slug":"4-erros-de-comunicacao-interna-em-lojas-que-voce-deve-evitar","status":"publish","type":"post","link":"https:\/\/previews.elleven.digital\/acocearense\/4-erros-de-comunicacao-interna-em-lojas-que-voce-deve-evitar\/","title":{"rendered":"4 erros de comunica\u00e7\u00e3o interna em lojas que voc\u00ea deve evitar"},"content":{"rendered":"<p>Quando voc\u00ea administra um ponto de vendas, o mais importante \u00e9 ter uma equipe bem alinhada e uma boa rela\u00e7\u00e3o com os\u00a0<a href=\"https:\/\/previews.elleven.digital\/acocearense\/blog\/gestao\/conheca-perfis-de-clientes-e-saiba-como-lidar-com-eles\/\">clientes<\/a>. Isso porque boa parte dos problemas que ocorrem em lojas \u00e9 consequ\u00eancia de uma\u00a0m\u00e1 comunica\u00e7\u00e3o interna, a qual tamb\u00e9m afeta o desempenho das vendas.<\/p>\n<p>Se a sua equipe n\u00e3o consegue trocar informa\u00e7\u00f5es de forma simples e eficiente, pequenas tarefas do dia a dia podem se tornar bem mais complicadas. Quando o time n\u00e3o sabe se um fornecedor far\u00e1 a entrega, por exemplo, ele tamb\u00e9m n\u00e3o vai preparar o espa\u00e7o para armazenar todas as mercadorias recebidas.<\/p>\n<p>Para que voc\u00ea n\u00e3o caia em algumas dessas armadilhas, veja aqui 4 erros bem comuns de comunica\u00e7\u00e3o interna em lojas e saiba o que voc\u00ea pode fazer para evit\u00e1-los.<\/p>\n<h2>1. Duplica\u00e7\u00e3o de informa\u00e7\u00e3o<\/h2>\n<p>Ter uma c\u00f3pia de algum arquivo ou documento \u00e9 muito importante em v\u00e1rios neg\u00f3cios, desde que voc\u00ea possa diferenci\u00e1-la do arquivo original. Quando voc\u00ea duplica certos dados, a equipe pode come\u00e7ar a editar os dois separadamente, dificultando uma an\u00e1lise posterior.<\/p>\n<p>Nesse caso, o melhor a fazer \u00e9 ter um sistema de unifica\u00e7\u00e3o de informa\u00e7\u00f5es, garantindo que apenas 1 arquivo seja modificado. Al\u00e9m disso, ter um hist\u00f3rico de altera\u00e7\u00f5es criado automaticamente pode poup\u00e1-lo de v\u00e1rias confus\u00f5es quando houver algum erro de lan\u00e7amento.<\/p>\n<h2>2. Falta de coer\u00eancia<\/h2>\n<p>Nem sempre um\u00a0<a href=\"https:\/\/previews.elleven.digital\/acocearense\/blog\/gestao\/como-divulgar-vagas-de-emprego-e-atrair-bons-profissionais-aprenda-aqui-2\/\">profissional<\/a>\u00a0consegue alcan\u00e7ar aquilo que lhe foi prometido, mas \u00e9 muito ruim ter esse tipo de incidente dentro de uma loja. Se um neg\u00f3cio promove um determinado conjunto de valores, como honestidade e disciplina, por exemplo, \u00e9 muito desagrad\u00e1vel quando, na pr\u00e1tica, nenhum destes elementos \u00e9 colocado em pr\u00e1tica.<\/p>\n<p>Esse \u00e9 um problema mais dif\u00edcil de resolver, j\u00e1 que exige uma mudan\u00e7a de atitude por parte da equipe. Por\u00e9m, voc\u00ea pode promover um comportamento mais saud\u00e1vel por meio de treinamentos e incentivos \u2014 acima de tudo, seja um exemplo daquilo que deseja promover.<\/p>\n<h2>3. Descentraliza\u00e7\u00e3o da gest\u00e3o<\/h2>\n<p>\u00c9 mais comum ver uma comunica\u00e7\u00e3o interna mais \u201csolta\u201d hoje em dia, onde cada colaborador est\u00e1 mais livre para tomar suas decis\u00f5es. Por\u00e9m, para evitar que todos v\u00e3o em dire\u00e7\u00f5es diferentes, a\u00a0<a href=\"https:\/\/previews.elleven.digital\/acocearense\/blog\/abrindo-o-negocio\/conheca-5-desafios-na-gestao-de-pessoas-e-saiba-como-supera-los\/\">figura central do gestor ainda \u00e9 muito importante<\/a>. Ele deve ser respons\u00e1vel por manter o objetivo do neg\u00f3cio bem claro, especialmente no dia a dia.<\/p>\n<p>Um erro grave \u00e9 ter mais de um gestor para um neg\u00f3cio muito pequeno. Quando a loja n\u00e3o demanda muito trabalho administrativo, ter mais de uma pessoa respons\u00e1vel pode gerar mais confus\u00e3o do que facilitar tarefas.<\/p>\n<h2>4. N\u00e3o ser transparente<\/h2>\n<p>Por fim, mas n\u00e3o menos importante, toda a comunica\u00e7\u00e3o dentro de uma loja deve ser transparente e clara. Distribuir tarefas sem explicar seu prop\u00f3sito, por exemplo, n\u00e3o \u00e9 bom para o clima organizacional do estabelecimento. Portanto, se voc\u00ea quer facilitar a coopera\u00e7\u00e3o entre todos, lembre-se de promover uma comunica\u00e7\u00e3o mais transparente.<\/p>\n<p>Agora que voc\u00ea conhece esses erros de comunica\u00e7\u00e3o interna, j\u00e1 pode identific\u00e1-los em sua loja e come\u00e7ar a corrigi-los agora mesmo. N\u00e3o deixe esses problemas ficarem sem solu\u00e7\u00e3o por muito tempo, pois eles provocam v\u00e1rios preju\u00edzos.<\/p>\n<p>E se voc\u00ea quiser continuar com o apoio dos nossos conte\u00fados, siga-nos no\u00a0<a href=\"https:\/\/www.facebook.com\/grupoacocearense\/\">Facebook<\/a>\u00a0e no\u00a0<a href=\"https:\/\/www.linkedin.com\/company-beta\/24776982\/admin\/overview\/\">LinkedIn<\/a>\u00a0para ficar sempre por dentro de nossas novidades.<\/p>\n","protected":false},"excerpt":{"rendered":"<p>Quando voc\u00ea administra um ponto de vendas, o mais importante \u00e9 ter uma equipe bem(&#8230;)<\/p>\n","protected":false},"author":1,"featured_media":1171,"comment_status":"open","ping_status":"open","sticky":false,"template":"","format":"standard","meta":{"_acf_changed":false,"inline_featured_image":false,"footnotes":""},"categories":[28],"tags":[],"class_list":["post-1187","post","type-post","status-publish","format-standard","has-post-thumbnail","hentry","category-gestao"],"acf":[],"yoast_head":"<!-- This site is optimized with the Yoast SEO plugin v25.9 - https:\/\/yoast.com\/wordpress\/plugins\/seo\/ -->\n<title>4 erros de comunica\u00e7\u00e3o interna em lojas que voc\u00ea deve evitar - Grupo A\u00e7o Cearense<\/title>\n<meta name=\"robots\" content=\"index, follow, max-snippet:-1, max-image-preview:large, max-video-preview:-1\" \/>\n<link rel=\"canonical\" href=\"https:\/\/previews.elleven.digital\/acocearense\/4-erros-de-comunicacao-interna-em-lojas-que-voce-deve-evitar\/\" \/>\n<meta property=\"og:locale\" content=\"pt_BR\" \/>\n<meta property=\"og:type\" content=\"article\" \/>\n<meta property=\"og:title\" content=\"4 erros de comunica\u00e7\u00e3o interna em lojas que voc\u00ea deve evitar - Grupo A\u00e7o Cearense\" \/>\n<meta property=\"og:description\" content=\"Quando voc\u00ea administra um ponto de vendas, o mais importante \u00e9 ter uma equipe bem(...)\" \/>\n<meta property=\"og:url\" content=\"https:\/\/previews.elleven.digital\/acocearense\/4-erros-de-comunicacao-interna-em-lojas-que-voce-deve-evitar\/\" \/>\n<meta property=\"og:site_name\" content=\"Grupo A\u00e7o Cearense\" \/>\n<meta property=\"article:published_time\" content=\"2019-05-02T13:06:45+00:00\" \/>\n<meta property=\"article:modified_time\" content=\"2025-05-07T13:07:04+00:00\" \/>\n<meta property=\"og:image\" content=\"https:\/\/previews.elleven.digital\/acocearense\/wp-content\/uploads\/2025\/05\/288932-4-erros-de-comunicacao-interna-em-lojas-que-voce-deve-evitar-1090x720-1.jpg\" \/>\n\t<meta property=\"og:image:width\" content=\"1090\" \/>\n\t<meta property=\"og:image:height\" content=\"720\" \/>\n\t<meta property=\"og:image:type\" content=\"image\/jpeg\" \/>\n<meta name=\"author\" content=\"elleven\" \/>\n<meta name=\"twitter:card\" content=\"summary_large_image\" \/>\n<meta name=\"twitter:label1\" content=\"Escrito por\" \/>\n\t<meta name=\"twitter:data1\" content=\"elleven\" \/>\n\t<meta name=\"twitter:label2\" content=\"Est. tempo de leitura\" \/>\n\t<meta name=\"twitter:data2\" content=\"3 minutos\" \/>\n<script type=\"application\/ld+json\" class=\"yoast-schema-graph\">{\"@context\":\"https:\/\/schema.org\",\"@graph\":[{\"@type\":\"WebPage\",\"@id\":\"https:\/\/previews.elleven.digital\/acocearense\/4-erros-de-comunicacao-interna-em-lojas-que-voce-deve-evitar\/\",\"url\":\"https:\/\/previews.elleven.digital\/acocearense\/4-erros-de-comunicacao-interna-em-lojas-que-voce-deve-evitar\/\",\"name\":\"4 erros de comunica\u00e7\u00e3o interna em lojas que voc\u00ea deve evitar - Grupo A\u00e7o Cearense\",\"isPartOf\":{\"@id\":\"https:\/\/previews.elleven.digital\/acocearense\/#website\"},\"primaryImageOfPage\":{\"@id\":\"https:\/\/previews.elleven.digital\/acocearense\/4-erros-de-comunicacao-interna-em-lojas-que-voce-deve-evitar\/#primaryimage\"},\"image\":{\"@id\":\"https:\/\/previews.elleven.digital\/acocearense\/4-erros-de-comunicacao-interna-em-lojas-que-voce-deve-evitar\/#primaryimage\"},\"thumbnailUrl\":\"https:\/\/previews.elleven.digital\/acocearense\/wp-content\/uploads\/2025\/05\/288932-4-erros-de-comunicacao-interna-em-lojas-que-voce-deve-evitar-1090x720-1.jpg\",\"datePublished\":\"2019-05-02T13:06:45+00:00\",\"dateModified\":\"2025-05-07T13:07:04+00:00\",\"author\":{\"@id\":\"https:\/\/previews.elleven.digital\/acocearense\/#\/schema\/person\/8e9165eb3c33e0860485c7c5fc06a701\"},\"breadcrumb\":{\"@id\":\"https:\/\/previews.elleven.digital\/acocearense\/4-erros-de-comunicacao-interna-em-lojas-que-voce-deve-evitar\/#breadcrumb\"},\"inLanguage\":\"pt-BR\",\"potentialAction\":[{\"@type\":\"ReadAction\",\"target\":[\"https:\/\/previews.elleven.digital\/acocearense\/4-erros-de-comunicacao-interna-em-lojas-que-voce-deve-evitar\/\"]}]},{\"@type\":\"ImageObject\",\"inLanguage\":\"pt-BR\",\"@id\":\"https:\/\/previews.elleven.digital\/acocearense\/4-erros-de-comunicacao-interna-em-lojas-que-voce-deve-evitar\/#primaryimage\",\"url\":\"https:\/\/previews.elleven.digital\/acocearense\/wp-content\/uploads\/2025\/05\/288932-4-erros-de-comunicacao-interna-em-lojas-que-voce-deve-evitar-1090x720-1.jpg\",\"contentUrl\":\"https:\/\/previews.elleven.digital\/acocearense\/wp-content\/uploads\/2025\/05\/288932-4-erros-de-comunicacao-interna-em-lojas-que-voce-deve-evitar-1090x720-1.jpg\",\"width\":1090,\"height\":720},{\"@type\":\"BreadcrumbList\",\"@id\":\"https:\/\/previews.elleven.digital\/acocearense\/4-erros-de-comunicacao-interna-em-lojas-que-voce-deve-evitar\/#breadcrumb\",\"itemListElement\":[{\"@type\":\"ListItem\",\"position\":1,\"name\":\"In\u00edcio\",\"item\":\"https:\/\/previews.elleven.digital\/acocearense\/\"},{\"@type\":\"ListItem\",\"position\":2,\"name\":\"4 erros de comunica\u00e7\u00e3o interna em lojas que voc\u00ea deve evitar\"}]},{\"@type\":\"WebSite\",\"@id\":\"https:\/\/previews.elleven.digital\/acocearense\/#website\",\"url\":\"https:\/\/previews.elleven.digital\/acocearense\/\",\"name\":\"A\u00e7o Cearense\",\"description\":\"H\u00e1 mais de 45 anos no mercado brasileiro do a\u00e7o.\",\"alternateName\":\"A\u00e7o Cearense\",\"potentialAction\":[{\"@type\":\"SearchAction\",\"target\":{\"@type\":\"EntryPoint\",\"urlTemplate\":\"https:\/\/previews.elleven.digital\/acocearense\/?s={search_term_string}\"},\"query-input\":{\"@type\":\"PropertyValueSpecification\",\"valueRequired\":true,\"valueName\":\"search_term_string\"}}],\"inLanguage\":\"pt-BR\"},{\"@type\":\"Person\",\"@id\":\"https:\/\/previews.elleven.digital\/acocearense\/#\/schema\/person\/8e9165eb3c33e0860485c7c5fc06a701\",\"name\":\"elleven\",\"image\":{\"@type\":\"ImageObject\",\"inLanguage\":\"pt-BR\",\"@id\":\"https:\/\/previews.elleven.digital\/acocearense\/#\/schema\/person\/image\/\",\"url\":\"https:\/\/secure.gravatar.com\/avatar\/2a6afb49d9ecfed5dbc6c9606ce318b8bd07c077835179bddfd5d8209c03cb29?s=96&d=mm&r=g\",\"contentUrl\":\"https:\/\/secure.gravatar.com\/avatar\/2a6afb49d9ecfed5dbc6c9606ce318b8bd07c077835179bddfd5d8209c03cb29?s=96&d=mm&r=g\",\"caption\":\"elleven\"},\"sameAs\":[\"http:\/\/localhost\/acocearense\"],\"url\":\"https:\/\/previews.elleven.digital\/acocearense\/author\/elleven\/\"}]}<\/script>\n<!-- \/ Yoast SEO plugin. -->","yoast_head_json":{"title":"4 erros de comunica\u00e7\u00e3o interna em lojas que voc\u00ea deve evitar - Grupo A\u00e7o Cearense","robots":{"index":"index","follow":"follow","max-snippet":"max-snippet:-1","max-image-preview":"max-image-preview:large","max-video-preview":"max-video-preview:-1"},"canonical":"https:\/\/previews.elleven.digital\/acocearense\/4-erros-de-comunicacao-interna-em-lojas-que-voce-deve-evitar\/","og_locale":"pt_BR","og_type":"article","og_title":"4 erros de comunica\u00e7\u00e3o interna em lojas que voc\u00ea deve evitar - Grupo A\u00e7o Cearense","og_description":"Quando voc\u00ea administra um ponto de vendas, o mais importante \u00e9 ter uma equipe bem(...)","og_url":"https:\/\/previews.elleven.digital\/acocearense\/4-erros-de-comunicacao-interna-em-lojas-que-voce-deve-evitar\/","og_site_name":"Grupo A\u00e7o Cearense","article_published_time":"2019-05-02T13:06:45+00:00","article_modified_time":"2025-05-07T13:07:04+00:00","og_image":[{"width":1090,"height":720,"url":"https:\/\/previews.elleven.digital\/acocearense\/wp-content\/uploads\/2025\/05\/288932-4-erros-de-comunicacao-interna-em-lojas-que-voce-deve-evitar-1090x720-1.jpg","type":"image\/jpeg"}],"author":"elleven","twitter_card":"summary_large_image","twitter_misc":{"Escrito por":"elleven","Est. tempo de leitura":"3 minutos"},"schema":{"@context":"https:\/\/schema.org","@graph":[{"@type":"WebPage","@id":"https:\/\/previews.elleven.digital\/acocearense\/4-erros-de-comunicacao-interna-em-lojas-que-voce-deve-evitar\/","url":"https:\/\/previews.elleven.digital\/acocearense\/4-erros-de-comunicacao-interna-em-lojas-que-voce-deve-evitar\/","name":"4 erros de comunica\u00e7\u00e3o interna em lojas que voc\u00ea deve evitar - Grupo A\u00e7o Cearense","isPartOf":{"@id":"https:\/\/previews.elleven.digital\/acocearense\/#website"},"primaryImageOfPage":{"@id":"https:\/\/previews.elleven.digital\/acocearense\/4-erros-de-comunicacao-interna-em-lojas-que-voce-deve-evitar\/#primaryimage"},"image":{"@id":"https:\/\/previews.elleven.digital\/acocearense\/4-erros-de-comunicacao-interna-em-lojas-que-voce-deve-evitar\/#primaryimage"},"thumbnailUrl":"https:\/\/previews.elleven.digital\/acocearense\/wp-content\/uploads\/2025\/05\/288932-4-erros-de-comunicacao-interna-em-lojas-que-voce-deve-evitar-1090x720-1.jpg","datePublished":"2019-05-02T13:06:45+00:00","dateModified":"2025-05-07T13:07:04+00:00","author":{"@id":"https:\/\/previews.elleven.digital\/acocearense\/#\/schema\/person\/8e9165eb3c33e0860485c7c5fc06a701"},"breadcrumb":{"@id":"https:\/\/previews.elleven.digital\/acocearense\/4-erros-de-comunicacao-interna-em-lojas-que-voce-deve-evitar\/#breadcrumb"},"inLanguage":"pt-BR","potentialAction":[{"@type":"ReadAction","target":["https:\/\/previews.elleven.digital\/acocearense\/4-erros-de-comunicacao-interna-em-lojas-que-voce-deve-evitar\/"]}]},{"@type":"ImageObject","inLanguage":"pt-BR","@id":"https:\/\/previews.elleven.digital\/acocearense\/4-erros-de-comunicacao-interna-em-lojas-que-voce-deve-evitar\/#primaryimage","url":"https:\/\/previews.elleven.digital\/acocearense\/wp-content\/uploads\/2025\/05\/288932-4-erros-de-comunicacao-interna-em-lojas-que-voce-deve-evitar-1090x720-1.jpg","contentUrl":"https:\/\/previews.elleven.digital\/acocearense\/wp-content\/uploads\/2025\/05\/288932-4-erros-de-comunicacao-interna-em-lojas-que-voce-deve-evitar-1090x720-1.jpg","width":1090,"height":720},{"@type":"BreadcrumbList","@id":"https:\/\/previews.elleven.digital\/acocearense\/4-erros-de-comunicacao-interna-em-lojas-que-voce-deve-evitar\/#breadcrumb","itemListElement":[{"@type":"ListItem","position":1,"name":"In\u00edcio","item":"https:\/\/previews.elleven.digital\/acocearense\/"},{"@type":"ListItem","position":2,"name":"4 erros de comunica\u00e7\u00e3o interna em lojas que voc\u00ea deve evitar"}]},{"@type":"WebSite","@id":"https:\/\/previews.elleven.digital\/acocearense\/#website","url":"https:\/\/previews.elleven.digital\/acocearense\/","name":"A\u00e7o Cearense","description":"H\u00e1 mais de 45 anos no mercado brasileiro do a\u00e7o.","alternateName":"A\u00e7o Cearense","potentialAction":[{"@type":"SearchAction","target":{"@type":"EntryPoint","urlTemplate":"https:\/\/previews.elleven.digital\/acocearense\/?s={search_term_string}"},"query-input":{"@type":"PropertyValueSpecification","valueRequired":true,"valueName":"search_term_string"}}],"inLanguage":"pt-BR"},{"@type":"Person","@id":"https:\/\/previews.elleven.digital\/acocearense\/#\/schema\/person\/8e9165eb3c33e0860485c7c5fc06a701","name":"elleven","image":{"@type":"ImageObject","inLanguage":"pt-BR","@id":"https:\/\/previews.elleven.digital\/acocearense\/#\/schema\/person\/image\/","url":"https:\/\/secure.gravatar.com\/avatar\/2a6afb49d9ecfed5dbc6c9606ce318b8bd07c077835179bddfd5d8209c03cb29?s=96&d=mm&r=g","contentUrl":"https:\/\/secure.gravatar.com\/avatar\/2a6afb49d9ecfed5dbc6c9606ce318b8bd07c077835179bddfd5d8209c03cb29?s=96&d=mm&r=g","caption":"elleven"},"sameAs":["http:\/\/localhost\/acocearense"],"url":"https:\/\/previews.elleven.digital\/acocearense\/author\/elleven\/"}]}},"_links":{"self":[{"href":"https:\/\/previews.elleven.digital\/acocearense\/wp-json\/wp\/v2\/posts\/1187","targetHints":{"allow":["GET"]}}],"collection":[{"href":"https:\/\/previews.elleven.digital\/acocearense\/wp-json\/wp\/v2\/posts"}],"about":[{"href":"https:\/\/previews.elleven.digital\/acocearense\/wp-json\/wp\/v2\/types\/post"}],"author":[{"embeddable":true,"href":"https:\/\/previews.elleven.digital\/acocearense\/wp-json\/wp\/v2\/users\/1"}],"replies":[{"embeddable":true,"href":"https:\/\/previews.elleven.digital\/acocearense\/wp-json\/wp\/v2\/comments?post=1187"}],"version-history":[{"count":1,"href":"https:\/\/previews.elleven.digital\/acocearense\/wp-json\/wp\/v2\/posts\/1187\/revisions"}],"predecessor-version":[{"id":1188,"href":"https:\/\/previews.elleven.digital\/acocearense\/wp-json\/wp\/v2\/posts\/1187\/revisions\/1188"}],"wp:featuredmedia":[{"embeddable":true,"href":"https:\/\/previews.elleven.digital\/acocearense\/wp-json\/wp\/v2\/media\/1171"}],"wp:attachment":[{"href":"https:\/\/previews.elleven.digital\/acocearense\/wp-json\/wp\/v2\/media?parent=1187"}],"wp:term":[{"taxonomy":"category","embeddable":true,"href":"https:\/\/previews.elleven.digital\/acocearense\/wp-json\/wp\/v2\/categories?post=1187"},{"taxonomy":"post_tag","embeddable":true,"href":"https:\/\/previews.elleven.digital\/acocearense\/wp-json\/wp\/v2\/tags?post=1187"}],"curies":[{"name":"wp","href":"https:\/\/api.w.org\/{rel}","templated":true}]}}