{"id":1185,"date":"2019-04-30T10:06:17","date_gmt":"2019-04-30T13:06:17","guid":{"rendered":"https:\/\/previews.elleven.digital\/acocearense\/?p=1185"},"modified":"2025-05-07T10:06:43","modified_gmt":"2025-05-07T13:06:43","slug":"melhores-praticas-para-gerenciar-as-informacoes-em-um-negocio","status":"publish","type":"post","link":"https:\/\/previews.elleven.digital\/acocearense\/melhores-praticas-para-gerenciar-as-informacoes-em-um-negocio\/","title":{"rendered":"Melhores pr\u00e1ticas para gerenciar as informa\u00e7\u00f5es em um neg\u00f3cio"},"content":{"rendered":"<p>Os dados s\u00e3o um dos bens mais preciosos em qualquer empresa hoje em dia, seja sobre o mercado, seja sobre os seus clientes etc. Todos os empreendimentos precisam se preocupar em captar e gerenciar as informa\u00e7\u00f5es para garantir melhores avalia\u00e7\u00f5es de desempenho e tomar boas decis\u00f5es de neg\u00f3cio dentro da organiza\u00e7\u00e3o.<\/p>\n<p>Gra\u00e7as \u00e0 populariza\u00e7\u00e3o da internet e das v\u00e1rias formas da\u00a0<a href=\"https:\/\/previews.elleven.digital\/acocearense\/blog\/gestao\/5-coisas-que-voce-precisa-saber-sobre-a-transformacao-digital-no-varejo\/\">tecnologia digital<\/a>, \u00e9 cada vez mais f\u00e1cil trocar dados com seu p\u00fablico e no interior do seu empreendimento. Por\u00e9m, considerando que tamb\u00e9m h\u00e1 mais concorr\u00eancia com outras empresas, conseguir otimizar sua gest\u00e3o de informa\u00e7\u00e3o, especialmente nos processos internos, \u00e9 um fator competitivo cada vez mais relevante.<\/p>\n<p>Se voc\u00ea quer gerenciar as informa\u00e7\u00f5es do seu neg\u00f3cio com mais efici\u00eancia, tente seguir as pr\u00e1ticas que vamos descrever aqui. Confira!<\/p>\n<h2>Invista em automatiza\u00e7\u00e3o<\/h2>\n<p>A principal vantagem oferecida pela tecnologia hoje em dia \u00e9 a possibilidade de automatizar a maior parte do trabalho de capta\u00e7\u00e3o e organiza\u00e7\u00e3o de informa\u00e7\u00f5es. O preenchimento de planilhas manualmente, por exemplo, \u00e9 um processo que consome muito tempo e energia, os quais podem ser dedicados a outras atividades.<\/p>\n<p>Felizmente, j\u00e1 existem diversas ferramentas de automatiza\u00e7\u00e3o para a gest\u00e3o de dados. Tanto a sua coleta quanto organiza\u00e7\u00e3o e distribui\u00e7\u00e3o podem ser feitos por um software, deixando para sua equipe apenas o trabalho de an\u00e1lise da informa\u00e7\u00e3o.<\/p>\n<h2>Armazene seus dados na nuvem<\/h2>\n<p>Outra quest\u00e3o importante \u00e9 a acessibilidade da informa\u00e7\u00e3o para sua equipe. V\u00e1rios setores podem precisar dos mesmos dados para realizar suas tarefas di\u00e1rias, o que torna pequenos erros e atrasos de comunica\u00e7\u00e3o ainda mais graves.<\/p>\n<p>A solu\u00e7\u00e3o mais simples para isso \u00e9 investir em tecnologia de armazenamento em nuvem. Dessa forma, todos os dados podem ser guardados em um mesmo espa\u00e7o e serem acessados a partir de qualquer aparelho por meio da internet. Muito mais pr\u00e1tico do que enviar e-mail e ter m\u00faltiplas c\u00f3pias de arquivos.<\/p>\n<h2>Tenha um bom planejamento<\/h2>\n<p>Ao contr\u00e1rio do que alguns pensam, gerenciar as informa\u00e7\u00f5es da empresa n\u00e3o \u00e9 t\u00e3o simples quanto colocar arquivos em ordem alfab\u00e9tica ou cronol\u00f3gica. Voc\u00ea precisa ter em mente quem vai acessar os dados, com que frequ\u00eancia eles devem ser atualizados e quais padr\u00f5es mais facilitam sua utiliza\u00e7\u00e3o no dia a dia.<\/p>\n<p>Sem um planejamento adequado, voc\u00ea pode ter muito mais dificuldades para manter tudo organizado. Especialmente quando o volume de dados em quest\u00e3o se tornar grande demais para gerenciar manualmente.<\/p>\n<h2>Pense sempre na seguran\u00e7a dos seus dados<\/h2>\n<p>Por fim, mas n\u00e3o menos importante, a seguran\u00e7a da informa\u00e7\u00e3o deve ser uma prioridade. H\u00e1 muitos crimes que podem ser cometidos quando os dados da empresa ou de seus\u00a0<a href=\"https:\/\/previews.elleven.digital\/acocearense\/blog\/gestao\/conheca-perfis-de-clientes-e-saiba-como-lidar-com-eles\/\">clientes<\/a>\u00a0s\u00e3o violados. Sendo assim, deve-se promover pr\u00e1ticas que melhorem a seguran\u00e7a dentro da sua empresa, como controle de acesso a determinados dados, firewalls, verifica\u00e7\u00e3o de conte\u00fado de e-mails e normas para navega\u00e7\u00e3o mais segura.<\/p>\n<p>Com essas boas pr\u00e1ticas, ser\u00e1 bem mais f\u00e1cil gerenciar as informa\u00e7\u00f5es que circulam em seu neg\u00f3cio. Continue avaliando seu planejamento e buscando poss\u00edveis melhoras\u00a0para seus\u00a0<a href=\"https:\/\/previews.elleven.digital\/acocearense\/blog\/gestao\/confira-dicas-para-aprender-a-otimizar-processos-na-sua-loja\/\">processos internos<\/a>. Isso o manter\u00e1 sempre um pouco \u00e0 frente dos concorrentes.<\/p>\n<p>Tem mais alguma ideia de como facilitar o gerenciamento de informa\u00e7\u00e3o? Fale a respeito nos coment\u00e1rios e ajude outras pessoas com o mesmo problema.<\/p>\n","protected":false},"excerpt":{"rendered":"<p>Os dados s\u00e3o um dos bens mais preciosos em qualquer empresa hoje em dia, seja(&#8230;)<\/p>\n","protected":false},"author":1,"featured_media":1172,"comment_status":"open","ping_status":"open","sticky":false,"template":"","format":"standard","meta":{"_acf_changed":false,"inline_featured_image":false,"footnotes":""},"categories":[28],"tags":[],"class_list":["post-1185","post","type-post","status-publish","format-standard","has-post-thumbnail","hentry","category-gestao"],"acf":[],"yoast_head":"<!-- This site is optimized with the Yoast SEO plugin v25.9 - https:\/\/yoast.com\/wordpress\/plugins\/seo\/ -->\n<title>Melhores pr\u00e1ticas para gerenciar as informa\u00e7\u00f5es em um neg\u00f3cio - Grupo A\u00e7o Cearense<\/title>\n<meta name=\"robots\" content=\"index, follow, max-snippet:-1, max-image-preview:large, max-video-preview:-1\" \/>\n<link rel=\"canonical\" href=\"https:\/\/previews.elleven.digital\/acocearense\/melhores-praticas-para-gerenciar-as-informacoes-em-um-negocio\/\" \/>\n<meta property=\"og:locale\" content=\"pt_BR\" \/>\n<meta property=\"og:type\" content=\"article\" \/>\n<meta property=\"og:title\" content=\"Melhores pr\u00e1ticas para gerenciar as informa\u00e7\u00f5es em um neg\u00f3cio - Grupo A\u00e7o Cearense\" \/>\n<meta property=\"og:description\" content=\"Os dados s\u00e3o um dos bens mais preciosos em qualquer empresa hoje em dia, seja(...)\" \/>\n<meta property=\"og:url\" content=\"https:\/\/previews.elleven.digital\/acocearense\/melhores-praticas-para-gerenciar-as-informacoes-em-um-negocio\/\" \/>\n<meta property=\"og:site_name\" content=\"Grupo A\u00e7o Cearense\" \/>\n<meta property=\"article:published_time\" content=\"2019-04-30T13:06:17+00:00\" \/>\n<meta property=\"article:modified_time\" content=\"2025-05-07T13:06:43+00:00\" \/>\n<meta property=\"og:image\" content=\"https:\/\/previews.elleven.digital\/acocearense\/wp-content\/uploads\/2025\/05\/288459-melhores-praticas-para-gerenciar-as-informacoes-em-um-negocio-1090x720-1.jpg\" \/>\n\t<meta property=\"og:image:width\" content=\"1090\" \/>\n\t<meta property=\"og:image:height\" content=\"720\" \/>\n\t<meta property=\"og:image:type\" content=\"image\/jpeg\" \/>\n<meta name=\"author\" content=\"elleven\" \/>\n<meta name=\"twitter:card\" content=\"summary_large_image\" \/>\n<meta name=\"twitter:label1\" content=\"Escrito por\" \/>\n\t<meta name=\"twitter:data1\" content=\"elleven\" \/>\n\t<meta name=\"twitter:label2\" content=\"Est. tempo de leitura\" \/>\n\t<meta name=\"twitter:data2\" content=\"3 minutos\" \/>\n<script type=\"application\/ld+json\" class=\"yoast-schema-graph\">{\"@context\":\"https:\/\/schema.org\",\"@graph\":[{\"@type\":\"WebPage\",\"@id\":\"https:\/\/previews.elleven.digital\/acocearense\/melhores-praticas-para-gerenciar-as-informacoes-em-um-negocio\/\",\"url\":\"https:\/\/previews.elleven.digital\/acocearense\/melhores-praticas-para-gerenciar-as-informacoes-em-um-negocio\/\",\"name\":\"Melhores pr\u00e1ticas para gerenciar as informa\u00e7\u00f5es em um neg\u00f3cio - Grupo A\u00e7o Cearense\",\"isPartOf\":{\"@id\":\"https:\/\/previews.elleven.digital\/acocearense\/#website\"},\"primaryImageOfPage\":{\"@id\":\"https:\/\/previews.elleven.digital\/acocearense\/melhores-praticas-para-gerenciar-as-informacoes-em-um-negocio\/#primaryimage\"},\"image\":{\"@id\":\"https:\/\/previews.elleven.digital\/acocearense\/melhores-praticas-para-gerenciar-as-informacoes-em-um-negocio\/#primaryimage\"},\"thumbnailUrl\":\"https:\/\/previews.elleven.digital\/acocearense\/wp-content\/uploads\/2025\/05\/288459-melhores-praticas-para-gerenciar-as-informacoes-em-um-negocio-1090x720-1.jpg\",\"datePublished\":\"2019-04-30T13:06:17+00:00\",\"dateModified\":\"2025-05-07T13:06:43+00:00\",\"author\":{\"@id\":\"https:\/\/previews.elleven.digital\/acocearense\/#\/schema\/person\/8e9165eb3c33e0860485c7c5fc06a701\"},\"breadcrumb\":{\"@id\":\"https:\/\/previews.elleven.digital\/acocearense\/melhores-praticas-para-gerenciar-as-informacoes-em-um-negocio\/#breadcrumb\"},\"inLanguage\":\"pt-BR\",\"potentialAction\":[{\"@type\":\"ReadAction\",\"target\":[\"https:\/\/previews.elleven.digital\/acocearense\/melhores-praticas-para-gerenciar-as-informacoes-em-um-negocio\/\"]}]},{\"@type\":\"ImageObject\",\"inLanguage\":\"pt-BR\",\"@id\":\"https:\/\/previews.elleven.digital\/acocearense\/melhores-praticas-para-gerenciar-as-informacoes-em-um-negocio\/#primaryimage\",\"url\":\"https:\/\/previews.elleven.digital\/acocearense\/wp-content\/uploads\/2025\/05\/288459-melhores-praticas-para-gerenciar-as-informacoes-em-um-negocio-1090x720-1.jpg\",\"contentUrl\":\"https:\/\/previews.elleven.digital\/acocearense\/wp-content\/uploads\/2025\/05\/288459-melhores-praticas-para-gerenciar-as-informacoes-em-um-negocio-1090x720-1.jpg\",\"width\":1090,\"height\":720},{\"@type\":\"BreadcrumbList\",\"@id\":\"https:\/\/previews.elleven.digital\/acocearense\/melhores-praticas-para-gerenciar-as-informacoes-em-um-negocio\/#breadcrumb\",\"itemListElement\":[{\"@type\":\"ListItem\",\"position\":1,\"name\":\"In\u00edcio\",\"item\":\"https:\/\/previews.elleven.digital\/acocearense\/\"},{\"@type\":\"ListItem\",\"position\":2,\"name\":\"Melhores pr\u00e1ticas para gerenciar as informa\u00e7\u00f5es em um neg\u00f3cio\"}]},{\"@type\":\"WebSite\",\"@id\":\"https:\/\/previews.elleven.digital\/acocearense\/#website\",\"url\":\"https:\/\/previews.elleven.digital\/acocearense\/\",\"name\":\"A\u00e7o Cearense\",\"description\":\"H\u00e1 mais de 45 anos no mercado brasileiro do a\u00e7o.\",\"alternateName\":\"A\u00e7o Cearense\",\"potentialAction\":[{\"@type\":\"SearchAction\",\"target\":{\"@type\":\"EntryPoint\",\"urlTemplate\":\"https:\/\/previews.elleven.digital\/acocearense\/?s={search_term_string}\"},\"query-input\":{\"@type\":\"PropertyValueSpecification\",\"valueRequired\":true,\"valueName\":\"search_term_string\"}}],\"inLanguage\":\"pt-BR\"},{\"@type\":\"Person\",\"@id\":\"https:\/\/previews.elleven.digital\/acocearense\/#\/schema\/person\/8e9165eb3c33e0860485c7c5fc06a701\",\"name\":\"elleven\",\"image\":{\"@type\":\"ImageObject\",\"inLanguage\":\"pt-BR\",\"@id\":\"https:\/\/previews.elleven.digital\/acocearense\/#\/schema\/person\/image\/\",\"url\":\"https:\/\/secure.gravatar.com\/avatar\/2a6afb49d9ecfed5dbc6c9606ce318b8bd07c077835179bddfd5d8209c03cb29?s=96&d=mm&r=g\",\"contentUrl\":\"https:\/\/secure.gravatar.com\/avatar\/2a6afb49d9ecfed5dbc6c9606ce318b8bd07c077835179bddfd5d8209c03cb29?s=96&d=mm&r=g\",\"caption\":\"elleven\"},\"sameAs\":[\"http:\/\/localhost\/acocearense\"],\"url\":\"https:\/\/previews.elleven.digital\/acocearense\/author\/elleven\/\"}]}<\/script>\n<!-- \/ Yoast SEO plugin. -->","yoast_head_json":{"title":"Melhores pr\u00e1ticas para gerenciar as informa\u00e7\u00f5es em um neg\u00f3cio - Grupo A\u00e7o Cearense","robots":{"index":"index","follow":"follow","max-snippet":"max-snippet:-1","max-image-preview":"max-image-preview:large","max-video-preview":"max-video-preview:-1"},"canonical":"https:\/\/previews.elleven.digital\/acocearense\/melhores-praticas-para-gerenciar-as-informacoes-em-um-negocio\/","og_locale":"pt_BR","og_type":"article","og_title":"Melhores pr\u00e1ticas para gerenciar as informa\u00e7\u00f5es em um neg\u00f3cio - Grupo A\u00e7o Cearense","og_description":"Os dados s\u00e3o um dos bens mais preciosos em qualquer empresa hoje em dia, seja(...)","og_url":"https:\/\/previews.elleven.digital\/acocearense\/melhores-praticas-para-gerenciar-as-informacoes-em-um-negocio\/","og_site_name":"Grupo A\u00e7o Cearense","article_published_time":"2019-04-30T13:06:17+00:00","article_modified_time":"2025-05-07T13:06:43+00:00","og_image":[{"width":1090,"height":720,"url":"https:\/\/previews.elleven.digital\/acocearense\/wp-content\/uploads\/2025\/05\/288459-melhores-praticas-para-gerenciar-as-informacoes-em-um-negocio-1090x720-1.jpg","type":"image\/jpeg"}],"author":"elleven","twitter_card":"summary_large_image","twitter_misc":{"Escrito por":"elleven","Est. tempo de leitura":"3 minutos"},"schema":{"@context":"https:\/\/schema.org","@graph":[{"@type":"WebPage","@id":"https:\/\/previews.elleven.digital\/acocearense\/melhores-praticas-para-gerenciar-as-informacoes-em-um-negocio\/","url":"https:\/\/previews.elleven.digital\/acocearense\/melhores-praticas-para-gerenciar-as-informacoes-em-um-negocio\/","name":"Melhores pr\u00e1ticas para gerenciar as informa\u00e7\u00f5es em um neg\u00f3cio - Grupo A\u00e7o Cearense","isPartOf":{"@id":"https:\/\/previews.elleven.digital\/acocearense\/#website"},"primaryImageOfPage":{"@id":"https:\/\/previews.elleven.digital\/acocearense\/melhores-praticas-para-gerenciar-as-informacoes-em-um-negocio\/#primaryimage"},"image":{"@id":"https:\/\/previews.elleven.digital\/acocearense\/melhores-praticas-para-gerenciar-as-informacoes-em-um-negocio\/#primaryimage"},"thumbnailUrl":"https:\/\/previews.elleven.digital\/acocearense\/wp-content\/uploads\/2025\/05\/288459-melhores-praticas-para-gerenciar-as-informacoes-em-um-negocio-1090x720-1.jpg","datePublished":"2019-04-30T13:06:17+00:00","dateModified":"2025-05-07T13:06:43+00:00","author":{"@id":"https:\/\/previews.elleven.digital\/acocearense\/#\/schema\/person\/8e9165eb3c33e0860485c7c5fc06a701"},"breadcrumb":{"@id":"https:\/\/previews.elleven.digital\/acocearense\/melhores-praticas-para-gerenciar-as-informacoes-em-um-negocio\/#breadcrumb"},"inLanguage":"pt-BR","potentialAction":[{"@type":"ReadAction","target":["https:\/\/previews.elleven.digital\/acocearense\/melhores-praticas-para-gerenciar-as-informacoes-em-um-negocio\/"]}]},{"@type":"ImageObject","inLanguage":"pt-BR","@id":"https:\/\/previews.elleven.digital\/acocearense\/melhores-praticas-para-gerenciar-as-informacoes-em-um-negocio\/#primaryimage","url":"https:\/\/previews.elleven.digital\/acocearense\/wp-content\/uploads\/2025\/05\/288459-melhores-praticas-para-gerenciar-as-informacoes-em-um-negocio-1090x720-1.jpg","contentUrl":"https:\/\/previews.elleven.digital\/acocearense\/wp-content\/uploads\/2025\/05\/288459-melhores-praticas-para-gerenciar-as-informacoes-em-um-negocio-1090x720-1.jpg","width":1090,"height":720},{"@type":"BreadcrumbList","@id":"https:\/\/previews.elleven.digital\/acocearense\/melhores-praticas-para-gerenciar-as-informacoes-em-um-negocio\/#breadcrumb","itemListElement":[{"@type":"ListItem","position":1,"name":"In\u00edcio","item":"https:\/\/previews.elleven.digital\/acocearense\/"},{"@type":"ListItem","position":2,"name":"Melhores pr\u00e1ticas para gerenciar as informa\u00e7\u00f5es em um neg\u00f3cio"}]},{"@type":"WebSite","@id":"https:\/\/previews.elleven.digital\/acocearense\/#website","url":"https:\/\/previews.elleven.digital\/acocearense\/","name":"A\u00e7o Cearense","description":"H\u00e1 mais de 45 anos no mercado brasileiro do a\u00e7o.","alternateName":"A\u00e7o Cearense","potentialAction":[{"@type":"SearchAction","target":{"@type":"EntryPoint","urlTemplate":"https:\/\/previews.elleven.digital\/acocearense\/?s={search_term_string}"},"query-input":{"@type":"PropertyValueSpecification","valueRequired":true,"valueName":"search_term_string"}}],"inLanguage":"pt-BR"},{"@type":"Person","@id":"https:\/\/previews.elleven.digital\/acocearense\/#\/schema\/person\/8e9165eb3c33e0860485c7c5fc06a701","name":"elleven","image":{"@type":"ImageObject","inLanguage":"pt-BR","@id":"https:\/\/previews.elleven.digital\/acocearense\/#\/schema\/person\/image\/","url":"https:\/\/secure.gravatar.com\/avatar\/2a6afb49d9ecfed5dbc6c9606ce318b8bd07c077835179bddfd5d8209c03cb29?s=96&d=mm&r=g","contentUrl":"https:\/\/secure.gravatar.com\/avatar\/2a6afb49d9ecfed5dbc6c9606ce318b8bd07c077835179bddfd5d8209c03cb29?s=96&d=mm&r=g","caption":"elleven"},"sameAs":["http:\/\/localhost\/acocearense"],"url":"https:\/\/previews.elleven.digital\/acocearense\/author\/elleven\/"}]}},"_links":{"self":[{"href":"https:\/\/previews.elleven.digital\/acocearense\/wp-json\/wp\/v2\/posts\/1185","targetHints":{"allow":["GET"]}}],"collection":[{"href":"https:\/\/previews.elleven.digital\/acocearense\/wp-json\/wp\/v2\/posts"}],"about":[{"href":"https:\/\/previews.elleven.digital\/acocearense\/wp-json\/wp\/v2\/types\/post"}],"author":[{"embeddable":true,"href":"https:\/\/previews.elleven.digital\/acocearense\/wp-json\/wp\/v2\/users\/1"}],"replies":[{"embeddable":true,"href":"https:\/\/previews.elleven.digital\/acocearense\/wp-json\/wp\/v2\/comments?post=1185"}],"version-history":[{"count":1,"href":"https:\/\/previews.elleven.digital\/acocearense\/wp-json\/wp\/v2\/posts\/1185\/revisions"}],"predecessor-version":[{"id":1186,"href":"https:\/\/previews.elleven.digital\/acocearense\/wp-json\/wp\/v2\/posts\/1185\/revisions\/1186"}],"wp:featuredmedia":[{"embeddable":true,"href":"https:\/\/previews.elleven.digital\/acocearense\/wp-json\/wp\/v2\/media\/1172"}],"wp:attachment":[{"href":"https:\/\/previews.elleven.digital\/acocearense\/wp-json\/wp\/v2\/media?parent=1185"}],"wp:term":[{"taxonomy":"category","embeddable":true,"href":"https:\/\/previews.elleven.digital\/acocearense\/wp-json\/wp\/v2\/categories?post=1185"},{"taxonomy":"post_tag","embeddable":true,"href":"https:\/\/previews.elleven.digital\/acocearense\/wp-json\/wp\/v2\/tags?post=1185"}],"curies":[{"name":"wp","href":"https:\/\/api.w.org\/{rel}","templated":true}]}}