{"id":1178,"date":"2019-04-10T10:04:42","date_gmt":"2019-04-10T13:04:42","guid":{"rendered":"https:\/\/previews.elleven.digital\/acocearense\/?p=1178"},"modified":"2025-05-07T10:05:09","modified_gmt":"2025-05-07T13:05:09","slug":"como-divulgar-vagas-de-emprego-e-atrair-bons-profissionais-aprenda-aqui-2","status":"publish","type":"post","link":"https:\/\/previews.elleven.digital\/acocearense\/como-divulgar-vagas-de-emprego-e-atrair-bons-profissionais-aprenda-aqui-2\/","title":{"rendered":"Como divulgar vagas de emprego e atrair bons profissionais? Aprenda aqui!"},"content":{"rendered":"<p>Uma das dificuldades que algumas empresas enfrentam na gest\u00e3o\u00a0\u00e9 quanto \u00e0\u00a0divulga\u00e7\u00e3o de vagas de empregos. Contratar bons funcion\u00e1rios \u00e9 um ponto positivo que pode aumentar a produtividade da companhia.<\/p>\n<p>Ent\u00e3o, \u00e9 necess\u00e1rio saber como divulgar vagas para que essa a\u00e7\u00e3o recrute bons colaboradores e, consequentemente, mostre\u00a0resultados para ajudar na evolu\u00e7\u00e3o da empresa.<\/p>\n<p>Ademais, uma das melhores alternativas para realizar a sele\u00e7\u00e3o \u00e9 mediante\u00a0<a href=\"https:\/\/www.rhportal.com.br\/artigos-rh\/filtro-de-seleo-como-recrutar-o-melhor-profissional\/\" target=\"_blank\" rel=\"noopener noreferrer\">filtros que separem os bons candidatos dos medianos<\/a>. Em resumo, \u00e9 essencial\u00a0saber como divulgar vagas para recrutar bons profissionais.<\/p>\n<p>Nessa perspectiva, preparamos este post para que voc\u00ea aprenda a divulgar vagas de emprego com o intuito de atrair excelentes profissionais. Continue a leitura!<\/p>\n<h2>Melhor maneira de descrever a divulga\u00e7\u00e3o da vaga<\/h2>\n<p>\u00c9 indicado que o empreendedor formule excelentes m\u00e9todos de como divulgar vagas de emprego, com o objetivo de\u00a0<a href=\"http:\/\/www.sebrae.com.br\/sites\/PortalSebrae\/ufs\/ap\/artigos\/aprenda-as-melhores-estrategias-para-recrutar-colaboradores,a2e6ad026673f510VgnVCM1000004c00210aRCRD\" target=\"_blank\" rel=\"noopener noreferrer\">recrutar os melhores colaboradores<\/a>. Um deles \u00e9 mediante an\u00fancios que expliquem claramente a fun\u00e7\u00e3o das vagas oferecidas, pois omitir algumas informa\u00e7\u00f5es que dizem respeito ao cargo pode afastar os trabalhadores mais capacitados.<\/p>\n<p>Descreva os meios em que o interessado atuar\u00e1, como ambiente de trabalho, benef\u00edcios que a carreira tem, hor\u00e1rios fixos ou flex\u00edveis, conv\u00eanios, desafios,\u00a0dentre outros. S\u00f3 assim\u00a0a institui\u00e7\u00e3o conseguir\u00e1 despertar o interesse do profissional.<\/p>\n<h2>O aux\u00edlio de ferramentas gr\u00e1tis<\/h2>\n<p>Uma das melhores maneiras para atingir uma maior quantidade de pessoas que est\u00e3o em busca de emprego \u00e9 mediante as redes sociais. Como muita gente costuma acess\u00e1-las, certamente as informa\u00e7\u00f5es da vaga de emprego poder\u00e3o\u00a0chegar at\u00e9 bons trabalhadores.<\/p>\n<p>Al\u00e9m da companhia conseguir chegar at\u00e9 muitos usu\u00e1rios de internet, o custo da empresa ser\u00e1 zero, pois, geralmente, as redes sociais n\u00e3o costumam cobrar os seus servi\u00e7os. E se quiser atingir uma massa espec\u00edfica de internautas, h\u00e1 algumas\u00a0que t\u00eam\u00a0um mecanismo que seleciona a localidade em que as suas informa\u00e7\u00f5es afetar\u00e3o.<\/p>\n<h2>Portais especializados<\/h2>\n<p>Existem alguns portais segmentados que foram criados exclusivamente para\u00a0<a href=\"https:\/\/www.curriculum.com.br\/candidatos\" target=\"_blank\" rel=\"noopener noreferrer\">an\u00fancios de curr\u00edculos<\/a>. As companhias recrutadoras podem acess\u00e1-los com o intuito de selecionar os melhores profissionais que ali buscam empregos.<\/p>\n<p>As pessoas informam onde j\u00e1 trabalharam, o que faziam etc.\u00a0Por interm\u00e9dio dessas informa\u00e7\u00f5es\u00a0\u00e9 poss\u00edvel filtrar os melhores funcion\u00e1rios.<\/p>\n<h2>Ensinar os funcion\u00e1rios a indicarem candidatos<\/h2>\n<p>Incentivar e ensinar os seus funcion\u00e1rios a recrutar futuros colegas de trabalho \u00e9 uma alternativa que pode efetivar a contrata\u00e7\u00e3o de novos bons\u00a0profissionais. Programe alguns cursos que podem capacitar seus colaboradores para selecionar os melhores prestadores de servi\u00e7o.<\/p>\n<p>Ensin\u00e1-los as melhores maneiras de apresentar as caracter\u00edsticas do cargo\u00a0certamente pode aumentar o leque de contrata\u00e7\u00e3o de novos interessados.<\/p>\n<p>Em resumo, as divulga\u00e7\u00f5es de vagas de emprego n\u00e3o\u00a0necessariamente s\u00e3o investimentos or\u00e7ament\u00e1rios. H\u00e1 in\u00fameras formas de espalhar as vagas por meio de ferramentas gr\u00e1tis. Al\u00e9m disso, \u00e9 preciso detalhar com mais objetivo as fun\u00e7\u00f5es que o servi\u00e7o exige e os benef\u00edcios que os bons resultados podem oferecer.<\/p>\n<p>Assim, saber como divulgar vagas para contratar bons profissionais n\u00e3o \u00e9 uma tarefa f\u00e1cil, mas com a utiliza\u00e7\u00e3o dessas estrat\u00e9gias apresentadas neste post, sem d\u00favida,\u00a0<a href=\"https:\/\/exame.abril.com.br\/carreira\/7-formas-de-recrutar-melhor\/\" target=\"_blank\" rel=\"noopener noreferrer\">o recrutamento<\/a>\u00a0de excelentes trabalhadores ser\u00e1 efetivo.<\/p>\n<p>Gostou do nosso post que fala tudo sobre as melhores maneiras de divulga\u00e7\u00e3o de vagas de emprego? Ent\u00e3o assine a nossa newsletter e receba os nossos melhores artigos!<\/p>\n","protected":false},"excerpt":{"rendered":"<p>Uma das dificuldades que algumas empresas enfrentam na gest\u00e3o\u00a0\u00e9 quanto \u00e0\u00a0divulga\u00e7\u00e3o de vagas de empregos.(&#8230;)<\/p>\n","protected":false},"author":1,"featured_media":1175,"comment_status":"open","ping_status":"open","sticky":false,"template":"","format":"standard","meta":{"_acf_changed":false,"inline_featured_image":false,"footnotes":""},"categories":[28],"tags":[],"class_list":["post-1178","post","type-post","status-publish","format-standard","has-post-thumbnail","hentry","category-gestao"],"acf":[],"yoast_head":"<!-- This site is optimized with the Yoast SEO plugin v25.9 - https:\/\/yoast.com\/wordpress\/plugins\/seo\/ -->\n<title>Como divulgar vagas de emprego e atrair bons profissionais? Aprenda aqui! - Grupo A\u00e7o Cearense<\/title>\n<meta name=\"robots\" content=\"index, follow, max-snippet:-1, max-image-preview:large, max-video-preview:-1\" \/>\n<link rel=\"canonical\" href=\"https:\/\/previews.elleven.digital\/acocearense\/como-divulgar-vagas-de-emprego-e-atrair-bons-profissionais-aprenda-aqui-2\/\" \/>\n<meta property=\"og:locale\" content=\"pt_BR\" \/>\n<meta property=\"og:type\" content=\"article\" \/>\n<meta property=\"og:title\" content=\"Como divulgar vagas de emprego e atrair bons profissionais? Aprenda aqui! - Grupo A\u00e7o Cearense\" \/>\n<meta property=\"og:description\" content=\"Uma das dificuldades que algumas empresas enfrentam na gest\u00e3o\u00a0\u00e9 quanto \u00e0\u00a0divulga\u00e7\u00e3o de vagas de empregos.(...)\" \/>\n<meta property=\"og:url\" content=\"https:\/\/previews.elleven.digital\/acocearense\/como-divulgar-vagas-de-emprego-e-atrair-bons-profissionais-aprenda-aqui-2\/\" \/>\n<meta property=\"og:site_name\" content=\"Grupo A\u00e7o Cearense\" \/>\n<meta property=\"article:published_time\" content=\"2019-04-10T13:04:42+00:00\" \/>\n<meta property=\"article:modified_time\" content=\"2025-05-07T13:05:09+00:00\" \/>\n<meta property=\"og:image\" content=\"https:\/\/previews.elleven.digital\/acocearense\/wp-content\/uploads\/2025\/05\/275946-152-tarefa-reservada-so-pegue-se-voce-for-o-leonardo-almeida-como-divulgar-vagas-de-emprego-e-atrair-bons-profissionais-aprenda-aqui-1090x720-1-1.jpg\" \/>\n\t<meta property=\"og:image:width\" content=\"1090\" \/>\n\t<meta property=\"og:image:height\" content=\"720\" \/>\n\t<meta property=\"og:image:type\" content=\"image\/jpeg\" \/>\n<meta name=\"author\" content=\"elleven\" \/>\n<meta name=\"twitter:card\" content=\"summary_large_image\" \/>\n<meta name=\"twitter:label1\" content=\"Escrito por\" \/>\n\t<meta name=\"twitter:data1\" content=\"elleven\" \/>\n\t<meta name=\"twitter:label2\" content=\"Est. tempo de leitura\" \/>\n\t<meta name=\"twitter:data2\" content=\"3 minutos\" \/>\n<script type=\"application\/ld+json\" class=\"yoast-schema-graph\">{\"@context\":\"https:\/\/schema.org\",\"@graph\":[{\"@type\":\"WebPage\",\"@id\":\"https:\/\/previews.elleven.digital\/acocearense\/como-divulgar-vagas-de-emprego-e-atrair-bons-profissionais-aprenda-aqui-2\/\",\"url\":\"https:\/\/previews.elleven.digital\/acocearense\/como-divulgar-vagas-de-emprego-e-atrair-bons-profissionais-aprenda-aqui-2\/\",\"name\":\"Como divulgar vagas de emprego e atrair bons profissionais? Aprenda aqui! - Grupo A\u00e7o Cearense\",\"isPartOf\":{\"@id\":\"https:\/\/previews.elleven.digital\/acocearense\/#website\"},\"primaryImageOfPage\":{\"@id\":\"https:\/\/previews.elleven.digital\/acocearense\/como-divulgar-vagas-de-emprego-e-atrair-bons-profissionais-aprenda-aqui-2\/#primaryimage\"},\"image\":{\"@id\":\"https:\/\/previews.elleven.digital\/acocearense\/como-divulgar-vagas-de-emprego-e-atrair-bons-profissionais-aprenda-aqui-2\/#primaryimage\"},\"thumbnailUrl\":\"https:\/\/previews.elleven.digital\/acocearense\/wp-content\/uploads\/2025\/05\/275946-152-tarefa-reservada-so-pegue-se-voce-for-o-leonardo-almeida-como-divulgar-vagas-de-emprego-e-atrair-bons-profissionais-aprenda-aqui-1090x720-1-1.jpg\",\"datePublished\":\"2019-04-10T13:04:42+00:00\",\"dateModified\":\"2025-05-07T13:05:09+00:00\",\"author\":{\"@id\":\"https:\/\/previews.elleven.digital\/acocearense\/#\/schema\/person\/8e9165eb3c33e0860485c7c5fc06a701\"},\"breadcrumb\":{\"@id\":\"https:\/\/previews.elleven.digital\/acocearense\/como-divulgar-vagas-de-emprego-e-atrair-bons-profissionais-aprenda-aqui-2\/#breadcrumb\"},\"inLanguage\":\"pt-BR\",\"potentialAction\":[{\"@type\":\"ReadAction\",\"target\":[\"https:\/\/previews.elleven.digital\/acocearense\/como-divulgar-vagas-de-emprego-e-atrair-bons-profissionais-aprenda-aqui-2\/\"]}]},{\"@type\":\"ImageObject\",\"inLanguage\":\"pt-BR\",\"@id\":\"https:\/\/previews.elleven.digital\/acocearense\/como-divulgar-vagas-de-emprego-e-atrair-bons-profissionais-aprenda-aqui-2\/#primaryimage\",\"url\":\"https:\/\/previews.elleven.digital\/acocearense\/wp-content\/uploads\/2025\/05\/275946-152-tarefa-reservada-so-pegue-se-voce-for-o-leonardo-almeida-como-divulgar-vagas-de-emprego-e-atrair-bons-profissionais-aprenda-aqui-1090x720-1-1.jpg\",\"contentUrl\":\"https:\/\/previews.elleven.digital\/acocearense\/wp-content\/uploads\/2025\/05\/275946-152-tarefa-reservada-so-pegue-se-voce-for-o-leonardo-almeida-como-divulgar-vagas-de-emprego-e-atrair-bons-profissionais-aprenda-aqui-1090x720-1-1.jpg\",\"width\":1090,\"height\":720},{\"@type\":\"BreadcrumbList\",\"@id\":\"https:\/\/previews.elleven.digital\/acocearense\/como-divulgar-vagas-de-emprego-e-atrair-bons-profissionais-aprenda-aqui-2\/#breadcrumb\",\"itemListElement\":[{\"@type\":\"ListItem\",\"position\":1,\"name\":\"In\u00edcio\",\"item\":\"https:\/\/previews.elleven.digital\/acocearense\/\"},{\"@type\":\"ListItem\",\"position\":2,\"name\":\"Como divulgar vagas de emprego e atrair bons profissionais? Aprenda aqui!\"}]},{\"@type\":\"WebSite\",\"@id\":\"https:\/\/previews.elleven.digital\/acocearense\/#website\",\"url\":\"https:\/\/previews.elleven.digital\/acocearense\/\",\"name\":\"A\u00e7o Cearense\",\"description\":\"H\u00e1 mais de 45 anos no mercado brasileiro do a\u00e7o.\",\"alternateName\":\"A\u00e7o Cearense\",\"potentialAction\":[{\"@type\":\"SearchAction\",\"target\":{\"@type\":\"EntryPoint\",\"urlTemplate\":\"https:\/\/previews.elleven.digital\/acocearense\/?s={search_term_string}\"},\"query-input\":{\"@type\":\"PropertyValueSpecification\",\"valueRequired\":true,\"valueName\":\"search_term_string\"}}],\"inLanguage\":\"pt-BR\"},{\"@type\":\"Person\",\"@id\":\"https:\/\/previews.elleven.digital\/acocearense\/#\/schema\/person\/8e9165eb3c33e0860485c7c5fc06a701\",\"name\":\"elleven\",\"image\":{\"@type\":\"ImageObject\",\"inLanguage\":\"pt-BR\",\"@id\":\"https:\/\/previews.elleven.digital\/acocearense\/#\/schema\/person\/image\/\",\"url\":\"https:\/\/secure.gravatar.com\/avatar\/2a6afb49d9ecfed5dbc6c9606ce318b8bd07c077835179bddfd5d8209c03cb29?s=96&d=mm&r=g\",\"contentUrl\":\"https:\/\/secure.gravatar.com\/avatar\/2a6afb49d9ecfed5dbc6c9606ce318b8bd07c077835179bddfd5d8209c03cb29?s=96&d=mm&r=g\",\"caption\":\"elleven\"},\"sameAs\":[\"http:\/\/localhost\/acocearense\"],\"url\":\"https:\/\/previews.elleven.digital\/acocearense\/author\/elleven\/\"}]}<\/script>\n<!-- \/ Yoast SEO plugin. -->","yoast_head_json":{"title":"Como divulgar vagas de emprego e atrair bons profissionais? Aprenda aqui! - Grupo A\u00e7o Cearense","robots":{"index":"index","follow":"follow","max-snippet":"max-snippet:-1","max-image-preview":"max-image-preview:large","max-video-preview":"max-video-preview:-1"},"canonical":"https:\/\/previews.elleven.digital\/acocearense\/como-divulgar-vagas-de-emprego-e-atrair-bons-profissionais-aprenda-aqui-2\/","og_locale":"pt_BR","og_type":"article","og_title":"Como divulgar vagas de emprego e atrair bons profissionais? Aprenda aqui! - Grupo A\u00e7o Cearense","og_description":"Uma das dificuldades que algumas empresas enfrentam na gest\u00e3o\u00a0\u00e9 quanto \u00e0\u00a0divulga\u00e7\u00e3o de vagas de empregos.(...)","og_url":"https:\/\/previews.elleven.digital\/acocearense\/como-divulgar-vagas-de-emprego-e-atrair-bons-profissionais-aprenda-aqui-2\/","og_site_name":"Grupo A\u00e7o Cearense","article_published_time":"2019-04-10T13:04:42+00:00","article_modified_time":"2025-05-07T13:05:09+00:00","og_image":[{"width":1090,"height":720,"url":"https:\/\/previews.elleven.digital\/acocearense\/wp-content\/uploads\/2025\/05\/275946-152-tarefa-reservada-so-pegue-se-voce-for-o-leonardo-almeida-como-divulgar-vagas-de-emprego-e-atrair-bons-profissionais-aprenda-aqui-1090x720-1-1.jpg","type":"image\/jpeg"}],"author":"elleven","twitter_card":"summary_large_image","twitter_misc":{"Escrito por":"elleven","Est. tempo de leitura":"3 minutos"},"schema":{"@context":"https:\/\/schema.org","@graph":[{"@type":"WebPage","@id":"https:\/\/previews.elleven.digital\/acocearense\/como-divulgar-vagas-de-emprego-e-atrair-bons-profissionais-aprenda-aqui-2\/","url":"https:\/\/previews.elleven.digital\/acocearense\/como-divulgar-vagas-de-emprego-e-atrair-bons-profissionais-aprenda-aqui-2\/","name":"Como divulgar vagas de emprego e atrair bons profissionais? Aprenda aqui! - Grupo A\u00e7o Cearense","isPartOf":{"@id":"https:\/\/previews.elleven.digital\/acocearense\/#website"},"primaryImageOfPage":{"@id":"https:\/\/previews.elleven.digital\/acocearense\/como-divulgar-vagas-de-emprego-e-atrair-bons-profissionais-aprenda-aqui-2\/#primaryimage"},"image":{"@id":"https:\/\/previews.elleven.digital\/acocearense\/como-divulgar-vagas-de-emprego-e-atrair-bons-profissionais-aprenda-aqui-2\/#primaryimage"},"thumbnailUrl":"https:\/\/previews.elleven.digital\/acocearense\/wp-content\/uploads\/2025\/05\/275946-152-tarefa-reservada-so-pegue-se-voce-for-o-leonardo-almeida-como-divulgar-vagas-de-emprego-e-atrair-bons-profissionais-aprenda-aqui-1090x720-1-1.jpg","datePublished":"2019-04-10T13:04:42+00:00","dateModified":"2025-05-07T13:05:09+00:00","author":{"@id":"https:\/\/previews.elleven.digital\/acocearense\/#\/schema\/person\/8e9165eb3c33e0860485c7c5fc06a701"},"breadcrumb":{"@id":"https:\/\/previews.elleven.digital\/acocearense\/como-divulgar-vagas-de-emprego-e-atrair-bons-profissionais-aprenda-aqui-2\/#breadcrumb"},"inLanguage":"pt-BR","potentialAction":[{"@type":"ReadAction","target":["https:\/\/previews.elleven.digital\/acocearense\/como-divulgar-vagas-de-emprego-e-atrair-bons-profissionais-aprenda-aqui-2\/"]}]},{"@type":"ImageObject","inLanguage":"pt-BR","@id":"https:\/\/previews.elleven.digital\/acocearense\/como-divulgar-vagas-de-emprego-e-atrair-bons-profissionais-aprenda-aqui-2\/#primaryimage","url":"https:\/\/previews.elleven.digital\/acocearense\/wp-content\/uploads\/2025\/05\/275946-152-tarefa-reservada-so-pegue-se-voce-for-o-leonardo-almeida-como-divulgar-vagas-de-emprego-e-atrair-bons-profissionais-aprenda-aqui-1090x720-1-1.jpg","contentUrl":"https:\/\/previews.elleven.digital\/acocearense\/wp-content\/uploads\/2025\/05\/275946-152-tarefa-reservada-so-pegue-se-voce-for-o-leonardo-almeida-como-divulgar-vagas-de-emprego-e-atrair-bons-profissionais-aprenda-aqui-1090x720-1-1.jpg","width":1090,"height":720},{"@type":"BreadcrumbList","@id":"https:\/\/previews.elleven.digital\/acocearense\/como-divulgar-vagas-de-emprego-e-atrair-bons-profissionais-aprenda-aqui-2\/#breadcrumb","itemListElement":[{"@type":"ListItem","position":1,"name":"In\u00edcio","item":"https:\/\/previews.elleven.digital\/acocearense\/"},{"@type":"ListItem","position":2,"name":"Como divulgar vagas de emprego e atrair bons profissionais? Aprenda aqui!"}]},{"@type":"WebSite","@id":"https:\/\/previews.elleven.digital\/acocearense\/#website","url":"https:\/\/previews.elleven.digital\/acocearense\/","name":"A\u00e7o Cearense","description":"H\u00e1 mais de 45 anos no mercado brasileiro do a\u00e7o.","alternateName":"A\u00e7o Cearense","potentialAction":[{"@type":"SearchAction","target":{"@type":"EntryPoint","urlTemplate":"https:\/\/previews.elleven.digital\/acocearense\/?s={search_term_string}"},"query-input":{"@type":"PropertyValueSpecification","valueRequired":true,"valueName":"search_term_string"}}],"inLanguage":"pt-BR"},{"@type":"Person","@id":"https:\/\/previews.elleven.digital\/acocearense\/#\/schema\/person\/8e9165eb3c33e0860485c7c5fc06a701","name":"elleven","image":{"@type":"ImageObject","inLanguage":"pt-BR","@id":"https:\/\/previews.elleven.digital\/acocearense\/#\/schema\/person\/image\/","url":"https:\/\/secure.gravatar.com\/avatar\/2a6afb49d9ecfed5dbc6c9606ce318b8bd07c077835179bddfd5d8209c03cb29?s=96&d=mm&r=g","contentUrl":"https:\/\/secure.gravatar.com\/avatar\/2a6afb49d9ecfed5dbc6c9606ce318b8bd07c077835179bddfd5d8209c03cb29?s=96&d=mm&r=g","caption":"elleven"},"sameAs":["http:\/\/localhost\/acocearense"],"url":"https:\/\/previews.elleven.digital\/acocearense\/author\/elleven\/"}]}},"_links":{"self":[{"href":"https:\/\/previews.elleven.digital\/acocearense\/wp-json\/wp\/v2\/posts\/1178","targetHints":{"allow":["GET"]}}],"collection":[{"href":"https:\/\/previews.elleven.digital\/acocearense\/wp-json\/wp\/v2\/posts"}],"about":[{"href":"https:\/\/previews.elleven.digital\/acocearense\/wp-json\/wp\/v2\/types\/post"}],"author":[{"embeddable":true,"href":"https:\/\/previews.elleven.digital\/acocearense\/wp-json\/wp\/v2\/users\/1"}],"replies":[{"embeddable":true,"href":"https:\/\/previews.elleven.digital\/acocearense\/wp-json\/wp\/v2\/comments?post=1178"}],"version-history":[{"count":1,"href":"https:\/\/previews.elleven.digital\/acocearense\/wp-json\/wp\/v2\/posts\/1178\/revisions"}],"predecessor-version":[{"id":1179,"href":"https:\/\/previews.elleven.digital\/acocearense\/wp-json\/wp\/v2\/posts\/1178\/revisions\/1179"}],"wp:featuredmedia":[{"embeddable":true,"href":"https:\/\/previews.elleven.digital\/acocearense\/wp-json\/wp\/v2\/media\/1175"}],"wp:attachment":[{"href":"https:\/\/previews.elleven.digital\/acocearense\/wp-json\/wp\/v2\/media?parent=1178"}],"wp:term":[{"taxonomy":"category","embeddable":true,"href":"https:\/\/previews.elleven.digital\/acocearense\/wp-json\/wp\/v2\/categories?post=1178"},{"taxonomy":"post_tag","embeddable":true,"href":"https:\/\/previews.elleven.digital\/acocearense\/wp-json\/wp\/v2\/tags?post=1178"}],"curies":[{"name":"wp","href":"https:\/\/api.w.org\/{rel}","templated":true}]}}