{"id":1162,"date":"2019-03-21T10:00:12","date_gmt":"2019-03-21T13:00:12","guid":{"rendered":"https:\/\/previews.elleven.digital\/acocearense\/?p=1162"},"modified":"2025-05-07T10:00:43","modified_gmt":"2025-05-07T13:00:43","slug":"voce-sabe-como-contratar-funcionarios-saiba-mais-aqui","status":"publish","type":"post","link":"https:\/\/previews.elleven.digital\/acocearense\/voce-sabe-como-contratar-funcionarios-saiba-mais-aqui\/","title":{"rendered":"Voc\u00ea sabe como contratar funcion\u00e1rios? Saiba mais aqui!"},"content":{"rendered":"<p>Para muitos, os colaboradores s\u00e3o um dos maiores ativos que uma empresa pode ter, pois eles s\u00e3o os respons\u00e1veis pelos resultados alcan\u00e7ados pela companhia e, consequentemente, seu\u00a0<a href=\"https:\/\/previews.elleven.digital\/acocearense\/blog\/gestao\/expansao-do-negocio-nao-perca-as-5-melhores-praticas\/\">crescimento<\/a>. Por isso, para conseguir alcan\u00e7ar os objetivos almejados, um bom gestor deve saber como contratar funcion\u00e1rios.<\/p>\n<p>Entretanto, essa tarefa n\u00e3o \u00e9 t\u00e3o simples quanto parece, uma vez que \u00e9 preciso analisar diversos fatores para poder preencher a vaga existente com um profissional que seja ben\u00e9fico para a empresa. Al\u00e9m disso, o processo seletivo deve ser realizado de forma r\u00e1pida e eficiente, caso contr\u00e1rio, \u00e9 poss\u00edvel que o candidato ideal desista dele e acabe\u00a0preferindo outra companhia.<\/p>\n<p>Por tudo isso, escrevemos este artigo para lhe ajudar a contratar de forma segura um colaborador que far\u00e1 a diferen\u00e7a para a sua empresa. Boa leitura!<\/p>\n<h2>Defina o perfil desejado para a vaga<\/h2>\n<p>O primeiro passo para contratar um bom funcion\u00e1rio \u00e9 definir qual o perfil desejado que ele deve ter para conquistar essa vaga. Para isso, \u00e9 preciso deixar claro qual ser\u00e1 a fun\u00e7\u00e3o que ele vai\u00a0executar, qual a experi\u00eancia exigida e quais s\u00e3o as qualidades fundamentais que deve apresentar.<\/p>\n<p>Para ser mais assertivo durante a contrata\u00e7\u00e3o, uma boa solu\u00e7\u00e3o \u00e9 terceirizar, pois algumas empresas se especializaram no processo de recrutamento e sele\u00e7\u00e3o. Atualmente, elas utilizam um software que faz uma an\u00e1lise cuidadosa e consegue selecionar, dentre os v\u00e1rios candidatos existentes em seu banco de dados, aquele que apresenta as caracter\u00edsticas desejadas.<\/p>\n<p>Dessa forma, \u00e9 essencial ter clareza e ser objetivo ao definir o perfil desejado para a vaga.<\/p>\n<h2>Planeje o processo seletivo<\/h2>\n<p>Em muitos casos, al\u00e9m de dificultar a contrata\u00e7\u00e3o de um bom\u00a0<a href=\"https:\/\/previews.elleven.digital\/acocearense\/blog\/gestao\/como-dar-feedback-para-seus-funcionarios-confira-estas-5-dicas\/\">profissional<\/a>, um processo seletivo falho e confuso consegue prejudicar a reputa\u00e7\u00e3o da empresa. Sendo assim, \u00e9 preciso realizar um planejamento minucioso de como ocorrer\u00e1 a sele\u00e7\u00e3o para que se consiga fazer a melhor escolha, de modo a evitar que uma nova contrata\u00e7\u00e3o seja necess\u00e1ria.<\/p>\n<p>Pelo fato de existir uma grande variedade de metodologias, \u00e9 preciso estabelecer aquelas que conseguir\u00e3o avaliar corretamente as habilidades exigidas pela vaga. Uma boa dica \u00e9 dividir o processo em etapas, assim, \u00e9 poss\u00edvel analisar cada caracter\u00edstica que a empresa considera importante. Entretanto, \u00e9 necess\u00e1rio\u00a0tomar cuidado para que o processo n\u00e3o fique muito longo, sendo que o ideal \u00e9 avaliar apenas o que \u00e9 considerado essencial.<\/p>\n<h2>Saiba como e onde divulgar<\/h2>\n<p>Ap\u00f3s estabelecer as atribui\u00e7\u00f5es que o profissional dever\u00e1 ter\u00a0e planejar o processo seletivo, o pr\u00f3ximo passo \u00e9\u00a0<a href=\"https:\/\/previews.elleven.digital\/acocearense\/blog\/gestao\/como-divulgar-vagas-de-emprego-e-atrair-bons-profissionais-aprenda-aqui\/\">divulgar<\/a>, de maneira assertiva, a vaga existente. Para isso, \u00e9 preciso utilizar o perfil criado do candidato ideal para determinar qual \u00e9 a melhor estrat\u00e9gia para encontr\u00e1-lo.<\/p>\n<p>Dessa forma, dentre os v\u00e1rios canais existentes \u2014 redes sociais, portais de curr\u00edculos, universidades, empresas especializadas e softwares \u2014, deve-se escolher aqueles que t\u00eam uma maior rela\u00e7\u00e3o com a vaga oferecida. O ideal \u00e9 fazer a divulga\u00e7\u00e3o em poucos locais para poder diminuir a quantidade de curr\u00edculos recebidos e, consequentemente, gastar menos tempo de triagem.<\/p>\n<h2>Seja claro e objetivo na entrevista<\/h2>\n<p>Dentre as v\u00e1rias metodologias empregadas durante o processo seletivo, uma das mais importantes \u00e9 a\u00a0<a href=\"https:\/\/previews.elleven.digital\/acocearense\/blog\/gestao\/como-contratar-funcionarios\/www.grupoacocearense.com.br\/blog\/abrindo-o-negocio\/como-entrevistar-um-candidato-para-trabalhar-na-sua-loja-de-ferro-e-aco\/?setlang=no\">entrevista individual<\/a>. Por meio dela se ter\u00e1 um contato direto com o candidato, o que permite perceber algumas caracter\u00edsticas essenciais, por isso, \u00e9 preciso estar preparado para realiz\u00e1-la.<\/p>\n<p>Para ser mais eficiente, o ideal \u00e9 fazer uma pesquisa pr\u00e9via sobre o postulante, al\u00e9m de uma an\u00e1lise em seu curr\u00edculo, para poder definir quais ser\u00e3o as perguntas a serem feitas. Isso mostra prepara\u00e7\u00e3o, al\u00e9m de melhorar a imagem da empresa.<\/p>\n<p>Apesar de o processo seletivo poder ser longo e cansativo, \u00e9 necess\u00e1rio\u00a0ter muito cuidado ao realiz\u00e1-lo. Afinal, ser\u00e1 por meio dele que ser\u00e3o escolhidos os colaboradores respons\u00e1veis pelos resultados da empresa.<\/p>\n<p>Agora que voc\u00ea sabe um pouco mais sobre como contratar funcion\u00e1rios, que tal\u00a0<a href=\"https:\/\/previews.elleven.digital\/acocearense\/blog\/abrindo-o-negocio\/conheca-5-desafios-na-gestao-de-pessoas-e-saiba-como-supera-los\/\">aprender um pouco mais sobre os desafios na gest\u00e3o de pessoas<\/a>? At\u00e9 mais!<\/p>\n","protected":false},"excerpt":{"rendered":"<p>Para muitos, os colaboradores s\u00e3o um dos maiores ativos que uma empresa pode ter, pois(&#8230;)<\/p>\n","protected":false},"author":1,"featured_media":1136,"comment_status":"open","ping_status":"open","sticky":false,"template":"","format":"standard","meta":{"_acf_changed":false,"inline_featured_image":false,"footnotes":""},"categories":[28],"tags":[],"class_list":["post-1162","post","type-post","status-publish","format-standard","has-post-thumbnail","hentry","category-gestao"],"acf":[],"yoast_head":"<!-- This site is optimized with the Yoast SEO plugin v25.9 - https:\/\/yoast.com\/wordpress\/plugins\/seo\/ -->\n<title>Voc\u00ea sabe como contratar funcion\u00e1rios? Saiba mais aqui! - Grupo A\u00e7o Cearense<\/title>\n<meta name=\"robots\" content=\"index, follow, max-snippet:-1, max-image-preview:large, max-video-preview:-1\" \/>\n<link rel=\"canonical\" href=\"https:\/\/previews.elleven.digital\/acocearense\/voce-sabe-como-contratar-funcionarios-saiba-mais-aqui\/\" \/>\n<meta property=\"og:locale\" content=\"pt_BR\" \/>\n<meta property=\"og:type\" content=\"article\" \/>\n<meta property=\"og:title\" content=\"Voc\u00ea sabe como contratar funcion\u00e1rios? Saiba mais aqui! - Grupo A\u00e7o Cearense\" \/>\n<meta property=\"og:description\" content=\"Para muitos, os colaboradores s\u00e3o um dos maiores ativos que uma empresa pode ter, pois(...)\" \/>\n<meta property=\"og:url\" content=\"https:\/\/previews.elleven.digital\/acocearense\/voce-sabe-como-contratar-funcionarios-saiba-mais-aqui\/\" \/>\n<meta property=\"og:site_name\" content=\"Grupo A\u00e7o Cearense\" \/>\n<meta property=\"article:published_time\" content=\"2019-03-21T13:00:12+00:00\" \/>\n<meta property=\"article:modified_time\" content=\"2025-05-07T13:00:43+00:00\" \/>\n<meta property=\"og:image\" content=\"https:\/\/previews.elleven.digital\/acocearense\/wp-content\/uploads\/2025\/05\/280140-voce-sabe-como-contratar-funcionarios-saiba-mais-aqui-1090x720-1.jpg\" \/>\n\t<meta property=\"og:image:width\" content=\"1090\" \/>\n\t<meta property=\"og:image:height\" content=\"720\" \/>\n\t<meta property=\"og:image:type\" content=\"image\/jpeg\" \/>\n<meta name=\"author\" content=\"elleven\" \/>\n<meta name=\"twitter:card\" content=\"summary_large_image\" \/>\n<meta name=\"twitter:label1\" content=\"Escrito por\" \/>\n\t<meta name=\"twitter:data1\" content=\"elleven\" \/>\n\t<meta name=\"twitter:label2\" content=\"Est. tempo de leitura\" \/>\n\t<meta name=\"twitter:data2\" content=\"4 minutos\" \/>\n<script type=\"application\/ld+json\" class=\"yoast-schema-graph\">{\"@context\":\"https:\/\/schema.org\",\"@graph\":[{\"@type\":\"WebPage\",\"@id\":\"https:\/\/previews.elleven.digital\/acocearense\/voce-sabe-como-contratar-funcionarios-saiba-mais-aqui\/\",\"url\":\"https:\/\/previews.elleven.digital\/acocearense\/voce-sabe-como-contratar-funcionarios-saiba-mais-aqui\/\",\"name\":\"Voc\u00ea sabe como contratar funcion\u00e1rios? Saiba mais aqui! - Grupo A\u00e7o Cearense\",\"isPartOf\":{\"@id\":\"https:\/\/previews.elleven.digital\/acocearense\/#website\"},\"primaryImageOfPage\":{\"@id\":\"https:\/\/previews.elleven.digital\/acocearense\/voce-sabe-como-contratar-funcionarios-saiba-mais-aqui\/#primaryimage\"},\"image\":{\"@id\":\"https:\/\/previews.elleven.digital\/acocearense\/voce-sabe-como-contratar-funcionarios-saiba-mais-aqui\/#primaryimage\"},\"thumbnailUrl\":\"https:\/\/previews.elleven.digital\/acocearense\/wp-content\/uploads\/2025\/05\/280140-voce-sabe-como-contratar-funcionarios-saiba-mais-aqui-1090x720-1.jpg\",\"datePublished\":\"2019-03-21T13:00:12+00:00\",\"dateModified\":\"2025-05-07T13:00:43+00:00\",\"author\":{\"@id\":\"https:\/\/previews.elleven.digital\/acocearense\/#\/schema\/person\/8e9165eb3c33e0860485c7c5fc06a701\"},\"breadcrumb\":{\"@id\":\"https:\/\/previews.elleven.digital\/acocearense\/voce-sabe-como-contratar-funcionarios-saiba-mais-aqui\/#breadcrumb\"},\"inLanguage\":\"pt-BR\",\"potentialAction\":[{\"@type\":\"ReadAction\",\"target\":[\"https:\/\/previews.elleven.digital\/acocearense\/voce-sabe-como-contratar-funcionarios-saiba-mais-aqui\/\"]}]},{\"@type\":\"ImageObject\",\"inLanguage\":\"pt-BR\",\"@id\":\"https:\/\/previews.elleven.digital\/acocearense\/voce-sabe-como-contratar-funcionarios-saiba-mais-aqui\/#primaryimage\",\"url\":\"https:\/\/previews.elleven.digital\/acocearense\/wp-content\/uploads\/2025\/05\/280140-voce-sabe-como-contratar-funcionarios-saiba-mais-aqui-1090x720-1.jpg\",\"contentUrl\":\"https:\/\/previews.elleven.digital\/acocearense\/wp-content\/uploads\/2025\/05\/280140-voce-sabe-como-contratar-funcionarios-saiba-mais-aqui-1090x720-1.jpg\",\"width\":1090,\"height\":720},{\"@type\":\"BreadcrumbList\",\"@id\":\"https:\/\/previews.elleven.digital\/acocearense\/voce-sabe-como-contratar-funcionarios-saiba-mais-aqui\/#breadcrumb\",\"itemListElement\":[{\"@type\":\"ListItem\",\"position\":1,\"name\":\"In\u00edcio\",\"item\":\"https:\/\/previews.elleven.digital\/acocearense\/\"},{\"@type\":\"ListItem\",\"position\":2,\"name\":\"Voc\u00ea sabe como contratar funcion\u00e1rios? Saiba mais aqui!\"}]},{\"@type\":\"WebSite\",\"@id\":\"https:\/\/previews.elleven.digital\/acocearense\/#website\",\"url\":\"https:\/\/previews.elleven.digital\/acocearense\/\",\"name\":\"A\u00e7o Cearense\",\"description\":\"H\u00e1 mais de 45 anos no mercado brasileiro do a\u00e7o.\",\"alternateName\":\"A\u00e7o Cearense\",\"potentialAction\":[{\"@type\":\"SearchAction\",\"target\":{\"@type\":\"EntryPoint\",\"urlTemplate\":\"https:\/\/previews.elleven.digital\/acocearense\/?s={search_term_string}\"},\"query-input\":{\"@type\":\"PropertyValueSpecification\",\"valueRequired\":true,\"valueName\":\"search_term_string\"}}],\"inLanguage\":\"pt-BR\"},{\"@type\":\"Person\",\"@id\":\"https:\/\/previews.elleven.digital\/acocearense\/#\/schema\/person\/8e9165eb3c33e0860485c7c5fc06a701\",\"name\":\"elleven\",\"image\":{\"@type\":\"ImageObject\",\"inLanguage\":\"pt-BR\",\"@id\":\"https:\/\/previews.elleven.digital\/acocearense\/#\/schema\/person\/image\/\",\"url\":\"https:\/\/secure.gravatar.com\/avatar\/2a6afb49d9ecfed5dbc6c9606ce318b8bd07c077835179bddfd5d8209c03cb29?s=96&d=mm&r=g\",\"contentUrl\":\"https:\/\/secure.gravatar.com\/avatar\/2a6afb49d9ecfed5dbc6c9606ce318b8bd07c077835179bddfd5d8209c03cb29?s=96&d=mm&r=g\",\"caption\":\"elleven\"},\"sameAs\":[\"http:\/\/localhost\/acocearense\"],\"url\":\"https:\/\/previews.elleven.digital\/acocearense\/author\/elleven\/\"}]}<\/script>\n<!-- \/ Yoast SEO plugin. -->","yoast_head_json":{"title":"Voc\u00ea sabe como contratar funcion\u00e1rios? Saiba mais aqui! - Grupo A\u00e7o Cearense","robots":{"index":"index","follow":"follow","max-snippet":"max-snippet:-1","max-image-preview":"max-image-preview:large","max-video-preview":"max-video-preview:-1"},"canonical":"https:\/\/previews.elleven.digital\/acocearense\/voce-sabe-como-contratar-funcionarios-saiba-mais-aqui\/","og_locale":"pt_BR","og_type":"article","og_title":"Voc\u00ea sabe como contratar funcion\u00e1rios? Saiba mais aqui! - Grupo A\u00e7o Cearense","og_description":"Para muitos, os colaboradores s\u00e3o um dos maiores ativos que uma empresa pode ter, pois(...)","og_url":"https:\/\/previews.elleven.digital\/acocearense\/voce-sabe-como-contratar-funcionarios-saiba-mais-aqui\/","og_site_name":"Grupo A\u00e7o Cearense","article_published_time":"2019-03-21T13:00:12+00:00","article_modified_time":"2025-05-07T13:00:43+00:00","og_image":[{"width":1090,"height":720,"url":"https:\/\/previews.elleven.digital\/acocearense\/wp-content\/uploads\/2025\/05\/280140-voce-sabe-como-contratar-funcionarios-saiba-mais-aqui-1090x720-1.jpg","type":"image\/jpeg"}],"author":"elleven","twitter_card":"summary_large_image","twitter_misc":{"Escrito por":"elleven","Est. tempo de leitura":"4 minutos"},"schema":{"@context":"https:\/\/schema.org","@graph":[{"@type":"WebPage","@id":"https:\/\/previews.elleven.digital\/acocearense\/voce-sabe-como-contratar-funcionarios-saiba-mais-aqui\/","url":"https:\/\/previews.elleven.digital\/acocearense\/voce-sabe-como-contratar-funcionarios-saiba-mais-aqui\/","name":"Voc\u00ea sabe como contratar funcion\u00e1rios? Saiba mais aqui! - Grupo A\u00e7o Cearense","isPartOf":{"@id":"https:\/\/previews.elleven.digital\/acocearense\/#website"},"primaryImageOfPage":{"@id":"https:\/\/previews.elleven.digital\/acocearense\/voce-sabe-como-contratar-funcionarios-saiba-mais-aqui\/#primaryimage"},"image":{"@id":"https:\/\/previews.elleven.digital\/acocearense\/voce-sabe-como-contratar-funcionarios-saiba-mais-aqui\/#primaryimage"},"thumbnailUrl":"https:\/\/previews.elleven.digital\/acocearense\/wp-content\/uploads\/2025\/05\/280140-voce-sabe-como-contratar-funcionarios-saiba-mais-aqui-1090x720-1.jpg","datePublished":"2019-03-21T13:00:12+00:00","dateModified":"2025-05-07T13:00:43+00:00","author":{"@id":"https:\/\/previews.elleven.digital\/acocearense\/#\/schema\/person\/8e9165eb3c33e0860485c7c5fc06a701"},"breadcrumb":{"@id":"https:\/\/previews.elleven.digital\/acocearense\/voce-sabe-como-contratar-funcionarios-saiba-mais-aqui\/#breadcrumb"},"inLanguage":"pt-BR","potentialAction":[{"@type":"ReadAction","target":["https:\/\/previews.elleven.digital\/acocearense\/voce-sabe-como-contratar-funcionarios-saiba-mais-aqui\/"]}]},{"@type":"ImageObject","inLanguage":"pt-BR","@id":"https:\/\/previews.elleven.digital\/acocearense\/voce-sabe-como-contratar-funcionarios-saiba-mais-aqui\/#primaryimage","url":"https:\/\/previews.elleven.digital\/acocearense\/wp-content\/uploads\/2025\/05\/280140-voce-sabe-como-contratar-funcionarios-saiba-mais-aqui-1090x720-1.jpg","contentUrl":"https:\/\/previews.elleven.digital\/acocearense\/wp-content\/uploads\/2025\/05\/280140-voce-sabe-como-contratar-funcionarios-saiba-mais-aqui-1090x720-1.jpg","width":1090,"height":720},{"@type":"BreadcrumbList","@id":"https:\/\/previews.elleven.digital\/acocearense\/voce-sabe-como-contratar-funcionarios-saiba-mais-aqui\/#breadcrumb","itemListElement":[{"@type":"ListItem","position":1,"name":"In\u00edcio","item":"https:\/\/previews.elleven.digital\/acocearense\/"},{"@type":"ListItem","position":2,"name":"Voc\u00ea sabe como contratar funcion\u00e1rios? Saiba mais aqui!"}]},{"@type":"WebSite","@id":"https:\/\/previews.elleven.digital\/acocearense\/#website","url":"https:\/\/previews.elleven.digital\/acocearense\/","name":"A\u00e7o Cearense","description":"H\u00e1 mais de 45 anos no mercado brasileiro do a\u00e7o.","alternateName":"A\u00e7o Cearense","potentialAction":[{"@type":"SearchAction","target":{"@type":"EntryPoint","urlTemplate":"https:\/\/previews.elleven.digital\/acocearense\/?s={search_term_string}"},"query-input":{"@type":"PropertyValueSpecification","valueRequired":true,"valueName":"search_term_string"}}],"inLanguage":"pt-BR"},{"@type":"Person","@id":"https:\/\/previews.elleven.digital\/acocearense\/#\/schema\/person\/8e9165eb3c33e0860485c7c5fc06a701","name":"elleven","image":{"@type":"ImageObject","inLanguage":"pt-BR","@id":"https:\/\/previews.elleven.digital\/acocearense\/#\/schema\/person\/image\/","url":"https:\/\/secure.gravatar.com\/avatar\/2a6afb49d9ecfed5dbc6c9606ce318b8bd07c077835179bddfd5d8209c03cb29?s=96&d=mm&r=g","contentUrl":"https:\/\/secure.gravatar.com\/avatar\/2a6afb49d9ecfed5dbc6c9606ce318b8bd07c077835179bddfd5d8209c03cb29?s=96&d=mm&r=g","caption":"elleven"},"sameAs":["http:\/\/localhost\/acocearense"],"url":"https:\/\/previews.elleven.digital\/acocearense\/author\/elleven\/"}]}},"_links":{"self":[{"href":"https:\/\/previews.elleven.digital\/acocearense\/wp-json\/wp\/v2\/posts\/1162","targetHints":{"allow":["GET"]}}],"collection":[{"href":"https:\/\/previews.elleven.digital\/acocearense\/wp-json\/wp\/v2\/posts"}],"about":[{"href":"https:\/\/previews.elleven.digital\/acocearense\/wp-json\/wp\/v2\/types\/post"}],"author":[{"embeddable":true,"href":"https:\/\/previews.elleven.digital\/acocearense\/wp-json\/wp\/v2\/users\/1"}],"replies":[{"embeddable":true,"href":"https:\/\/previews.elleven.digital\/acocearense\/wp-json\/wp\/v2\/comments?post=1162"}],"version-history":[{"count":1,"href":"https:\/\/previews.elleven.digital\/acocearense\/wp-json\/wp\/v2\/posts\/1162\/revisions"}],"predecessor-version":[{"id":1163,"href":"https:\/\/previews.elleven.digital\/acocearense\/wp-json\/wp\/v2\/posts\/1162\/revisions\/1163"}],"wp:featuredmedia":[{"embeddable":true,"href":"https:\/\/previews.elleven.digital\/acocearense\/wp-json\/wp\/v2\/media\/1136"}],"wp:attachment":[{"href":"https:\/\/previews.elleven.digital\/acocearense\/wp-json\/wp\/v2\/media?parent=1162"}],"wp:term":[{"taxonomy":"category","embeddable":true,"href":"https:\/\/previews.elleven.digital\/acocearense\/wp-json\/wp\/v2\/categories?post=1162"},{"taxonomy":"post_tag","embeddable":true,"href":"https:\/\/previews.elleven.digital\/acocearense\/wp-json\/wp\/v2\/tags?post=1162"}],"curies":[{"name":"wp","href":"https:\/\/api.w.org\/{rel}","templated":true}]}}