{"id":1157,"date":"2019-03-07T09:59:04","date_gmt":"2019-03-07T12:59:04","guid":{"rendered":"https:\/\/previews.elleven.digital\/acocearense\/?p=1157"},"modified":"2025-05-07T09:59:39","modified_gmt":"2025-05-07T12:59:39","slug":"conheca-5-desafios-na-gestao-de-pessoas-e-saiba-como-supera-los","status":"publish","type":"post","link":"https:\/\/previews.elleven.digital\/acocearense\/conheca-5-desafios-na-gestao-de-pessoas-e-saiba-como-supera-los\/","title":{"rendered":"Conhe\u00e7a 5 desafios na gest\u00e3o de pessoas e saiba como super\u00e1-los!"},"content":{"rendered":"<p><a href=\"https:\/\/g1.globo.com\/educacao\/guia-de-carreiras\/noticia\/2019\/01\/15\/para-atrair-jovens-talentos-setor-de-rh-precisa-pensar-na-qualidade-de-vida-dos-funcionarios.ghtml\" target=\"_blank\" rel=\"noopener noreferrer\">A gest\u00e3o de pessoas<\/a>\u00a0\u00e9 um compromisso tanto dos l\u00edderes da empresa quanto dos demais colaboradores. Melhorar os resultados dos funcion\u00e1rios \u00e9 um grande desafio. \u00c9 necess\u00e1ria\u00a0a exist\u00eancia de avalia\u00e7\u00f5es no decorrer do governo da empresa, j\u00e1 que s\u00e3o muito importantes para minimizar as falhas e aumentar os resultados.<\/p>\n<p>Essa realidade \u00e9 um pouco complicada, pois exige que os gestores auxiliem seus colaboradores em seus pontos mais fracos. E isso precisa ser planejado com o objetivo de compreender as necessidades dos funcion\u00e1rios e concili\u00e1-las com as metas da companhia.<\/p>\n<p>Nessa perspectiva, preparamos este post para que voc\u00ea entenda como superar os 5 principais\u00a0desafios na gest\u00e3o de pessoas. Continue a leitura!<\/p>\n<h2>1. Engajamento de funcion\u00e1rios<\/h2>\n<p>Uma das pr\u00e1ticas atuais na gest\u00e3o de pessoas \u00e9 o engajamento dos funcion\u00e1rios. O engajamento permite que as empresas aumentem a sua produtividade mediante o amadurecimento dos seus colaboradores.<\/p>\n<p>O reconhecimento do bom trabalho realizado permite que os profissionais aumentem a sua capacidade de evolu\u00e7\u00e3o, pois a satisfa\u00e7\u00e3o emocional com o trabalho os deixa mais produtivos.<\/p>\n<h2>2. Reten\u00e7\u00e3o de talentos<\/h2>\n<p>Certamente, em todas as empresas existem talentos que ainda n\u00e3o foram descobertos pelos seus l\u00edderes. Uma alternativa para identificar pessoas que contam com\u00a0qualifica\u00e7\u00f5es extraordin\u00e1rias \u00e9 criar ambientes em que todos possam desenvolver projetos com mais autonomia. Dessa forma, ser\u00e1 mais f\u00e1cil\u00a0<a href=\"https:\/\/revistapegn.globo.com\/Colunistas\/Jairo-Martins\/noticia\/2014\/05\/6-dicas-para-reter-talentos-na-sua-empresa.html\" target=\"_blank\" rel=\"noopener noreferrer\">identificar talentos<\/a>.<\/p>\n<h2>3. Qualificar equipes<\/h2>\n<p><a href=\"https:\/\/www.portaleducacao.com.br\/conteudo\/artigos\/administracao\/principais-objetivos-da-area-de-gestao-de-pessoas\/35562\" target=\"_blank\" rel=\"noopener noreferrer\">A qualifica\u00e7\u00e3o dos funcion\u00e1rios<\/a>\u00a0\u00e9 um dos desafios que a maioria das gest\u00f5es empresariais enfrenta. Al\u00e9m de um filtro eficaz no recrutamento de profissionais, \u00e9 necess\u00e1rio qualificar as pessoas contratadas\u00a0ap\u00f3s entrarem na companhia.<\/p>\n<p>Tanto os novos colaboradores quanto os mais antigos precisam ser\u00a0capacitados. Isso \u00e9 importante, uma vez que os colaboradores rec\u00e9m-contratados t\u00eam menos experi\u00eancia e\u00a0os demais podem estar desatualizados. Essa realidade exige que os l\u00edderes da gest\u00e3o planejem m\u00e9todos de qualifica\u00e7\u00e3o de forma que todos os funcion\u00e1rios consigam obter bons resultados.<\/p>\n<h2>4. Ter boa lideran\u00e7a<\/h2>\n<p>\u00c9 essencial a exist\u00eancia de l\u00edderes dentro de uma empresa. O l\u00edder \u00e9 o funcion\u00e1rio que mostra o norte para o seu grupo e o acompanha constantemente. Liderar n\u00e3o \u00e9 apenas ordenar objetivos, mas incentivar e sustentar o seu\u00a0grupo durante a sua gest\u00e3o.<\/p>\n<p>Algumas pessoas j\u00e1 nascem com o\u00a0<a href=\"https:\/\/exame.abril.com.br\/carreira\/qual-o-perfil-dos-lideres-brasileiros\/\" target=\"_blank\" rel=\"noopener noreferrer\">perfil de l\u00edder<\/a>, mas isso tamb\u00e9m pode ser trabalhado\u00a0por meio de cursos de capacita\u00e7\u00e3o. Sendo assim, as institui\u00e7\u00f5es que ainda n\u00e3o encontraram seus l\u00edderes podem contar com\u00a0essa possibilidade para que algum profissional assuma o\u00a0posto.<\/p>\n<h2>5. Implementar novas ferramentas e processos<\/h2>\n<p>Existem algumas ferramentas que aumentam os resultados das empresas, visto que a gest\u00e3o ser\u00e1 controlada corretamente. Uma das ferramentas mais efetivas \u00e9 conhecer todo o processo do seu neg\u00f3cio, j\u00e1 que encontrar\u00e1 as principais falhas. Desse modo, ap\u00f3s identificar os pontos que precisam de ajuste,\u00a0ser\u00e1 poss\u00edvel aplicar ferramentas que auxiliar\u00e3o\u00a0na gest\u00e3o.<\/p>\n<p>Em resumo,\u00a0<a href=\"https:\/\/www.portaleducacao.com.br\/conteudo\/artigos\/administracao\/principais-objetivos-da-area-de-gestao-de-pessoas\/35562\" target=\"_blank\" rel=\"noopener noreferrer\">a gest\u00e3o de pessoas<\/a>\u00a0consiste em habilidades viabilizadas pelas empresas com o intuito de melhorar a sua estrutura organizacional. Ademais, essa gest\u00e3o estrat\u00e9gica \u00e9 uma das alternativas para aumentar a produ\u00e7\u00e3o do neg\u00f3cio e investir na capacita\u00e7\u00e3o dos seus colaboradores.\u00a0Assim, independentemente da \u00e1rea de atua\u00e7\u00e3o da companhia, o seu objetivo ser\u00e1 alcan\u00e7ado, pois as falhas existentes ser\u00e3o exclu\u00eddas para proporcionar melhores resultados.<\/p>\n<p>Gostou do nosso post que fala tudo sobre gest\u00e3o de pessoas? Compartilhe este conte\u00fado nas redes sociais para que outras pessoas possam entender sobre o assunto!<\/p>\n","protected":false},"excerpt":{"rendered":"<p>A gest\u00e3o de pessoas\u00a0\u00e9 um compromisso tanto dos l\u00edderes da empresa quanto dos demais colaboradores.(&#8230;)<\/p>\n","protected":false},"author":1,"featured_media":1138,"comment_status":"open","ping_status":"open","sticky":false,"template":"","format":"standard","meta":{"_acf_changed":false,"inline_featured_image":false,"footnotes":""},"categories":[27],"tags":[],"class_list":["post-1157","post","type-post","status-publish","format-standard","has-post-thumbnail","hentry","category-abrindo-o-negocio"],"acf":[],"yoast_head":"<!-- This site is optimized with the Yoast SEO plugin v25.9 - https:\/\/yoast.com\/wordpress\/plugins\/seo\/ -->\n<title>Conhe\u00e7a 5 desafios na gest\u00e3o de pessoas e saiba como super\u00e1-los! - Grupo A\u00e7o Cearense<\/title>\n<meta name=\"robots\" content=\"index, follow, max-snippet:-1, max-image-preview:large, max-video-preview:-1\" \/>\n<link rel=\"canonical\" href=\"https:\/\/previews.elleven.digital\/acocearense\/conheca-5-desafios-na-gestao-de-pessoas-e-saiba-como-supera-los\/\" \/>\n<meta property=\"og:locale\" content=\"pt_BR\" \/>\n<meta property=\"og:type\" content=\"article\" \/>\n<meta property=\"og:title\" content=\"Conhe\u00e7a 5 desafios na gest\u00e3o de pessoas e saiba como super\u00e1-los! - Grupo A\u00e7o Cearense\" \/>\n<meta property=\"og:description\" content=\"A gest\u00e3o de pessoas\u00a0\u00e9 um compromisso tanto dos l\u00edderes da empresa quanto dos demais colaboradores.(...)\" \/>\n<meta property=\"og:url\" content=\"https:\/\/previews.elleven.digital\/acocearense\/conheca-5-desafios-na-gestao-de-pessoas-e-saiba-como-supera-los\/\" \/>\n<meta property=\"og:site_name\" content=\"Grupo A\u00e7o Cearense\" \/>\n<meta property=\"article:published_time\" content=\"2019-03-07T12:59:04+00:00\" \/>\n<meta property=\"article:modified_time\" content=\"2025-05-07T12:59:39+00:00\" \/>\n<meta property=\"og:image\" content=\"https:\/\/previews.elleven.digital\/acocearense\/wp-content\/uploads\/2025\/05\/278063-053-tarefa-reservada-so-pegue-se-voce-for-o-leonardo-almeida-conheca-x-desafios-na-gestao-de-pessoas-e-saiba-como-superalos-1090x720-1.jpg\" \/>\n\t<meta property=\"og:image:width\" content=\"1090\" \/>\n\t<meta property=\"og:image:height\" content=\"720\" \/>\n\t<meta property=\"og:image:type\" content=\"image\/jpeg\" \/>\n<meta name=\"author\" content=\"elleven\" \/>\n<meta name=\"twitter:card\" content=\"summary_large_image\" \/>\n<meta name=\"twitter:label1\" content=\"Escrito por\" \/>\n\t<meta name=\"twitter:data1\" content=\"elleven\" \/>\n\t<meta name=\"twitter:label2\" content=\"Est. tempo de leitura\" \/>\n\t<meta name=\"twitter:data2\" content=\"4 minutos\" \/>\n<script type=\"application\/ld+json\" class=\"yoast-schema-graph\">{\"@context\":\"https:\/\/schema.org\",\"@graph\":[{\"@type\":\"WebPage\",\"@id\":\"https:\/\/previews.elleven.digital\/acocearense\/conheca-5-desafios-na-gestao-de-pessoas-e-saiba-como-supera-los\/\",\"url\":\"https:\/\/previews.elleven.digital\/acocearense\/conheca-5-desafios-na-gestao-de-pessoas-e-saiba-como-supera-los\/\",\"name\":\"Conhe\u00e7a 5 desafios na gest\u00e3o de pessoas e saiba como super\u00e1-los! - Grupo A\u00e7o Cearense\",\"isPartOf\":{\"@id\":\"https:\/\/previews.elleven.digital\/acocearense\/#website\"},\"primaryImageOfPage\":{\"@id\":\"https:\/\/previews.elleven.digital\/acocearense\/conheca-5-desafios-na-gestao-de-pessoas-e-saiba-como-supera-los\/#primaryimage\"},\"image\":{\"@id\":\"https:\/\/previews.elleven.digital\/acocearense\/conheca-5-desafios-na-gestao-de-pessoas-e-saiba-como-supera-los\/#primaryimage\"},\"thumbnailUrl\":\"https:\/\/previews.elleven.digital\/acocearense\/wp-content\/uploads\/2025\/05\/278063-053-tarefa-reservada-so-pegue-se-voce-for-o-leonardo-almeida-conheca-x-desafios-na-gestao-de-pessoas-e-saiba-como-superalos-1090x720-1.jpg\",\"datePublished\":\"2019-03-07T12:59:04+00:00\",\"dateModified\":\"2025-05-07T12:59:39+00:00\",\"author\":{\"@id\":\"https:\/\/previews.elleven.digital\/acocearense\/#\/schema\/person\/8e9165eb3c33e0860485c7c5fc06a701\"},\"breadcrumb\":{\"@id\":\"https:\/\/previews.elleven.digital\/acocearense\/conheca-5-desafios-na-gestao-de-pessoas-e-saiba-como-supera-los\/#breadcrumb\"},\"inLanguage\":\"pt-BR\",\"potentialAction\":[{\"@type\":\"ReadAction\",\"target\":[\"https:\/\/previews.elleven.digital\/acocearense\/conheca-5-desafios-na-gestao-de-pessoas-e-saiba-como-supera-los\/\"]}]},{\"@type\":\"ImageObject\",\"inLanguage\":\"pt-BR\",\"@id\":\"https:\/\/previews.elleven.digital\/acocearense\/conheca-5-desafios-na-gestao-de-pessoas-e-saiba-como-supera-los\/#primaryimage\",\"url\":\"https:\/\/previews.elleven.digital\/acocearense\/wp-content\/uploads\/2025\/05\/278063-053-tarefa-reservada-so-pegue-se-voce-for-o-leonardo-almeida-conheca-x-desafios-na-gestao-de-pessoas-e-saiba-como-superalos-1090x720-1.jpg\",\"contentUrl\":\"https:\/\/previews.elleven.digital\/acocearense\/wp-content\/uploads\/2025\/05\/278063-053-tarefa-reservada-so-pegue-se-voce-for-o-leonardo-almeida-conheca-x-desafios-na-gestao-de-pessoas-e-saiba-como-superalos-1090x720-1.jpg\",\"width\":1090,\"height\":720},{\"@type\":\"BreadcrumbList\",\"@id\":\"https:\/\/previews.elleven.digital\/acocearense\/conheca-5-desafios-na-gestao-de-pessoas-e-saiba-como-supera-los\/#breadcrumb\",\"itemListElement\":[{\"@type\":\"ListItem\",\"position\":1,\"name\":\"In\u00edcio\",\"item\":\"https:\/\/previews.elleven.digital\/acocearense\/\"},{\"@type\":\"ListItem\",\"position\":2,\"name\":\"Conhe\u00e7a 5 desafios na gest\u00e3o de pessoas e saiba como super\u00e1-los!\"}]},{\"@type\":\"WebSite\",\"@id\":\"https:\/\/previews.elleven.digital\/acocearense\/#website\",\"url\":\"https:\/\/previews.elleven.digital\/acocearense\/\",\"name\":\"A\u00e7o Cearense\",\"description\":\"H\u00e1 mais de 45 anos no mercado brasileiro do a\u00e7o.\",\"alternateName\":\"A\u00e7o Cearense\",\"potentialAction\":[{\"@type\":\"SearchAction\",\"target\":{\"@type\":\"EntryPoint\",\"urlTemplate\":\"https:\/\/previews.elleven.digital\/acocearense\/?s={search_term_string}\"},\"query-input\":{\"@type\":\"PropertyValueSpecification\",\"valueRequired\":true,\"valueName\":\"search_term_string\"}}],\"inLanguage\":\"pt-BR\"},{\"@type\":\"Person\",\"@id\":\"https:\/\/previews.elleven.digital\/acocearense\/#\/schema\/person\/8e9165eb3c33e0860485c7c5fc06a701\",\"name\":\"elleven\",\"image\":{\"@type\":\"ImageObject\",\"inLanguage\":\"pt-BR\",\"@id\":\"https:\/\/previews.elleven.digital\/acocearense\/#\/schema\/person\/image\/\",\"url\":\"https:\/\/secure.gravatar.com\/avatar\/2a6afb49d9ecfed5dbc6c9606ce318b8bd07c077835179bddfd5d8209c03cb29?s=96&d=mm&r=g\",\"contentUrl\":\"https:\/\/secure.gravatar.com\/avatar\/2a6afb49d9ecfed5dbc6c9606ce318b8bd07c077835179bddfd5d8209c03cb29?s=96&d=mm&r=g\",\"caption\":\"elleven\"},\"sameAs\":[\"http:\/\/localhost\/acocearense\"],\"url\":\"https:\/\/previews.elleven.digital\/acocearense\/author\/elleven\/\"}]}<\/script>\n<!-- \/ Yoast SEO plugin. -->","yoast_head_json":{"title":"Conhe\u00e7a 5 desafios na gest\u00e3o de pessoas e saiba como super\u00e1-los! - Grupo A\u00e7o Cearense","robots":{"index":"index","follow":"follow","max-snippet":"max-snippet:-1","max-image-preview":"max-image-preview:large","max-video-preview":"max-video-preview:-1"},"canonical":"https:\/\/previews.elleven.digital\/acocearense\/conheca-5-desafios-na-gestao-de-pessoas-e-saiba-como-supera-los\/","og_locale":"pt_BR","og_type":"article","og_title":"Conhe\u00e7a 5 desafios na gest\u00e3o de pessoas e saiba como super\u00e1-los! - Grupo A\u00e7o Cearense","og_description":"A gest\u00e3o de pessoas\u00a0\u00e9 um compromisso tanto dos l\u00edderes da empresa quanto dos demais colaboradores.(...)","og_url":"https:\/\/previews.elleven.digital\/acocearense\/conheca-5-desafios-na-gestao-de-pessoas-e-saiba-como-supera-los\/","og_site_name":"Grupo A\u00e7o Cearense","article_published_time":"2019-03-07T12:59:04+00:00","article_modified_time":"2025-05-07T12:59:39+00:00","og_image":[{"width":1090,"height":720,"url":"https:\/\/previews.elleven.digital\/acocearense\/wp-content\/uploads\/2025\/05\/278063-053-tarefa-reservada-so-pegue-se-voce-for-o-leonardo-almeida-conheca-x-desafios-na-gestao-de-pessoas-e-saiba-como-superalos-1090x720-1.jpg","type":"image\/jpeg"}],"author":"elleven","twitter_card":"summary_large_image","twitter_misc":{"Escrito por":"elleven","Est. tempo de leitura":"4 minutos"},"schema":{"@context":"https:\/\/schema.org","@graph":[{"@type":"WebPage","@id":"https:\/\/previews.elleven.digital\/acocearense\/conheca-5-desafios-na-gestao-de-pessoas-e-saiba-como-supera-los\/","url":"https:\/\/previews.elleven.digital\/acocearense\/conheca-5-desafios-na-gestao-de-pessoas-e-saiba-como-supera-los\/","name":"Conhe\u00e7a 5 desafios na gest\u00e3o de pessoas e saiba como super\u00e1-los! - Grupo A\u00e7o Cearense","isPartOf":{"@id":"https:\/\/previews.elleven.digital\/acocearense\/#website"},"primaryImageOfPage":{"@id":"https:\/\/previews.elleven.digital\/acocearense\/conheca-5-desafios-na-gestao-de-pessoas-e-saiba-como-supera-los\/#primaryimage"},"image":{"@id":"https:\/\/previews.elleven.digital\/acocearense\/conheca-5-desafios-na-gestao-de-pessoas-e-saiba-como-supera-los\/#primaryimage"},"thumbnailUrl":"https:\/\/previews.elleven.digital\/acocearense\/wp-content\/uploads\/2025\/05\/278063-053-tarefa-reservada-so-pegue-se-voce-for-o-leonardo-almeida-conheca-x-desafios-na-gestao-de-pessoas-e-saiba-como-superalos-1090x720-1.jpg","datePublished":"2019-03-07T12:59:04+00:00","dateModified":"2025-05-07T12:59:39+00:00","author":{"@id":"https:\/\/previews.elleven.digital\/acocearense\/#\/schema\/person\/8e9165eb3c33e0860485c7c5fc06a701"},"breadcrumb":{"@id":"https:\/\/previews.elleven.digital\/acocearense\/conheca-5-desafios-na-gestao-de-pessoas-e-saiba-como-supera-los\/#breadcrumb"},"inLanguage":"pt-BR","potentialAction":[{"@type":"ReadAction","target":["https:\/\/previews.elleven.digital\/acocearense\/conheca-5-desafios-na-gestao-de-pessoas-e-saiba-como-supera-los\/"]}]},{"@type":"ImageObject","inLanguage":"pt-BR","@id":"https:\/\/previews.elleven.digital\/acocearense\/conheca-5-desafios-na-gestao-de-pessoas-e-saiba-como-supera-los\/#primaryimage","url":"https:\/\/previews.elleven.digital\/acocearense\/wp-content\/uploads\/2025\/05\/278063-053-tarefa-reservada-so-pegue-se-voce-for-o-leonardo-almeida-conheca-x-desafios-na-gestao-de-pessoas-e-saiba-como-superalos-1090x720-1.jpg","contentUrl":"https:\/\/previews.elleven.digital\/acocearense\/wp-content\/uploads\/2025\/05\/278063-053-tarefa-reservada-so-pegue-se-voce-for-o-leonardo-almeida-conheca-x-desafios-na-gestao-de-pessoas-e-saiba-como-superalos-1090x720-1.jpg","width":1090,"height":720},{"@type":"BreadcrumbList","@id":"https:\/\/previews.elleven.digital\/acocearense\/conheca-5-desafios-na-gestao-de-pessoas-e-saiba-como-supera-los\/#breadcrumb","itemListElement":[{"@type":"ListItem","position":1,"name":"In\u00edcio","item":"https:\/\/previews.elleven.digital\/acocearense\/"},{"@type":"ListItem","position":2,"name":"Conhe\u00e7a 5 desafios na gest\u00e3o de pessoas e saiba como super\u00e1-los!"}]},{"@type":"WebSite","@id":"https:\/\/previews.elleven.digital\/acocearense\/#website","url":"https:\/\/previews.elleven.digital\/acocearense\/","name":"A\u00e7o Cearense","description":"H\u00e1 mais de 45 anos no mercado brasileiro do a\u00e7o.","alternateName":"A\u00e7o Cearense","potentialAction":[{"@type":"SearchAction","target":{"@type":"EntryPoint","urlTemplate":"https:\/\/previews.elleven.digital\/acocearense\/?s={search_term_string}"},"query-input":{"@type":"PropertyValueSpecification","valueRequired":true,"valueName":"search_term_string"}}],"inLanguage":"pt-BR"},{"@type":"Person","@id":"https:\/\/previews.elleven.digital\/acocearense\/#\/schema\/person\/8e9165eb3c33e0860485c7c5fc06a701","name":"elleven","image":{"@type":"ImageObject","inLanguage":"pt-BR","@id":"https:\/\/previews.elleven.digital\/acocearense\/#\/schema\/person\/image\/","url":"https:\/\/secure.gravatar.com\/avatar\/2a6afb49d9ecfed5dbc6c9606ce318b8bd07c077835179bddfd5d8209c03cb29?s=96&d=mm&r=g","contentUrl":"https:\/\/secure.gravatar.com\/avatar\/2a6afb49d9ecfed5dbc6c9606ce318b8bd07c077835179bddfd5d8209c03cb29?s=96&d=mm&r=g","caption":"elleven"},"sameAs":["http:\/\/localhost\/acocearense"],"url":"https:\/\/previews.elleven.digital\/acocearense\/author\/elleven\/"}]}},"_links":{"self":[{"href":"https:\/\/previews.elleven.digital\/acocearense\/wp-json\/wp\/v2\/posts\/1157","targetHints":{"allow":["GET"]}}],"collection":[{"href":"https:\/\/previews.elleven.digital\/acocearense\/wp-json\/wp\/v2\/posts"}],"about":[{"href":"https:\/\/previews.elleven.digital\/acocearense\/wp-json\/wp\/v2\/types\/post"}],"author":[{"embeddable":true,"href":"https:\/\/previews.elleven.digital\/acocearense\/wp-json\/wp\/v2\/users\/1"}],"replies":[{"embeddable":true,"href":"https:\/\/previews.elleven.digital\/acocearense\/wp-json\/wp\/v2\/comments?post=1157"}],"version-history":[{"count":2,"href":"https:\/\/previews.elleven.digital\/acocearense\/wp-json\/wp\/v2\/posts\/1157\/revisions"}],"predecessor-version":[{"id":1159,"href":"https:\/\/previews.elleven.digital\/acocearense\/wp-json\/wp\/v2\/posts\/1157\/revisions\/1159"}],"wp:featuredmedia":[{"embeddable":true,"href":"https:\/\/previews.elleven.digital\/acocearense\/wp-json\/wp\/v2\/media\/1138"}],"wp:attachment":[{"href":"https:\/\/previews.elleven.digital\/acocearense\/wp-json\/wp\/v2\/media?parent=1157"}],"wp:term":[{"taxonomy":"category","embeddable":true,"href":"https:\/\/previews.elleven.digital\/acocearense\/wp-json\/wp\/v2\/categories?post=1157"},{"taxonomy":"post_tag","embeddable":true,"href":"https:\/\/previews.elleven.digital\/acocearense\/wp-json\/wp\/v2\/tags?post=1157"}],"curies":[{"name":"wp","href":"https:\/\/api.w.org\/{rel}","templated":true}]}}