{"id":1122,"date":"2018-10-30T09:50:16","date_gmt":"2018-10-30T12:50:16","guid":{"rendered":"https:\/\/previews.elleven.digital\/acocearense\/?p=1122"},"modified":"2025-05-07T09:50:45","modified_gmt":"2025-05-07T12:50:45","slug":"fique-por-dentro-4-curiosidades-sobre-a-reciclagem-do-aco","status":"publish","type":"post","link":"https:\/\/previews.elleven.digital\/acocearense\/fique-por-dentro-4-curiosidades-sobre-a-reciclagem-do-aco\/","title":{"rendered":"Fique por dentro: 4 curiosidades sobre a reciclagem do a\u00e7o"},"content":{"rendered":"<p>O\u00a0a\u00e7o \u00e9 uma liga met\u00e1lica formada por ferro e carbono, sendo tamb\u00e9m um dos materiais mais antigos utilizados pela humanidade.\u00a0Por ser um material vers\u00e1til, logo se descobriu a sua capacidade de ser reciclado.<\/p>\n<p>A reciclagem do a\u00e7o \u00e9 t\u00e3o antiga quanto\u00a0a sua utiliza\u00e7\u00e3o. O processo de reciclagem\u00a0\u00e9 pr\u00e1tico, reduz impactos ambientais, e o metal ainda conserva as suas propriedades. As ligas met\u00e1licas s\u00e3o utilizadas em diversos\u00a0<a href=\"https:\/\/previews.elleven.digital\/acocearense\/blog\/gestao-de-estoque\/principais-tipos-de-aco\/\" target=\"_blank\" rel=\"noopener noreferrer\">tipos<\/a>\u00a0de materiais, sendo os principais deles\u00a0o pr\u00f3prio a\u00e7o, o\u00a0<a href=\"https:\/\/previews.elleven.digital\/acocearense\/blog\/abrindo-o-negocio\/5-vantagens-do-aco-inox-que-voce-precisa-conhecer\/\" target=\"_blank\" rel=\"noopener noreferrer\">a\u00e7o inox<\/a>, o bronze, o ouro e o lat\u00e3o.<\/p>\n<p>Veja abaixo 4 vantagens da reciclagem do a\u00e7o e porque esse processo \u00e9 importante. Acompanhe!<\/p>\n<h2>1. Capacidade completa de renova\u00e7\u00e3o<\/h2>\n<p>A capacidade completa de renova\u00e7\u00e3o do a\u00e7o faz dele um material econ\u00f4mico. \u00c9 poss\u00edvel que 100% do a\u00e7o seja recuperado sem perder as suas qualidades originais. Dessa forma, o custo de material tende a abaixar.<\/p>\n<p>O Brasil \u00e9 um pa\u00eds que est\u00e1 crescendo na reciclagem do a\u00e7o e tende a acompanhar a tend\u00eancia mundial que cada vez mais incentiva a reciclagem do a\u00e7o.<\/p>\n<h2>2. Utiliza\u00e7\u00e3o de materiais resultantes do processo<\/h2>\n<p>Durante o processo de fabrica\u00e7\u00e3o do a\u00e7o, o alto-forno gera o ferro gusa e a esc\u00f3ria. O ferro gusa vai ser misturado com outros materiais e formar o a\u00e7o, enquanto a esc\u00f3ria \u00e9 formada por materiais considerados como impurezas nesse processo.<\/p>\n<p>Para a fabrica\u00e7\u00e3o do a\u00e7o, a esc\u00f3ria n\u00e3o \u00e9 utilizada. Entretanto, ela \u00e9 aproveitada no setor de\u00a0<a href=\"https:\/\/previews.elleven.digital\/acocearense\/blog\/abrindo-o-negocio\/quais-sao-as-vantagens-e-aplicacoes-do-aco-na-construcao-civil\/\">constru\u00e7\u00e3o civil<\/a>\u00a0para pavimenta\u00e7\u00e3o e como material base do cimento. Mesmo n\u00e3o fazendo parte diretamente do processo, a esc\u00f3ria n\u00e3o \u00e9 descartada.<\/p>\n<h2>3. Redu\u00e7\u00e3o de emiss\u00f5es de CO<sub>2<\/sub><\/h2>\n<p>A reciclagem do a\u00e7o faz parte da economia circular. Esse conceito econ\u00f4mico se baseia no desenvolvimento sustent\u00e1vel a partir da redu\u00e7\u00e3o, recupera\u00e7\u00e3o, reutiliza\u00e7\u00e3o e reciclagem de materiais.<\/p>\n<p>A diminui\u00e7\u00e3o do processo de fabrica\u00e7\u00e3o do a\u00e7o preserva os recursos naturais n\u00e3o renov\u00e1veis e reduz a emiss\u00e3o de CO<sub>2<\/sub>\u00a0na atmosfera. O CO<sub>2<\/sub>\u00a0\u00e9 um dos principais gases causadores do efeito estufa, al\u00e9m de ser nocivo para a sa\u00fade humana.<\/p>\n<h2>4. Simplicidade no processo de reciclagem do a\u00e7o<\/h2>\n<p>O processo de reciclagem do a\u00e7o \u00e9 relativamente simples. Primeiro \u00e9 realizada uma triagem para separar poss\u00edveis impurezas. Depois \u00e9 feita a classifica\u00e7\u00e3o do a\u00e7o, sele\u00e7\u00e3o e prensagem. Depois de prensado, o a\u00e7o \u00e9 enviado para uma usina sider\u00fargica que derreter\u00e1 o material e o reaproveitar\u00e1 na produ\u00e7\u00e3o do a\u00e7o novo.<\/p>\n<p>O a\u00e7o reciclado n\u00e3o precisa ir para o alto forno, ele pode ser derretido e misturado a outros materiais em fornos el\u00e9tricos a arco. Dessa maneira, reduz-se custos de produ\u00e7\u00e3o e com mat\u00e9ria prima.<\/p>\n<p>O processo de reciclagem \u00e9 vantajoso para as ind\u00fastrias, sustent\u00e1vel e contribui na gera\u00e7\u00e3o de renda. Algumas organiza\u00e7\u00f5es incentivam a coleta seletiva para que a quantidade de a\u00e7o reciclado aumente.<\/p>\n<p>Basicamente, n\u00e3o existem barreiras para a utiliza\u00e7\u00e3o do a\u00e7o reciclado. Como as propriedades s\u00e3o controladas e n\u00e3o sofrem perdas no processo de reciclagem do a\u00e7o, ele pode ser usado na constru\u00e7\u00e3o civil, utens\u00edlios dom\u00e9sticos, m\u00f3veis e outros. O a\u00e7o deve ser reciclado de acordo com a aplica\u00e7\u00e3o desejada.<\/p>\n<p>Por exemplo, n\u00e3o existe diferen\u00e7a entre um objeto feito de a\u00e7o inox que tenha em sua constitui\u00e7\u00e3o a\u00e7o reciclado e outro que n\u00e3o tenha. A qualidade entre os dois \u00e9 igual!<\/p>\n<p>Gostou de conhecer algumas curiosidades da reciclagem do a\u00e7o? Veja tamb\u00e9m sobre as\u00a0<a href=\"https:\/\/previews.elleven.digital\/acocearense\/blog\/abrindo-o-negocio\/confira-4-aplicacoes-do-aco-inox\/\">aplica\u00e7\u00f5es do a\u00e7o inox<\/a>, uma das ligas met\u00e1licas que pode ser reciclada e \u00e9 cada vez mais utilizada devido \u00e0s suas vantagens.<\/p>\n<div class=\"article-footer clearfix\">\n<div class=\"clearfix top-footer\">\n<div class=\"post-tags pull-left\"><\/div>\n<\/div>\n<\/div>\n","protected":false},"excerpt":{"rendered":"<p>O\u00a0a\u00e7o \u00e9 uma liga met\u00e1lica formada por ferro e carbono, sendo tamb\u00e9m um dos materiais(&#8230;)<\/p>\n","protected":false},"author":1,"featured_media":1110,"comment_status":"open","ping_status":"open","sticky":false,"template":"","format":"standard","meta":{"_acf_changed":false,"inline_featured_image":false,"footnotes":""},"categories":[28],"tags":[],"class_list":["post-1122","post","type-post","status-publish","format-standard","has-post-thumbnail","hentry","category-gestao"],"acf":[],"yoast_head":"<!-- This site is optimized with the Yoast SEO plugin v25.9 - https:\/\/yoast.com\/wordpress\/plugins\/seo\/ -->\n<title>Fique por dentro: 4 curiosidades sobre a reciclagem do a\u00e7o - Grupo A\u00e7o Cearense<\/title>\n<meta name=\"robots\" content=\"index, follow, max-snippet:-1, max-image-preview:large, max-video-preview:-1\" \/>\n<link rel=\"canonical\" href=\"https:\/\/previews.elleven.digital\/acocearense\/fique-por-dentro-4-curiosidades-sobre-a-reciclagem-do-aco\/\" \/>\n<meta property=\"og:locale\" content=\"pt_BR\" \/>\n<meta property=\"og:type\" content=\"article\" \/>\n<meta property=\"og:title\" content=\"Fique por dentro: 4 curiosidades sobre a reciclagem do a\u00e7o - Grupo A\u00e7o Cearense\" \/>\n<meta property=\"og:description\" content=\"O\u00a0a\u00e7o \u00e9 uma liga met\u00e1lica formada por ferro e carbono, sendo tamb\u00e9m um dos materiais(...)\" \/>\n<meta property=\"og:url\" content=\"https:\/\/previews.elleven.digital\/acocearense\/fique-por-dentro-4-curiosidades-sobre-a-reciclagem-do-aco\/\" \/>\n<meta property=\"og:site_name\" content=\"Grupo A\u00e7o Cearense\" \/>\n<meta property=\"article:published_time\" content=\"2018-10-30T12:50:16+00:00\" \/>\n<meta property=\"article:modified_time\" content=\"2025-05-07T12:50:45+00:00\" \/>\n<meta property=\"og:image\" content=\"https:\/\/previews.elleven.digital\/acocearense\/wp-content\/uploads\/2025\/05\/245752-fique-por-dentro-4-curiosidades-sobre-a-reciclagem-do-aco-1090x720-1.jpg\" \/>\n\t<meta property=\"og:image:width\" content=\"1090\" \/>\n\t<meta property=\"og:image:height\" content=\"720\" \/>\n\t<meta property=\"og:image:type\" content=\"image\/jpeg\" \/>\n<meta name=\"author\" content=\"elleven\" \/>\n<meta name=\"twitter:card\" content=\"summary_large_image\" \/>\n<meta name=\"twitter:label1\" content=\"Escrito por\" \/>\n\t<meta name=\"twitter:data1\" content=\"elleven\" \/>\n\t<meta name=\"twitter:label2\" content=\"Est. tempo de leitura\" \/>\n\t<meta name=\"twitter:data2\" content=\"4 minutos\" \/>\n<script type=\"application\/ld+json\" class=\"yoast-schema-graph\">{\"@context\":\"https:\/\/schema.org\",\"@graph\":[{\"@type\":\"WebPage\",\"@id\":\"https:\/\/previews.elleven.digital\/acocearense\/fique-por-dentro-4-curiosidades-sobre-a-reciclagem-do-aco\/\",\"url\":\"https:\/\/previews.elleven.digital\/acocearense\/fique-por-dentro-4-curiosidades-sobre-a-reciclagem-do-aco\/\",\"name\":\"Fique por dentro: 4 curiosidades sobre a reciclagem do a\u00e7o - Grupo A\u00e7o Cearense\",\"isPartOf\":{\"@id\":\"https:\/\/previews.elleven.digital\/acocearense\/#website\"},\"primaryImageOfPage\":{\"@id\":\"https:\/\/previews.elleven.digital\/acocearense\/fique-por-dentro-4-curiosidades-sobre-a-reciclagem-do-aco\/#primaryimage\"},\"image\":{\"@id\":\"https:\/\/previews.elleven.digital\/acocearense\/fique-por-dentro-4-curiosidades-sobre-a-reciclagem-do-aco\/#primaryimage\"},\"thumbnailUrl\":\"https:\/\/previews.elleven.digital\/acocearense\/wp-content\/uploads\/2025\/05\/245752-fique-por-dentro-4-curiosidades-sobre-a-reciclagem-do-aco-1090x720-1.jpg\",\"datePublished\":\"2018-10-30T12:50:16+00:00\",\"dateModified\":\"2025-05-07T12:50:45+00:00\",\"author\":{\"@id\":\"https:\/\/previews.elleven.digital\/acocearense\/#\/schema\/person\/8e9165eb3c33e0860485c7c5fc06a701\"},\"breadcrumb\":{\"@id\":\"https:\/\/previews.elleven.digital\/acocearense\/fique-por-dentro-4-curiosidades-sobre-a-reciclagem-do-aco\/#breadcrumb\"},\"inLanguage\":\"pt-BR\",\"potentialAction\":[{\"@type\":\"ReadAction\",\"target\":[\"https:\/\/previews.elleven.digital\/acocearense\/fique-por-dentro-4-curiosidades-sobre-a-reciclagem-do-aco\/\"]}]},{\"@type\":\"ImageObject\",\"inLanguage\":\"pt-BR\",\"@id\":\"https:\/\/previews.elleven.digital\/acocearense\/fique-por-dentro-4-curiosidades-sobre-a-reciclagem-do-aco\/#primaryimage\",\"url\":\"https:\/\/previews.elleven.digital\/acocearense\/wp-content\/uploads\/2025\/05\/245752-fique-por-dentro-4-curiosidades-sobre-a-reciclagem-do-aco-1090x720-1.jpg\",\"contentUrl\":\"https:\/\/previews.elleven.digital\/acocearense\/wp-content\/uploads\/2025\/05\/245752-fique-por-dentro-4-curiosidades-sobre-a-reciclagem-do-aco-1090x720-1.jpg\",\"width\":1090,\"height\":720},{\"@type\":\"BreadcrumbList\",\"@id\":\"https:\/\/previews.elleven.digital\/acocearense\/fique-por-dentro-4-curiosidades-sobre-a-reciclagem-do-aco\/#breadcrumb\",\"itemListElement\":[{\"@type\":\"ListItem\",\"position\":1,\"name\":\"In\u00edcio\",\"item\":\"https:\/\/previews.elleven.digital\/acocearense\/\"},{\"@type\":\"ListItem\",\"position\":2,\"name\":\"Fique por dentro: 4 curiosidades sobre a reciclagem do a\u00e7o\"}]},{\"@type\":\"WebSite\",\"@id\":\"https:\/\/previews.elleven.digital\/acocearense\/#website\",\"url\":\"https:\/\/previews.elleven.digital\/acocearense\/\",\"name\":\"A\u00e7o Cearense\",\"description\":\"H\u00e1 mais de 45 anos no mercado brasileiro do a\u00e7o.\",\"alternateName\":\"A\u00e7o Cearense\",\"potentialAction\":[{\"@type\":\"SearchAction\",\"target\":{\"@type\":\"EntryPoint\",\"urlTemplate\":\"https:\/\/previews.elleven.digital\/acocearense\/?s={search_term_string}\"},\"query-input\":{\"@type\":\"PropertyValueSpecification\",\"valueRequired\":true,\"valueName\":\"search_term_string\"}}],\"inLanguage\":\"pt-BR\"},{\"@type\":\"Person\",\"@id\":\"https:\/\/previews.elleven.digital\/acocearense\/#\/schema\/person\/8e9165eb3c33e0860485c7c5fc06a701\",\"name\":\"elleven\",\"image\":{\"@type\":\"ImageObject\",\"inLanguage\":\"pt-BR\",\"@id\":\"https:\/\/previews.elleven.digital\/acocearense\/#\/schema\/person\/image\/\",\"url\":\"https:\/\/secure.gravatar.com\/avatar\/2a6afb49d9ecfed5dbc6c9606ce318b8bd07c077835179bddfd5d8209c03cb29?s=96&d=mm&r=g\",\"contentUrl\":\"https:\/\/secure.gravatar.com\/avatar\/2a6afb49d9ecfed5dbc6c9606ce318b8bd07c077835179bddfd5d8209c03cb29?s=96&d=mm&r=g\",\"caption\":\"elleven\"},\"sameAs\":[\"http:\/\/localhost\/acocearense\"],\"url\":\"https:\/\/previews.elleven.digital\/acocearense\/author\/elleven\/\"}]}<\/script>\n<!-- \/ Yoast SEO plugin. -->","yoast_head_json":{"title":"Fique por dentro: 4 curiosidades sobre a reciclagem do a\u00e7o - Grupo A\u00e7o Cearense","robots":{"index":"index","follow":"follow","max-snippet":"max-snippet:-1","max-image-preview":"max-image-preview:large","max-video-preview":"max-video-preview:-1"},"canonical":"https:\/\/previews.elleven.digital\/acocearense\/fique-por-dentro-4-curiosidades-sobre-a-reciclagem-do-aco\/","og_locale":"pt_BR","og_type":"article","og_title":"Fique por dentro: 4 curiosidades sobre a reciclagem do a\u00e7o - Grupo A\u00e7o Cearense","og_description":"O\u00a0a\u00e7o \u00e9 uma liga met\u00e1lica formada por ferro e carbono, sendo tamb\u00e9m um dos materiais(...)","og_url":"https:\/\/previews.elleven.digital\/acocearense\/fique-por-dentro-4-curiosidades-sobre-a-reciclagem-do-aco\/","og_site_name":"Grupo A\u00e7o Cearense","article_published_time":"2018-10-30T12:50:16+00:00","article_modified_time":"2025-05-07T12:50:45+00:00","og_image":[{"width":1090,"height":720,"url":"https:\/\/previews.elleven.digital\/acocearense\/wp-content\/uploads\/2025\/05\/245752-fique-por-dentro-4-curiosidades-sobre-a-reciclagem-do-aco-1090x720-1.jpg","type":"image\/jpeg"}],"author":"elleven","twitter_card":"summary_large_image","twitter_misc":{"Escrito por":"elleven","Est. tempo de leitura":"4 minutos"},"schema":{"@context":"https:\/\/schema.org","@graph":[{"@type":"WebPage","@id":"https:\/\/previews.elleven.digital\/acocearense\/fique-por-dentro-4-curiosidades-sobre-a-reciclagem-do-aco\/","url":"https:\/\/previews.elleven.digital\/acocearense\/fique-por-dentro-4-curiosidades-sobre-a-reciclagem-do-aco\/","name":"Fique por dentro: 4 curiosidades sobre a reciclagem do a\u00e7o - Grupo A\u00e7o Cearense","isPartOf":{"@id":"https:\/\/previews.elleven.digital\/acocearense\/#website"},"primaryImageOfPage":{"@id":"https:\/\/previews.elleven.digital\/acocearense\/fique-por-dentro-4-curiosidades-sobre-a-reciclagem-do-aco\/#primaryimage"},"image":{"@id":"https:\/\/previews.elleven.digital\/acocearense\/fique-por-dentro-4-curiosidades-sobre-a-reciclagem-do-aco\/#primaryimage"},"thumbnailUrl":"https:\/\/previews.elleven.digital\/acocearense\/wp-content\/uploads\/2025\/05\/245752-fique-por-dentro-4-curiosidades-sobre-a-reciclagem-do-aco-1090x720-1.jpg","datePublished":"2018-10-30T12:50:16+00:00","dateModified":"2025-05-07T12:50:45+00:00","author":{"@id":"https:\/\/previews.elleven.digital\/acocearense\/#\/schema\/person\/8e9165eb3c33e0860485c7c5fc06a701"},"breadcrumb":{"@id":"https:\/\/previews.elleven.digital\/acocearense\/fique-por-dentro-4-curiosidades-sobre-a-reciclagem-do-aco\/#breadcrumb"},"inLanguage":"pt-BR","potentialAction":[{"@type":"ReadAction","target":["https:\/\/previews.elleven.digital\/acocearense\/fique-por-dentro-4-curiosidades-sobre-a-reciclagem-do-aco\/"]}]},{"@type":"ImageObject","inLanguage":"pt-BR","@id":"https:\/\/previews.elleven.digital\/acocearense\/fique-por-dentro-4-curiosidades-sobre-a-reciclagem-do-aco\/#primaryimage","url":"https:\/\/previews.elleven.digital\/acocearense\/wp-content\/uploads\/2025\/05\/245752-fique-por-dentro-4-curiosidades-sobre-a-reciclagem-do-aco-1090x720-1.jpg","contentUrl":"https:\/\/previews.elleven.digital\/acocearense\/wp-content\/uploads\/2025\/05\/245752-fique-por-dentro-4-curiosidades-sobre-a-reciclagem-do-aco-1090x720-1.jpg","width":1090,"height":720},{"@type":"BreadcrumbList","@id":"https:\/\/previews.elleven.digital\/acocearense\/fique-por-dentro-4-curiosidades-sobre-a-reciclagem-do-aco\/#breadcrumb","itemListElement":[{"@type":"ListItem","position":1,"name":"In\u00edcio","item":"https:\/\/previews.elleven.digital\/acocearense\/"},{"@type":"ListItem","position":2,"name":"Fique por dentro: 4 curiosidades sobre a reciclagem do a\u00e7o"}]},{"@type":"WebSite","@id":"https:\/\/previews.elleven.digital\/acocearense\/#website","url":"https:\/\/previews.elleven.digital\/acocearense\/","name":"A\u00e7o Cearense","description":"H\u00e1 mais de 45 anos no mercado brasileiro do a\u00e7o.","alternateName":"A\u00e7o Cearense","potentialAction":[{"@type":"SearchAction","target":{"@type":"EntryPoint","urlTemplate":"https:\/\/previews.elleven.digital\/acocearense\/?s={search_term_string}"},"query-input":{"@type":"PropertyValueSpecification","valueRequired":true,"valueName":"search_term_string"}}],"inLanguage":"pt-BR"},{"@type":"Person","@id":"https:\/\/previews.elleven.digital\/acocearense\/#\/schema\/person\/8e9165eb3c33e0860485c7c5fc06a701","name":"elleven","image":{"@type":"ImageObject","inLanguage":"pt-BR","@id":"https:\/\/previews.elleven.digital\/acocearense\/#\/schema\/person\/image\/","url":"https:\/\/secure.gravatar.com\/avatar\/2a6afb49d9ecfed5dbc6c9606ce318b8bd07c077835179bddfd5d8209c03cb29?s=96&d=mm&r=g","contentUrl":"https:\/\/secure.gravatar.com\/avatar\/2a6afb49d9ecfed5dbc6c9606ce318b8bd07c077835179bddfd5d8209c03cb29?s=96&d=mm&r=g","caption":"elleven"},"sameAs":["http:\/\/localhost\/acocearense"],"url":"https:\/\/previews.elleven.digital\/acocearense\/author\/elleven\/"}]}},"_links":{"self":[{"href":"https:\/\/previews.elleven.digital\/acocearense\/wp-json\/wp\/v2\/posts\/1122","targetHints":{"allow":["GET"]}}],"collection":[{"href":"https:\/\/previews.elleven.digital\/acocearense\/wp-json\/wp\/v2\/posts"}],"about":[{"href":"https:\/\/previews.elleven.digital\/acocearense\/wp-json\/wp\/v2\/types\/post"}],"author":[{"embeddable":true,"href":"https:\/\/previews.elleven.digital\/acocearense\/wp-json\/wp\/v2\/users\/1"}],"replies":[{"embeddable":true,"href":"https:\/\/previews.elleven.digital\/acocearense\/wp-json\/wp\/v2\/comments?post=1122"}],"version-history":[{"count":1,"href":"https:\/\/previews.elleven.digital\/acocearense\/wp-json\/wp\/v2\/posts\/1122\/revisions"}],"predecessor-version":[{"id":1123,"href":"https:\/\/previews.elleven.digital\/acocearense\/wp-json\/wp\/v2\/posts\/1122\/revisions\/1123"}],"wp:featuredmedia":[{"embeddable":true,"href":"https:\/\/previews.elleven.digital\/acocearense\/wp-json\/wp\/v2\/media\/1110"}],"wp:attachment":[{"href":"https:\/\/previews.elleven.digital\/acocearense\/wp-json\/wp\/v2\/media?parent=1122"}],"wp:term":[{"taxonomy":"category","embeddable":true,"href":"https:\/\/previews.elleven.digital\/acocearense\/wp-json\/wp\/v2\/categories?post=1122"},{"taxonomy":"post_tag","embeddable":true,"href":"https:\/\/previews.elleven.digital\/acocearense\/wp-json\/wp\/v2\/tags?post=1122"}],"curies":[{"name":"wp","href":"https:\/\/api.w.org\/{rel}","templated":true}]}}